{"id":2074,"date":"2017-11-30T10:59:02","date_gmt":"2017-11-30T13:59:02","guid":{"rendered":"http:\/\/www.paudalho.pe.gov.br\/portal\/?p=2074"},"modified":"2017-11-30T11:39:17","modified_gmt":"2017-11-30T14:39:17","slug":"secretaria-de-saude-intensifica-atendimento-para-homens-da-comunidade-de-cha-de-pinheiro-nesta-quinta-feira","status":"publish","type":"post","link":"https:\/\/www.paudalho.pe.gov.br\/portal\/secretaria-de-saude-intensifica-atendimento-para-homens-da-comunidade-de-cha-de-pinheiro-nesta-quinta-feira\/","title":{"rendered":"Secretaria de Sa\u00fade intensifica atendimento para homens da comunidade de ch\u00e3 de Pinheiro nesta quinta-feira"},"content":{"rendered":"<p>As a\u00e7\u00f5es do Novembro Azul seguem por todo o Munic\u00edpio. O m\u00eas \u00e9 dedicado ao combate do c\u00e2ncer de pr\u00f3stata que, segundo dados do Instituto Nacional de C\u00e2ncer Jos\u00e9 Alencar Gomes da Silva (INCA), mata quase 14 mil pessoas por ano. Nesta quinta-feira (30) as a\u00e7\u00f5es para os homens na Unidade de Sa\u00fade da Fam\u00edlia em S\u00e3o Sebasti\u00e3o, mais conhecida como posto de Ch\u00e3 de Pinheiro, v\u00e3o ser intensificadas. A programa\u00e7\u00e3o come\u00e7ou \u00e0s oito da manh\u00e3 e segue at\u00e9 \u00e0s 20h com palestras, orienta\u00e7\u00f5es e servi\u00e7os de sa\u00fade.<\/p>\n<p>A residente da Secretaria de Sa\u00fade, Sabrina Santiago, detalhou o exame preventivo. \u201c\u00c9 um problema que ele deve ser prevenido&#8230; A gente tem no nosso Munic\u00edpio as Unidades da Fam\u00edlia&#8230; Os homens podem realizar os exames preventivos atrav\u00e9s do PSA, que \u00e9 um exame de sangue onde se analisa a procura de uma prote\u00edna que est\u00e1 presente no sangue e a presen\u00e7a dessa prote\u00edna diz se a pessoa tem essas c\u00e9lulas ou n\u00e3o na pr\u00f3stata\u201d, detalhou.<\/p>\n<h2><strong>Novembro Azul<\/strong><\/h2>\n<p>O Novembro Azul surgiu em 2003, na Austr\u00e1lia, chamado de Movember, aproveitando as comemora\u00e7\u00f5es do Dia Mundial de Combate ao C\u00e2ncer de Pr\u00f3stata, que \u00e9 realizado em 17 de novembro. A campanha tem o objetivo de conscientiza\u00e7\u00e3o e \u00e9 realizada por diversas entidades no m\u00eas de novembro. O movimento \u00e9 dirigido \u00e0 sociedade e, em especial, aos homens, para combater as doen\u00e7as masculinas, com \u00eanfase na preven\u00e7\u00e3o e no diagn\u00f3stico precoce do c\u00e2ncer de pr\u00f3stata.<\/p>\n<h2><strong>Servi\u00e7o<\/strong><\/h2>\n<p>A\u00e7\u00f5es da Sa\u00fade para homens em S\u00e3o Sebasti\u00e3o<\/p>\n<p>Onde: Posto de Ch\u00e3 de Pinheiro<\/p>\n<p>Hora: 8 \u00e0s 20h<\/p>\n","protected":false},"excerpt":{"rendered":"<p>As a\u00e7\u00f5es do Novembro Azul seguem por todo o Munic\u00edpio. O m\u00eas \u00e9 dedicado ao combate do c\u00e2ncer de pr\u00f3stata que, segundo dados do Instituto Nacional de C\u00e2ncer Jos\u00e9 Alencar Gomes da Silva (INCA), mata quase 14 mil pessoas por ano. Nesta quinta-feira (30) as a\u00e7\u00f5es para os homens na Unidade de Sa\u00fade da Fam\u00edlia [&hellip;]<\/p>\n","protected":false},"author":4,"featured_media":2078,"comment_status":"open","ping_status":"open","sticky":false,"template":"","format":"standard","meta":{"_jetpack_newsletter_access":"","_jetpack_dont_email_post_to_subs":false,"_jetpack_newsletter_tier_id":0,"_jetpack_memberships_contains_paywalled_content":false,"_jetpack_memberships_contains_paid_content":false,"footnotes":""},"categories":[2,3],"tags":[179,216,168],"class_list":["post-2074","post","type-post","status-publish","format-standard","has-post-thumbnail","hentry","category-destaque","category-saude","tag-novembro-azul","tag-prefeitura-do","tag-secretaria-de-saude"],"jetpack_featured_media_url":"https:\/\/www.paudalho.pe.gov.br\/portal\/wp-content\/uploads\/2017\/11\/NOVEMBRO-AZUL.png","jetpack_sharing_enabled":true,"jetpack_shortlink":"https:\/\/wp.me\/p98mS2-xs","_links":{"self":[{"href":"https:\/\/www.paudalho.pe.gov.br\/portal\/wp-json\/wp\/v2\/posts\/2074","targetHints":{"allow":["GET"]}}],"collection":[{"href":"https:\/\/www.paudalho.pe.gov.br\/portal\/wp-json\/wp\/v2\/posts"}],"about":[{"href":"https:\/\/www.paudalho.pe.gov.br\/portal\/wp-json\/wp\/v2\/types\/post"}],"author":[{"embeddable":true,"href":"https:\/\/www.paudalho.pe.gov.br\/portal\/wp-json\/wp\/v2\/users\/4"}],"replies":[{"embeddable":true,"href":"https:\/\/www.paudalho.pe.gov.br\/portal\/wp-json\/wp\/v2\/comments?post=2074"}],"version-history":[{"count":5,"href":"https:\/\/www.paudalho.pe.gov.br\/portal\/wp-json\/wp\/v2\/posts\/2074\/revisions"}],"predecessor-version":[{"id":2081,"href":"https:\/\/www.paudalho.pe.gov.br\/portal\/wp-json\/wp\/v2\/posts\/2074\/revisions\/2081"}],"wp:featuredmedia":[{"embeddable":true,"href":"https:\/\/www.paudalho.pe.gov.br\/portal\/wp-json\/wp\/v2\/media\/2078"}],"wp:attachment":[{"href":"https:\/\/www.paudalho.pe.gov.br\/portal\/wp-json\/wp\/v2\/media?parent=2074"}],"wp:term":[{"taxonomy":"category","embeddable":true,"href":"https:\/\/www.paudalho.pe.gov.br\/portal\/wp-json\/wp\/v2\/categories?post=2074"},{"taxonomy":"post_tag","embeddable":true,"href":"https:\/\/www.paudalho.pe.gov.br\/portal\/wp-json\/wp\/v2\/tags?post=2074"}],"curies":[{"name":"wp","href":"https:\/\/api.w.org\/{rel}","templated":true}]}}