{"id":20723,"date":"2021-11-29T10:54:17","date_gmt":"2021-11-29T13:54:17","guid":{"rendered":"https:\/\/www.paudalho.pe.gov.br\/portal\/?p=20723"},"modified":"2025-01-08T00:39:18","modified_gmt":"2025-01-08T03:39:18","slug":"prefeitura-do-paudalho-inicia-2a-etapa-da-campanha-de-vacinacao-antirrabica-nesta-segunda-feira-29","status":"publish","type":"post","link":"https:\/\/www.paudalho.pe.gov.br\/portal\/prefeitura-do-paudalho-inicia-2a-etapa-da-campanha-de-vacinacao-antirrabica-nesta-segunda-feira-29\/","title":{"rendered":"Prefeitura do Paudalho inicia 2\u00aa etapa da Campanha de Vacina\u00e7\u00e3o Antirr\u00e1bica nesta segunda-feira (29)"},"content":{"rendered":"\n<p>A Prefeitura do Paudalho, atrav\u00e9s da Vigil\u00e2ncia Ambiental, \u00f3rg\u00e3o vinculado \u00e0 Secretaria Municipal de Sa\u00fade, iniciou nesta segunda-feira (29) a segunda etapa da Campanha de Vacina\u00e7\u00e3o Antirr\u00e1bica 2021 para c\u00e3es e gatos. Nessa nova fase ser\u00e3o inclu\u00eddas tamb\u00e9m as comunidades localizadas na zona urbana do munic\u00edpio. O cronograma de imuniza\u00e7\u00e3o seguir\u00e1 at\u00e9 o dia 08 de dezembro.<\/p>\n\n\n\n<p>A <a rel=\"noreferrer noopener\" href=\"https:\/\/www.paudalho.pe.gov.br\/portal\/primeira-etapa-da-campanha-de-vacinacao-antirrabica-tem-inicio-nesta-quarta-feira-17-em-paudalho\/\" target=\"_blank\">primeira etapa da campanha<\/a> teve in\u00edcio no dia 17 de novembro e prosseguir\u00e1 sendo realizada de forma simult\u00e2nea a segunda at\u00e9 quarta-feira (01). Hoje (29), ser\u00e3o vacinados os animais da comunidade Cajueiro Seco, das 8h \u00e0s 12h, no ponto de vacina\u00e7\u00e3o Volante. A imuniza\u00e7\u00e3o tamb\u00e9m ser\u00e1 realizada no Loteamento Primavera, com atendimento das 8h \u00e0s 16h, em frente a Unidade B\u00e1sica de Sa\u00fade (UBS) Primavera 2 e na Quadra Municipal situada pr\u00f3ximo as UBSs Primavera 1 e 3.<\/p>\n\n\n\n<figure class=\"wp-block-gallery columns-2 is-cropped wp-block-gallery-1 is-layout-flex wp-block-gallery-is-layout-flex\"><ul class=\"blocks-gallery-grid\"><li class=\"blocks-gallery-item\"><figure><img loading=\"lazy\" decoding=\"async\" width=\"800\" height=\"450\" data-attachment-id=\"20743\" data-permalink=\"https:\/\/www.paudalho.pe.gov.br\/portal\/prefeitura-do-paudalho-inicia-2a-etapa-da-campanha-de-vacinacao-antirrabica-nesta-segunda-feira-29\/whatsapp-image-2021-11-25-at-14-38-49\/\" data-orig-file=\"https:\/\/www.paudalho.pe.gov.br\/portal\/wp-content\/uploads\/2021\/11\/WhatsApp-Image-2021-11-25-at-14.38.49.jpeg\" data-orig-size=\"1200,1600\" data-comments-opened=\"1\" data-image-meta=\"{&quot;aperture&quot;:&quot;0&quot;,&quot;credit&quot;:&quot;&quot;,&quot;camera&quot;:&quot;&quot;,&quot;caption&quot;:&quot;&quot;,&quot;created_timestamp&quot;:&quot;0&quot;,&quot;copyright&quot;:&quot;&quot;,&quot;focal_length&quot;:&quot;0&quot;,&quot;iso&quot;:&quot;0&quot;,&quot;shutter_speed&quot;:&quot;0&quot;,&quot;title&quot;:&quot;&quot;,&quot;orientation&quot;:&quot;0&quot;}\" data-image-title=\"WhatsApp-Image-2021-11-25-at-14.38.49\" data-image-description=\"\" data-image-caption=\"\" data-medium-file=\"https:\/\/www.paudalho.pe.gov.br\/portal\/wp-content\/uploads\/2021\/11\/WhatsApp-Image-2021-11-25-at-14.38.49-350x230.jpeg\" data-large-file=\"https:\/\/www.paudalho.pe.gov.br\/portal\/wp-content\/uploads\/2021\/11\/WhatsApp-Image-2021-11-25-at-14.38.49-800x450.jpeg\" src=\"https:\/\/www.paudalho.pe.gov.br\/portal\/wp-content\/uploads\/2021\/11\/WhatsApp-Image-2021-11-25-at-14.38.49-800x450.jpeg\" alt=\"\" data-id=\"20743\" data-full-url=\"https:\/\/www.paudalho.pe.gov.br\/portal\/wp-content\/uploads\/2021\/11\/WhatsApp-Image-2021-11-25-at-14.38.49.jpeg\" data-link=\"https:\/\/www.paudalho.pe.gov.br\/portal\/?attachment_id=20743\" class=\"wp-image-20743\"\/><figcaption class=\"blocks-gallery-item__caption\"><em>Foto: Divulga\u00e7\u00e3o\/PMP.<\/em><\/figcaption><\/figure><\/li><li class=\"blocks-gallery-item\"><figure><img loading=\"lazy\" decoding=\"async\" width=\"800\" height=\"450\" data-attachment-id=\"20745\" data-permalink=\"https:\/\/www.paudalho.pe.gov.br\/portal\/prefeitura-do-paudalho-inicia-2a-etapa-da-campanha-de-vacinacao-antirrabica-nesta-segunda-feira-29\/whatsapp-image-2021-11-22-at-13-53-47\/\" data-orig-file=\"https:\/\/www.paudalho.pe.gov.br\/portal\/wp-content\/uploads\/2021\/11\/WhatsApp-Image-2021-11-22-at-13.53.47.jpeg\" data-orig-size=\"1200,1600\" data-comments-opened=\"1\" data-image-meta=\"{&quot;aperture&quot;:&quot;0&quot;,&quot;credit&quot;:&quot;&quot;,&quot;camera&quot;:&quot;&quot;,&quot;caption&quot;:&quot;&quot;,&quot;created_timestamp&quot;:&quot;0&quot;,&quot;copyright&quot;:&quot;&quot;,&quot;focal_length&quot;:&quot;0&quot;,&quot;iso&quot;:&quot;0&quot;,&quot;shutter_speed&quot;:&quot;0&quot;,&quot;title&quot;:&quot;&quot;,&quot;orientation&quot;:&quot;0&quot;}\" data-image-title=\"WhatsApp-Image-2021-11-22-at-13.53.47\" data-image-description=\"\" data-image-caption=\"\" data-medium-file=\"https:\/\/www.paudalho.pe.gov.br\/portal\/wp-content\/uploads\/2021\/11\/WhatsApp-Image-2021-11-22-at-13.53.47-350x230.jpeg\" data-large-file=\"https:\/\/www.paudalho.pe.gov.br\/portal\/wp-content\/uploads\/2021\/11\/WhatsApp-Image-2021-11-22-at-13.53.47-800x450.jpeg\" src=\"https:\/\/www.paudalho.pe.gov.br\/portal\/wp-content\/uploads\/2021\/11\/WhatsApp-Image-2021-11-22-at-13.53.47-800x450.jpeg\" alt=\"\" data-id=\"20745\" data-full-url=\"https:\/\/www.paudalho.pe.gov.br\/portal\/wp-content\/uploads\/2021\/11\/WhatsApp-Image-2021-11-22-at-13.53.47.jpeg\" data-link=\"https:\/\/www.paudalho.pe.gov.br\/portal\/?attachment_id=20745\" class=\"wp-image-20745\"\/><figcaption class=\"blocks-gallery-item__caption\"> <em>Foto: Divulga\u00e7\u00e3o\/PMP.<\/em> <\/figcaption><\/figure><\/li><\/ul><\/figure>\n\n\n\n<h3 class=\"wp-block-heading\"><strong>Recomenda\u00e7\u00f5es<\/strong><\/h3>\n\n\n\n<p>\u00c9 recomend\u00e1vel que no dia da imuniza\u00e7\u00e3o o tutor leve a carteira de vacina\u00e7\u00e3o do animal. Caso o pet n\u00e3o possua, o documento poder\u00e1 ser emitido durante o atendimento. Vale lembrar que a vacina \u00e9 destinada para c\u00e3es e gatos maiores de tr\u00eas meses que n\u00e3o estejam doentes. Animais prenhas ou amamentando tamb\u00e9m n\u00e3o poder\u00e3o ser vacinadas.<\/p>\n\n\n\n<p><strong>Confira abaixo a lista com as datas e os locais onde a vacina\u00e7\u00e3o (1\u00aa etapa) ser\u00e1 realizada:<\/strong><\/p>\n\n\n\n<figure class=\"wp-block-table is-style-stripes\"><table><tbody><tr><td><strong>DATA<\/strong><\/td><td><strong>LOCALIDADE<\/strong><\/td><td><strong>PONTO DE VACINA\u00c7\u00c3O<\/strong><\/td><td><strong>HOR\u00c1RIO<\/strong><\/td><\/tr><tr><td>29\/11<\/td><td>Cajueiro Claro<\/td><td>No Volante<\/td><td>08h \u00e0s 12h<\/td><\/tr><tr><td>30\/11<\/td><td>Cacete Armado<\/td><td>No Volante<\/td><td>08h \u00e0s 12h<\/td><\/tr><tr><td>01\/12<\/td><td>S\u00edtio dos Pereira<\/td><td>No Volante<\/td><td>08h \u00e0s 12h<\/td><\/tr><tr><td>01\/12 <\/td><td>Voo da Morte<\/td><td>No Volante<\/td><td>08h \u00e0s 12h<\/td><\/tr><tr><td>01\/12 <\/td><td>Vila Santo Ant\u00f4nio<\/td><td>No Volante<\/td><td>14h \u00e0s 16h<\/td><\/tr><\/tbody><\/table><\/figure>\n\n\n\n<p> <strong>Confira abaixo a lista com as datas e os locais onde a vacina\u00e7\u00e3o (2\u00aa etapa) ser\u00e1 realizada:<\/strong> <\/p>\n\n\n\n<figure class=\"wp-block-table is-style-stripes\"><table><tbody><tr><td> <strong>DATA<\/strong> <\/td><td> <strong>LOCALIDADE<\/strong> <\/td><td> <strong>PONTO DE VACINA\u00c7\u00c3O<\/strong> <\/td><td> <strong>HOR\u00c1RIO<\/strong> <\/td><\/tr><tr><td>29\/11 a 30\/11<\/td><td>Primavera<\/td><td>1 \u2013 Na frente ao Unidade B\u00e1sica de Sa\u00fade Primavera 2&nbsp;<br>2 \u2013 Quadra Municipal pr\u00f3xima as Unidades B\u00e1sicas de Sa\u00fade Primavera 1 e 3<\/td><td>8h \u00e0s 16h<\/td><\/tr><tr><td>01\/12<\/td><td>Boboc\u00e3o<\/td><td>Pr\u00f3ximo a nova Unidade B\u00e1sica de Sa\u00fade&nbsp;Boboc\u00e3o&nbsp;<\/td><td>8h \u00e0s 16h <\/td><\/tr><tr><td>01\/12 <\/td><td>Ch\u00e3 de Ouro<\/td><td>Escola Municipal Severino Jose Valentim<\/td><td>8h \u00e0s 16h <\/td><\/tr><tr><td>01\/12 <\/td><td>Centro<\/td><td>Vigil\u00e2ncia Ambiental&nbsp;<\/td><td>8h \u00e0s 16h <\/td><\/tr><tr><td>02\/12<\/td><td>Vila Asa Branca<\/td><td>Pr\u00f3ximo a Unidade B\u00e1sica de Sa\u00fade Asa Branca<\/td><td>8h \u00e0s 16h <\/td><\/tr><tr><td>02\/12<\/td><td>Bel\u00e9m<\/td><td>Pr\u00f3ximo a Unidade B\u00e1sica de Sa\u00fade Bel\u00e9m<\/td><td>8h \u00e0s 16h <\/td><\/tr><tr><td>02\/12 <\/td><td>Ch\u00e3 do Pinheiro<\/td><td>Pra\u00e7a do Chafariz<\/td><td>8h \u00e0s 16h <\/td><\/tr><tr><td>03\/12<\/td><td>Alto Dois Irm\u00e3os<\/td><td>1- EREM Confedera\u00e7\u00e3o do Equador<br>2 &#8211; Setor de Zoonoses (Antiga Unidade B\u00e1sica de Sa\u00fade do Alto Dois Irm\u00e3os)<\/td><td>8h \u00e0s 16h <\/td><\/tr><tr><td>03\/12<\/td><td>Alto do Cruzeiro<\/td><td>Parte atr\u00e1s da Unidade B\u00e1sica de Sa\u00fade Alto Dois Irm\u00e3os<\/td><td>8h \u00e0s 16h <\/td><\/tr><tr><td>06\/12<\/td><td>Santa Tereza<\/td><td>1 \u2013 Unidade B\u00e1sica de Sa\u00fade Santa Tereza<br>2 \u2013 Secretaria Municipal de Cultura, Turismo, Lazer e Juventude (Na Antiga Esta\u00e7\u00e3o Ferrovi\u00e1ria, S\/N)<\/td><td>8h \u00e0s 16h <\/td><\/tr><tr><td>07\/12<\/td><td>Vila Santa M\u00f4nica<\/td><td>Em frente ao Bar de Josias<\/td><td>8h \u00e0s 16h <\/td><\/tr><tr><td>07\/12<\/td><td>Or\u00e1<\/td><td>No Volante<\/td><td>8h \u00e0s 16h <\/td><\/tr><tr><td>08\/12<\/td><td>Ch\u00e3 de On\u00e7a<\/td><td>No Volante<\/td><td>8h \u00e0s 16h <\/td><\/tr><\/tbody><\/table><\/figure>\n\n\n\n<h3 class=\"wp-block-heading\"><strong>Saiba mais sobre a doen\u00e7a<\/strong><\/h3>\n\n\n\n<p>A raiva \u00e9 uma enfermidade viral infecciosa aguda transmitida por meio da saliva de animais contaminados e passada, principalmente, pela mordida de animais doentes \u2013 sejam eles gatos ou c\u00e3es. <\/p>\n\n\n\n<p>Nos cachorros e no homem, o v\u00edrus da doen\u00e7a pode permanecer incubado por at\u00e9 2 meses antes que os seus sintomas (tamb\u00e9m bastante similares) comecem a aparecer; sendo que, nos gatos, a doen\u00e7a destaca sinais diferenciados, mas n\u00e3o menos agressivos. <\/p>\n\n\n\n<p>Os sintomas podem&nbsp;incluir a dor de cabe\u00e7a, saliva\u00e7\u00e3o excessiva, espasmos musculares, paralisia e confus\u00e3o mental. Na maioria dos casos a raiva \u00e9 fatal. O \u00fanico modo de proteger os animais \u00e9 por meio da vacina.<\/p>\n","protected":false},"excerpt":{"rendered":"<p>A Prefeitura do Paudalho, atrav\u00e9s da Vigil\u00e2ncia Ambiental, \u00f3rg\u00e3o vinculado \u00e0 Secretaria Municipal de Sa\u00fade, iniciou nesta segunda-feira (29) a segunda etapa da Campanha de Vacina\u00e7\u00e3o Antirr\u00e1bica 2021 para c\u00e3es e gatos. Nessa nova fase ser\u00e3o inclu\u00eddas tamb\u00e9m as comunidades localizadas na zona urbana do munic\u00edpio. O cronograma de imuniza\u00e7\u00e3o seguir\u00e1 at\u00e9 o dia 08 [&hellip;]<\/p>\n","protected":false},"author":6,"featured_media":20756,"comment_status":"open","ping_status":"open","sticky":false,"template":"","format":"standard","meta":{"_jetpack_newsletter_access":"","_jetpack_dont_email_post_to_subs":false,"_jetpack_newsletter_tier_id":0,"_jetpack_memberships_contains_paywalled_content":false,"_jetpack_memberships_contains_paid_content":false,"footnotes":""},"categories":[2,1,3],"tags":[680,22,710,658],"class_list":["post-20723","post","type-post","status-publish","format-standard","has-post-thumbnail","hentry","category-destaque","category-noticias","category-saude","tag-campanha-de-vacinacao-antirrabica","tag-prefeitura-do-paudalho","tag-secretaria-municipal-de-saude","tag-vigilancia-ambiental"],"jetpack_featured_media_url":"https:\/\/www.paudalho.pe.gov.br\/portal\/wp-content\/uploads\/2021\/11\/segunda-etapa-da-campanha-de-vacinacao-antirrabica-em-Paudalho.jpg","jetpack_sharing_enabled":true,"jetpack_shortlink":"https:\/\/wp.me\/p98mS2-5of","_links":{"self":[{"href":"https:\/\/www.paudalho.pe.gov.br\/portal\/wp-json\/wp\/v2\/posts\/20723","targetHints":{"allow":["GET"]}}],"collection":[{"href":"https:\/\/www.paudalho.pe.gov.br\/portal\/wp-json\/wp\/v2\/posts"}],"about":[{"href":"https:\/\/www.paudalho.pe.gov.br\/portal\/wp-json\/wp\/v2\/types\/post"}],"author":[{"embeddable":true,"href":"https:\/\/www.paudalho.pe.gov.br\/portal\/wp-json\/wp\/v2\/users\/6"}],"replies":[{"embeddable":true,"href":"https:\/\/www.paudalho.pe.gov.br\/portal\/wp-json\/wp\/v2\/comments?post=20723"}],"version-history":[{"count":26,"href":"https:\/\/www.paudalho.pe.gov.br\/portal\/wp-json\/wp\/v2\/posts\/20723\/revisions"}],"predecessor-version":[{"id":20832,"href":"https:\/\/www.paudalho.pe.gov.br\/portal\/wp-json\/wp\/v2\/posts\/20723\/revisions\/20832"}],"wp:featuredmedia":[{"embeddable":true,"href":"https:\/\/www.paudalho.pe.gov.br\/portal\/wp-json\/wp\/v2\/media\/20756"}],"wp:attachment":[{"href":"https:\/\/www.paudalho.pe.gov.br\/portal\/wp-json\/wp\/v2\/media?parent=20723"}],"wp:term":[{"taxonomy":"category","embeddable":true,"href":"https:\/\/www.paudalho.pe.gov.br\/portal\/wp-json\/wp\/v2\/categories?post=20723"},{"taxonomy":"post_tag","embeddable":true,"href":"https:\/\/www.paudalho.pe.gov.br\/portal\/wp-json\/wp\/v2\/tags?post=20723"}],"curies":[{"name":"wp","href":"https:\/\/api.w.org\/{rel}","templated":true}]}}