{"id":2056,"date":"2017-11-29T04:48:28","date_gmt":"2017-11-29T07:48:28","guid":{"rendered":"http:\/\/www.paudalho.pe.gov.br\/portal\/?p=2056"},"modified":"2017-11-30T12:28:42","modified_gmt":"2017-11-30T15:28:42","slug":"transformacao-prefeitura-do-paudalho-reinaugura-colegio-municipal-de-guadalajara-neste-sabado","status":"publish","type":"post","link":"https:\/\/www.paudalho.pe.gov.br\/portal\/transformacao-prefeitura-do-paudalho-reinaugura-colegio-municipal-de-guadalajara-neste-sabado\/","title":{"rendered":"Transforma\u00e7\u00e3o: Prefeitura do Paudalho reinaugura Col\u00e9gio Municipal de Guadalajara neste s\u00e1bado"},"content":{"rendered":"<p>A Prefeitura do Paudalho reinaugura neste s\u00e1bado (2), a partir das 16h, o Col\u00e9gio Municipal de Guadalajara (CMG), que fica na Rua Guabiraba, em Guadalajara, Paudalho. Com ordem de servi\u00e7o assinada em 26 de maio deste ano, o local ser\u00e1 entregue em menos de oito meses. Mais de 700 alunos desfrutar\u00e3o do espa\u00e7o que foi totalmente transformado. Foram constru\u00eddas mais quatro novas salas, refeit\u00f3rio, audit\u00f3rio, ambientes climatizados e ainda toda a parte el\u00e9trica e de estrutura foram modificadas. Ao se deparar com a mudan\u00e7a, a professora Wandilma Cristina, que estudou no CMG, ficou impressionada com a obra que \u00e9 considerada pelos mun\u00edcipes como de \u201cprimeiro mundo\u201d. \u201cA popula\u00e7\u00e3o n\u00e3o queria reforminha. A popula\u00e7\u00e3o queria a transforma\u00e7\u00e3o\u201d, destacou.<\/p>\n<p>&nbsp;<\/p>\n<h2>Laborat\u00f3rio de rob\u00f3tica<\/h2>\n<p>O prefeito Marcelo Gouveia anunciou a conquista de um laborat\u00f3rio de rob\u00f3tica para o Col\u00e9gio. Um espa\u00e7o moderno e tecnol\u00f3gico que vai ofertar ensino de ponta. Segundo Marcelo Gouveia, a ideia \u00e9 expandir o laborat\u00f3rio para todas as unidades de ensino do Munic\u00edpio. \u201cA gente est\u00e1 muito contente\u2026 Estive no MEC (Minist\u00e9rio da Educa\u00e7\u00e3o) no FNDE (Fundo Nacional de Desenvolvimento da Educa\u00e7\u00e3o) com Jos\u00e9 Fernando Uchoa, que \u00e9 o diretor do FNDE, e l\u00e1 n\u00f3s conversamos sobre a possibilidade da instala\u00e7\u00e3o do laborat\u00f3rio de rob\u00f3tica do CMG e prontamente o diretor se colocou \u00e0 disposi\u00e7\u00e3o\u2026 E n\u00f3s vamos implantar um laborat\u00f3rio de rob\u00f3tica n\u00e3o s\u00f3 no CMG, mas nos principais col\u00e9gios de Paudalho\u201d, detalhou.<br \/>\n<strong>Saiba mais:<\/strong><\/p>\n<p>O secret\u00e1rio de Obras e Servi\u00e7os P\u00fablicos, Gustavo Gouveia, em rede social confirmou a presen\u00e7a do ministro da Educa\u00e7\u00e3o, Mendon\u00e7a Filho, na grande reinaugura\u00e7\u00e3o. \u201cCom a presen\u00e7a do ministro Mendon\u00e7a Filho que tamb\u00e9m vai dar algumas ordens de servi\u00e7os de algumas obras&#8230;Estamos trabalhando a todo vapor para entregar&#8230;A Prefeitura do Paudalho n\u00e3o tem dia, n\u00e3o tem hora\u201d, comentou.<br \/>\n<strong>Confira:<\/strong><\/p>\n<h2>As obras n\u00e3o param<\/h2>\n<p>Em menos de um ano de gest\u00e3o, mais de 20 unidades p\u00fablicas entre escolas e postos de sa\u00fade foram reconstru\u00eddas. Em setembro deste ano, com direito a muita festa, a Prefeitura por meio da Secretaria de Obras e Servi\u00e7os P\u00fablicos, entregou a Escola Municipal de Guadalajara. Conhecida como \u201cCasar\u00e3o\u201d, o local estava abandonado h\u00e1 mais de 12 anos e foi totalmente reestruturado.<\/p>\n<p><strong>Ou\u00e7a os detalhes na mat\u00e9ria:<\/strong><\/p>\n<!--[if lt IE 9]><script>document.createElement('audio');<\/script><![endif]-->\n<audio class=\"wp-audio-shortcode\" id=\"audio-2056-1\" preload=\"none\" style=\"width: 100%;\" controls=\"controls\"><source type=\"audio\/wav\" src=\"http:\/\/www.paudalho.pe.gov.br\/portal\/wp-content\/uploads\/2017\/11\/MAT\u00c9RIA-REINAUGURA\u00c7\u00c3O-CMG-30.11.wav?_=1\" \/><a href=\"http:\/\/www.paudalho.pe.gov.br\/portal\/wp-content\/uploads\/2017\/11\/MAT\u00c9RIA-REINAUGURA\u00c7\u00c3O-CMG-30.11.wav\">http:\/\/www.paudalho.pe.gov.br\/portal\/wp-content\/uploads\/2017\/11\/MAT\u00c9RIA-REINAUGURA\u00c7\u00c3O-CMG-30.11.wav<\/a><\/audio>\n<p><strong>Quer conhecer as outras obras veja nas mat\u00e9rias:<\/strong><\/p>\n<p><a href=\"http:\/\/www.paudalho.pe.gov.br\/portal\/obras-do-cmg-creche-e-centro-de-parto-humanizado-seguem-a-todo-o-vapor\/\" target=\"_blank\" rel=\"noopener\">Obras do CMG, Creche e Centro de Parto Humanizado seguem a todo o vapor<\/a><\/p>\n<p><a href=\"http:\/\/www.paudalho.pe.gov.br\/portal\/qualidade-de-vida-para-os-alunos-diz-secretario-de-obras-sobre-reinauguracao-da-escola-municipal-de-guadalajara\/\" target=\"_blank\" rel=\"noopener\">\u201cQualidade de vida para os alunos\u201d, diz secret\u00e1rio de Obras sobre reinaugura\u00e7\u00e3o da Escola Municipal de Guadalajara<\/a><\/p>\n<p><a href=\"http:\/\/www.paudalho.pe.gov.br\/portal\/secretaria-de-obras-supera-obstaculos-e-recupera-13-escolas-e-oito-postos-de-saude\/\" target=\"_blank\" rel=\"noopener\">Secretaria de Obras supera obst\u00e1culos e recupera 13 postos de sa\u00fade e oito escolas<\/a><\/p>\n<h2><strong>Servi\u00e7o<\/strong><\/h2>\n<p>Reinaugura\u00e7\u00e3o Col\u00e9gio Municipal de Guadalajara<\/p>\n<p>Loca: Rua Guabiraba, Guadalajara, Paudalho<\/p>\n<p>Hora: 16h<\/p>\n","protected":false},"excerpt":{"rendered":"<p>A Prefeitura do Paudalho reinaugura neste s\u00e1bado (2), a partir das 16h, o Col\u00e9gio Municipal de Guadalajara (CMG), que fica na Rua Guabiraba, em Guadalajara, Paudalho. Com ordem de servi\u00e7o assinada em 26 de maio deste ano, o local ser\u00e1 entregue em menos de oito meses. Mais de 700 alunos desfrutar\u00e3o do espa\u00e7o que foi [&hellip;]<\/p>\n","protected":false},"author":4,"featured_media":2065,"comment_status":"open","ping_status":"open","sticky":false,"template":"","format":"standard","meta":{"_jetpack_newsletter_access":"","_jetpack_dont_email_post_to_subs":false,"_jetpack_newsletter_tier_id":0,"_jetpack_memberships_contains_paywalled_content":false,"_jetpack_memberships_contains_paid_content":false,"footnotes":""},"categories":[2,35],"tags":[61,36,14,22,215],"class_list":["post-2056","post","type-post","status-publish","format-standard","has-post-thumbnail","hentry","category-destaque","category-obras","tag-colegio-municipal-de-guadalajara","tag-obras","tag-paudalho","tag-prefeitura-do-paudalho","tag-reinauguracao"],"jetpack_featured_media_url":"https:\/\/www.paudalho.pe.gov.br\/portal\/wp-content\/uploads\/2017\/11\/IMG-20171108-WA0026.jpg","jetpack_sharing_enabled":true,"jetpack_shortlink":"https:\/\/wp.me\/p98mS2-xa","_links":{"self":[{"href":"https:\/\/www.paudalho.pe.gov.br\/portal\/wp-json\/wp\/v2\/posts\/2056","targetHints":{"allow":["GET"]}}],"collection":[{"href":"https:\/\/www.paudalho.pe.gov.br\/portal\/wp-json\/wp\/v2\/posts"}],"about":[{"href":"https:\/\/www.paudalho.pe.gov.br\/portal\/wp-json\/wp\/v2\/types\/post"}],"author":[{"embeddable":true,"href":"https:\/\/www.paudalho.pe.gov.br\/portal\/wp-json\/wp\/v2\/users\/4"}],"replies":[{"embeddable":true,"href":"https:\/\/www.paudalho.pe.gov.br\/portal\/wp-json\/wp\/v2\/comments?post=2056"}],"version-history":[{"count":14,"href":"https:\/\/www.paudalho.pe.gov.br\/portal\/wp-json\/wp\/v2\/posts\/2056\/revisions"}],"predecessor-version":[{"id":2083,"href":"https:\/\/www.paudalho.pe.gov.br\/portal\/wp-json\/wp\/v2\/posts\/2056\/revisions\/2083"}],"wp:featuredmedia":[{"embeddable":true,"href":"https:\/\/www.paudalho.pe.gov.br\/portal\/wp-json\/wp\/v2\/media\/2065"}],"wp:attachment":[{"href":"https:\/\/www.paudalho.pe.gov.br\/portal\/wp-json\/wp\/v2\/media?parent=2056"}],"wp:term":[{"taxonomy":"category","embeddable":true,"href":"https:\/\/www.paudalho.pe.gov.br\/portal\/wp-json\/wp\/v2\/categories?post=2056"},{"taxonomy":"post_tag","embeddable":true,"href":"https:\/\/www.paudalho.pe.gov.br\/portal\/wp-json\/wp\/v2\/tags?post=2056"}],"curies":[{"name":"wp","href":"https:\/\/api.w.org\/{rel}","templated":true}]}}