{"id":20555,"date":"2021-11-22T16:29:06","date_gmt":"2021-11-22T19:29:06","guid":{"rendered":"https:\/\/www.paudalho.pe.gov.br\/portal\/?p=20555"},"modified":"2025-01-08T00:39:19","modified_gmt":"2025-01-08T03:39:19","slug":"secretaria-municipal-de-saude-realizara-dia-d-para-aplicacao-da-segunda-dose-das-vacinas-contra-a-covid-19","status":"publish","type":"post","link":"https:\/\/www.paudalho.pe.gov.br\/portal\/secretaria-municipal-de-saude-realizara-dia-d-para-aplicacao-da-segunda-dose-das-vacinas-contra-a-covid-19\/","title":{"rendered":"Secretaria Municipal de Sa\u00fade realizar\u00e1 Dia D para aplica\u00e7\u00e3o da segunda dose das vacinas contra a covid-19"},"content":{"rendered":"\n<p>A Prefeitura do Paudalho, atrav\u00e9s da Secretaria Municipal de Sa\u00fade, realizar\u00e1 nesta ter\u00e7a-feira (23) o<strong> Dia D de vacina\u00e7\u00e3o contra a covid-19<\/strong>. A a\u00e7\u00e3o ocorrer\u00e1 no ponto de imuniza\u00e7\u00e3o drive-thru, localizado na Pra\u00e7a Pedro Coutinho, no Centro, no hor\u00e1rio das 8h \u00e0s 22h. Para o atendimento, os mun\u00edcipes dever\u00e3o levar um documento de identifica\u00e7\u00e3o com foto, o CPF e o cart\u00e3o de vacina\u00e7\u00e3o.<\/p>\n\n\n\n<p>A finalidade do evento \u00e9 incentivar a aplica\u00e7\u00e3o da segunda dose para os paudalhenses que ainda n\u00e3o completaram o esquema vacinal. Essa \u00e9 uma a\u00e7\u00e3o imprescind\u00edvel que todos devem realizar para garantir a prote\u00e7\u00e3o completa contra o coronav\u00edrus. Durante a ocasi\u00e3o, o p\u00fablico tamb\u00e9m poder\u00e1 prestigiar uma apresenta\u00e7\u00e3o cultural da Orquestra 100% Frevo.&nbsp; <\/p>\n\n\n\n<p>De acordo com dados divulgados pela Secretaria de Sa\u00fade atrav\u00e9s da ferramenta digital <a rel=\"noreferrer noopener\" href=\"https:\/\/paudalho.basemunicipal.com\/saude\/vacinometro\" target=\"_blank\"><strong>vacin\u00f4metro<\/strong><\/a>, do in\u00edcio da campanha de imuniza\u00e7\u00e3o, em janeiro de 2021, at\u00e9 a tarde desta segunda-feira (22), cerca de 73.833 doses j\u00e1 foram aplicadas na popula\u00e7\u00e3o. Desse total, 40.971 foram da primeira dose, 29.827 da segunda e 2.478 foram dose \u00fanica.&nbsp;&nbsp;<\/p>\n\n\n\n<figure class=\"wp-block-gallery columns-1 is-cropped wp-block-gallery-1 is-layout-flex wp-block-gallery-is-layout-flex\"><ul class=\"blocks-gallery-grid\"><li class=\"blocks-gallery-item\"><figure><img loading=\"lazy\" decoding=\"async\" width=\"800\" height=\"450\" data-attachment-id=\"20569\" data-permalink=\"https:\/\/www.paudalho.pe.gov.br\/portal\/secretaria-municipal-de-saude-realizara-dia-d-para-aplicacao-da-segunda-dose-das-vacinas-contra-a-covid-19\/whatsapp-image-2021-09-09-at-19-36-29\/\" data-orig-file=\"https:\/\/www.paudalho.pe.gov.br\/portal\/wp-content\/uploads\/2021\/11\/WhatsApp-Image-2021-09-09-at-19.36.29.jpeg\" data-orig-size=\"1599,1066\" data-comments-opened=\"1\" data-image-meta=\"{&quot;aperture&quot;:&quot;0&quot;,&quot;credit&quot;:&quot;&quot;,&quot;camera&quot;:&quot;&quot;,&quot;caption&quot;:&quot;&quot;,&quot;created_timestamp&quot;:&quot;0&quot;,&quot;copyright&quot;:&quot;&quot;,&quot;focal_length&quot;:&quot;0&quot;,&quot;iso&quot;:&quot;0&quot;,&quot;shutter_speed&quot;:&quot;0&quot;,&quot;title&quot;:&quot;&quot;,&quot;orientation&quot;:&quot;0&quot;}\" data-image-title=\"WhatsApp-Image-2021-09-09-at-19.36.29\" data-image-description=\"\" data-image-caption=\"\" data-medium-file=\"https:\/\/www.paudalho.pe.gov.br\/portal\/wp-content\/uploads\/2021\/11\/WhatsApp-Image-2021-09-09-at-19.36.29-350x230.jpeg\" data-large-file=\"https:\/\/www.paudalho.pe.gov.br\/portal\/wp-content\/uploads\/2021\/11\/WhatsApp-Image-2021-09-09-at-19.36.29-800x450.jpeg\" src=\"https:\/\/www.paudalho.pe.gov.br\/portal\/wp-content\/uploads\/2021\/11\/WhatsApp-Image-2021-09-09-at-19.36.29-800x450.jpeg\" alt=\"\" data-id=\"20569\" data-full-url=\"https:\/\/www.paudalho.pe.gov.br\/portal\/wp-content\/uploads\/2021\/11\/WhatsApp-Image-2021-09-09-at-19.36.29.jpeg\" data-link=\"https:\/\/www.paudalho.pe.gov.br\/portal\/?attachment_id=20569\" class=\"wp-image-20569\"\/><figcaption class=\"blocks-gallery-item__caption\"><em>O Dia D da vacina\u00e7\u00e3o contra a covid-19 ocorrer\u00e1 no ponto de vacina\u00e7\u00e3o drive thru, no Centro, das 8h \u00e0s 22h. Foto: Crist\u00f3v\u00e3o Neto.<\/em><\/figcaption><\/figure><\/li><\/ul><\/figure>\n\n\n\n<p>Atualmente, a vacina\u00e7\u00e3o em Paudalho est\u00e1 sendo realizada para jovens a partir dos 12 anos de idade. Quem ainda precisa tomar a primeira dose da vacina deve realizar o pr\u00e9-cadastro online por meio <a rel=\"noreferrer noopener\" href=\"https:\/\/paudalho.basemunicipal.com\/saude\/covid\/vacinacao\/pre-cadastro\" target=\"_blank\"><strong>deste link<\/strong><\/a> e dirigir-se ao ponto de imuniza\u00e7\u00e3o drive-thru. O funcionamento da parada \u00e9 de segunda a sexta, das 8h \u00e0s 16h, com exce\u00e7\u00e3o para ter\u00e7as e quintas, dias em que o hor\u00e1rio \u00e9 estendido at\u00e9 \u00e0s 20h. <\/p>\n\n\n\n<p><a href=\"https:\/\/paudalho.basemunicipal.com\/saude\/covid\/vacinacao\/pre-cadastro\" target=\"_blank\" rel=\"noreferrer noopener\"><strong>REALIZE AQUI O SEU PR\u00c9-CADASTRO!<\/strong><\/a><\/p>\n\n\n\n<p>J\u00e1 as doses de refor\u00e7o est\u00e3o sendo aplicadas em mun\u00edcipes a partir dos 55 anos que completaram o esquema de vacina\u00e7\u00e3o h\u00e1 mais de seis meses. Para a primeira dose \u00e9 necess\u00e1rio apresentar documento de identifica\u00e7\u00e3o (RG e\/ou CPF) e um comprovante de resid\u00eancia. Para a segunda ou a terceira basta um documento com foto e ter em m\u00e3os a carteira de vacina\u00e7\u00e3o.<\/p>\n\n\n\n<p><\/p>\n\n\n\n<p><\/p>\n\n\n\n<p><\/p>\n","protected":false},"excerpt":{"rendered":"<p>A Prefeitura do Paudalho, atrav\u00e9s da Secretaria Municipal de Sa\u00fade, realizar\u00e1 nesta ter\u00e7a-feira (23) o Dia D de vacina\u00e7\u00e3o contra a covid-19. A a\u00e7\u00e3o ocorrer\u00e1 no ponto de imuniza\u00e7\u00e3o drive-thru, localizado na Pra\u00e7a Pedro Coutinho, no Centro, no hor\u00e1rio das 8h \u00e0s 22h. Para o atendimento, os mun\u00edcipes dever\u00e3o levar um documento de identifica\u00e7\u00e3o com [&hellip;]<\/p>\n","protected":false},"author":6,"featured_media":20568,"comment_status":"open","ping_status":"open","sticky":false,"template":"","format":"standard","meta":{"_jetpack_newsletter_access":"","_jetpack_dont_email_post_to_subs":false,"_jetpack_newsletter_tier_id":0,"_jetpack_memberships_contains_paywalled_content":false,"_jetpack_memberships_contains_paid_content":false,"footnotes":""},"categories":[732,2,1,3],"tags":[22,168,738],"class_list":["post-20555","post","type-post","status-publish","format-standard","has-post-thumbnail","hentry","category-covid-19","category-destaque","category-noticias","category-saude","tag-prefeitura-do-paudalho","tag-secretaria-de-saude","tag-vacinacao-contra-a-covid-19"],"jetpack_featured_media_url":"https:\/\/www.paudalho.pe.gov.br\/portal\/wp-content\/uploads\/2021\/11\/Dia-D-da-vacinacao-contra-a-Covid-19.jpeg","jetpack_sharing_enabled":true,"jetpack_shortlink":"https:\/\/wp.me\/p98mS2-5lx","_links":{"self":[{"href":"https:\/\/www.paudalho.pe.gov.br\/portal\/wp-json\/wp\/v2\/posts\/20555","targetHints":{"allow":["GET"]}}],"collection":[{"href":"https:\/\/www.paudalho.pe.gov.br\/portal\/wp-json\/wp\/v2\/posts"}],"about":[{"href":"https:\/\/www.paudalho.pe.gov.br\/portal\/wp-json\/wp\/v2\/types\/post"}],"author":[{"embeddable":true,"href":"https:\/\/www.paudalho.pe.gov.br\/portal\/wp-json\/wp\/v2\/users\/6"}],"replies":[{"embeddable":true,"href":"https:\/\/www.paudalho.pe.gov.br\/portal\/wp-json\/wp\/v2\/comments?post=20555"}],"version-history":[{"count":20,"href":"https:\/\/www.paudalho.pe.gov.br\/portal\/wp-json\/wp\/v2\/posts\/20555\/revisions"}],"predecessor-version":[{"id":20581,"href":"https:\/\/www.paudalho.pe.gov.br\/portal\/wp-json\/wp\/v2\/posts\/20555\/revisions\/20581"}],"wp:featuredmedia":[{"embeddable":true,"href":"https:\/\/www.paudalho.pe.gov.br\/portal\/wp-json\/wp\/v2\/media\/20568"}],"wp:attachment":[{"href":"https:\/\/www.paudalho.pe.gov.br\/portal\/wp-json\/wp\/v2\/media?parent=20555"}],"wp:term":[{"taxonomy":"category","embeddable":true,"href":"https:\/\/www.paudalho.pe.gov.br\/portal\/wp-json\/wp\/v2\/categories?post=20555"},{"taxonomy":"post_tag","embeddable":true,"href":"https:\/\/www.paudalho.pe.gov.br\/portal\/wp-json\/wp\/v2\/tags?post=20555"}],"curies":[{"name":"wp","href":"https:\/\/api.w.org\/{rel}","templated":true}]}}