{"id":20461,"date":"2021-11-20T11:28:23","date_gmt":"2021-11-20T14:28:23","guid":{"rendered":"https:\/\/www.paudalho.pe.gov.br\/portal\/?p=20461"},"modified":"2025-01-08T00:39:19","modified_gmt":"2025-01-08T03:39:19","slug":"prefeitura-do-paudalho-promovera-amostra-cultural-em-alusao-ao-dia-da-consciencia-negra-neste-domingo-21","status":"publish","type":"post","link":"https:\/\/www.paudalho.pe.gov.br\/portal\/prefeitura-do-paudalho-promovera-amostra-cultural-em-alusao-ao-dia-da-consciencia-negra-neste-domingo-21\/","title":{"rendered":"Prefeitura do Paudalho promover\u00e1 Amostra Cultural em alus\u00e3o ao Dia da Consci\u00eancia Negra neste domingo (21)"},"content":{"rendered":"\n<p>A Prefeitura do Paudalho, atrav\u00e9s de sua Secretaria Municipal de Cultura, Turismo, Lazer e Juventude, realizar\u00e1 neste domingo (21) o evento <strong>Amostra Cultural do Dia da Consci\u00eancia Negra. <\/strong>O encontro ocorrer\u00e1 um dia ap\u00f3s a data 20 de novembro, marco dedicado \u00e0 valoriza\u00e7\u00e3o da cultura negra e ao reconhecimento da luta da popula\u00e7\u00e3o afro-brasileira.<\/p>\n\n\n\n<p>A amostra ocorrer\u00e1 na Pra\u00e7a do Ros\u00e1rio, localizada no centro da cidade, no hor\u00e1rio das 16h \u00e0s 23h. A programa\u00e7\u00e3o ser\u00e1 formada por apresenta\u00e7\u00f5es art\u00edsticas de manifesta\u00e7\u00f5es culturais como o afox\u00e9, a ciranda e o maracatu. Durante a noite, o p\u00fablico poder\u00e1 prestigiar a apresenta\u00e7\u00e3o de artistas locais de diversos segmentos, como Zeca Cirandeiro e o grupo Afox\u00e9 Povo dos Ventos. <\/p>\n\n\n\n<p>A partir das 18h, ser\u00e1 realizada a entrega do Pr\u00eamio Cibele da Consci\u00eancia Negra aos estudantes da Rede Municipal de Ensino que participaram e venceram o <strong>Concurso Cultural M\u00eas da Consci\u00eancia Negra<\/strong>. Por meio da competi\u00e7\u00e3o ser\u00e3o premiados alunos que enviaram v\u00eddeos sobre o tema combate ao racismo. As produ\u00e7\u00f5es ter\u00e3o como base o livro &#8220;Pequeno Manual Antirracista&#8221;, da escritora e fil\u00f3sofa Djamila Ribeiro. <\/p>\n\n\n\n<h3 class=\"wp-block-heading\"><strong>Pr\u00eamio Cibele da Consci\u00eancia Negra<\/strong><\/h3>\n\n\n\n<p>O Pr\u00eamio Cibele da Consci\u00eancia Negra \u00e9 uma homenagem \u00e0 paudalhense Marilene Maria Ferreira, conhecida como Cibele. Cibele foi uma jovem negra de origem humilde que se tornou uma ativista das causas raciais. Ela foi uma refer\u00eancia em Paudalho na luta contra o preconceito e o racismo. <br><br>Assistente social, servidora p\u00fablica e mestre em Servi\u00e7o Social pela Universidade Federal de Pernambuco (UFPE), a jovem foi uma das fundadoras do Centro de Estudos e Educacional Popular (CEEP), na comunidade Desterro, institui\u00e7\u00e3o destinada ao ensino de crian\u00e7as e adolescentes. <\/p>\n\n\n\n<figure class=\"wp-block-gallery columns-2 is-cropped wp-block-gallery-1 is-layout-flex wp-block-gallery-is-layout-flex\"><ul class=\"blocks-gallery-grid\"><li class=\"blocks-gallery-item\"><figure><img loading=\"lazy\" decoding=\"async\" width=\"800\" height=\"450\" data-attachment-id=\"20475\" data-permalink=\"https:\/\/www.paudalho.pe.gov.br\/portal\/prefeitura-do-paudalho-promovera-amostra-cultural-em-alusao-ao-dia-da-consciencia-negra-neste-domingo-21\/amostra-dia-da-consciencia-negra-em-paudalho-2021\/\" data-orig-file=\"https:\/\/www.paudalho.pe.gov.br\/portal\/wp-content\/uploads\/2021\/11\/Amostra-Dia-da-Consciencia-Negra-em-Paudalho-2021.jpeg\" data-orig-size=\"1280,1280\" data-comments-opened=\"1\" data-image-meta=\"{&quot;aperture&quot;:&quot;0&quot;,&quot;credit&quot;:&quot;&quot;,&quot;camera&quot;:&quot;&quot;,&quot;caption&quot;:&quot;&quot;,&quot;created_timestamp&quot;:&quot;0&quot;,&quot;copyright&quot;:&quot;&quot;,&quot;focal_length&quot;:&quot;0&quot;,&quot;iso&quot;:&quot;0&quot;,&quot;shutter_speed&quot;:&quot;0&quot;,&quot;title&quot;:&quot;&quot;,&quot;orientation&quot;:&quot;0&quot;}\" data-image-title=\"Amostra-Dia-da-Consciencia-Negra-em-Paudalho-2021\" data-image-description=\"\" data-image-caption=\"\" data-medium-file=\"https:\/\/www.paudalho.pe.gov.br\/portal\/wp-content\/uploads\/2021\/11\/Amostra-Dia-da-Consciencia-Negra-em-Paudalho-2021-350x230.jpeg\" data-large-file=\"https:\/\/www.paudalho.pe.gov.br\/portal\/wp-content\/uploads\/2021\/11\/Amostra-Dia-da-Consciencia-Negra-em-Paudalho-2021-800x450.jpeg\" src=\"https:\/\/www.paudalho.pe.gov.br\/portal\/wp-content\/uploads\/2021\/11\/Amostra-Dia-da-Consciencia-Negra-em-Paudalho-2021-800x450.jpeg\" alt=\"\" data-id=\"20475\" data-full-url=\"https:\/\/www.paudalho.pe.gov.br\/portal\/wp-content\/uploads\/2021\/11\/Amostra-Dia-da-Consciencia-Negra-em-Paudalho-2021.jpeg\" data-link=\"https:\/\/www.paudalho.pe.gov.br\/portal\/?attachment_id=20475\" class=\"wp-image-20475\"\/><\/figure><\/li><li class=\"blocks-gallery-item\"><figure><img loading=\"lazy\" decoding=\"async\" width=\"800\" height=\"450\" data-attachment-id=\"20474\" data-permalink=\"https:\/\/www.paudalho.pe.gov.br\/portal\/prefeitura-do-paudalho-promovera-amostra-cultural-em-alusao-ao-dia-da-consciencia-negra-neste-domingo-21\/amostra-dia-da-consciencia-negra-em-paudalho\/\" data-orig-file=\"https:\/\/www.paudalho.pe.gov.br\/portal\/wp-content\/uploads\/2021\/11\/Amostra-Dia-da-Consciencia-Negra-em-Paudalho.jpeg\" data-orig-size=\"1280,1279\" data-comments-opened=\"1\" data-image-meta=\"{&quot;aperture&quot;:&quot;0&quot;,&quot;credit&quot;:&quot;&quot;,&quot;camera&quot;:&quot;&quot;,&quot;caption&quot;:&quot;&quot;,&quot;created_timestamp&quot;:&quot;0&quot;,&quot;copyright&quot;:&quot;&quot;,&quot;focal_length&quot;:&quot;0&quot;,&quot;iso&quot;:&quot;0&quot;,&quot;shutter_speed&quot;:&quot;0&quot;,&quot;title&quot;:&quot;&quot;,&quot;orientation&quot;:&quot;0&quot;}\" data-image-title=\"Amostra-Dia-da-Consciencia-Negra-em-Paudalho\" data-image-description=\"\" data-image-caption=\"\" data-medium-file=\"https:\/\/www.paudalho.pe.gov.br\/portal\/wp-content\/uploads\/2021\/11\/Amostra-Dia-da-Consciencia-Negra-em-Paudalho-350x230.jpeg\" data-large-file=\"https:\/\/www.paudalho.pe.gov.br\/portal\/wp-content\/uploads\/2021\/11\/Amostra-Dia-da-Consciencia-Negra-em-Paudalho-800x450.jpeg\" src=\"https:\/\/www.paudalho.pe.gov.br\/portal\/wp-content\/uploads\/2021\/11\/Amostra-Dia-da-Consciencia-Negra-em-Paudalho-800x450.jpeg\" alt=\"\" data-id=\"20474\" data-full-url=\"https:\/\/www.paudalho.pe.gov.br\/portal\/wp-content\/uploads\/2021\/11\/Amostra-Dia-da-Consciencia-Negra-em-Paudalho.jpeg\" data-link=\"https:\/\/www.paudalho.pe.gov.br\/portal\/?attachment_id=20474\" class=\"wp-image-20474\"\/><\/figure><\/li><\/ul><\/figure>\n","protected":false},"excerpt":{"rendered":"<p>A Prefeitura do Paudalho, atrav\u00e9s de sua Secretaria Municipal de Cultura, Turismo, Lazer e Juventude, realizar\u00e1 neste domingo (21) o evento Amostra Cultural do Dia da Consci\u00eancia Negra. O encontro ocorrer\u00e1 um dia ap\u00f3s a data 20 de novembro, marco dedicado \u00e0 valoriza\u00e7\u00e3o da cultura negra e ao reconhecimento da luta da popula\u00e7\u00e3o afro-brasileira. A [&hellip;]<\/p>\n","protected":false},"author":6,"featured_media":20465,"comment_status":"open","ping_status":"open","sticky":false,"template":"","format":"standard","meta":{"_jetpack_newsletter_access":"","_jetpack_dont_email_post_to_subs":false,"_jetpack_newsletter_tier_id":0,"_jetpack_memberships_contains_paywalled_content":false,"_jetpack_memberships_contains_paid_content":false,"footnotes":""},"categories":[6,2,1],"tags":[827,68,832,22],"class_list":["post-20461","post","type-post","status-publish","format-standard","has-post-thumbnail","hentry","category-cultura","category-destaque","category-noticias","tag-arte","tag-cultura","tag-dia-da-consciencia-negra","tag-prefeitura-do-paudalho"],"jetpack_featured_media_url":"https:\/\/www.paudalho.pe.gov.br\/portal\/wp-content\/uploads\/2021\/11\/pexels-nappy-935985.jpg","jetpack_sharing_enabled":true,"jetpack_shortlink":"https:\/\/wp.me\/p98mS2-5k1","_links":{"self":[{"href":"https:\/\/www.paudalho.pe.gov.br\/portal\/wp-json\/wp\/v2\/posts\/20461","targetHints":{"allow":["GET"]}}],"collection":[{"href":"https:\/\/www.paudalho.pe.gov.br\/portal\/wp-json\/wp\/v2\/posts"}],"about":[{"href":"https:\/\/www.paudalho.pe.gov.br\/portal\/wp-json\/wp\/v2\/types\/post"}],"author":[{"embeddable":true,"href":"https:\/\/www.paudalho.pe.gov.br\/portal\/wp-json\/wp\/v2\/users\/6"}],"replies":[{"embeddable":true,"href":"https:\/\/www.paudalho.pe.gov.br\/portal\/wp-json\/wp\/v2\/comments?post=20461"}],"version-history":[{"count":16,"href":"https:\/\/www.paudalho.pe.gov.br\/portal\/wp-json\/wp\/v2\/posts\/20461\/revisions"}],"predecessor-version":[{"id":20485,"href":"https:\/\/www.paudalho.pe.gov.br\/portal\/wp-json\/wp\/v2\/posts\/20461\/revisions\/20485"}],"wp:featuredmedia":[{"embeddable":true,"href":"https:\/\/www.paudalho.pe.gov.br\/portal\/wp-json\/wp\/v2\/media\/20465"}],"wp:attachment":[{"href":"https:\/\/www.paudalho.pe.gov.br\/portal\/wp-json\/wp\/v2\/media?parent=20461"}],"wp:term":[{"taxonomy":"category","embeddable":true,"href":"https:\/\/www.paudalho.pe.gov.br\/portal\/wp-json\/wp\/v2\/categories?post=20461"},{"taxonomy":"post_tag","embeddable":true,"href":"https:\/\/www.paudalho.pe.gov.br\/portal\/wp-json\/wp\/v2\/tags?post=20461"}],"curies":[{"name":"wp","href":"https:\/\/api.w.org\/{rel}","templated":true}]}}