{"id":20379,"date":"2021-11-18T20:00:55","date_gmt":"2021-11-18T23:00:55","guid":{"rendered":"https:\/\/www.paudalho.pe.gov.br\/portal\/?p=20379"},"modified":"2025-01-08T00:39:19","modified_gmt":"2025-01-08T03:39:19","slug":"viii-conferencia-municipal-de-saude-de-paudalho-foi-realizada-na-ultima-quarta-feira-17","status":"publish","type":"post","link":"https:\/\/www.paudalho.pe.gov.br\/portal\/viii-conferencia-municipal-de-saude-de-paudalho-foi-realizada-na-ultima-quarta-feira-17\/","title":{"rendered":"VIII Confer\u00eancia Municipal de Sa\u00fade de Paudalho foi realizada na \u00faltima quarta-feira (17)"},"content":{"rendered":"\n<p>Para que pol\u00edticas p\u00fablicas voltadas para a Sa\u00fade sejam efetivas \u00e9 necess\u00e1rio, sobretudo, planejamento. Com o intuito de aprimorar o Plano Municipal de Sa\u00fade (PMS) do pr\u00f3ximo quadrimestre (2022 a 2025), nesta quarta-feira (17) a Prefeitura do Paudalho promoveu a <strong>VIII Confer\u00eancia Municipal de Sa\u00fade de Paudalho<\/strong>. <\/p>\n\n\n\n<p>O evento foi uma iniciativa do Conselho Municipal de Sa\u00fade e teve como tema \u201cGest\u00e3o de qualidade do SUS e os desafios decorrentes da pandemia do coronav\u00edrus\u201d.\u00a0Com in\u00edcio \u00e0s 8h, a cerim\u00f4nia foi realizada no Sal\u00e3o Paroquial da Igreja Matriz do Divino Esp\u00edrito Santo, no centro da cidade. O encontro foi transmitido ao vivo por meio das redes sociais da Prefeitura do Paudalho e pode ser conferido atrav\u00e9s <strong><a rel=\"noreferrer noopener\" href=\"https:\/\/fb.watch\/9mAvILU69R\/\" target=\"_blank\">deste link<\/a><\/strong>.<\/p>\n\n\n\n<p>Na ocasi\u00e3o estiveram presentes usu\u00e1rios do Sistema \u00danico de Sa\u00fade (SUS) atrav\u00e9s da sociedade civil organizada, trabalhadores da sa\u00fade e gestores do SUS. A abertura da programa\u00e7\u00e3o contou com uma apresenta\u00e7\u00e3o art\u00edstica de dan\u00e7a. A confer\u00eancia seguiu com palestras, debates e atividades em grupo com o objetivo de abordar quest\u00f5es pertinentes \u00e0 pauta. <\/p>\n\n\n\n<figure class=\"wp-block-gallery columns-2 is-cropped wp-block-gallery-1 is-layout-flex wp-block-gallery-is-layout-flex\"><ul class=\"blocks-gallery-grid\"><li class=\"blocks-gallery-item\"><figure><img loading=\"lazy\" decoding=\"async\" width=\"800\" height=\"450\" data-attachment-id=\"20395\" data-permalink=\"https:\/\/www.paudalho.pe.gov.br\/portal\/viii-conferencia-municipal-de-saude-de-paudalho-foi-realizada-na-ultima-quarta-feira-17\/whatsapp-image-2021-11-18-at-10-57-04-3\/\" data-orig-file=\"https:\/\/www.paudalho.pe.gov.br\/portal\/wp-content\/uploads\/2021\/11\/WhatsApp-Image-2021-11-18-at-10.57.04-3.jpeg\" data-orig-size=\"1280,853\" data-comments-opened=\"1\" data-image-meta=\"{&quot;aperture&quot;:&quot;0&quot;,&quot;credit&quot;:&quot;&quot;,&quot;camera&quot;:&quot;&quot;,&quot;caption&quot;:&quot;&quot;,&quot;created_timestamp&quot;:&quot;0&quot;,&quot;copyright&quot;:&quot;&quot;,&quot;focal_length&quot;:&quot;0&quot;,&quot;iso&quot;:&quot;0&quot;,&quot;shutter_speed&quot;:&quot;0&quot;,&quot;title&quot;:&quot;&quot;,&quot;orientation&quot;:&quot;0&quot;}\" data-image-title=\"WhatsApp-Image-2021-11-18-at-10.57.04-3\" data-image-description=\"\" data-image-caption=\"\" data-medium-file=\"https:\/\/www.paudalho.pe.gov.br\/portal\/wp-content\/uploads\/2021\/11\/WhatsApp-Image-2021-11-18-at-10.57.04-3-350x230.jpeg\" data-large-file=\"https:\/\/www.paudalho.pe.gov.br\/portal\/wp-content\/uploads\/2021\/11\/WhatsApp-Image-2021-11-18-at-10.57.04-3-800x450.jpeg\" src=\"https:\/\/www.paudalho.pe.gov.br\/portal\/wp-content\/uploads\/2021\/11\/WhatsApp-Image-2021-11-18-at-10.57.04-3-800x450.jpeg\" alt=\"\" data-id=\"20395\" data-full-url=\"https:\/\/www.paudalho.pe.gov.br\/portal\/wp-content\/uploads\/2021\/11\/WhatsApp-Image-2021-11-18-at-10.57.04-3.jpeg\" data-link=\"https:\/\/www.paudalho.pe.gov.br\/portal\/?attachment_id=20395\" class=\"wp-image-20395\"\/><figcaption class=\"blocks-gallery-item__caption\"> <em>Foto: Isak de Castro\/PMP.<\/em> <\/figcaption><\/figure><\/li><li class=\"blocks-gallery-item\"><figure><img loading=\"lazy\" decoding=\"async\" width=\"800\" height=\"450\" data-attachment-id=\"20387\" data-permalink=\"https:\/\/www.paudalho.pe.gov.br\/portal\/viii-conferencia-municipal-de-saude-de-paudalho-foi-realizada-na-ultima-quarta-feira-17\/whatsapp-image-2021-11-18-at-10-57-05-5\/\" data-orig-file=\"https:\/\/www.paudalho.pe.gov.br\/portal\/wp-content\/uploads\/2021\/11\/WhatsApp-Image-2021-11-18-at-10.57.05-5.jpeg\" data-orig-size=\"1280,853\" data-comments-opened=\"1\" data-image-meta=\"{&quot;aperture&quot;:&quot;0&quot;,&quot;credit&quot;:&quot;&quot;,&quot;camera&quot;:&quot;&quot;,&quot;caption&quot;:&quot;&quot;,&quot;created_timestamp&quot;:&quot;0&quot;,&quot;copyright&quot;:&quot;&quot;,&quot;focal_length&quot;:&quot;0&quot;,&quot;iso&quot;:&quot;0&quot;,&quot;shutter_speed&quot;:&quot;0&quot;,&quot;title&quot;:&quot;&quot;,&quot;orientation&quot;:&quot;0&quot;}\" data-image-title=\"WhatsApp-Image-2021-11-18-at-10.57.05-5\" data-image-description=\"\" data-image-caption=\"\" data-medium-file=\"https:\/\/www.paudalho.pe.gov.br\/portal\/wp-content\/uploads\/2021\/11\/WhatsApp-Image-2021-11-18-at-10.57.05-5-350x230.jpeg\" data-large-file=\"https:\/\/www.paudalho.pe.gov.br\/portal\/wp-content\/uploads\/2021\/11\/WhatsApp-Image-2021-11-18-at-10.57.05-5-800x450.jpeg\" src=\"https:\/\/www.paudalho.pe.gov.br\/portal\/wp-content\/uploads\/2021\/11\/WhatsApp-Image-2021-11-18-at-10.57.05-5-800x450.jpeg\" alt=\"\" data-id=\"20387\" data-full-url=\"https:\/\/www.paudalho.pe.gov.br\/portal\/wp-content\/uploads\/2021\/11\/WhatsApp-Image-2021-11-18-at-10.57.05-5.jpeg\" data-link=\"https:\/\/www.paudalho.pe.gov.br\/portal\/?attachment_id=20387\" class=\"wp-image-20387\"\/><figcaption class=\"blocks-gallery-item__caption\"> <em>Foto: Isak de Castro\/PMP.<\/em> <\/figcaption><\/figure><\/li><\/ul><\/figure>\n\n\n\n<p>A secret\u00e1ria municipal de Sa\u00fade, L\u00facia Matias, destacou o prop\u00f3sito da cerim\u00f4nia: <em>&#8220;A Confer\u00eancia tem o objetivo de elaborar propostas para a melhoria da sa\u00fade no munic\u00edpio, para validar o que j\u00e1 est\u00e1 sendo feito e para contribuir com a melhoria da gest\u00e3o do SUS e do acesso de qualidade para os usu\u00e1rios.&#8221;<\/em> <\/p>\n\n\n\n<p>A gestora tamb\u00e9m ressaltou a import\u00e2ncia da colabora\u00e7\u00e3o de todo o p\u00fablico presente.<em> &#8220;\u00c9 fundamental a realiza\u00e7\u00e3o da Confer\u00eancia porque ela \u00e9 parit\u00e1ria, ela existe sempre seguindo o que h\u00e1 dentro da lei, que \u00e9 a de ter a presen\u00e7a de usu\u00e1rios, trabalhadores e gestores do SUS.&#8221;<\/em><\/p>\n\n\n\n<figure class=\"wp-block-gallery columns-1 is-cropped wp-block-gallery-2 is-layout-flex wp-block-gallery-is-layout-flex\"><ul class=\"blocks-gallery-grid\"><li class=\"blocks-gallery-item\"><figure><img loading=\"lazy\" decoding=\"async\" width=\"800\" height=\"450\" data-attachment-id=\"20402\" data-permalink=\"https:\/\/www.paudalho.pe.gov.br\/portal\/viii-conferencia-municipal-de-saude-de-paudalho-foi-realizada-na-ultima-quarta-feira-17\/whatsapp-image-2021-11-18-at-10-57-03-3\/\" data-orig-file=\"https:\/\/www.paudalho.pe.gov.br\/portal\/wp-content\/uploads\/2021\/11\/WhatsApp-Image-2021-11-18-at-10.57.03-3.jpeg\" data-orig-size=\"1280,853\" data-comments-opened=\"1\" data-image-meta=\"{&quot;aperture&quot;:&quot;0&quot;,&quot;credit&quot;:&quot;&quot;,&quot;camera&quot;:&quot;&quot;,&quot;caption&quot;:&quot;&quot;,&quot;created_timestamp&quot;:&quot;0&quot;,&quot;copyright&quot;:&quot;&quot;,&quot;focal_length&quot;:&quot;0&quot;,&quot;iso&quot;:&quot;0&quot;,&quot;shutter_speed&quot;:&quot;0&quot;,&quot;title&quot;:&quot;&quot;,&quot;orientation&quot;:&quot;0&quot;}\" data-image-title=\"WhatsApp-Image-2021-11-18-at-10.57.03-3\" data-image-description=\"\" data-image-caption=\"\" data-medium-file=\"https:\/\/www.paudalho.pe.gov.br\/portal\/wp-content\/uploads\/2021\/11\/WhatsApp-Image-2021-11-18-at-10.57.03-3-350x230.jpeg\" data-large-file=\"https:\/\/www.paudalho.pe.gov.br\/portal\/wp-content\/uploads\/2021\/11\/WhatsApp-Image-2021-11-18-at-10.57.03-3-800x450.jpeg\" src=\"https:\/\/www.paudalho.pe.gov.br\/portal\/wp-content\/uploads\/2021\/11\/WhatsApp-Image-2021-11-18-at-10.57.03-3-800x450.jpeg\" alt=\"\" data-id=\"20402\" data-full-url=\"https:\/\/www.paudalho.pe.gov.br\/portal\/wp-content\/uploads\/2021\/11\/WhatsApp-Image-2021-11-18-at-10.57.03-3.jpeg\" data-link=\"https:\/\/www.paudalho.pe.gov.br\/portal\/?attachment_id=20402\" class=\"wp-image-20402\"\/><figcaption class=\"blocks-gallery-item__caption\"><em>Foto: Isak de Castro\/PMP.<\/em><\/figcaption><\/figure><\/li><\/ul><\/figure>\n\n\n\n<p>O presidente do Conselho Municipal de Sa\u00fade, Veraldo Valdeci, salientou a import\u00e2ncia do SUS para todos os brasileiros. <em>&#8220;Sem o SUS a gente n\u00e3o conseguiria viver. Eu venho daquela \u00e9poca, l\u00e1 atr\u00e1s, quando ele n\u00e3o existia e a gente tamb\u00e9m n\u00e3o tinha condi\u00e7\u00f5es de pagar pela nossa sa\u00fade (&#8230;) Quando o SUS surgiu, Sistema \u00danico de Sa\u00fade, e o nome j\u00e1 diz, \u00e9 para todos.&#8221; <\/em><br><br>Durante a ocasi\u00e3o, a equipe organizadora do evento fez uma homenagem ao m\u00e9dico, ex-secret\u00e1rio municipal de Sa\u00fade e tamb\u00e9m atual prefeito do munic\u00edpio de Limoeiro, Orlando Jorge, por sua contribui\u00e7\u00e3o \u00e0 Sa\u00fade paudalhense. <\/p>\n\n\n\n<p><em>&#8220;Para n\u00f3s \u00e9 uma honra, uma alegria e uma satisfa\u00e7\u00e3o. \u00c9 um saudosismo todo especial. Atrav\u00e9s do Conselho Municipal de Sa\u00fade, do presidente Veraldo Valdeci, e a nossa querida L\u00facia Matias e toda a sua equipe, poder voltar aqui e lembrar nossos planejamentos, nosso projetos e que a continuidade administrativa \u00e9 t\u00e3o importante para o nosso munic\u00edpio, \u00e9 verdadeiramente um destaque essa VIII Confer\u00eancia Municipal de Sa\u00fade de Paudalho.&#8221;,<\/em> declarou o ex-secret\u00e1rio. <\/p>\n\n\n\n<p><strong>Confira mais registros da VIII Confer\u00eancia Municipal de Sa\u00fade abaixo:<\/strong><\/p>\n\n\n\n<figure class=\"wp-block-gallery columns-3 is-cropped wp-block-gallery-3 is-layout-flex wp-block-gallery-is-layout-flex\"><ul class=\"blocks-gallery-grid\"><li class=\"blocks-gallery-item\"><figure><img loading=\"lazy\" decoding=\"async\" width=\"800\" height=\"450\" data-attachment-id=\"20396\" data-permalink=\"https:\/\/www.paudalho.pe.gov.br\/portal\/viii-conferencia-municipal-de-saude-de-paudalho-foi-realizada-na-ultima-quarta-feira-17\/whatsapp-image-2021-11-18-at-10-57-04-2\/\" data-orig-file=\"https:\/\/www.paudalho.pe.gov.br\/portal\/wp-content\/uploads\/2021\/11\/WhatsApp-Image-2021-11-18-at-10.57.04-2.jpeg\" data-orig-size=\"1280,853\" data-comments-opened=\"1\" data-image-meta=\"{&quot;aperture&quot;:&quot;0&quot;,&quot;credit&quot;:&quot;&quot;,&quot;camera&quot;:&quot;&quot;,&quot;caption&quot;:&quot;&quot;,&quot;created_timestamp&quot;:&quot;0&quot;,&quot;copyright&quot;:&quot;&quot;,&quot;focal_length&quot;:&quot;0&quot;,&quot;iso&quot;:&quot;0&quot;,&quot;shutter_speed&quot;:&quot;0&quot;,&quot;title&quot;:&quot;&quot;,&quot;orientation&quot;:&quot;0&quot;}\" data-image-title=\"WhatsApp-Image-2021-11-18-at-10.57.04-2\" data-image-description=\"\" data-image-caption=\"&lt;p&gt;Foto: Isak de Castro\/PMP.&lt;\/p&gt;\n\" data-medium-file=\"https:\/\/www.paudalho.pe.gov.br\/portal\/wp-content\/uploads\/2021\/11\/WhatsApp-Image-2021-11-18-at-10.57.04-2-350x230.jpeg\" data-large-file=\"https:\/\/www.paudalho.pe.gov.br\/portal\/wp-content\/uploads\/2021\/11\/WhatsApp-Image-2021-11-18-at-10.57.04-2-800x450.jpeg\" src=\"https:\/\/www.paudalho.pe.gov.br\/portal\/wp-content\/uploads\/2021\/11\/WhatsApp-Image-2021-11-18-at-10.57.04-2-800x450.jpeg\" alt=\"\" data-id=\"20396\" data-full-url=\"https:\/\/www.paudalho.pe.gov.br\/portal\/wp-content\/uploads\/2021\/11\/WhatsApp-Image-2021-11-18-at-10.57.04-2.jpeg\" data-link=\"https:\/\/www.paudalho.pe.gov.br\/portal\/?attachment_id=20396\" class=\"wp-image-20396\"\/><figcaption class=\"blocks-gallery-item__caption\"><em>Foto: Isak de Castro\/PMP.<\/em><\/figcaption><\/figure><\/li><li class=\"blocks-gallery-item\"><figure><img loading=\"lazy\" decoding=\"async\" width=\"800\" height=\"450\" data-attachment-id=\"20391\" data-permalink=\"https:\/\/www.paudalho.pe.gov.br\/portal\/viii-conferencia-municipal-de-saude-de-paudalho-foi-realizada-na-ultima-quarta-feira-17\/whatsapp-image-2021-11-18-at-10-57-05-1\/\" data-orig-file=\"https:\/\/www.paudalho.pe.gov.br\/portal\/wp-content\/uploads\/2021\/11\/WhatsApp-Image-2021-11-18-at-10.57.05-1.jpeg\" data-orig-size=\"1280,853\" data-comments-opened=\"1\" data-image-meta=\"{&quot;aperture&quot;:&quot;0&quot;,&quot;credit&quot;:&quot;&quot;,&quot;camera&quot;:&quot;&quot;,&quot;caption&quot;:&quot;&quot;,&quot;created_timestamp&quot;:&quot;0&quot;,&quot;copyright&quot;:&quot;&quot;,&quot;focal_length&quot;:&quot;0&quot;,&quot;iso&quot;:&quot;0&quot;,&quot;shutter_speed&quot;:&quot;0&quot;,&quot;title&quot;:&quot;&quot;,&quot;orientation&quot;:&quot;0&quot;}\" data-image-title=\"WhatsApp-Image-2021-11-18-at-10.57.05-1\" data-image-description=\"\" data-image-caption=\"&lt;p&gt;Foto: Isak de Castro\/PMP.&lt;\/p&gt;\n\" data-medium-file=\"https:\/\/www.paudalho.pe.gov.br\/portal\/wp-content\/uploads\/2021\/11\/WhatsApp-Image-2021-11-18-at-10.57.05-1-350x230.jpeg\" data-large-file=\"https:\/\/www.paudalho.pe.gov.br\/portal\/wp-content\/uploads\/2021\/11\/WhatsApp-Image-2021-11-18-at-10.57.05-1-800x450.jpeg\" src=\"https:\/\/www.paudalho.pe.gov.br\/portal\/wp-content\/uploads\/2021\/11\/WhatsApp-Image-2021-11-18-at-10.57.05-1-800x450.jpeg\" alt=\"\" data-id=\"20391\" data-full-url=\"https:\/\/www.paudalho.pe.gov.br\/portal\/wp-content\/uploads\/2021\/11\/WhatsApp-Image-2021-11-18-at-10.57.05-1.jpeg\" data-link=\"https:\/\/www.paudalho.pe.gov.br\/portal\/?attachment_id=20391\" class=\"wp-image-20391\"\/><figcaption class=\"blocks-gallery-item__caption\"><em>Foto: Isak de Castro\/PMP.<\/em><\/figcaption><\/figure><\/li><li class=\"blocks-gallery-item\"><figure><img loading=\"lazy\" decoding=\"async\" width=\"800\" height=\"450\" data-attachment-id=\"20400\" data-permalink=\"https:\/\/www.paudalho.pe.gov.br\/portal\/viii-conferencia-municipal-de-saude-de-paudalho-foi-realizada-na-ultima-quarta-feira-17\/whatsapp-image-2021-11-18-at-10-57-03-1\/\" data-orig-file=\"https:\/\/www.paudalho.pe.gov.br\/portal\/wp-content\/uploads\/2021\/11\/WhatsApp-Image-2021-11-18-at-10.57.03-1.jpeg\" data-orig-size=\"1280,853\" data-comments-opened=\"1\" data-image-meta=\"{&quot;aperture&quot;:&quot;0&quot;,&quot;credit&quot;:&quot;&quot;,&quot;camera&quot;:&quot;&quot;,&quot;caption&quot;:&quot;&quot;,&quot;created_timestamp&quot;:&quot;0&quot;,&quot;copyright&quot;:&quot;&quot;,&quot;focal_length&quot;:&quot;0&quot;,&quot;iso&quot;:&quot;0&quot;,&quot;shutter_speed&quot;:&quot;0&quot;,&quot;title&quot;:&quot;&quot;,&quot;orientation&quot;:&quot;0&quot;}\" data-image-title=\"WhatsApp-Image-2021-11-18-at-10.57.03-1\" data-image-description=\"\" data-image-caption=\"&lt;p&gt;Foto: Isak de Castro\/PMP.&lt;\/p&gt;\n\" data-medium-file=\"https:\/\/www.paudalho.pe.gov.br\/portal\/wp-content\/uploads\/2021\/11\/WhatsApp-Image-2021-11-18-at-10.57.03-1-350x230.jpeg\" data-large-file=\"https:\/\/www.paudalho.pe.gov.br\/portal\/wp-content\/uploads\/2021\/11\/WhatsApp-Image-2021-11-18-at-10.57.03-1-800x450.jpeg\" src=\"https:\/\/www.paudalho.pe.gov.br\/portal\/wp-content\/uploads\/2021\/11\/WhatsApp-Image-2021-11-18-at-10.57.03-1-800x450.jpeg\" alt=\"\" data-id=\"20400\" data-full-url=\"https:\/\/www.paudalho.pe.gov.br\/portal\/wp-content\/uploads\/2021\/11\/WhatsApp-Image-2021-11-18-at-10.57.03-1.jpeg\" data-link=\"https:\/\/www.paudalho.pe.gov.br\/portal\/?attachment_id=20400\" class=\"wp-image-20400\"\/><figcaption class=\"blocks-gallery-item__caption\"><em>Foto: Isak de Castro\/PMP.<\/em><\/figcaption><\/figure><\/li><li class=\"blocks-gallery-item\"><figure><img loading=\"lazy\" decoding=\"async\" width=\"800\" height=\"450\" data-attachment-id=\"20393\" data-permalink=\"https:\/\/www.paudalho.pe.gov.br\/portal\/viii-conferencia-municipal-de-saude-de-paudalho-foi-realizada-na-ultima-quarta-feira-17\/whatsapp-image-2021-11-18-at-10-57-04-5\/\" data-orig-file=\"https:\/\/www.paudalho.pe.gov.br\/portal\/wp-content\/uploads\/2021\/11\/WhatsApp-Image-2021-11-18-at-10.57.04-5.jpeg\" data-orig-size=\"1280,853\" data-comments-opened=\"1\" data-image-meta=\"{&quot;aperture&quot;:&quot;0&quot;,&quot;credit&quot;:&quot;&quot;,&quot;camera&quot;:&quot;&quot;,&quot;caption&quot;:&quot;&quot;,&quot;created_timestamp&quot;:&quot;0&quot;,&quot;copyright&quot;:&quot;&quot;,&quot;focal_length&quot;:&quot;0&quot;,&quot;iso&quot;:&quot;0&quot;,&quot;shutter_speed&quot;:&quot;0&quot;,&quot;title&quot;:&quot;&quot;,&quot;orientation&quot;:&quot;0&quot;}\" data-image-title=\"WhatsApp-Image-2021-11-18-at-10.57.04-5\" data-image-description=\"\" data-image-caption=\"&lt;p&gt;Foto: Isak de Castro\/PMP.&lt;\/p&gt;\n\" data-medium-file=\"https:\/\/www.paudalho.pe.gov.br\/portal\/wp-content\/uploads\/2021\/11\/WhatsApp-Image-2021-11-18-at-10.57.04-5-350x230.jpeg\" data-large-file=\"https:\/\/www.paudalho.pe.gov.br\/portal\/wp-content\/uploads\/2021\/11\/WhatsApp-Image-2021-11-18-at-10.57.04-5-800x450.jpeg\" src=\"https:\/\/www.paudalho.pe.gov.br\/portal\/wp-content\/uploads\/2021\/11\/WhatsApp-Image-2021-11-18-at-10.57.04-5-800x450.jpeg\" alt=\"\" data-id=\"20393\" data-full-url=\"https:\/\/www.paudalho.pe.gov.br\/portal\/wp-content\/uploads\/2021\/11\/WhatsApp-Image-2021-11-18-at-10.57.04-5.jpeg\" data-link=\"https:\/\/www.paudalho.pe.gov.br\/portal\/?attachment_id=20393\" class=\"wp-image-20393\"\/><figcaption class=\"blocks-gallery-item__caption\"><em>Foto: Isak de Castro\/PMP.<\/em><\/figcaption><\/figure><\/li><li class=\"blocks-gallery-item\"><figure><img loading=\"lazy\" decoding=\"async\" width=\"800\" height=\"450\" data-attachment-id=\"20394\" data-permalink=\"https:\/\/www.paudalho.pe.gov.br\/portal\/viii-conferencia-municipal-de-saude-de-paudalho-foi-realizada-na-ultima-quarta-feira-17\/whatsapp-image-2021-11-18-at-10-57-04-4\/\" data-orig-file=\"https:\/\/www.paudalho.pe.gov.br\/portal\/wp-content\/uploads\/2021\/11\/WhatsApp-Image-2021-11-18-at-10.57.04-4.jpeg\" data-orig-size=\"1280,853\" data-comments-opened=\"1\" data-image-meta=\"{&quot;aperture&quot;:&quot;0&quot;,&quot;credit&quot;:&quot;&quot;,&quot;camera&quot;:&quot;&quot;,&quot;caption&quot;:&quot;&quot;,&quot;created_timestamp&quot;:&quot;0&quot;,&quot;copyright&quot;:&quot;&quot;,&quot;focal_length&quot;:&quot;0&quot;,&quot;iso&quot;:&quot;0&quot;,&quot;shutter_speed&quot;:&quot;0&quot;,&quot;title&quot;:&quot;&quot;,&quot;orientation&quot;:&quot;0&quot;}\" data-image-title=\"WhatsApp-Image-2021-11-18-at-10.57.04-4\" data-image-description=\"\" data-image-caption=\"&lt;p&gt;Foto: Isak de Castro\/PMP.&lt;\/p&gt;\n\" data-medium-file=\"https:\/\/www.paudalho.pe.gov.br\/portal\/wp-content\/uploads\/2021\/11\/WhatsApp-Image-2021-11-18-at-10.57.04-4-350x230.jpeg\" data-large-file=\"https:\/\/www.paudalho.pe.gov.br\/portal\/wp-content\/uploads\/2021\/11\/WhatsApp-Image-2021-11-18-at-10.57.04-4-800x450.jpeg\" src=\"https:\/\/www.paudalho.pe.gov.br\/portal\/wp-content\/uploads\/2021\/11\/WhatsApp-Image-2021-11-18-at-10.57.04-4-800x450.jpeg\" alt=\"\" data-id=\"20394\" data-full-url=\"https:\/\/www.paudalho.pe.gov.br\/portal\/wp-content\/uploads\/2021\/11\/WhatsApp-Image-2021-11-18-at-10.57.04-4.jpeg\" data-link=\"https:\/\/www.paudalho.pe.gov.br\/portal\/?attachment_id=20394\" class=\"wp-image-20394\"\/><figcaption class=\"blocks-gallery-item__caption\"><em>Foto: Isak de Castro\/PMP.<\/em><\/figcaption><\/figure><\/li><li class=\"blocks-gallery-item\"><figure><img loading=\"lazy\" decoding=\"async\" width=\"800\" height=\"450\" data-attachment-id=\"20398\" data-permalink=\"https:\/\/www.paudalho.pe.gov.br\/portal\/viii-conferencia-municipal-de-saude-de-paudalho-foi-realizada-na-ultima-quarta-feira-17\/whatsapp-image-2021-11-18-at-10-57-04\/\" data-orig-file=\"https:\/\/www.paudalho.pe.gov.br\/portal\/wp-content\/uploads\/2021\/11\/WhatsApp-Image-2021-11-18-at-10.57.04.jpeg\" data-orig-size=\"1280,853\" data-comments-opened=\"1\" data-image-meta=\"{&quot;aperture&quot;:&quot;0&quot;,&quot;credit&quot;:&quot;&quot;,&quot;camera&quot;:&quot;&quot;,&quot;caption&quot;:&quot;&quot;,&quot;created_timestamp&quot;:&quot;0&quot;,&quot;copyright&quot;:&quot;&quot;,&quot;focal_length&quot;:&quot;0&quot;,&quot;iso&quot;:&quot;0&quot;,&quot;shutter_speed&quot;:&quot;0&quot;,&quot;title&quot;:&quot;&quot;,&quot;orientation&quot;:&quot;0&quot;}\" data-image-title=\"WhatsApp-Image-2021-11-18-at-10.57.04\" data-image-description=\"\" data-image-caption=\"&lt;p&gt;Foto: Isak de Castro\/PMP.&lt;\/p&gt;\n\" data-medium-file=\"https:\/\/www.paudalho.pe.gov.br\/portal\/wp-content\/uploads\/2021\/11\/WhatsApp-Image-2021-11-18-at-10.57.04-350x230.jpeg\" data-large-file=\"https:\/\/www.paudalho.pe.gov.br\/portal\/wp-content\/uploads\/2021\/11\/WhatsApp-Image-2021-11-18-at-10.57.04-800x450.jpeg\" src=\"https:\/\/www.paudalho.pe.gov.br\/portal\/wp-content\/uploads\/2021\/11\/WhatsApp-Image-2021-11-18-at-10.57.04-800x450.jpeg\" alt=\"\" data-id=\"20398\" data-full-url=\"https:\/\/www.paudalho.pe.gov.br\/portal\/wp-content\/uploads\/2021\/11\/WhatsApp-Image-2021-11-18-at-10.57.04.jpeg\" data-link=\"https:\/\/www.paudalho.pe.gov.br\/portal\/?attachment_id=20398\" class=\"wp-image-20398\"\/><figcaption class=\"blocks-gallery-item__caption\"><em>Foto: Isak de Castro\/PMP.<\/em><\/figcaption><\/figure><\/li><li class=\"blocks-gallery-item\"><figure><img loading=\"lazy\" decoding=\"async\" width=\"800\" height=\"450\" data-attachment-id=\"20399\" data-permalink=\"https:\/\/www.paudalho.pe.gov.br\/portal\/viii-conferencia-municipal-de-saude-de-paudalho-foi-realizada-na-ultima-quarta-feira-17\/whatsapp-image-2021-11-18-at-10-57-03-2\/\" data-orig-file=\"https:\/\/www.paudalho.pe.gov.br\/portal\/wp-content\/uploads\/2021\/11\/WhatsApp-Image-2021-11-18-at-10.57.03-2.jpeg\" data-orig-size=\"1280,853\" data-comments-opened=\"1\" data-image-meta=\"{&quot;aperture&quot;:&quot;0&quot;,&quot;credit&quot;:&quot;&quot;,&quot;camera&quot;:&quot;&quot;,&quot;caption&quot;:&quot;&quot;,&quot;created_timestamp&quot;:&quot;0&quot;,&quot;copyright&quot;:&quot;&quot;,&quot;focal_length&quot;:&quot;0&quot;,&quot;iso&quot;:&quot;0&quot;,&quot;shutter_speed&quot;:&quot;0&quot;,&quot;title&quot;:&quot;&quot;,&quot;orientation&quot;:&quot;0&quot;}\" data-image-title=\"WhatsApp-Image-2021-11-18-at-10.57.03-2\" data-image-description=\"\" data-image-caption=\"&lt;p&gt;Foto: Isak de Castro\/PMP.&lt;\/p&gt;\n\" data-medium-file=\"https:\/\/www.paudalho.pe.gov.br\/portal\/wp-content\/uploads\/2021\/11\/WhatsApp-Image-2021-11-18-at-10.57.03-2-350x230.jpeg\" data-large-file=\"https:\/\/www.paudalho.pe.gov.br\/portal\/wp-content\/uploads\/2021\/11\/WhatsApp-Image-2021-11-18-at-10.57.03-2-800x450.jpeg\" src=\"https:\/\/www.paudalho.pe.gov.br\/portal\/wp-content\/uploads\/2021\/11\/WhatsApp-Image-2021-11-18-at-10.57.03-2-800x450.jpeg\" alt=\"\" data-id=\"20399\" data-full-url=\"https:\/\/www.paudalho.pe.gov.br\/portal\/wp-content\/uploads\/2021\/11\/WhatsApp-Image-2021-11-18-at-10.57.03-2.jpeg\" data-link=\"https:\/\/www.paudalho.pe.gov.br\/portal\/?attachment_id=20399\" class=\"wp-image-20399\"\/><figcaption class=\"blocks-gallery-item__caption\"><em>Foto: Isak de Castro\/PMP.<\/em><\/figcaption><\/figure><\/li><\/ul><\/figure>\n","protected":false},"excerpt":{"rendered":"<p>Para que pol\u00edticas p\u00fablicas voltadas para a Sa\u00fade sejam efetivas \u00e9 necess\u00e1rio, sobretudo, planejamento. Com o intuito de aprimorar o Plano Municipal de Sa\u00fade (PMS) do pr\u00f3ximo quadrimestre (2022 a 2025), nesta quarta-feira (17) a Prefeitura do Paudalho promoveu a VIII Confer\u00eancia Municipal de Sa\u00fade de Paudalho. O evento foi uma iniciativa do Conselho Municipal [&hellip;]<\/p>\n","protected":false},"author":6,"featured_media":20386,"comment_status":"open","ping_status":"open","sticky":false,"template":"","format":"standard","meta":{"_jetpack_newsletter_access":"","_jetpack_dont_email_post_to_subs":false,"_jetpack_newsletter_tier_id":0,"_jetpack_memberships_contains_paywalled_content":false,"_jetpack_memberships_contains_paid_content":false,"footnotes":""},"categories":[2,1,3],"tags":[829,22,16,168,830],"class_list":["post-20379","post","type-post","status-publish","format-standard","has-post-thumbnail","hentry","category-destaque","category-noticias","category-saude","tag-conselho-municipal-de-saude","tag-prefeitura-do-paudalho","tag-saude","tag-secretaria-de-saude","tag-viii-conferencia-municipal-de-saude"],"jetpack_featured_media_url":"https:\/\/www.paudalho.pe.gov.br\/portal\/wp-content\/uploads\/2021\/11\/WhatsApp-Image-2021-11-18-at-10.57.04-1.jpeg","jetpack_sharing_enabled":true,"jetpack_shortlink":"https:\/\/wp.me\/p98mS2-5iH","_links":{"self":[{"href":"https:\/\/www.paudalho.pe.gov.br\/portal\/wp-json\/wp\/v2\/posts\/20379","targetHints":{"allow":["GET"]}}],"collection":[{"href":"https:\/\/www.paudalho.pe.gov.br\/portal\/wp-json\/wp\/v2\/posts"}],"about":[{"href":"https:\/\/www.paudalho.pe.gov.br\/portal\/wp-json\/wp\/v2\/types\/post"}],"author":[{"embeddable":true,"href":"https:\/\/www.paudalho.pe.gov.br\/portal\/wp-json\/wp\/v2\/users\/6"}],"replies":[{"embeddable":true,"href":"https:\/\/www.paudalho.pe.gov.br\/portal\/wp-json\/wp\/v2\/comments?post=20379"}],"version-history":[{"count":19,"href":"https:\/\/www.paudalho.pe.gov.br\/portal\/wp-json\/wp\/v2\/posts\/20379\/revisions"}],"predecessor-version":[{"id":20415,"href":"https:\/\/www.paudalho.pe.gov.br\/portal\/wp-json\/wp\/v2\/posts\/20379\/revisions\/20415"}],"wp:featuredmedia":[{"embeddable":true,"href":"https:\/\/www.paudalho.pe.gov.br\/portal\/wp-json\/wp\/v2\/media\/20386"}],"wp:attachment":[{"href":"https:\/\/www.paudalho.pe.gov.br\/portal\/wp-json\/wp\/v2\/media?parent=20379"}],"wp:term":[{"taxonomy":"category","embeddable":true,"href":"https:\/\/www.paudalho.pe.gov.br\/portal\/wp-json\/wp\/v2\/categories?post=20379"},{"taxonomy":"post_tag","embeddable":true,"href":"https:\/\/www.paudalho.pe.gov.br\/portal\/wp-json\/wp\/v2\/tags?post=20379"}],"curies":[{"name":"wp","href":"https:\/\/api.w.org\/{rel}","templated":true}]}}