{"id":2032,"date":"2017-11-28T09:57:03","date_gmt":"2017-11-28T12:57:03","guid":{"rendered":"http:\/\/www.paudalho.pe.gov.br\/portal\/?p=2032"},"modified":"2017-12-05T21:05:39","modified_gmt":"2017-12-06T00:05:39","slug":"belem-recebera-pavimentacao-em-ruas-da-comunidade","status":"publish","type":"post","link":"https:\/\/www.paudalho.pe.gov.br\/portal\/belem-recebera-pavimentacao-em-ruas-da-comunidade\/","title":{"rendered":"Bel\u00e9m receber\u00e1 pavimenta\u00e7\u00e3o em ruas da comunidade"},"content":{"rendered":"<p>Em menos de um ano de gest\u00e3o, a Prefeitura do Paudalho j\u00e1 conquistou diversas vit\u00f3rias. \u00c9 trabalho e muito empenho na Sa\u00fade, Educa\u00e7\u00e3o, Cultura, Esporte, Agricultura, Assist\u00eancia Social e Obras. Tudo pensando no bem-estar do povo paudalhense. E na \u00faltima sexta-feira (24), mais uma conquista: o prefeito Marcelo Gouveia assinou ordem de servi\u00e7o para a pavimenta\u00e7\u00e3o de sete ruas da comunidade do Bel\u00e9m. V\u00e3o ser asfaltadas as ruas: um, dois, quatro, cinco, seis, oito e nove. E a previs\u00e3o \u00e9 que todas as ruas do Munic\u00edpio sejam contempladas.<\/p>\n<p>A solenidade contou com a participa\u00e7\u00e3o dos moradores e de diversas autoridades, entre elas, os deputados estaduais Bispo Oss\u00e9sio (PRB) e Dr. Francismar Pontes (PSB).<\/p>\n<div id=\"attachment_2041\" style=\"width: 310px\" class=\"wp-caption alignnone\"><img loading=\"lazy\" decoding=\"async\" aria-describedby=\"caption-attachment-2041\" class=\"size-medium wp-image-2041\" src=\"http:\/\/www.paudalho.pe.gov.br\/portal\/wp-content\/uploads\/2017\/11\/6fc1ee7f-78b0-40cb-b83d-21b73ec5b9a7-350x230.jpg\" alt=\"\" width=\"300\" height=\"197\" \/><p id=\"caption-attachment-2041\" class=\"wp-caption-text\">Foto: Isak de Castro\/PMP<\/p><\/div>\n<p>Para o prefeito Marcelo Gouveia o projeto de pavimenta\u00e7\u00e3o na cidade \u00e9 muito maior. \u201c\u00c9 muito gratificante a gente conseguir colocar nossos sonhos e transformar eles em realidade. N\u00f3s temos um projeto muito grande de pavimenta\u00e7\u00e3o para Paudalho, onde ser\u00e3o contempladas mais de 100 ruas em nosso Munic\u00edpio. Essa \u00e9 a primeira pedra que est\u00e1 sendo lan\u00e7ada \u00e9 o primeiro passo\u201d, adiantou.<\/p>\n<h2><strong>Melhor qualidade de vida<\/strong><\/h2>\n<p>O prefeito ainda comentou sobre a import\u00e2ncia de a\u00e7\u00f5es como essa e destacou que \u00e9 tudo pelo bem-estar dos mun\u00edcipes. \u201cNa verdade \u00e9 melhorar a qualidade de vida das pessoas, essa que \u00e9 a palavra chave\u201d, comentou.<\/p>\n<div id=\"attachment_2042\" style=\"width: 310px\" class=\"wp-caption alignnone\"><img loading=\"lazy\" decoding=\"async\" aria-describedby=\"caption-attachment-2042\" data-attachment-id=\"2042\" data-permalink=\"https:\/\/www.paudalho.pe.gov.br\/portal\/belem-recebera-pavimentacao-em-ruas-da-comunidade\/31b65dc6-5489-40d5-9868-1091095eea9d\/\" data-orig-file=\"https:\/\/www.paudalho.pe.gov.br\/portal\/wp-content\/uploads\/2017\/11\/31b65dc6-5489-40d5-9868-1091095eea9d.jpg\" data-orig-size=\"1280,853\" data-comments-opened=\"1\" data-image-meta=\"{&quot;aperture&quot;:&quot;0&quot;,&quot;credit&quot;:&quot;&quot;,&quot;camera&quot;:&quot;&quot;,&quot;caption&quot;:&quot;&quot;,&quot;created_timestamp&quot;:&quot;0&quot;,&quot;copyright&quot;:&quot;&quot;,&quot;focal_length&quot;:&quot;0&quot;,&quot;iso&quot;:&quot;0&quot;,&quot;shutter_speed&quot;:&quot;0&quot;,&quot;title&quot;:&quot;&quot;,&quot;orientation&quot;:&quot;0&quot;}\" data-image-title=\"31b65dc6-5489-40d5-9868-1091095eea9d\" data-image-description=\"\" data-image-caption=\"&lt;p&gt;Foto: Isak de Castro\/PMP&lt;\/p&gt;\n\" data-medium-file=\"https:\/\/www.paudalho.pe.gov.br\/portal\/wp-content\/uploads\/2017\/11\/31b65dc6-5489-40d5-9868-1091095eea9d-350x230.jpg\" data-large-file=\"https:\/\/www.paudalho.pe.gov.br\/portal\/wp-content\/uploads\/2017\/11\/31b65dc6-5489-40d5-9868-1091095eea9d-800x450.jpg\" class=\"size-medium wp-image-2042\" src=\"http:\/\/www.paudalho.pe.gov.br\/portal\/wp-content\/uploads\/2017\/11\/31b65dc6-5489-40d5-9868-1091095eea9d-350x230.jpg\" alt=\"\" width=\"300\" height=\"197\" \/><p id=\"caption-attachment-2042\" class=\"wp-caption-text\">Foto: Isak de Castro\/PMP<\/p><\/div>\n","protected":false},"excerpt":{"rendered":"<p>Em menos de um ano de gest\u00e3o, a Prefeitura do Paudalho j\u00e1 conquistou diversas vit\u00f3rias. \u00c9 trabalho e muito empenho na Sa\u00fade, Educa\u00e7\u00e3o, Cultura, Esporte, Agricultura, Assist\u00eancia Social e Obras. Tudo pensando no bem-estar do povo paudalhense. E na \u00faltima sexta-feira (24), mais uma conquista: o prefeito Marcelo Gouveia assinou ordem de servi\u00e7o para a [&hellip;]<\/p>\n","protected":false},"author":4,"featured_media":2040,"comment_status":"open","ping_status":"open","sticky":false,"template":"","format":"standard","meta":{"_jetpack_newsletter_access":"","_jetpack_dont_email_post_to_subs":false,"_jetpack_newsletter_tier_id":0,"_jetpack_memberships_contains_paywalled_content":false,"_jetpack_memberships_contains_paid_content":false,"footnotes":""},"categories":[2,35],"tags":[213,170,211,212],"class_list":["post-2032","post","type-post","status-publish","format-standard","has-post-thumbnail","hentry","category-destaque","category-obras","tag-belem","tag-marcelo-gouveia","tag-pavimentacao","tag-prefeitura-do-paudallho"],"jetpack_featured_media_url":"https:\/\/www.paudalho.pe.gov.br\/portal\/wp-content\/uploads\/2017\/11\/2b8eae7c-d74e-4469-9bd6-2058bf5d86a1.jpg","jetpack_sharing_enabled":true,"jetpack_shortlink":"https:\/\/wp.me\/p98mS2-wM","_links":{"self":[{"href":"https:\/\/www.paudalho.pe.gov.br\/portal\/wp-json\/wp\/v2\/posts\/2032","targetHints":{"allow":["GET"]}}],"collection":[{"href":"https:\/\/www.paudalho.pe.gov.br\/portal\/wp-json\/wp\/v2\/posts"}],"about":[{"href":"https:\/\/www.paudalho.pe.gov.br\/portal\/wp-json\/wp\/v2\/types\/post"}],"author":[{"embeddable":true,"href":"https:\/\/www.paudalho.pe.gov.br\/portal\/wp-json\/wp\/v2\/users\/4"}],"replies":[{"embeddable":true,"href":"https:\/\/www.paudalho.pe.gov.br\/portal\/wp-json\/wp\/v2\/comments?post=2032"}],"version-history":[{"count":6,"href":"https:\/\/www.paudalho.pe.gov.br\/portal\/wp-json\/wp\/v2\/posts\/2032\/revisions"}],"predecessor-version":[{"id":2123,"href":"https:\/\/www.paudalho.pe.gov.br\/portal\/wp-json\/wp\/v2\/posts\/2032\/revisions\/2123"}],"wp:featuredmedia":[{"embeddable":true,"href":"https:\/\/www.paudalho.pe.gov.br\/portal\/wp-json\/wp\/v2\/media\/2040"}],"wp:attachment":[{"href":"https:\/\/www.paudalho.pe.gov.br\/portal\/wp-json\/wp\/v2\/media?parent=2032"}],"wp:term":[{"taxonomy":"category","embeddable":true,"href":"https:\/\/www.paudalho.pe.gov.br\/portal\/wp-json\/wp\/v2\/categories?post=2032"},{"taxonomy":"post_tag","embeddable":true,"href":"https:\/\/www.paudalho.pe.gov.br\/portal\/wp-json\/wp\/v2\/tags?post=2032"}],"curies":[{"name":"wp","href":"https:\/\/api.w.org\/{rel}","templated":true}]}}