{"id":20257,"date":"2021-11-17T12:27:15","date_gmt":"2021-11-17T15:27:15","guid":{"rendered":"https:\/\/www.paudalho.pe.gov.br\/portal\/?p=20257"},"modified":"2025-01-08T00:39:19","modified_gmt":"2025-01-08T03:39:19","slug":"primeira-etapa-da-campanha-de-vacinacao-antirrabica-tem-inicio-nesta-quarta-feira-17-em-paudalho","status":"publish","type":"post","link":"https:\/\/www.paudalho.pe.gov.br\/portal\/primeira-etapa-da-campanha-de-vacinacao-antirrabica-tem-inicio-nesta-quarta-feira-17-em-paudalho\/","title":{"rendered":"Primeira etapa da Campanha de Vacina\u00e7\u00e3o Antirr\u00e1bica tem in\u00edcio nesta quarta-feira (17) em Paudalho"},"content":{"rendered":"\n<p>Para preservar a sa\u00fade dos animais de estima\u00e7\u00e3o \u00e9 essencial manter a vacina\u00e7\u00e3o dos pets atualizada. Com o objetivo de colaborar com o bem estar da popula\u00e7\u00e3o animal da cidade, a Prefeitura do Paudalho, atrav\u00e9s da Vigil\u00e2ncia Ambiental, \u00f3rg\u00e3o vinculado \u00e0 Secretaria Municipal de Sa\u00fade, inicia nesta quarta-feira (17) a primeira etapa da <strong>Campanha de Vacina\u00e7\u00e3o Antirr\u00e1bica<\/strong> de c\u00e3es e gatos.<\/p>\n\n\n\n<p>Durante essa primeira fase ser\u00e3o atendidas comunidades localizadas na zona rural do munic\u00edpio. O atendimento ocorrer\u00e1 das 8h \u00e0s 16h, nas datas e lugares previamente definidos. De acordo com o cronograma da pasta, essa etapa inicial da campanha prosseguir\u00e1 at\u00e9 o dia 01 de dezembro e passar\u00e1 por v\u00e1rios pontos da cidade.<\/p>\n\n\n\n<p>O primeiro bairro a ser contemplado ser\u00e1 Guadalajara. A imuniza\u00e7\u00e3o nesse local ocorrer\u00e1 hoje (17) e tamb\u00e9m na quinta-feira (18), na Unidade B\u00e1sica de Sa\u00fade Guadalajara IV e na Academia das Cidades. No decorrer desta semana ainda ocorrer\u00e1 atendimento nas comunidades Ch\u00e3 Alegre e Ch\u00e3 de Cruz, ambos na sexta-feira (19).<\/p>\n\n\n\n<p>\u00c9 recomend\u00e1vel que no dia da imuniza\u00e7\u00e3o o tutor leve a carteira de vacina\u00e7\u00e3o do animal. Caso o pet n\u00e3o possua, o documento poder\u00e1 ser emitido durante o atendimento. Vale lembrar que a vacina \u00e9 destinada para c\u00e3es e gatos maiores de tr\u00eas meses que n\u00e3o estejam doentes. Animais prenhas ou amamentando tamb\u00e9m n\u00e3o podem ser vacinadas.<\/p>\n\n\n\n<p><strong>Confira abaixo a lista com as datas e os locais onde a vacina\u00e7\u00e3o ser\u00e1 realizada:<\/strong><\/p>\n\n\n\n<figure class=\"wp-block-table is-style-stripes\"><table><tbody><tr><td><strong>DATA<\/strong><\/td><td><strong>LOCALIDADE<\/strong><\/td><td><strong>PONTO DE VACINA\u00c7\u00c3O<\/strong><\/td><td><strong>HOR\u00c1RIO<\/strong><\/td><\/tr><tr><td>17\/11<br>e 18\/11<\/td><td>Guadalajara<\/td><td>UBS Guadalajara IV&nbsp;e Academia das Cidades&nbsp;<\/td><td>08h \u00e0s 16h&nbsp;<\/td><\/tr><tr><td>19\/11<\/td><td>Ch\u00e3 Alegre<\/td><td>Pr\u00f3ximo a UBS&nbsp;Ch\u00e3 Alegre&nbsp;<\/td><td> 08h \u00e0s 16h&nbsp; <\/td><\/tr><tr><td>19\/11<\/td><td>Ch\u00e3 de Camila<\/td><td>Pr\u00f3ximo ao Bar de Bibi&nbsp;&nbsp;<\/td><td> 08h \u00e0s 16h&nbsp; <\/td><\/tr><tr><td>22\/11<\/td><td>Ch\u00e3 de Cruz<\/td><td>Pr\u00f3ximo a UBS&nbsp;de Ch\u00e3 de Cruz&nbsp;<\/td><td> 08h \u00e0s 16h&nbsp; <\/td><\/tr><tr><td>22\/11<\/td><td>Pirassirica&nbsp;e&nbsp;Rodrisio&nbsp;<\/td><td>Volante&nbsp;&nbsp;<\/td><td> 08h \u00e0s 16h&nbsp; <\/td><\/tr><tr><td>22\/11<\/td><td>Mussurepe&nbsp;<\/td><td>Pr\u00f3ximo a UBS&nbsp;de&nbsp;Mussurepe&nbsp;<\/td><td> 08h \u00e0s 16h&nbsp; <\/td><\/tr><tr><td>23\/11<\/td><td>Muriongo<\/td><td>Volante&nbsp;<\/td><td> 08h \u00e0s 16h&nbsp; <\/td><\/tr><tr><td>23\/11<\/td><td>Rosarinho&nbsp;&nbsp;&nbsp;<\/td><td>Pr\u00f3ximo a UBS&nbsp;de Rosarinho&nbsp;<\/td><td> 08h \u00e0s 16h&nbsp; <\/td><\/tr><tr><td>23\/11<\/td><td>Desterro&nbsp;<\/td><td>Pr\u00f3ximo ao CEEP&nbsp;<\/td><td> 08h \u00e0s 16h&nbsp;  <\/td><\/tr><tr><td>24\/11<\/td><td>Ch\u00e3 de Conselho&nbsp;<br>Fonte de Aldeia&nbsp;<\/td><td>Pra\u00e7a em frente a UBS&nbsp;<br>Pr\u00f3ximo a Escola C\u00edcero Lopes&nbsp;<\/td><td> 08h \u00e0s 16h&nbsp; <\/td><\/tr><tr><td>25\/11<\/td><td>Junco&nbsp;<\/td><td>Em frente a Escola Municipal do Junco<\/td><td> 08h \u00e0s 16h&nbsp; <\/td><\/tr><tr><td>25\/11<\/td><td>Itabora\u00ed<\/td><td>Volante&nbsp;<\/td><td> 08h \u00e0s 16h&nbsp; <\/td><\/tr><tr><td>26\/11<\/td><td>Barragem do Goit\u00e1<\/td><td>Volante&nbsp;<\/td><td> 08h \u00e0s 16h&nbsp; <\/td><\/tr><tr><td>26\/11<\/td><td>Quartoze<\/td><td>Volante&nbsp;<\/td><td> 14h \u00e0s 16h&nbsp; <\/td><\/tr><tr><td>26\/11<\/td><td>S\u00e3o Severino dos Ramos<\/td><td>Volante&nbsp;<\/td><td> 08h \u00e0s 16h&nbsp;  <\/td><\/tr><tr><td>29\/11<\/td><td>Cajueiro Claro<\/td><td>Volante&nbsp;<\/td><td> 08h \u00e0s 12h&nbsp;  <\/td><\/tr><tr><td>30\/11<\/td><td>Cacete Armado<\/td><td>Volante&nbsp;<\/td><td> 08h \u00e0s 12h&nbsp;   <\/td><\/tr><tr><td>01\/12<\/td><td>S\u00edtio dos Pereira<\/td><td>Volante&nbsp;<\/td><td> 08h \u00e0s 12h&nbsp;   <\/td><\/tr><tr><td>01\/12<\/td><td>Voo da Morte<\/td><td>Volante&nbsp;<\/td><td> 08h \u00e0s 12h&nbsp;   <\/td><\/tr><tr><td>01\/12<\/td><td>Vila Santo Ant\u00f4nio<\/td><td>Volante&nbsp;<\/td><td> 14h \u00e0s 16h&nbsp;  <\/td><\/tr><\/tbody><\/table><\/figure>\n\n\n\n<h3 class=\"wp-block-heading\">Saiba mais sobre a doen\u00e7a<\/h3>\n\n\n\n<p>A raiva \u00e9 uma enfermidade viral infecciosa aguda transmitida por meio da saliva de animais contaminados e passada, principalmente, pela mordida de animais doentes \u2013 sejam eles gatos ou c\u00e3es. <\/p>\n\n\n\n<p>Nos cachorros e no homem, o v\u00edrus da doen\u00e7a pode permanecer incubado por at\u00e9 2 meses antes que os seus sintomas (tamb\u00e9m bastante similares) comecem a aparecer; sendo que, nos gatos, a doen\u00e7a destaca sinais diferenciados, mas n\u00e3o menos agressivos. <\/p>\n\n\n\n<p>Os sintomas podem\u00a0incluir a dor de cabe\u00e7a, saliva\u00e7\u00e3o excessiva, espasmos musculares, paralisia e confus\u00e3o mental. Na maioria dos casos a raiva \u00e9 fatal. O \u00fanico modo de proteger os animais \u00e9 por meio da vacina.<\/p>\n","protected":false},"excerpt":{"rendered":"<p>Para preservar a sa\u00fade dos animais de estima\u00e7\u00e3o \u00e9 essencial manter a vacina\u00e7\u00e3o dos pets atualizada. Com o objetivo de colaborar com o bem estar da popula\u00e7\u00e3o animal da cidade, a Prefeitura do Paudalho, atrav\u00e9s da Vigil\u00e2ncia Ambiental, \u00f3rg\u00e3o vinculado \u00e0 Secretaria Municipal de Sa\u00fade, inicia nesta quarta-feira (17) a primeira etapa da Campanha de [&hellip;]<\/p>\n","protected":false},"author":6,"featured_media":20266,"comment_status":"open","ping_status":"open","sticky":false,"template":"","format":"standard","meta":{"_jetpack_newsletter_access":"","_jetpack_dont_email_post_to_subs":false,"_jetpack_newsletter_tier_id":0,"_jetpack_memberships_contains_paywalled_content":false,"_jetpack_memberships_contains_paid_content":false,"footnotes":""},"categories":[2,1,3],"tags":[],"class_list":["post-20257","post","type-post","status-publish","format-standard","has-post-thumbnail","hentry","category-destaque","category-noticias","category-saude"],"jetpack_featured_media_url":"https:\/\/www.paudalho.pe.gov.br\/portal\/wp-content\/uploads\/2021\/11\/vacina-contra-raia-2021-paudalho.jpg","jetpack_sharing_enabled":true,"jetpack_shortlink":"https:\/\/wp.me\/p98mS2-5gJ","_links":{"self":[{"href":"https:\/\/www.paudalho.pe.gov.br\/portal\/wp-json\/wp\/v2\/posts\/20257","targetHints":{"allow":["GET"]}}],"collection":[{"href":"https:\/\/www.paudalho.pe.gov.br\/portal\/wp-json\/wp\/v2\/posts"}],"about":[{"href":"https:\/\/www.paudalho.pe.gov.br\/portal\/wp-json\/wp\/v2\/types\/post"}],"author":[{"embeddable":true,"href":"https:\/\/www.paudalho.pe.gov.br\/portal\/wp-json\/wp\/v2\/users\/6"}],"replies":[{"embeddable":true,"href":"https:\/\/www.paudalho.pe.gov.br\/portal\/wp-json\/wp\/v2\/comments?post=20257"}],"version-history":[{"count":20,"href":"https:\/\/www.paudalho.pe.gov.br\/portal\/wp-json\/wp\/v2\/posts\/20257\/revisions"}],"predecessor-version":[{"id":20304,"href":"https:\/\/www.paudalho.pe.gov.br\/portal\/wp-json\/wp\/v2\/posts\/20257\/revisions\/20304"}],"wp:featuredmedia":[{"embeddable":true,"href":"https:\/\/www.paudalho.pe.gov.br\/portal\/wp-json\/wp\/v2\/media\/20266"}],"wp:attachment":[{"href":"https:\/\/www.paudalho.pe.gov.br\/portal\/wp-json\/wp\/v2\/media?parent=20257"}],"wp:term":[{"taxonomy":"category","embeddable":true,"href":"https:\/\/www.paudalho.pe.gov.br\/portal\/wp-json\/wp\/v2\/categories?post=20257"},{"taxonomy":"post_tag","embeddable":true,"href":"https:\/\/www.paudalho.pe.gov.br\/portal\/wp-json\/wp\/v2\/tags?post=20257"}],"curies":[{"name":"wp","href":"https:\/\/api.w.org\/{rel}","templated":true}]}}