{"id":2022,"date":"2017-11-24T13:34:39","date_gmt":"2017-11-24T16:34:39","guid":{"rendered":"http:\/\/www.paudalho.pe.gov.br\/portal\/?p=2022"},"modified":"2017-11-24T13:45:20","modified_gmt":"2017-11-24T16:45:20","slug":"prefeitura-do-paudalho-realiza-acoes-do-novembro-azul-na-ubs-do-centro","status":"publish","type":"post","link":"https:\/\/www.paudalho.pe.gov.br\/portal\/prefeitura-do-paudalho-realiza-acoes-do-novembro-azul-na-ubs-do-centro\/","title":{"rendered":"Prefeitura do Paudalho realiza a\u00e7\u00f5es do Novembro Azul na UBS do centro"},"content":{"rendered":"<p>As a\u00e7\u00f5es do Novembro Azul, m\u00eas de combate ao c\u00e2ncer de pr\u00f3stata, continuam por todo o Munic\u00edpio. Nesta quinta-feira (23), a Prefeitura do Paudalho por meio da Secretaria de Sa\u00fade realizou uma programa\u00e7\u00e3o especial para os homens na Unidade B\u00e1sica de Sa\u00fade do centro. A enfermeira da unidade, Alyne Nunes, comentou que o dia foi reservado especialmente para dar uma aten\u00e7\u00e3o maior \u00e0 sa\u00fade do homem da comunidade.<\/p>\n<h2>Programa\u00e7\u00e3o<\/h2>\n<p>O evento foi iniciado com uma palestra ministrada pelo m\u00e9dico Marcus Holanda e a enfermeira Alyne Nunes explicando sobre a doen\u00e7a. Em seguida foi oferecido um caf\u00e9 da manh\u00e3 e atendimento com solicita\u00e7\u00f5es de exame e esclarecimentos do pacientes. Segundo dados do Instituto Nacional de C\u00e2ncer Jos\u00e9 Alencar Gomes da Silva, no Brasil, o c\u00e2ncer de pr\u00f3stata \u00e9 o segundo mais comum entre os homens e fica atr\u00e1s apenas do c\u00e2ncer de pele n\u00e3o-melanoma. Vale lembrar que o exame preventivo contra o tipo de c\u00e2ncer \u00e9 ofertado no Laborat\u00f3rio Municipal.<\/p>\n<h2>Cuidar da Sa\u00fade \u00e9 coisa de \u201cmacho\u201d<\/h2>\n<p>O preconceito \u00e9 um dos problemas enfrentados no combate ao c\u00e2ncer. De acordo com Alyne Nunes, a procura dos homens pelos exames de sa\u00fade \u00e9 bem menor do que as mulheres. \u201cEm nossa unidade, em um dia normal de atendimento, a cada 8 mulheres, atendemos um homem. \u00c9 uma popula\u00e7\u00e3o dif\u00edcil de procurar acompanhamento\u201d, disse. Mas, a Prefeitura segue no comprometimento de proporcionar o bem-estar do paudalhense.<\/p>\n<div id=\"attachment_2024\" style=\"width: 310px\" class=\"wp-caption alignnone\"><img loading=\"lazy\" decoding=\"async\" aria-describedby=\"caption-attachment-2024\" data-attachment-id=\"2024\" data-permalink=\"https:\/\/www.paudalho.pe.gov.br\/portal\/prefeitura-do-paudalho-realiza-acoes-do-novembro-azul-na-ubs-do-centro\/6a5f9c9d-b446-4f08-874e-f3f991f40f73\/\" data-orig-file=\"https:\/\/www.paudalho.pe.gov.br\/portal\/wp-content\/uploads\/2017\/11\/6a5f9c9d-b446-4f08-874e-f3f991f40f73.jpg\" data-orig-size=\"640,479\" data-comments-opened=\"1\" data-image-meta=\"{&quot;aperture&quot;:&quot;0&quot;,&quot;credit&quot;:&quot;&quot;,&quot;camera&quot;:&quot;&quot;,&quot;caption&quot;:&quot;&quot;,&quot;created_timestamp&quot;:&quot;0&quot;,&quot;copyright&quot;:&quot;&quot;,&quot;focal_length&quot;:&quot;0&quot;,&quot;iso&quot;:&quot;0&quot;,&quot;shutter_speed&quot;:&quot;0&quot;,&quot;title&quot;:&quot;&quot;,&quot;orientation&quot;:&quot;0&quot;}\" data-image-title=\"6a5f9c9d-b446-4f08-874e-f3f991f40f73\" data-image-description=\"\" data-image-caption=\"&lt;p&gt;Foto: UBS\/centro&lt;\/p&gt;\n\" data-medium-file=\"https:\/\/www.paudalho.pe.gov.br\/portal\/wp-content\/uploads\/2017\/11\/6a5f9c9d-b446-4f08-874e-f3f991f40f73-350x230.jpg\" data-large-file=\"https:\/\/www.paudalho.pe.gov.br\/portal\/wp-content\/uploads\/2017\/11\/6a5f9c9d-b446-4f08-874e-f3f991f40f73-640x450.jpg\" class=\"size-medium wp-image-2024\" src=\"http:\/\/www.paudalho.pe.gov.br\/portal\/wp-content\/uploads\/2017\/11\/6a5f9c9d-b446-4f08-874e-f3f991f40f73-350x230.jpg\" alt=\"\" width=\"300\" height=\"197\" \/><p id=\"caption-attachment-2024\" class=\"wp-caption-text\">Foto: UBS\/centro<\/p><\/div>\n","protected":false},"excerpt":{"rendered":"<p>As a\u00e7\u00f5es do Novembro Azul, m\u00eas de combate ao c\u00e2ncer de pr\u00f3stata, continuam por todo o Munic\u00edpio. Nesta quinta-feira (23), a Prefeitura do Paudalho por meio da Secretaria de Sa\u00fade realizou uma programa\u00e7\u00e3o especial para os homens na Unidade B\u00e1sica de Sa\u00fade do centro. A enfermeira da unidade, Alyne Nunes, comentou que o dia foi [&hellip;]<\/p>\n","protected":false},"author":4,"featured_media":2023,"comment_status":"open","ping_status":"open","sticky":false,"template":"","format":"standard","meta":{"_jetpack_newsletter_access":"","_jetpack_dont_email_post_to_subs":false,"_jetpack_newsletter_tier_id":0,"_jetpack_memberships_contains_paywalled_content":false,"_jetpack_memberships_contains_paid_content":false,"footnotes":""},"categories":[2,3],"tags":[209,179,22,168],"class_list":["post-2022","post","type-post","status-publish","format-standard","has-post-thumbnail","hentry","category-destaque","category-saude","tag-cancer-de-prostata","tag-novembro-azul","tag-prefeitura-do-paudalho","tag-secretaria-de-saude"],"jetpack_featured_media_url":"https:\/\/www.paudalho.pe.gov.br\/portal\/wp-content\/uploads\/2017\/11\/e68c3d84-074d-4d79-8bfd-a6b1b04185cc.jpg","jetpack_sharing_enabled":true,"jetpack_shortlink":"https:\/\/wp.me\/p98mS2-wC","_links":{"self":[{"href":"https:\/\/www.paudalho.pe.gov.br\/portal\/wp-json\/wp\/v2\/posts\/2022","targetHints":{"allow":["GET"]}}],"collection":[{"href":"https:\/\/www.paudalho.pe.gov.br\/portal\/wp-json\/wp\/v2\/posts"}],"about":[{"href":"https:\/\/www.paudalho.pe.gov.br\/portal\/wp-json\/wp\/v2\/types\/post"}],"author":[{"embeddable":true,"href":"https:\/\/www.paudalho.pe.gov.br\/portal\/wp-json\/wp\/v2\/users\/4"}],"replies":[{"embeddable":true,"href":"https:\/\/www.paudalho.pe.gov.br\/portal\/wp-json\/wp\/v2\/comments?post=2022"}],"version-history":[{"count":2,"href":"https:\/\/www.paudalho.pe.gov.br\/portal\/wp-json\/wp\/v2\/posts\/2022\/revisions"}],"predecessor-version":[{"id":2031,"href":"https:\/\/www.paudalho.pe.gov.br\/portal\/wp-json\/wp\/v2\/posts\/2022\/revisions\/2031"}],"wp:featuredmedia":[{"embeddable":true,"href":"https:\/\/www.paudalho.pe.gov.br\/portal\/wp-json\/wp\/v2\/media\/2023"}],"wp:attachment":[{"href":"https:\/\/www.paudalho.pe.gov.br\/portal\/wp-json\/wp\/v2\/media?parent=2022"}],"wp:term":[{"taxonomy":"category","embeddable":true,"href":"https:\/\/www.paudalho.pe.gov.br\/portal\/wp-json\/wp\/v2\/categories?post=2022"},{"taxonomy":"post_tag","embeddable":true,"href":"https:\/\/www.paudalho.pe.gov.br\/portal\/wp-json\/wp\/v2\/tags?post=2022"}],"curies":[{"name":"wp","href":"https:\/\/api.w.org\/{rel}","templated":true}]}}