{"id":20194,"date":"2021-11-16T16:58:51","date_gmt":"2021-11-16T19:58:51","guid":{"rendered":"https:\/\/www.paudalho.pe.gov.br\/portal\/?p=20194"},"modified":"2025-01-08T00:39:20","modified_gmt":"2025-01-08T03:39:20","slug":"prefeitura-do-paudalho-realiza-1o-aulao-la-vem-o-enem","status":"publish","type":"post","link":"https:\/\/www.paudalho.pe.gov.br\/portal\/prefeitura-do-paudalho-realiza-1o-aulao-la-vem-o-enem\/","title":{"rendered":"Prefeitura do Paudalho realiza 1\u00ba Aul\u00e3o L\u00e1 Vem o ENEM"},"content":{"rendered":"\n<p>Durante os dias 21 e 28 de novembro, milhares de estudantes em todo o Brasil ir\u00e3o realizar o Exame Nacional do Ensino M\u00e9dio (ENEM). Com o objetivo de prestar apoio aos jovens paudalhenses que v\u00e3o se submeter a prova, a Prefeitura do Paudalho, atrav\u00e9s da Secretaria Municipal de Cultura, Turismo, Lazer e Juventude, realizou no \u00faltimo final de semana, durante os dias 13 e 14, o <strong>1\u00ba Aul\u00e3o L\u00e1 Vem o ENEM<\/strong>.  <\/p>\n\n\n\n<p>O evento ocorreu na quadra da Escola de Refer\u00eancia em Ensino M\u00e9dio (EREM) Confedera\u00e7\u00e3o do Equador, localizada na comunidade Alto Dois Irm\u00e3os. As aulas tiveram in\u00edcio \u00e0s 8h20 e contaram com a presen\u00e7a de 65 jovens. No s\u00e1bado (13), os alunos revisaram as mat\u00e9rias das \u00e1reas de Ci\u00eancias Humanas, Linguagens, C\u00f3digos e suas Tecnologias. J\u00e1 no domingo, foi a vez de refor\u00e7ar as mat\u00e9rias de Ci\u00eancias da Natureza e Matem\u00e1tica e suas Tecnologias. Os participantes contaram com a ajuda de 12 professores.<\/p>\n\n\n\n<figure class=\"wp-block-gallery columns-2 is-cropped wp-block-gallery-1 is-layout-flex wp-block-gallery-is-layout-flex\"><ul class=\"blocks-gallery-grid\"><li class=\"blocks-gallery-item\"><figure><img loading=\"lazy\" decoding=\"async\" width=\"800\" height=\"450\" data-attachment-id=\"20210\" data-permalink=\"https:\/\/www.paudalho.pe.gov.br\/portal\/prefeitura-do-paudalho-realiza-1o-aulao-la-vem-o-enem\/cadastramento-aulao-la-vem-o-enem-em-paudalho\/\" data-orig-file=\"https:\/\/www.paudalho.pe.gov.br\/portal\/wp-content\/uploads\/2021\/11\/Cadastramento-Aulao-La-Vem-o-ENEM-em-Paudalho.jpeg\" data-orig-size=\"1600,1200\" data-comments-opened=\"1\" data-image-meta=\"{&quot;aperture&quot;:&quot;0&quot;,&quot;credit&quot;:&quot;&quot;,&quot;camera&quot;:&quot;&quot;,&quot;caption&quot;:&quot;&quot;,&quot;created_timestamp&quot;:&quot;0&quot;,&quot;copyright&quot;:&quot;&quot;,&quot;focal_length&quot;:&quot;0&quot;,&quot;iso&quot;:&quot;0&quot;,&quot;shutter_speed&quot;:&quot;0&quot;,&quot;title&quot;:&quot;&quot;,&quot;orientation&quot;:&quot;0&quot;}\" data-image-title=\"Cadastramento-Aulao-La-Vem-o-ENEM-em-Paudalho\" data-image-description=\"\" data-image-caption=\"&lt;p&gt; Estudante realiza cadastramento no 1\u00ba Aul\u00e3o L\u00e1 Vem o ENEM em Paudalho. Foto: Guilherme Ricardo\/PMP. &lt;\/p&gt;\n\" data-medium-file=\"https:\/\/www.paudalho.pe.gov.br\/portal\/wp-content\/uploads\/2021\/11\/Cadastramento-Aulao-La-Vem-o-ENEM-em-Paudalho-350x230.jpeg\" data-large-file=\"https:\/\/www.paudalho.pe.gov.br\/portal\/wp-content\/uploads\/2021\/11\/Cadastramento-Aulao-La-Vem-o-ENEM-em-Paudalho-800x450.jpeg\" src=\"https:\/\/www.paudalho.pe.gov.br\/portal\/wp-content\/uploads\/2021\/11\/Cadastramento-Aulao-La-Vem-o-ENEM-em-Paudalho-800x450.jpeg\" alt=\"\" data-id=\"20210\" data-full-url=\"https:\/\/www.paudalho.pe.gov.br\/portal\/wp-content\/uploads\/2021\/11\/Cadastramento-Aulao-La-Vem-o-ENEM-em-Paudalho.jpeg\" data-link=\"https:\/\/www.paudalho.pe.gov.br\/portal\/?attachment_id=20210\" class=\"wp-image-20210\"\/><figcaption class=\"blocks-gallery-item__caption\"><em> Estudante realiza cadastramento no 1\u00ba Aul\u00e3o L\u00e1 Vem o ENEM em Paudalho. Foto: Guilherme Ricardo\/PMP. <\/em><\/figcaption><\/figure><\/li><li class=\"blocks-gallery-item\"><figure><img loading=\"lazy\" decoding=\"async\" width=\"800\" height=\"450\" data-attachment-id=\"20232\" data-permalink=\"https:\/\/www.paudalho.pe.gov.br\/portal\/prefeitura-do-paudalho-realiza-1o-aulao-la-vem-o-enem\/photo4945288558399302124-1\/\" data-orig-file=\"https:\/\/www.paudalho.pe.gov.br\/portal\/wp-content\/uploads\/2021\/11\/photo4945288558399302124-1.jpg\" data-orig-size=\"1280,720\" data-comments-opened=\"1\" data-image-meta=\"{&quot;aperture&quot;:&quot;0&quot;,&quot;credit&quot;:&quot;&quot;,&quot;camera&quot;:&quot;&quot;,&quot;caption&quot;:&quot;&quot;,&quot;created_timestamp&quot;:&quot;0&quot;,&quot;copyright&quot;:&quot;&quot;,&quot;focal_length&quot;:&quot;0&quot;,&quot;iso&quot;:&quot;0&quot;,&quot;shutter_speed&quot;:&quot;0&quot;,&quot;title&quot;:&quot;&quot;,&quot;orientation&quot;:&quot;0&quot;}\" data-image-title=\"Primeiro Aul\u00e3o L\u00e1 Vem o ENEM\" data-image-description=\"\" data-image-caption=\"\" data-medium-file=\"https:\/\/www.paudalho.pe.gov.br\/portal\/wp-content\/uploads\/2021\/11\/photo4945288558399302124-1-350x230.jpg\" data-large-file=\"https:\/\/www.paudalho.pe.gov.br\/portal\/wp-content\/uploads\/2021\/11\/photo4945288558399302124-1-800x450.jpg\" src=\"https:\/\/www.paudalho.pe.gov.br\/portal\/wp-content\/uploads\/2021\/11\/photo4945288558399302124-1-800x450.jpg\" alt=\"\" data-id=\"20232\" data-full-url=\"https:\/\/www.paudalho.pe.gov.br\/portal\/wp-content\/uploads\/2021\/11\/photo4945288558399302124-1.jpg\" data-link=\"https:\/\/www.paudalho.pe.gov.br\/portal\/?attachment_id=20232\" class=\"wp-image-20232\" srcset=\"https:\/\/www.paudalho.pe.gov.br\/portal\/wp-content\/uploads\/2021\/11\/photo4945288558399302124-1-800x450.jpg 800w, https:\/\/www.paudalho.pe.gov.br\/portal\/wp-content\/uploads\/2021\/11\/photo4945288558399302124-1-768x432.jpg 768w, https:\/\/www.paudalho.pe.gov.br\/portal\/wp-content\/uploads\/2021\/11\/photo4945288558399302124-1.jpg 1280w\" sizes=\"auto, (max-width: 800px) 100vw, 800px\" \/><figcaption class=\"blocks-gallery-item__caption\"><em>O 1\u00ba Aul\u00e3o L\u00e1 Vem o ENEM ocorreu na quadra da EREM Confedera\u00e7\u00e3o do Equador. Foto: William Felix.<\/em><\/figcaption><\/figure><\/li><\/ul><\/figure>\n\n\n\n<p>Maria Eduarda \u00e9 uma das estudantes que participaram do aul\u00e3o. Ela estuda na EREM Confedera\u00e7\u00e3o do Equador e tem o sonho de ser aprovada para o curso de Direito. Quando foi questionada sobre a sua expectativa para o evento, ela foi positiva e elogiou a lista de professores.<em> &#8220;A minha expectativa para esse aul\u00e3o \u00e9 que ele seja incr\u00edvel, porque eu vi pela lista que tem professores maravilhosos.&#8221;<\/em>, afirmou.<\/p>\n\n\n\n<p>A secret\u00e1ria de Cultura, Turismo, Lazer e Juventude, Carolina Gouveia, declarou que o evento foi realizado com o prop\u00f3sito de dar oportunidades para os jovens paudalhenses se prepararem para o ENEM durante essa reta final. <em>&#8220;A gente entende a import\u00e2ncia que esse momento tem para a juventude. Estamos aqui proporcionando esse espa\u00e7o para que os jovens possam ainda tirar suas d\u00favidas para o ENEM, responder question\u00e1rios, ter o contato com os professores e se sentirem acolhidos e preparados para uma boa prova.&#8221;<\/em><\/p>\n\n\n\n<p>A primeira edi\u00e7\u00e3o do encontro contou com a parceria da Secretaria Municipal de Educa\u00e7\u00e3o e Esportes e da Faculdade Novo Horizonte.<em> &#8220;Para n\u00f3s \u00e9 uma satisfa\u00e7\u00e3o enorme estar aqui em Paudalho em mais uma parceria com a Prefeitura Municipal, agora na realiza\u00e7\u00e3o desse evento do ENEM&#8221;<\/em>, comentou o gestor institucional da Faculdade, Arthur de Andrade.<\/p>\n\n\n\n<figure class=\"wp-block-image size-large\"><img loading=\"lazy\" decoding=\"async\" width=\"800\" height=\"450\" data-attachment-id=\"20212\" data-permalink=\"https:\/\/www.paudalho.pe.gov.br\/portal\/prefeitura-do-paudalho-realiza-1o-aulao-la-vem-o-enem\/equipe-organizadora\/\" data-orig-file=\"https:\/\/www.paudalho.pe.gov.br\/portal\/wp-content\/uploads\/2021\/11\/Equipe-organizadora.jpeg\" data-orig-size=\"1600,1200\" data-comments-opened=\"1\" data-image-meta=\"{&quot;aperture&quot;:&quot;0&quot;,&quot;credit&quot;:&quot;&quot;,&quot;camera&quot;:&quot;&quot;,&quot;caption&quot;:&quot;&quot;,&quot;created_timestamp&quot;:&quot;0&quot;,&quot;copyright&quot;:&quot;&quot;,&quot;focal_length&quot;:&quot;0&quot;,&quot;iso&quot;:&quot;0&quot;,&quot;shutter_speed&quot;:&quot;0&quot;,&quot;title&quot;:&quot;&quot;,&quot;orientation&quot;:&quot;0&quot;}\" data-image-title=\"Equipe-organizadora\" data-image-description=\"\" data-image-caption=\"\" data-medium-file=\"https:\/\/www.paudalho.pe.gov.br\/portal\/wp-content\/uploads\/2021\/11\/Equipe-organizadora-350x230.jpeg\" data-large-file=\"https:\/\/www.paudalho.pe.gov.br\/portal\/wp-content\/uploads\/2021\/11\/Equipe-organizadora-800x450.jpeg\" src=\"https:\/\/www.paudalho.pe.gov.br\/portal\/wp-content\/uploads\/2021\/11\/Equipe-organizadora-800x450.jpeg\" alt=\"\" class=\"wp-image-20212\"\/><figcaption><em>O 1\u00ba Aul\u00e3o L\u00e1 Vem o ENEM foi organizado pela Secretaria Municipal de Cultura, Turismo, Lazer e Juventude em parceria com a Secretaria Municipal de Educa\u00e7\u00e3o e Esportes e a Faculdade Novo Horizonte. Foto: Guilherme Ricardo\/PMP.<\/em><\/figcaption><\/figure>\n\n\n\n<p>Al\u00e9m das aulas, os professores tamb\u00e9m prepararam atividades diferentes com o intuito de motivar os jovens, como experi\u00eancias cient\u00edficas e din\u00e2micas. <em>&#8220;O motivo de estarmos aqui hoje \u00e9 transformar o mundo e fazer com que os nossos jovens sejam agentes tamb\u00e9m da Educa\u00e7\u00e3o.&#8221;, <\/em>declarou a professora, mestre em Hist\u00f3ria e colaboradora da Faculdade Novo Horizonte Bianca Cruz.<\/p>\n\n\n\n<figure class=\"wp-block-image size-large is-resized\"><img loading=\"lazy\" decoding=\"async\" data-attachment-id=\"20216\" data-permalink=\"https:\/\/www.paudalho.pe.gov.br\/portal\/prefeitura-do-paudalho-realiza-1o-aulao-la-vem-o-enem\/whatsapp-image-2021-11-16-at-12-43-26\/\" data-orig-file=\"https:\/\/www.paudalho.pe.gov.br\/portal\/wp-content\/uploads\/2021\/11\/WhatsApp-Image-2021-11-16-at-12.43.26.jpeg\" data-orig-size=\"1600,1200\" data-comments-opened=\"1\" data-image-meta=\"{&quot;aperture&quot;:&quot;0&quot;,&quot;credit&quot;:&quot;&quot;,&quot;camera&quot;:&quot;&quot;,&quot;caption&quot;:&quot;&quot;,&quot;created_timestamp&quot;:&quot;0&quot;,&quot;copyright&quot;:&quot;&quot;,&quot;focal_length&quot;:&quot;0&quot;,&quot;iso&quot;:&quot;0&quot;,&quot;shutter_speed&quot;:&quot;0&quot;,&quot;title&quot;:&quot;&quot;,&quot;orientation&quot;:&quot;0&quot;}\" data-image-title=\"WhatsApp-Image-2021-11-16-at-12.43.26\" data-image-description=\"\" data-image-caption=\"\" data-medium-file=\"https:\/\/www.paudalho.pe.gov.br\/portal\/wp-content\/uploads\/2021\/11\/WhatsApp-Image-2021-11-16-at-12.43.26-350x230.jpeg\" data-large-file=\"https:\/\/www.paudalho.pe.gov.br\/portal\/wp-content\/uploads\/2021\/11\/WhatsApp-Image-2021-11-16-at-12.43.26-800x450.jpeg\" src=\"https:\/\/www.paudalho.pe.gov.br\/portal\/wp-content\/uploads\/2021\/11\/WhatsApp-Image-2021-11-16-at-12.43.26-800x450.jpeg\" alt=\"\" class=\"wp-image-20216\" width=\"800\" height=\"450\"\/><figcaption><em>Alunos que foram contemplados com smartphones durante o <em>sorteio realizado no<\/em> evento 1\u00ba Aul\u00e3o L\u00e1 Vem o ENEM. Foto: Maria Clara Carneiro\/PMP.<\/em><\/figcaption><\/figure>\n\n\n\n<p>A secret\u00e1ria municipal de Educa\u00e7\u00e3o e Esportes, Paula Frassinette, destacou que a\u00e7\u00f5es como essa s\u00e3o essenciais para estimular o ingresso dos jovens na universidade.<em> \u201cA gente vem preparando esses alunos desde os Anos Iniciais para esse momento [vestibular]. N\u00f3s tamb\u00e9m realizamos aul\u00f5es para que os alunos tenham esse h\u00e1bito, para que eles tenham esse despertar e essa motiva\u00e7\u00e3o em prosseguir nos estudos.\u201c<\/em><\/p>\n\n\n\n<p>Durante o evento tamb\u00e9m houve distribui\u00e7\u00e3o de lanches e um sorteio de dois smartphones para os participantes. Os contemplados foram os estudantes Raquel Maria, estudante do 2\u00ba ano do Ensino M\u00e9dio, e Pedro Souza, aluno do 3\u00ba ano, ambos da EREM Confedera\u00e7\u00e3o do Equador.<\/p>\n\n\n\n<p><strong>Confira mais registro do evento 1\u00ba Aul\u00e3o L\u00e1 Vem o ENEM na galeria abaixo: <\/strong><\/p>\n\n\n\n<figure class=\"wp-block-gallery columns-3 is-cropped wp-block-gallery-2 is-layout-flex wp-block-gallery-is-layout-flex\"><ul class=\"blocks-gallery-grid\"><li class=\"blocks-gallery-item\"><figure><img loading=\"lazy\" decoding=\"async\" width=\"800\" height=\"450\" data-attachment-id=\"20240\" data-permalink=\"https:\/\/www.paudalho.pe.gov.br\/portal\/prefeitura-do-paudalho-realiza-1o-aulao-la-vem-o-enem\/whatsapp-image-2021-11-16-at-12-30-20\/\" data-orig-file=\"https:\/\/www.paudalho.pe.gov.br\/portal\/wp-content\/uploads\/2021\/11\/WhatsApp-Image-2021-11-16-at-12.30.20.jpeg\" data-orig-size=\"1600,1200\" data-comments-opened=\"1\" data-image-meta=\"{&quot;aperture&quot;:&quot;0&quot;,&quot;credit&quot;:&quot;&quot;,&quot;camera&quot;:&quot;&quot;,&quot;caption&quot;:&quot;&quot;,&quot;created_timestamp&quot;:&quot;0&quot;,&quot;copyright&quot;:&quot;&quot;,&quot;focal_length&quot;:&quot;0&quot;,&quot;iso&quot;:&quot;0&quot;,&quot;shutter_speed&quot;:&quot;0&quot;,&quot;title&quot;:&quot;&quot;,&quot;orientation&quot;:&quot;0&quot;}\" data-image-title=\"WhatsApp Image 2021-11-16 at 12.30.20\" data-image-description=\"\" data-image-caption=\"\" data-medium-file=\"https:\/\/www.paudalho.pe.gov.br\/portal\/wp-content\/uploads\/2021\/11\/WhatsApp-Image-2021-11-16-at-12.30.20-350x230.jpeg\" data-large-file=\"https:\/\/www.paudalho.pe.gov.br\/portal\/wp-content\/uploads\/2021\/11\/WhatsApp-Image-2021-11-16-at-12.30.20-800x450.jpeg\" src=\"https:\/\/www.paudalho.pe.gov.br\/portal\/wp-content\/uploads\/2021\/11\/WhatsApp-Image-2021-11-16-at-12.30.20-800x450.jpeg\" alt=\"\" data-id=\"20240\" data-full-url=\"https:\/\/www.paudalho.pe.gov.br\/portal\/wp-content\/uploads\/2021\/11\/WhatsApp-Image-2021-11-16-at-12.30.20.jpeg\" data-link=\"https:\/\/www.paudalho.pe.gov.br\/portal\/?attachment_id=20240\" class=\"wp-image-20240\"\/><figcaption class=\"blocks-gallery-item__caption\"><em>Foto: Guilherme Ricardo\/PMP.<\/em><\/figcaption><\/figure><\/li><li class=\"blocks-gallery-item\"><figure><img loading=\"lazy\" decoding=\"async\" width=\"800\" height=\"450\" data-attachment-id=\"20241\" data-permalink=\"https:\/\/www.paudalho.pe.gov.br\/portal\/prefeitura-do-paudalho-realiza-1o-aulao-la-vem-o-enem\/whatsapp-image-2021-11-16-at-12-30-19-1-2\/\" data-orig-file=\"https:\/\/www.paudalho.pe.gov.br\/portal\/wp-content\/uploads\/2021\/11\/WhatsApp-Image-2021-11-16-at-12.30.19-1-1.jpeg\" data-orig-size=\"1600,1200\" data-comments-opened=\"1\" data-image-meta=\"{&quot;aperture&quot;:&quot;0&quot;,&quot;credit&quot;:&quot;&quot;,&quot;camera&quot;:&quot;&quot;,&quot;caption&quot;:&quot;&quot;,&quot;created_timestamp&quot;:&quot;0&quot;,&quot;copyright&quot;:&quot;&quot;,&quot;focal_length&quot;:&quot;0&quot;,&quot;iso&quot;:&quot;0&quot;,&quot;shutter_speed&quot;:&quot;0&quot;,&quot;title&quot;:&quot;&quot;,&quot;orientation&quot;:&quot;0&quot;}\" data-image-title=\"WhatsApp Image 2021-11-16 at 12.30.19 (1)\" data-image-description=\"\" data-image-caption=\"\" data-medium-file=\"https:\/\/www.paudalho.pe.gov.br\/portal\/wp-content\/uploads\/2021\/11\/WhatsApp-Image-2021-11-16-at-12.30.19-1-1-350x230.jpeg\" data-large-file=\"https:\/\/www.paudalho.pe.gov.br\/portal\/wp-content\/uploads\/2021\/11\/WhatsApp-Image-2021-11-16-at-12.30.19-1-1-800x450.jpeg\" src=\"https:\/\/www.paudalho.pe.gov.br\/portal\/wp-content\/uploads\/2021\/11\/WhatsApp-Image-2021-11-16-at-12.30.19-1-1-800x450.jpeg\" alt=\"\" data-id=\"20241\" data-full-url=\"https:\/\/www.paudalho.pe.gov.br\/portal\/wp-content\/uploads\/2021\/11\/WhatsApp-Image-2021-11-16-at-12.30.19-1-1.jpeg\" data-link=\"https:\/\/www.paudalho.pe.gov.br\/portal\/?attachment_id=20241\" class=\"wp-image-20241\"\/><figcaption class=\"blocks-gallery-item__caption\"> <em>Foto: Guilherme Ricardo\/PMP.<\/em> <\/figcaption><\/figure><\/li><li class=\"blocks-gallery-item\"><figure><img loading=\"lazy\" decoding=\"async\" width=\"800\" height=\"450\" data-attachment-id=\"20234\" data-permalink=\"https:\/\/www.paudalho.pe.gov.br\/portal\/prefeitura-do-paudalho-realiza-1o-aulao-la-vem-o-enem\/whatsapp-image-2021-11-16-at-12-30-28\/\" data-orig-file=\"https:\/\/www.paudalho.pe.gov.br\/portal\/wp-content\/uploads\/2021\/11\/WhatsApp-Image-2021-11-16-at-12.30.28.jpeg\" data-orig-size=\"1600,1200\" data-comments-opened=\"1\" data-image-meta=\"{&quot;aperture&quot;:&quot;0&quot;,&quot;credit&quot;:&quot;&quot;,&quot;camera&quot;:&quot;&quot;,&quot;caption&quot;:&quot;&quot;,&quot;created_timestamp&quot;:&quot;0&quot;,&quot;copyright&quot;:&quot;&quot;,&quot;focal_length&quot;:&quot;0&quot;,&quot;iso&quot;:&quot;0&quot;,&quot;shutter_speed&quot;:&quot;0&quot;,&quot;title&quot;:&quot;&quot;,&quot;orientation&quot;:&quot;0&quot;}\" data-image-title=\"WhatsApp Image 2021-11-16 at 12.30.28\" data-image-description=\"\" data-image-caption=\"\" data-medium-file=\"https:\/\/www.paudalho.pe.gov.br\/portal\/wp-content\/uploads\/2021\/11\/WhatsApp-Image-2021-11-16-at-12.30.28-350x230.jpeg\" data-large-file=\"https:\/\/www.paudalho.pe.gov.br\/portal\/wp-content\/uploads\/2021\/11\/WhatsApp-Image-2021-11-16-at-12.30.28-800x450.jpeg\" src=\"https:\/\/www.paudalho.pe.gov.br\/portal\/wp-content\/uploads\/2021\/11\/WhatsApp-Image-2021-11-16-at-12.30.28-800x450.jpeg\" alt=\"\" data-id=\"20234\" data-full-url=\"https:\/\/www.paudalho.pe.gov.br\/portal\/wp-content\/uploads\/2021\/11\/WhatsApp-Image-2021-11-16-at-12.30.28.jpeg\" data-link=\"https:\/\/www.paudalho.pe.gov.br\/portal\/?attachment_id=20234\" class=\"wp-image-20234\"\/><figcaption class=\"blocks-gallery-item__caption\"> <em>Foto: Guilherme Ricardo\/PMP.<\/em> <\/figcaption><\/figure><\/li><li class=\"blocks-gallery-item\"><figure><img loading=\"lazy\" decoding=\"async\" width=\"800\" height=\"450\" data-attachment-id=\"20235\" data-permalink=\"https:\/\/www.paudalho.pe.gov.br\/portal\/prefeitura-do-paudalho-realiza-1o-aulao-la-vem-o-enem\/whatsapp-image-2021-11-16-at-12-30-26\/\" data-orig-file=\"https:\/\/www.paudalho.pe.gov.br\/portal\/wp-content\/uploads\/2021\/11\/WhatsApp-Image-2021-11-16-at-12.30.26.jpeg\" data-orig-size=\"1600,1200\" data-comments-opened=\"1\" data-image-meta=\"{&quot;aperture&quot;:&quot;0&quot;,&quot;credit&quot;:&quot;&quot;,&quot;camera&quot;:&quot;&quot;,&quot;caption&quot;:&quot;&quot;,&quot;created_timestamp&quot;:&quot;0&quot;,&quot;copyright&quot;:&quot;&quot;,&quot;focal_length&quot;:&quot;0&quot;,&quot;iso&quot;:&quot;0&quot;,&quot;shutter_speed&quot;:&quot;0&quot;,&quot;title&quot;:&quot;&quot;,&quot;orientation&quot;:&quot;0&quot;}\" data-image-title=\"WhatsApp Image 2021-11-16 at 12.30.26\" data-image-description=\"\" data-image-caption=\"\" data-medium-file=\"https:\/\/www.paudalho.pe.gov.br\/portal\/wp-content\/uploads\/2021\/11\/WhatsApp-Image-2021-11-16-at-12.30.26-350x230.jpeg\" data-large-file=\"https:\/\/www.paudalho.pe.gov.br\/portal\/wp-content\/uploads\/2021\/11\/WhatsApp-Image-2021-11-16-at-12.30.26-800x450.jpeg\" src=\"https:\/\/www.paudalho.pe.gov.br\/portal\/wp-content\/uploads\/2021\/11\/WhatsApp-Image-2021-11-16-at-12.30.26-800x450.jpeg\" alt=\"\" data-id=\"20235\" data-full-url=\"https:\/\/www.paudalho.pe.gov.br\/portal\/wp-content\/uploads\/2021\/11\/WhatsApp-Image-2021-11-16-at-12.30.26.jpeg\" data-link=\"https:\/\/www.paudalho.pe.gov.br\/portal\/?attachment_id=20235\" class=\"wp-image-20235\"\/><figcaption class=\"blocks-gallery-item__caption\"> <em>Foto: Guilherme Ricardo\/PMP.<\/em> <\/figcaption><\/figure><\/li><li class=\"blocks-gallery-item\"><figure><img loading=\"lazy\" decoding=\"async\" width=\"800\" height=\"450\" data-attachment-id=\"20236\" data-permalink=\"https:\/\/www.paudalho.pe.gov.br\/portal\/prefeitura-do-paudalho-realiza-1o-aulao-la-vem-o-enem\/whatsapp-image-2021-11-16-at-12-30-25\/\" data-orig-file=\"https:\/\/www.paudalho.pe.gov.br\/portal\/wp-content\/uploads\/2021\/11\/WhatsApp-Image-2021-11-16-at-12.30.25.jpeg\" data-orig-size=\"1600,1200\" data-comments-opened=\"1\" data-image-meta=\"{&quot;aperture&quot;:&quot;0&quot;,&quot;credit&quot;:&quot;&quot;,&quot;camera&quot;:&quot;&quot;,&quot;caption&quot;:&quot;&quot;,&quot;created_timestamp&quot;:&quot;0&quot;,&quot;copyright&quot;:&quot;&quot;,&quot;focal_length&quot;:&quot;0&quot;,&quot;iso&quot;:&quot;0&quot;,&quot;shutter_speed&quot;:&quot;0&quot;,&quot;title&quot;:&quot;&quot;,&quot;orientation&quot;:&quot;0&quot;}\" data-image-title=\"WhatsApp Image 2021-11-16 at 12.30.25\" data-image-description=\"\" data-image-caption=\"\" data-medium-file=\"https:\/\/www.paudalho.pe.gov.br\/portal\/wp-content\/uploads\/2021\/11\/WhatsApp-Image-2021-11-16-at-12.30.25-350x230.jpeg\" data-large-file=\"https:\/\/www.paudalho.pe.gov.br\/portal\/wp-content\/uploads\/2021\/11\/WhatsApp-Image-2021-11-16-at-12.30.25-800x450.jpeg\" src=\"https:\/\/www.paudalho.pe.gov.br\/portal\/wp-content\/uploads\/2021\/11\/WhatsApp-Image-2021-11-16-at-12.30.25-800x450.jpeg\" alt=\"\" data-id=\"20236\" data-full-url=\"https:\/\/www.paudalho.pe.gov.br\/portal\/wp-content\/uploads\/2021\/11\/WhatsApp-Image-2021-11-16-at-12.30.25.jpeg\" data-link=\"https:\/\/www.paudalho.pe.gov.br\/portal\/?attachment_id=20236\" class=\"wp-image-20236\"\/><figcaption class=\"blocks-gallery-item__caption\"> <em>Foto: Guilherme Ricardo\/PMP.<\/em> <\/figcaption><\/figure><\/li><li class=\"blocks-gallery-item\"><figure><img loading=\"lazy\" decoding=\"async\" width=\"800\" height=\"450\" data-attachment-id=\"20237\" data-permalink=\"https:\/\/www.paudalho.pe.gov.br\/portal\/prefeitura-do-paudalho-realiza-1o-aulao-la-vem-o-enem\/whatsapp-image-2021-11-16-at-12-30-24-1\/\" data-orig-file=\"https:\/\/www.paudalho.pe.gov.br\/portal\/wp-content\/uploads\/2021\/11\/WhatsApp-Image-2021-11-16-at-12.30.24-1.jpeg\" data-orig-size=\"1600,1200\" data-comments-opened=\"1\" data-image-meta=\"{&quot;aperture&quot;:&quot;0&quot;,&quot;credit&quot;:&quot;&quot;,&quot;camera&quot;:&quot;&quot;,&quot;caption&quot;:&quot;&quot;,&quot;created_timestamp&quot;:&quot;0&quot;,&quot;copyright&quot;:&quot;&quot;,&quot;focal_length&quot;:&quot;0&quot;,&quot;iso&quot;:&quot;0&quot;,&quot;shutter_speed&quot;:&quot;0&quot;,&quot;title&quot;:&quot;&quot;,&quot;orientation&quot;:&quot;0&quot;}\" data-image-title=\"WhatsApp Image 2021-11-16 at 12.30.24 (1)\" data-image-description=\"\" data-image-caption=\"\" data-medium-file=\"https:\/\/www.paudalho.pe.gov.br\/portal\/wp-content\/uploads\/2021\/11\/WhatsApp-Image-2021-11-16-at-12.30.24-1-350x230.jpeg\" data-large-file=\"https:\/\/www.paudalho.pe.gov.br\/portal\/wp-content\/uploads\/2021\/11\/WhatsApp-Image-2021-11-16-at-12.30.24-1-800x450.jpeg\" src=\"https:\/\/www.paudalho.pe.gov.br\/portal\/wp-content\/uploads\/2021\/11\/WhatsApp-Image-2021-11-16-at-12.30.24-1-800x450.jpeg\" alt=\"\" data-id=\"20237\" data-full-url=\"https:\/\/www.paudalho.pe.gov.br\/portal\/wp-content\/uploads\/2021\/11\/WhatsApp-Image-2021-11-16-at-12.30.24-1.jpeg\" data-link=\"https:\/\/www.paudalho.pe.gov.br\/portal\/?attachment_id=20237\" class=\"wp-image-20237\"\/><figcaption class=\"blocks-gallery-item__caption\"> <em>Foto: Guilherme Ricardo\/PMP.<\/em> <\/figcaption><\/figure><\/li><li class=\"blocks-gallery-item\"><figure><img loading=\"lazy\" decoding=\"async\" width=\"800\" height=\"450\" data-attachment-id=\"20238\" data-permalink=\"https:\/\/www.paudalho.pe.gov.br\/portal\/prefeitura-do-paudalho-realiza-1o-aulao-la-vem-o-enem\/whatsapp-image-2021-11-16-at-12-30-24\/\" data-orig-file=\"https:\/\/www.paudalho.pe.gov.br\/portal\/wp-content\/uploads\/2021\/11\/WhatsApp-Image-2021-11-16-at-12.30.24.jpeg\" data-orig-size=\"1600,1200\" data-comments-opened=\"1\" data-image-meta=\"{&quot;aperture&quot;:&quot;0&quot;,&quot;credit&quot;:&quot;&quot;,&quot;camera&quot;:&quot;&quot;,&quot;caption&quot;:&quot;&quot;,&quot;created_timestamp&quot;:&quot;0&quot;,&quot;copyright&quot;:&quot;&quot;,&quot;focal_length&quot;:&quot;0&quot;,&quot;iso&quot;:&quot;0&quot;,&quot;shutter_speed&quot;:&quot;0&quot;,&quot;title&quot;:&quot;&quot;,&quot;orientation&quot;:&quot;0&quot;}\" data-image-title=\"WhatsApp Image 2021-11-16 at 12.30.24\" data-image-description=\"\" data-image-caption=\"\" data-medium-file=\"https:\/\/www.paudalho.pe.gov.br\/portal\/wp-content\/uploads\/2021\/11\/WhatsApp-Image-2021-11-16-at-12.30.24-350x230.jpeg\" data-large-file=\"https:\/\/www.paudalho.pe.gov.br\/portal\/wp-content\/uploads\/2021\/11\/WhatsApp-Image-2021-11-16-at-12.30.24-800x450.jpeg\" src=\"https:\/\/www.paudalho.pe.gov.br\/portal\/wp-content\/uploads\/2021\/11\/WhatsApp-Image-2021-11-16-at-12.30.24-800x450.jpeg\" alt=\"\" data-id=\"20238\" data-full-url=\"https:\/\/www.paudalho.pe.gov.br\/portal\/wp-content\/uploads\/2021\/11\/WhatsApp-Image-2021-11-16-at-12.30.24.jpeg\" data-link=\"https:\/\/www.paudalho.pe.gov.br\/portal\/?attachment_id=20238\" class=\"wp-image-20238\"\/><figcaption class=\"blocks-gallery-item__caption\"> <em>Foto: Guilherme Ricardo\/PMP.<\/em> <\/figcaption><\/figure><\/li><li class=\"blocks-gallery-item\"><figure><img loading=\"lazy\" decoding=\"async\" width=\"800\" height=\"450\" data-attachment-id=\"20239\" data-permalink=\"https:\/\/www.paudalho.pe.gov.br\/portal\/prefeitura-do-paudalho-realiza-1o-aulao-la-vem-o-enem\/whatsapp-image-2021-11-16-at-12-30-22\/\" data-orig-file=\"https:\/\/www.paudalho.pe.gov.br\/portal\/wp-content\/uploads\/2021\/11\/WhatsApp-Image-2021-11-16-at-12.30.22.jpeg\" data-orig-size=\"1200,1600\" data-comments-opened=\"1\" data-image-meta=\"{&quot;aperture&quot;:&quot;0&quot;,&quot;credit&quot;:&quot;&quot;,&quot;camera&quot;:&quot;&quot;,&quot;caption&quot;:&quot;&quot;,&quot;created_timestamp&quot;:&quot;0&quot;,&quot;copyright&quot;:&quot;&quot;,&quot;focal_length&quot;:&quot;0&quot;,&quot;iso&quot;:&quot;0&quot;,&quot;shutter_speed&quot;:&quot;0&quot;,&quot;title&quot;:&quot;&quot;,&quot;orientation&quot;:&quot;0&quot;}\" data-image-title=\"WhatsApp Image 2021-11-16 at 12.30.22\" data-image-description=\"\" data-image-caption=\"\" data-medium-file=\"https:\/\/www.paudalho.pe.gov.br\/portal\/wp-content\/uploads\/2021\/11\/WhatsApp-Image-2021-11-16-at-12.30.22-350x230.jpeg\" data-large-file=\"https:\/\/www.paudalho.pe.gov.br\/portal\/wp-content\/uploads\/2021\/11\/WhatsApp-Image-2021-11-16-at-12.30.22-800x450.jpeg\" src=\"https:\/\/www.paudalho.pe.gov.br\/portal\/wp-content\/uploads\/2021\/11\/WhatsApp-Image-2021-11-16-at-12.30.22-800x450.jpeg\" alt=\"\" data-id=\"20239\" data-full-url=\"https:\/\/www.paudalho.pe.gov.br\/portal\/wp-content\/uploads\/2021\/11\/WhatsApp-Image-2021-11-16-at-12.30.22.jpeg\" data-link=\"https:\/\/www.paudalho.pe.gov.br\/portal\/?attachment_id=20239\" class=\"wp-image-20239\"\/><figcaption class=\"blocks-gallery-item__caption\"> <em>Foto: Guilherme Ricardo\/PMP.<\/em> <\/figcaption><\/figure><\/li><li class=\"blocks-gallery-item\"><figure><img loading=\"lazy\" decoding=\"async\" width=\"800\" height=\"450\" data-attachment-id=\"20242\" data-permalink=\"https:\/\/www.paudalho.pe.gov.br\/portal\/prefeitura-do-paudalho-realiza-1o-aulao-la-vem-o-enem\/whatsapp-image-2021-11-16-at-12-30-17\/\" data-orig-file=\"https:\/\/www.paudalho.pe.gov.br\/portal\/wp-content\/uploads\/2021\/11\/WhatsApp-Image-2021-11-16-at-12.30.17.jpeg\" data-orig-size=\"1600,1200\" data-comments-opened=\"1\" data-image-meta=\"{&quot;aperture&quot;:&quot;0&quot;,&quot;credit&quot;:&quot;&quot;,&quot;camera&quot;:&quot;&quot;,&quot;caption&quot;:&quot;&quot;,&quot;created_timestamp&quot;:&quot;0&quot;,&quot;copyright&quot;:&quot;&quot;,&quot;focal_length&quot;:&quot;0&quot;,&quot;iso&quot;:&quot;0&quot;,&quot;shutter_speed&quot;:&quot;0&quot;,&quot;title&quot;:&quot;&quot;,&quot;orientation&quot;:&quot;0&quot;}\" data-image-title=\"WhatsApp Image 2021-11-16 at 12.30.17\" data-image-description=\"\" data-image-caption=\"\" data-medium-file=\"https:\/\/www.paudalho.pe.gov.br\/portal\/wp-content\/uploads\/2021\/11\/WhatsApp-Image-2021-11-16-at-12.30.17-350x230.jpeg\" data-large-file=\"https:\/\/www.paudalho.pe.gov.br\/portal\/wp-content\/uploads\/2021\/11\/WhatsApp-Image-2021-11-16-at-12.30.17-800x450.jpeg\" src=\"https:\/\/www.paudalho.pe.gov.br\/portal\/wp-content\/uploads\/2021\/11\/WhatsApp-Image-2021-11-16-at-12.30.17-800x450.jpeg\" alt=\"\" data-id=\"20242\" data-full-url=\"https:\/\/www.paudalho.pe.gov.br\/portal\/wp-content\/uploads\/2021\/11\/WhatsApp-Image-2021-11-16-at-12.30.17.jpeg\" data-link=\"https:\/\/www.paudalho.pe.gov.br\/portal\/?attachment_id=20242\" class=\"wp-image-20242\"\/><figcaption class=\"blocks-gallery-item__caption\"> <em>Foto: Guilherme Ricardo\/PMP.<\/em> <\/figcaption><\/figure><\/li><li class=\"blocks-gallery-item\"><figure><img loading=\"lazy\" decoding=\"async\" width=\"800\" height=\"450\" data-attachment-id=\"20243\" data-permalink=\"https:\/\/www.paudalho.pe.gov.br\/portal\/prefeitura-do-paudalho-realiza-1o-aulao-la-vem-o-enem\/whatsapp-image-2021-11-16-at-12-30-16\/\" data-orig-file=\"https:\/\/www.paudalho.pe.gov.br\/portal\/wp-content\/uploads\/2021\/11\/WhatsApp-Image-2021-11-16-at-12.30.16.jpeg\" data-orig-size=\"1600,1200\" data-comments-opened=\"1\" data-image-meta=\"{&quot;aperture&quot;:&quot;0&quot;,&quot;credit&quot;:&quot;&quot;,&quot;camera&quot;:&quot;&quot;,&quot;caption&quot;:&quot;&quot;,&quot;created_timestamp&quot;:&quot;0&quot;,&quot;copyright&quot;:&quot;&quot;,&quot;focal_length&quot;:&quot;0&quot;,&quot;iso&quot;:&quot;0&quot;,&quot;shutter_speed&quot;:&quot;0&quot;,&quot;title&quot;:&quot;&quot;,&quot;orientation&quot;:&quot;0&quot;}\" data-image-title=\"WhatsApp Image 2021-11-16 at 12.30.16\" data-image-description=\"\" data-image-caption=\"\" data-medium-file=\"https:\/\/www.paudalho.pe.gov.br\/portal\/wp-content\/uploads\/2021\/11\/WhatsApp-Image-2021-11-16-at-12.30.16-350x230.jpeg\" data-large-file=\"https:\/\/www.paudalho.pe.gov.br\/portal\/wp-content\/uploads\/2021\/11\/WhatsApp-Image-2021-11-16-at-12.30.16-800x450.jpeg\" src=\"https:\/\/www.paudalho.pe.gov.br\/portal\/wp-content\/uploads\/2021\/11\/WhatsApp-Image-2021-11-16-at-12.30.16-800x450.jpeg\" alt=\"\" data-id=\"20243\" data-full-url=\"https:\/\/www.paudalho.pe.gov.br\/portal\/wp-content\/uploads\/2021\/11\/WhatsApp-Image-2021-11-16-at-12.30.16.jpeg\" data-link=\"https:\/\/www.paudalho.pe.gov.br\/portal\/?attachment_id=20243\" class=\"wp-image-20243\"\/><figcaption class=\"blocks-gallery-item__caption\"> <em>Foto: Guilherme Ricardo\/PMP.<\/em> <\/figcaption><\/figure><\/li><li class=\"blocks-gallery-item\"><figure><img loading=\"lazy\" decoding=\"async\" width=\"800\" height=\"450\" data-attachment-id=\"20245\" data-permalink=\"https:\/\/www.paudalho.pe.gov.br\/portal\/prefeitura-do-paudalho-realiza-1o-aulao-la-vem-o-enem\/photo4945288558399302126\/\" data-orig-file=\"https:\/\/www.paudalho.pe.gov.br\/portal\/wp-content\/uploads\/2021\/11\/photo4945288558399302126.jpg\" data-orig-size=\"1280,720\" data-comments-opened=\"1\" data-image-meta=\"{&quot;aperture&quot;:&quot;0&quot;,&quot;credit&quot;:&quot;&quot;,&quot;camera&quot;:&quot;&quot;,&quot;caption&quot;:&quot;&quot;,&quot;created_timestamp&quot;:&quot;0&quot;,&quot;copyright&quot;:&quot;&quot;,&quot;focal_length&quot;:&quot;0&quot;,&quot;iso&quot;:&quot;0&quot;,&quot;shutter_speed&quot;:&quot;0&quot;,&quot;title&quot;:&quot;&quot;,&quot;orientation&quot;:&quot;0&quot;}\" data-image-title=\"photo4945288558399302126\" data-image-description=\"\" data-image-caption=\"\" data-medium-file=\"https:\/\/www.paudalho.pe.gov.br\/portal\/wp-content\/uploads\/2021\/11\/photo4945288558399302126-350x230.jpg\" data-large-file=\"https:\/\/www.paudalho.pe.gov.br\/portal\/wp-content\/uploads\/2021\/11\/photo4945288558399302126-800x450.jpg\" src=\"https:\/\/www.paudalho.pe.gov.br\/portal\/wp-content\/uploads\/2021\/11\/photo4945288558399302126-800x450.jpg\" alt=\"\" data-id=\"20245\" data-full-url=\"https:\/\/www.paudalho.pe.gov.br\/portal\/wp-content\/uploads\/2021\/11\/photo4945288558399302126.jpg\" data-link=\"https:\/\/www.paudalho.pe.gov.br\/portal\/?attachment_id=20245\" class=\"wp-image-20245\" srcset=\"https:\/\/www.paudalho.pe.gov.br\/portal\/wp-content\/uploads\/2021\/11\/photo4945288558399302126-800x450.jpg 800w, https:\/\/www.paudalho.pe.gov.br\/portal\/wp-content\/uploads\/2021\/11\/photo4945288558399302126-768x432.jpg 768w, https:\/\/www.paudalho.pe.gov.br\/portal\/wp-content\/uploads\/2021\/11\/photo4945288558399302126.jpg 1280w\" sizes=\"auto, (max-width: 800px) 100vw, 800px\" \/><figcaption class=\"blocks-gallery-item__caption\"><em> Foto: William Felix\/PMP.<\/em><\/figcaption><\/figure><\/li><li class=\"blocks-gallery-item\"><figure><img loading=\"lazy\" decoding=\"async\" width=\"800\" height=\"450\" data-attachment-id=\"20246\" data-permalink=\"https:\/\/www.paudalho.pe.gov.br\/portal\/prefeitura-do-paudalho-realiza-1o-aulao-la-vem-o-enem\/photo4945288558399302125\/\" data-orig-file=\"https:\/\/www.paudalho.pe.gov.br\/portal\/wp-content\/uploads\/2021\/11\/photo4945288558399302125.jpg\" data-orig-size=\"1280,720\" data-comments-opened=\"1\" data-image-meta=\"{&quot;aperture&quot;:&quot;0&quot;,&quot;credit&quot;:&quot;&quot;,&quot;camera&quot;:&quot;&quot;,&quot;caption&quot;:&quot;&quot;,&quot;created_timestamp&quot;:&quot;0&quot;,&quot;copyright&quot;:&quot;&quot;,&quot;focal_length&quot;:&quot;0&quot;,&quot;iso&quot;:&quot;0&quot;,&quot;shutter_speed&quot;:&quot;0&quot;,&quot;title&quot;:&quot;&quot;,&quot;orientation&quot;:&quot;0&quot;}\" data-image-title=\"photo4945288558399302125\" data-image-description=\"\" data-image-caption=\"\" data-medium-file=\"https:\/\/www.paudalho.pe.gov.br\/portal\/wp-content\/uploads\/2021\/11\/photo4945288558399302125-350x230.jpg\" data-large-file=\"https:\/\/www.paudalho.pe.gov.br\/portal\/wp-content\/uploads\/2021\/11\/photo4945288558399302125-800x450.jpg\" src=\"https:\/\/www.paudalho.pe.gov.br\/portal\/wp-content\/uploads\/2021\/11\/photo4945288558399302125-800x450.jpg\" alt=\"\" data-id=\"20246\" data-full-url=\"https:\/\/www.paudalho.pe.gov.br\/portal\/wp-content\/uploads\/2021\/11\/photo4945288558399302125.jpg\" data-link=\"https:\/\/www.paudalho.pe.gov.br\/portal\/?attachment_id=20246\" class=\"wp-image-20246\" srcset=\"https:\/\/www.paudalho.pe.gov.br\/portal\/wp-content\/uploads\/2021\/11\/photo4945288558399302125-800x450.jpg 800w, https:\/\/www.paudalho.pe.gov.br\/portal\/wp-content\/uploads\/2021\/11\/photo4945288558399302125-768x432.jpg 768w, https:\/\/www.paudalho.pe.gov.br\/portal\/wp-content\/uploads\/2021\/11\/photo4945288558399302125.jpg 1280w\" sizes=\"auto, (max-width: 800px) 100vw, 800px\" \/><figcaption class=\"blocks-gallery-item__caption\"><em>  Foto: William Felix\/PMP. <\/em><\/figcaption><\/figure><\/li><li class=\"blocks-gallery-item\"><figure><img loading=\"lazy\" decoding=\"async\" width=\"800\" height=\"450\" data-attachment-id=\"20247\" data-permalink=\"https:\/\/www.paudalho.pe.gov.br\/portal\/prefeitura-do-paudalho-realiza-1o-aulao-la-vem-o-enem\/photo4945288558399302124-1-2\/\" data-orig-file=\"https:\/\/www.paudalho.pe.gov.br\/portal\/wp-content\/uploads\/2021\/11\/photo4945288558399302124-1-1.jpg\" data-orig-size=\"1280,720\" data-comments-opened=\"1\" data-image-meta=\"{&quot;aperture&quot;:&quot;0&quot;,&quot;credit&quot;:&quot;&quot;,&quot;camera&quot;:&quot;&quot;,&quot;caption&quot;:&quot;&quot;,&quot;created_timestamp&quot;:&quot;0&quot;,&quot;copyright&quot;:&quot;&quot;,&quot;focal_length&quot;:&quot;0&quot;,&quot;iso&quot;:&quot;0&quot;,&quot;shutter_speed&quot;:&quot;0&quot;,&quot;title&quot;:&quot;&quot;,&quot;orientation&quot;:&quot;0&quot;}\" data-image-title=\"photo4945288558399302124 (1)\" data-image-description=\"\" data-image-caption=\"\" data-medium-file=\"https:\/\/www.paudalho.pe.gov.br\/portal\/wp-content\/uploads\/2021\/11\/photo4945288558399302124-1-1-350x230.jpg\" data-large-file=\"https:\/\/www.paudalho.pe.gov.br\/portal\/wp-content\/uploads\/2021\/11\/photo4945288558399302124-1-1-800x450.jpg\" src=\"https:\/\/www.paudalho.pe.gov.br\/portal\/wp-content\/uploads\/2021\/11\/photo4945288558399302124-1-1-800x450.jpg\" alt=\"\" data-id=\"20247\" data-full-url=\"https:\/\/www.paudalho.pe.gov.br\/portal\/wp-content\/uploads\/2021\/11\/photo4945288558399302124-1-1.jpg\" data-link=\"https:\/\/www.paudalho.pe.gov.br\/portal\/?attachment_id=20247\" class=\"wp-image-20247\" srcset=\"https:\/\/www.paudalho.pe.gov.br\/portal\/wp-content\/uploads\/2021\/11\/photo4945288558399302124-1-1-800x450.jpg 800w, https:\/\/www.paudalho.pe.gov.br\/portal\/wp-content\/uploads\/2021\/11\/photo4945288558399302124-1-1-768x432.jpg 768w, https:\/\/www.paudalho.pe.gov.br\/portal\/wp-content\/uploads\/2021\/11\/photo4945288558399302124-1-1.jpg 1280w\" sizes=\"auto, (max-width: 800px) 100vw, 800px\" \/><figcaption class=\"blocks-gallery-item__caption\"> <em>  Foto: William Felix\/PMP. <\/em> <\/figcaption><\/figure><\/li><li class=\"blocks-gallery-item\"><figure><img loading=\"lazy\" decoding=\"async\" width=\"800\" height=\"450\" data-attachment-id=\"20249\" data-permalink=\"https:\/\/www.paudalho.pe.gov.br\/portal\/prefeitura-do-paudalho-realiza-1o-aulao-la-vem-o-enem\/photo4945288558399302123\/\" data-orig-file=\"https:\/\/www.paudalho.pe.gov.br\/portal\/wp-content\/uploads\/2021\/11\/photo4945288558399302123.jpg\" data-orig-size=\"1280,720\" data-comments-opened=\"1\" data-image-meta=\"{&quot;aperture&quot;:&quot;0&quot;,&quot;credit&quot;:&quot;&quot;,&quot;camera&quot;:&quot;&quot;,&quot;caption&quot;:&quot;&quot;,&quot;created_timestamp&quot;:&quot;0&quot;,&quot;copyright&quot;:&quot;&quot;,&quot;focal_length&quot;:&quot;0&quot;,&quot;iso&quot;:&quot;0&quot;,&quot;shutter_speed&quot;:&quot;0&quot;,&quot;title&quot;:&quot;&quot;,&quot;orientation&quot;:&quot;0&quot;}\" data-image-title=\"photo4945288558399302123\" data-image-description=\"\" data-image-caption=\"\" data-medium-file=\"https:\/\/www.paudalho.pe.gov.br\/portal\/wp-content\/uploads\/2021\/11\/photo4945288558399302123-350x230.jpg\" data-large-file=\"https:\/\/www.paudalho.pe.gov.br\/portal\/wp-content\/uploads\/2021\/11\/photo4945288558399302123-800x450.jpg\" src=\"https:\/\/www.paudalho.pe.gov.br\/portal\/wp-content\/uploads\/2021\/11\/photo4945288558399302123-800x450.jpg\" alt=\"\" data-id=\"20249\" data-full-url=\"https:\/\/www.paudalho.pe.gov.br\/portal\/wp-content\/uploads\/2021\/11\/photo4945288558399302123.jpg\" data-link=\"https:\/\/www.paudalho.pe.gov.br\/portal\/?attachment_id=20249\" class=\"wp-image-20249\" srcset=\"https:\/\/www.paudalho.pe.gov.br\/portal\/wp-content\/uploads\/2021\/11\/photo4945288558399302123-800x450.jpg 800w, https:\/\/www.paudalho.pe.gov.br\/portal\/wp-content\/uploads\/2021\/11\/photo4945288558399302123-768x432.jpg 768w, https:\/\/www.paudalho.pe.gov.br\/portal\/wp-content\/uploads\/2021\/11\/photo4945288558399302123.jpg 1280w\" sizes=\"auto, (max-width: 800px) 100vw, 800px\" \/><figcaption class=\"blocks-gallery-item__caption\"> <em>  Foto: William Felix\/PMP. <\/em> <\/figcaption><\/figure><\/li><\/ul><\/figure>\n","protected":false},"excerpt":{"rendered":"<p>Durante os dias 21 e 28 de novembro, milhares de estudantes em todo o Brasil ir\u00e3o realizar o Exame Nacional do Ensino M\u00e9dio (ENEM). Com o objetivo de prestar apoio aos jovens paudalhenses que v\u00e3o se submeter a prova, a Prefeitura do Paudalho, atrav\u00e9s da Secretaria Municipal de Cultura, Turismo, Lazer e Juventude, realizou no [&hellip;]<\/p>\n","protected":false},"author":6,"featured_media":20205,"comment_status":"open","ping_status":"open","sticky":false,"template":"","format":"standard","meta":{"_jetpack_newsletter_access":"","_jetpack_dont_email_post_to_subs":false,"_jetpack_newsletter_tier_id":0,"_jetpack_memberships_contains_paywalled_content":false,"_jetpack_memberships_contains_paid_content":false,"footnotes":""},"categories":[2,520,793,1],"tags":[817,796,22,826],"class_list":["post-20194","post","type-post","status-publish","format-standard","has-post-thumbnail","hentry","category-destaque","category-educacao-2","category-juventudes","category-noticias","tag-aulao-la-vem-o-enem","tag-juventudes","tag-prefeitura-do-paudalho","tag-secretaria-municipal-de-educacao-e-esportes"],"jetpack_featured_media_url":"https:\/\/www.paudalho.pe.gov.br\/portal\/wp-content\/uploads\/2021\/11\/Aulao-La-Vem-o-ENEM-em-Paudalho.jpg","jetpack_sharing_enabled":true,"jetpack_shortlink":"https:\/\/wp.me\/p98mS2-5fI","_links":{"self":[{"href":"https:\/\/www.paudalho.pe.gov.br\/portal\/wp-json\/wp\/v2\/posts\/20194","targetHints":{"allow":["GET"]}}],"collection":[{"href":"https:\/\/www.paudalho.pe.gov.br\/portal\/wp-json\/wp\/v2\/posts"}],"about":[{"href":"https:\/\/www.paudalho.pe.gov.br\/portal\/wp-json\/wp\/v2\/types\/post"}],"author":[{"embeddable":true,"href":"https:\/\/www.paudalho.pe.gov.br\/portal\/wp-json\/wp\/v2\/users\/6"}],"replies":[{"embeddable":true,"href":"https:\/\/www.paudalho.pe.gov.br\/portal\/wp-json\/wp\/v2\/comments?post=20194"}],"version-history":[{"count":36,"href":"https:\/\/www.paudalho.pe.gov.br\/portal\/wp-json\/wp\/v2\/posts\/20194\/revisions"}],"predecessor-version":[{"id":20255,"href":"https:\/\/www.paudalho.pe.gov.br\/portal\/wp-json\/wp\/v2\/posts\/20194\/revisions\/20255"}],"wp:featuredmedia":[{"embeddable":true,"href":"https:\/\/www.paudalho.pe.gov.br\/portal\/wp-json\/wp\/v2\/media\/20205"}],"wp:attachment":[{"href":"https:\/\/www.paudalho.pe.gov.br\/portal\/wp-json\/wp\/v2\/media?parent=20194"}],"wp:term":[{"taxonomy":"category","embeddable":true,"href":"https:\/\/www.paudalho.pe.gov.br\/portal\/wp-json\/wp\/v2\/categories?post=20194"},{"taxonomy":"post_tag","embeddable":true,"href":"https:\/\/www.paudalho.pe.gov.br\/portal\/wp-json\/wp\/v2\/tags?post=20194"}],"curies":[{"name":"wp","href":"https:\/\/api.w.org\/{rel}","templated":true}]}}