{"id":20162,"date":"2021-11-11T12:06:05","date_gmt":"2021-11-11T15:06:05","guid":{"rendered":"https:\/\/www.paudalho.pe.gov.br\/portal\/?p=20162"},"modified":"2025-01-08T00:39:20","modified_gmt":"2025-01-08T03:39:20","slug":"prefeitura-do-paudalho-prorroga-prazo-de-inscricao-para-o-aulao-la-vem-o-enem-e-disponibiliza-cadastro-online","status":"publish","type":"post","link":"https:\/\/www.paudalho.pe.gov.br\/portal\/prefeitura-do-paudalho-prorroga-prazo-de-inscricao-para-o-aulao-la-vem-o-enem-e-disponibiliza-cadastro-online\/","title":{"rendered":"Prefeitura do Paudalho prorroga prazo de inscri\u00e7\u00e3o para o Aul\u00e3o L\u00e1 Vem o ENEM e disponibiliza cadastro online"},"content":{"rendered":"\n<p>A Prefeitura do Paudalho, atrav\u00e9s da Secretaria Municipal de Cultura, Turismo, Lazer e Juventude, promover\u00e1 nos dias 13 e 14 de novembro o <strong><a href=\"https:\/\/www.paudalho.pe.gov.br\/portal\/prefeitura-do-paudalho-promovera-aulao-preparatorio-gratuito-para-o-enem-2021\/\" target=\"_blank\" rel=\"noreferrer noopener\">Aul\u00e3o L\u00e1 Vem o ENEM<\/a><\/strong>. O evento \u00e9 gratuito e tem o objetivo de preparar os paudalhenses para o Exame Nacional do Ensino M\u00e9dio (ENEM) 2021. As inscri\u00e7\u00f5es tiveram in\u00edcio na \u00faltima quarta-feira (3) e, com o objetivo de incluir o maior n\u00famero de estudantes poss\u00edvel, foram prorrogadas at\u00e9 este s\u00e1bado (13).  <\/p>\n\n\n\n<p>A iniciativa conta com a parceria da Secretaria Municipal de Educa\u00e7\u00e3o e Esportes e da Faculdade Novo Horizonte. Ao todo, est\u00e3o sendo disponibilizadas 200 vagas. O cadastramento no aul\u00e3o poder\u00e1 ser realizado tanto de forma presencial como online, atrav\u00e9s do <strong><a rel=\"noreferrer noopener\" href=\"https:\/\/docs.google.com\/forms\/d\/e\/1FAIpQLSepDsBjKeG67ensoWzJS1d6V50lK7VyVbrkUZbAazLF3JH04A\/viewform\" target=\"_blank\" data-type=\"URL\">formul\u00e1rio<\/a> <\/strong>disponibilizado pela Prefeitura. Durante o cadastro online os interessados em participar dever\u00e3o fornecer alguns dados pessoais.<\/p>\n\n\n\n<p><strong><a href=\"https:\/\/docs.google.com\/forms\/d\/e\/1FAIpQLSepDsBjKeG67ensoWzJS1d6V50lK7VyVbrkUZbAazLF3JH04A\/viewform\" target=\"_blank\" rel=\"noreferrer noopener\">INSCREVA-SE NO AUL\u00c3O L\u00c1 VEM O ENEM!<\/a><\/strong><\/p>\n\n\n\n<figure class=\"wp-block-gallery columns-1 is-cropped wp-block-gallery-1 is-layout-flex wp-block-gallery-is-layout-flex\"><ul class=\"blocks-gallery-grid\"><li class=\"blocks-gallery-item\"><figure><img loading=\"lazy\" decoding=\"async\" width=\"800\" height=\"450\" data-attachment-id=\"20173\" data-permalink=\"https:\/\/www.paudalho.pe.gov.br\/portal\/prefeitura-do-paudalho-prorroga-prazo-de-inscricao-para-o-aulao-la-vem-o-enem-e-disponibiliza-cadastro-online\/casa-das-juventudes\/\" data-orig-file=\"https:\/\/www.paudalho.pe.gov.br\/portal\/wp-content\/uploads\/2021\/11\/Casa-das-Juventudes.jpeg\" data-orig-size=\"1600,1066\" data-comments-opened=\"1\" data-image-meta=\"{&quot;aperture&quot;:&quot;0&quot;,&quot;credit&quot;:&quot;&quot;,&quot;camera&quot;:&quot;&quot;,&quot;caption&quot;:&quot;&quot;,&quot;created_timestamp&quot;:&quot;0&quot;,&quot;copyright&quot;:&quot;&quot;,&quot;focal_length&quot;:&quot;0&quot;,&quot;iso&quot;:&quot;0&quot;,&quot;shutter_speed&quot;:&quot;0&quot;,&quot;title&quot;:&quot;&quot;,&quot;orientation&quot;:&quot;0&quot;}\" data-image-title=\"Casa das Juventudes\" data-image-description=\"\" data-image-caption=\"\" data-medium-file=\"https:\/\/www.paudalho.pe.gov.br\/portal\/wp-content\/uploads\/2021\/11\/Casa-das-Juventudes-350x230.jpeg\" data-large-file=\"https:\/\/www.paudalho.pe.gov.br\/portal\/wp-content\/uploads\/2021\/11\/Casa-das-Juventudes-800x450.jpeg\" src=\"https:\/\/www.paudalho.pe.gov.br\/portal\/wp-content\/uploads\/2021\/11\/Casa-das-Juventudes-800x450.jpeg\" alt=\"\" data-id=\"20173\" data-full-url=\"https:\/\/www.paudalho.pe.gov.br\/portal\/wp-content\/uploads\/2021\/11\/Casa-das-Juventudes.jpeg\" data-link=\"https:\/\/www.paudalho.pe.gov.br\/portal\/?attachment_id=20173\" class=\"wp-image-20173\"\/><figcaption class=\"blocks-gallery-item__caption\"><em>As inscri\u00e7\u00f5es presenciais no Aul\u00e3o L\u00e1 Vem o ENEM podem ser realizadas at\u00e9 esta sexta-feira (12) na sede da Casa das Juventudes Ma\u00edlson Francisco da Silva, na comunidade Alto Dois Irm\u00e3os. Foto: Josu\u00e9 J\u00fanior\/PMP.<\/em><\/figcaption><\/figure><\/li><\/ul><\/figure>\n\n\n\n<p>J\u00e1 as inscri\u00e7\u00f5es presenciais devem ser realizadas no edif\u00edcio da Casa das Juventudes Ma\u00edlson Francisco da Silva, localizado na comunidade Alto do Cruzeiro. O atendimento no local funciona de segunda a sexta, das 8h \u00e0s 17h. Os estudantes interessados dever\u00e3o apresentar o documento oficial de identidade (CPF e RG) durante o registro. Outra op\u00e7\u00e3o \u00e9 realizar o cadastro no local do evento, alguns minutos antes do in\u00edcio do Aul\u00e3o L\u00e1 Vem o ENEM. <\/p>\n\n\n\n<p>O hor\u00e1rio de realiza\u00e7\u00e3o das aulas durante o primeiro dia do encontro ser\u00e1 das 8h \u00e0s 17h, e do segundo dia das 8h \u00e0s 12h. No s\u00e1bado (13), os alunos ter\u00e3o revis\u00e3o nas \u00e1reas de Ci\u00eancias Humanas, Linguagens, C\u00f3digos e suas Tecnologias. J\u00e1 no domingo, ser\u00e1 a vez de refor\u00e7ar as mat\u00e9rias de Ci\u00eancias da Natureza e Matem\u00e1tica e suas Tecnologias. Os participantes contar\u00e3o com a ajuda de 12 professores da Rede Municipal de Ensino.<\/p>\n\n\n\n<p>O aul\u00e3o ocorrer\u00e1 na quadra da Escola de Refer\u00eancia em Ensino M\u00e9dio Confedera\u00e7\u00e3o do Equador, localizada na comunidade Alto Dois Irm\u00e3os. A Prefeitura disponibilizar\u00e1 transporte gratuito para o local de realiza\u00e7\u00e3o do encontro, com sa\u00edda \u00e0s 7h e ponto de embarque em todas as escolas municipais da cidade.  <\/p>\n\n\n\n<p>No dia do evento, ser\u00e1 preciso apresentar o documento de identidade e a carteira de vacina\u00e7\u00e3o contra a covid-19 com ao menos um dose aplicada. Outra recomenda\u00e7\u00e3o \u00e9 levar um l\u00e1pis ou uma caneta. O uso de m\u00e1scara ser\u00e1 obrigat\u00f3rio durante a ocasi\u00e3o. <\/p>\n\n\n\n<p><\/p>\n","protected":false},"excerpt":{"rendered":"<p>A Prefeitura do Paudalho, atrav\u00e9s da Secretaria Municipal de Cultura, Turismo, Lazer e Juventude, promover\u00e1 nos dias 13 e 14 de novembro o Aul\u00e3o L\u00e1 Vem o ENEM. O evento \u00e9 gratuito e tem o objetivo de preparar os paudalhenses para o Exame Nacional do Ensino M\u00e9dio (ENEM) 2021. As inscri\u00e7\u00f5es tiveram in\u00edcio na \u00faltima [&hellip;]<\/p>\n","protected":false},"author":6,"featured_media":20177,"comment_status":"open","ping_status":"open","sticky":false,"template":"","format":"standard","meta":{"_jetpack_newsletter_access":"","_jetpack_dont_email_post_to_subs":false,"_jetpack_newsletter_tier_id":0,"_jetpack_memberships_contains_paywalled_content":false,"_jetpack_memberships_contains_paid_content":false,"footnotes":""},"categories":[2,4,793,1],"tags":[817,816,22],"class_list":["post-20162","post","type-post","status-publish","format-standard","has-post-thumbnail","hentry","category-destaque","category-educacao","category-juventudes","category-noticias","tag-aulao-la-vem-o-enem","tag-casa-das-juventudes","tag-prefeitura-do-paudalho"],"jetpack_featured_media_url":"https:\/\/www.paudalho.pe.gov.br\/portal\/wp-content\/uploads\/2021\/11\/WhatsApp-Image-2021-10-29-at-17.05.45.jpeg","jetpack_sharing_enabled":true,"jetpack_shortlink":"https:\/\/wp.me\/p98mS2-5fc","_links":{"self":[{"href":"https:\/\/www.paudalho.pe.gov.br\/portal\/wp-json\/wp\/v2\/posts\/20162","targetHints":{"allow":["GET"]}}],"collection":[{"href":"https:\/\/www.paudalho.pe.gov.br\/portal\/wp-json\/wp\/v2\/posts"}],"about":[{"href":"https:\/\/www.paudalho.pe.gov.br\/portal\/wp-json\/wp\/v2\/types\/post"}],"author":[{"embeddable":true,"href":"https:\/\/www.paudalho.pe.gov.br\/portal\/wp-json\/wp\/v2\/users\/6"}],"replies":[{"embeddable":true,"href":"https:\/\/www.paudalho.pe.gov.br\/portal\/wp-json\/wp\/v2\/comments?post=20162"}],"version-history":[{"count":20,"href":"https:\/\/www.paudalho.pe.gov.br\/portal\/wp-json\/wp\/v2\/posts\/20162\/revisions"}],"predecessor-version":[{"id":20184,"href":"https:\/\/www.paudalho.pe.gov.br\/portal\/wp-json\/wp\/v2\/posts\/20162\/revisions\/20184"}],"wp:featuredmedia":[{"embeddable":true,"href":"https:\/\/www.paudalho.pe.gov.br\/portal\/wp-json\/wp\/v2\/media\/20177"}],"wp:attachment":[{"href":"https:\/\/www.paudalho.pe.gov.br\/portal\/wp-json\/wp\/v2\/media?parent=20162"}],"wp:term":[{"taxonomy":"category","embeddable":true,"href":"https:\/\/www.paudalho.pe.gov.br\/portal\/wp-json\/wp\/v2\/categories?post=20162"},{"taxonomy":"post_tag","embeddable":true,"href":"https:\/\/www.paudalho.pe.gov.br\/portal\/wp-json\/wp\/v2\/tags?post=20162"}],"curies":[{"name":"wp","href":"https:\/\/api.w.org\/{rel}","templated":true}]}}