{"id":20137,"date":"2021-11-12T10:42:42","date_gmt":"2021-11-12T13:42:42","guid":{"rendered":"https:\/\/www.paudalho.pe.gov.br\/portal\/?p=20137"},"modified":"2025-01-08T00:39:20","modified_gmt":"2025-01-08T03:39:20","slug":"prefeitura-do-paudalho-realizara-evento-para-a-assinatura-de-ordem-de-servico-de-duas-obras-nesta-sexta-feira-12","status":"publish","type":"post","link":"https:\/\/www.paudalho.pe.gov.br\/portal\/prefeitura-do-paudalho-realizara-evento-para-a-assinatura-de-ordem-de-servico-de-duas-obras-nesta-sexta-feira-12\/","title":{"rendered":"Prefeitura do Paudalho realizar\u00e1 evento para a assinatura de ordem de servi\u00e7o de duas obras nesta sexta-feira (12)"},"content":{"rendered":"\n<p>A Prefeitura do Paudalho, por meio da Secretaria Municipal de Desenvolvimento Urbano e Meio Ambiente, realizar\u00e1 nesta sexta-feira (12) uma solenidade para a assinatura da ordem de servi\u00e7o para a reconstru\u00e7\u00e3o do Est\u00e1dio Municipal Laura Bandeira de Melo e para a constru\u00e7\u00e3o da quadra da Escola Municipal Jo\u00e3o Francisco Bezerra. O evento ter\u00e1 in\u00edcio \u00e0s 15h e ocorrer\u00e1 no bairro Loteamento Primavera.<\/p>\n\n\n\n<p>Os espa\u00e7os ser\u00e3o destinados para a pr\u00e1tica de atividades esportivas com foco na sa\u00fade e no bem estar da popula\u00e7\u00e3o paudalhense. Na quadra tamb\u00e9m ser\u00e3o realizadas a\u00e7\u00f5es educativas para o desenvolvimento das crian\u00e7as e adolescentes que estudam na comunidade. Durante a cerim\u00f4nia, como forma de preven\u00e7\u00e3o ao cont\u00e1gio do coronav\u00edrus, o uso de m\u00e1scara ser\u00e1 obrigat\u00f3rio.<\/p>\n\n\n\n<p>Al\u00e9m dessa novidade, durante as \u00faltimas semanas, a Prefeitura j\u00e1 aprovou a realiza\u00e7\u00e3o de novas obras no munic\u00edpio. S\u00e3o elas a constru\u00e7\u00e3o do Centro de Especialidades em Odontologia (CEO) e do Centro de Especialidades em Reabilita\u00e7\u00e3o (CER), e a conclus\u00e3o da Quadra Coberta com Vesti\u00e1rio do Col\u00e9gio Municipal de Guadalajara (CMG).<\/p>\n\n\n\n<p>Outras a\u00e7\u00f5es est\u00e3o em andamento com o intuito de melhorar a infraestrutura da cidade e colaborar com o seu desenvolvimento urbano s\u00e3o a constru\u00e7\u00e3o da Pra\u00e7a Monte da F\u00e9, na comunidade Asa Branca, e a implanta\u00e7\u00e3o de lumin\u00e1rias de led em diversos bairros do munic\u00edpio. E n\u00e3o para por a\u00ed, a expectativa \u00e9 que novas ordens de servi\u00e7o sejam assinadas a cada semana durante os pr\u00f3ximos meses.<\/p>\n","protected":false},"excerpt":{"rendered":"<p>A Prefeitura do Paudalho, por meio da Secretaria Municipal de Desenvolvimento Urbano e Meio Ambiente, realizar\u00e1 nesta sexta-feira (12) uma solenidade para a assinatura da ordem de servi\u00e7o para a reconstru\u00e7\u00e3o do Est\u00e1dio Municipal Laura Bandeira de Melo e para a constru\u00e7\u00e3o da quadra da Escola Municipal Jo\u00e3o Francisco Bezerra. O evento ter\u00e1 in\u00edcio \u00e0s [&hellip;]<\/p>\n","protected":false},"author":6,"featured_media":20146,"comment_status":"open","ping_status":"open","sticky":false,"template":"","format":"standard","meta":{"_jetpack_newsletter_access":"","_jetpack_dont_email_post_to_subs":false,"_jetpack_newsletter_tier_id":0,"_jetpack_memberships_contains_paywalled_content":false,"_jetpack_memberships_contains_paid_content":false,"footnotes":""},"categories":[2,1,35],"tags":[36,364,22,826],"class_list":["post-20137","post","type-post","status-publish","format-standard","has-post-thumbnail","hentry","category-destaque","category-noticias","category-obras","tag-obras","tag-ordem-de-servico","tag-prefeitura-do-paudalho","tag-secretaria-municipal-de-educacao-e-esportes"],"jetpack_featured_media_url":"https:\/\/www.paudalho.pe.gov.br\/portal\/wp-content\/uploads\/2021\/11\/ordem-de-servico-para-construcao-de-estadio-no-Loteamento-Primavera-scaled.jpg","jetpack_sharing_enabled":true,"jetpack_shortlink":"https:\/\/wp.me\/p98mS2-5eN","_links":{"self":[{"href":"https:\/\/www.paudalho.pe.gov.br\/portal\/wp-json\/wp\/v2\/posts\/20137","targetHints":{"allow":["GET"]}}],"collection":[{"href":"https:\/\/www.paudalho.pe.gov.br\/portal\/wp-json\/wp\/v2\/posts"}],"about":[{"href":"https:\/\/www.paudalho.pe.gov.br\/portal\/wp-json\/wp\/v2\/types\/post"}],"author":[{"embeddable":true,"href":"https:\/\/www.paudalho.pe.gov.br\/portal\/wp-json\/wp\/v2\/users\/6"}],"replies":[{"embeddable":true,"href":"https:\/\/www.paudalho.pe.gov.br\/portal\/wp-json\/wp\/v2\/comments?post=20137"}],"version-history":[{"count":15,"href":"https:\/\/www.paudalho.pe.gov.br\/portal\/wp-json\/wp\/v2\/posts\/20137\/revisions"}],"predecessor-version":[{"id":20190,"href":"https:\/\/www.paudalho.pe.gov.br\/portal\/wp-json\/wp\/v2\/posts\/20137\/revisions\/20190"}],"wp:featuredmedia":[{"embeddable":true,"href":"https:\/\/www.paudalho.pe.gov.br\/portal\/wp-json\/wp\/v2\/media\/20146"}],"wp:attachment":[{"href":"https:\/\/www.paudalho.pe.gov.br\/portal\/wp-json\/wp\/v2\/media?parent=20137"}],"wp:term":[{"taxonomy":"category","embeddable":true,"href":"https:\/\/www.paudalho.pe.gov.br\/portal\/wp-json\/wp\/v2\/categories?post=20137"},{"taxonomy":"post_tag","embeddable":true,"href":"https:\/\/www.paudalho.pe.gov.br\/portal\/wp-json\/wp\/v2\/tags?post=20137"}],"curies":[{"name":"wp","href":"https:\/\/api.w.org\/{rel}","templated":true}]}}