{"id":20104,"date":"2021-11-09T09:21:02","date_gmt":"2021-11-09T12:21:02","guid":{"rendered":"https:\/\/www.paudalho.pe.gov.br\/portal\/?p=20104"},"modified":"2025-01-08T00:39:20","modified_gmt":"2025-01-08T03:39:20","slug":"prefeitura-do-paudalho-realizara-viii-conferencia-municipal-de-saude-de-paudalho","status":"publish","type":"post","link":"https:\/\/www.paudalho.pe.gov.br\/portal\/prefeitura-do-paudalho-realizara-viii-conferencia-municipal-de-saude-de-paudalho\/","title":{"rendered":"Prefeitura do Paudalho realizar\u00e1 VIII Confer\u00eancia Municipal de Sa\u00fade de Paudalho"},"content":{"rendered":"\n<p>A Prefeitura do Paudalho realizar\u00e1 no dia 17 de novembro a <strong>VIII Confer\u00eancia Municipal de Sa\u00fade de Paudalho<\/strong>. O evento \u00e9 uma iniciativa do Conselho Municipal de Sa\u00fade (CMS) que conta com o apoio da Secretaria Municipal de Sa\u00fade. A edi\u00e7\u00e3o deste ano ter\u00e1 como tema \u201cGest\u00e3o de qualidade do SUS e os desafios decorrentes da pandemia do coronav\u00edrus\u201d.&nbsp;<\/p>\n\n\n\n<p>O evento ser\u00e1 realizado no Sal\u00e3o Paroquial da Igreja Matriz do Divino Esp\u00edrito Santo, no centro da cidade, no hor\u00e1rio das 8h \u00e0s 17h. O principal objetivo do encontro \u00e9 aprimorar o Plano Municipal de Sa\u00fade (PMS) dos pr\u00f3ximos quatro anos (2022 a 2025). Durante a confer\u00eancia ser\u00e3o promovidas palestras, debates e atividades em grupo com o objetivo de abordar a tem\u00e1tica em detalhes.<\/p>\n\n\n\n<figure class=\"wp-block-gallery columns-1 is-cropped wp-block-gallery-1 is-layout-flex wp-block-gallery-is-layout-flex\"><ul class=\"blocks-gallery-grid\"><li class=\"blocks-gallery-item\"><figure><img loading=\"lazy\" decoding=\"async\" width=\"800\" height=\"450\" data-attachment-id=\"20087\" data-permalink=\"https:\/\/www.paudalho.pe.gov.br\/portal\/conferencia-municipal-de-saude\/\" data-orig-file=\"https:\/\/www.paudalho.pe.gov.br\/portal\/wp-content\/uploads\/2021\/11\/Conferencia-Municipal-de-Saude-scaled.jpg\" data-orig-size=\"2560,1406\" data-comments-opened=\"1\" data-image-meta=\"{&quot;aperture&quot;:&quot;4&quot;,&quot;credit&quot;:&quot;&quot;,&quot;camera&quot;:&quot;Canon EOS REBEL T5&quot;,&quot;caption&quot;:&quot;&quot;,&quot;created_timestamp&quot;:&quot;1501707970&quot;,&quot;copyright&quot;:&quot;&quot;,&quot;focal_length&quot;:&quot;55&quot;,&quot;iso&quot;:&quot;400&quot;,&quot;shutter_speed&quot;:&quot;0.0125&quot;,&quot;title&quot;:&quot;&quot;,&quot;orientation&quot;:&quot;1&quot;}\" data-image-title=\"Conferencia-Municipal-de-Saude\" data-image-description=\"\" data-image-caption=\"&lt;p&gt;Registro da 6\u00aa edi\u00e7\u00e3o da Confer\u00eancia Municipal de Sa\u00fade de Paudalho. Foto: Isak de Castro\/PMP.&lt;\/p&gt;\n\" data-medium-file=\"https:\/\/www.paudalho.pe.gov.br\/portal\/wp-content\/uploads\/2021\/11\/Conferencia-Municipal-de-Saude-350x230.jpg\" data-large-file=\"https:\/\/www.paudalho.pe.gov.br\/portal\/wp-content\/uploads\/2021\/11\/Conferencia-Municipal-de-Saude-800x450.jpg\" src=\"https:\/\/www.paudalho.pe.gov.br\/portal\/wp-content\/uploads\/2021\/11\/Conferencia-Municipal-de-Saude-800x450.jpg\" alt=\"\" data-id=\"20087\" data-full-url=\"https:\/\/www.paudalho.pe.gov.br\/portal\/wp-content\/uploads\/2021\/11\/Conferencia-Municipal-de-Saude-scaled.jpg\" data-link=\"https:\/\/www.paudalho.pe.gov.br\/portal\/?attachment_id=20087\" class=\"wp-image-20087\"\/><figcaption class=\"blocks-gallery-item__caption\"><em>Registro da 6\u00aa edi\u00e7\u00e3o da Confer\u00eancia Municipal de Sa\u00fade de Paudalho. Foto: Isak de Castro\/PMP.<\/em><\/figcaption><\/figure><\/li><\/ul><\/figure>\n\n\n\n<p>O p\u00fablico-alvo da confer\u00eancia s\u00e3o usu\u00e1rios do Sistema \u00danico de Sa\u00fade (SUS) atrav\u00e9s da sociedade civil organizada, trabalhadores da sa\u00fade e gestores do SUS. As inscri\u00e7\u00f5es na Confer\u00eancia dever\u00e3o ser realizadas de forma presencial no dia, hor\u00e1rio e local do evento. Ao todo, ser\u00e3o disponibilizadas 150 vagas, n\u00famero limitado conforme a capacidade do lugar de realiza\u00e7\u00e3o da cerim\u00f4nia. O uso de m\u00e1scara ser\u00e1 obrigat\u00f3rio. Todos os presentes ir\u00e3o receber certificado de participa\u00e7\u00e3o.&nbsp;<\/p>\n\n\n\n<p>De acordo com a secret\u00e1ria municipal de Sa\u00fade, L\u00facia Matias, esse ser\u00e1 um momento \u00edmpar e colaborativo para o planejamento da \u00e1rea. <em>\u201cA finalidade da Confer\u00eancia \u00e9 debater as a\u00e7\u00f5es da Sa\u00fade, as propostas que s\u00e3o importantes para o munic\u00edpio, discutir financiamento, os avan\u00e7os que a gente teve, at\u00e9 onde estamos avan\u00e7ando, e tamb\u00e9m o que n\u00f3s j\u00e1 ofertamos e o que ser\u00e1 necess\u00e1rio implementar.\u201d<\/em>, declarou a gestora.<\/p>\n\n\n\n<h3 class=\"wp-block-heading\"><strong>O que \u00e9 Plano Municipal de Sa\u00fade (PMS)?<\/strong><\/h3>\n\n\n\n<p>De acordo com o <em>Manual do Gestor Municipal do SUS: di\u00e1logos no cotidiano<\/em> (2021), guia elaborado pelo Conselho Nacional de Secretarias Municipais de Sa\u00fade (CONASEMS), o Plano Municipal de Sa\u00fade (PMS) \u00e9 uma importante ferramenta de gest\u00e3o que pode contribuir no processo de compreens\u00e3o dos principais problemas e desafios enfrentados pela sa\u00fade de um munic\u00edpio.&nbsp;<\/p>\n\n\n\n<p>O PMS deve conter uma an\u00e1lise situacional da sa\u00fade da cidade, al\u00e9m de uma descri\u00e7\u00e3o das prioridades, dos objetivos, diretrizes, metas e indicadores, e uma descri\u00e7\u00e3o dos processos de monitoramento e avalia\u00e7\u00e3o. Sua validade \u00e9 de quatro anos, a partir do segundo ano do atual governo, ao primeiro ano do pr\u00f3ximo governo.&nbsp;<\/p>\n","protected":false},"excerpt":{"rendered":"<p>A Prefeitura do Paudalho realizar\u00e1 no dia 17 de novembro a VIII Confer\u00eancia Municipal de Sa\u00fade de Paudalho. O evento \u00e9 uma iniciativa do Conselho Municipal de Sa\u00fade (CMS) que conta com o apoio da Secretaria Municipal de Sa\u00fade. A edi\u00e7\u00e3o deste ano ter\u00e1 como tema \u201cGest\u00e3o de qualidade do SUS e os desafios decorrentes [&hellip;]<\/p>\n","protected":false},"author":6,"featured_media":20143,"comment_status":"open","ping_status":"open","sticky":false,"template":"","format":"standard","meta":{"_jetpack_newsletter_access":"","_jetpack_dont_email_post_to_subs":false,"_jetpack_newsletter_tier_id":0,"_jetpack_memberships_contains_paywalled_content":false,"_jetpack_memberships_contains_paid_content":false,"footnotes":""},"categories":[2,1,3],"tags":[820,22,168],"class_list":["post-20104","post","type-post","status-publish","format-standard","has-post-thumbnail","hentry","category-destaque","category-noticias","category-saude","tag-conferencia-municipal-de-saude","tag-prefeitura-do-paudalho","tag-secretaria-de-saude"],"jetpack_featured_media_url":"https:\/\/www.paudalho.pe.gov.br\/portal\/wp-content\/uploads\/2021\/11\/GRID-3X25M-1-1-scaled.jpg","jetpack_sharing_enabled":true,"jetpack_shortlink":"https:\/\/wp.me\/p98mS2-5eg","_links":{"self":[{"href":"https:\/\/www.paudalho.pe.gov.br\/portal\/wp-json\/wp\/v2\/posts\/20104","targetHints":{"allow":["GET"]}}],"collection":[{"href":"https:\/\/www.paudalho.pe.gov.br\/portal\/wp-json\/wp\/v2\/posts"}],"about":[{"href":"https:\/\/www.paudalho.pe.gov.br\/portal\/wp-json\/wp\/v2\/types\/post"}],"author":[{"embeddable":true,"href":"https:\/\/www.paudalho.pe.gov.br\/portal\/wp-json\/wp\/v2\/users\/6"}],"replies":[{"embeddable":true,"href":"https:\/\/www.paudalho.pe.gov.br\/portal\/wp-json\/wp\/v2\/comments?post=20104"}],"version-history":[{"count":4,"href":"https:\/\/www.paudalho.pe.gov.br\/portal\/wp-json\/wp\/v2\/posts\/20104\/revisions"}],"predecessor-version":[{"id":20145,"href":"https:\/\/www.paudalho.pe.gov.br\/portal\/wp-json\/wp\/v2\/posts\/20104\/revisions\/20145"}],"wp:featuredmedia":[{"embeddable":true,"href":"https:\/\/www.paudalho.pe.gov.br\/portal\/wp-json\/wp\/v2\/media\/20143"}],"wp:attachment":[{"href":"https:\/\/www.paudalho.pe.gov.br\/portal\/wp-json\/wp\/v2\/media?parent=20104"}],"wp:term":[{"taxonomy":"category","embeddable":true,"href":"https:\/\/www.paudalho.pe.gov.br\/portal\/wp-json\/wp\/v2\/categories?post=20104"},{"taxonomy":"post_tag","embeddable":true,"href":"https:\/\/www.paudalho.pe.gov.br\/portal\/wp-json\/wp\/v2\/tags?post=20104"}],"curies":[{"name":"wp","href":"https:\/\/api.w.org\/{rel}","templated":true}]}}