{"id":20059,"date":"2021-11-05T14:42:34","date_gmt":"2021-11-05T17:42:34","guid":{"rendered":"https:\/\/www.paudalho.pe.gov.br\/portal\/?p=20059"},"modified":"2025-01-08T00:39:20","modified_gmt":"2025-01-08T03:39:20","slug":"prefeitura-do-paudalho-esta-com-inscricoes-abertas-para-quatro-cursos-tecnicos-profissionalizantes","status":"publish","type":"post","link":"https:\/\/www.paudalho.pe.gov.br\/portal\/prefeitura-do-paudalho-esta-com-inscricoes-abertas-para-quatro-cursos-tecnicos-profissionalizantes\/","title":{"rendered":"Prefeitura do Paudalho est\u00e1 com inscri\u00e7\u00f5es abertas para quatro cursos t\u00e9cnicos profissionalizantes"},"content":{"rendered":"\n<p>A Prefeitura do Paudalho est\u00e1 com inscri\u00e7\u00f5es abertas para quatro cursos t\u00e9cnicos profissionalizantes gratuitos. As oportunidades s\u00e3o para Construtor (a) de Viveiros (24h), Viveirista (24h), Eletricista (40h) e Trabalhador no Cultivo de Plantas Medicinais (24h). As matr\u00edculas tiveram in\u00edcio na \u00faltima quarta-feira (3) e podem ser realizadas at\u00e9 o dia 14 de novembro.<\/p>\n\n\n\n<p>Essa \u00e9 uma iniciativa do Governo Municipal, por meio da Secretaria Executiva de Desenvolvimento Econ\u00f4mico, Meio Ambiente e Qualifica\u00e7\u00e3o Profissional (SEDEMAQ), em parceria com o Servi\u00e7o Nacional de Aprendizagem Rural (SENAR). Os cursos ser\u00e3o realizados de modo presencial entre os meses de novembro e dezembro. No total, est\u00e3o sendo disponibilizadas 12 vagas para cada turma.&nbsp;&nbsp;<\/p>\n\n\n\n<p>As aulas ocorrer\u00e3o sempre das 8h \u00e0s 17h, com carga hor\u00e1ria e n\u00famero de dias de realiza\u00e7\u00e3o vari\u00e1vel para cada forma\u00e7\u00e3o. Os estudantes aprender\u00e3o com professores t\u00e9cnicos especialistas do SENAR. Todos os alunos que conclu\u00edrem as capacita\u00e7\u00f5es ir\u00e3o receber certificado de participa\u00e7\u00e3o reconhecido nacionalmente.<\/p>\n\n\n\n<p>Os interessados devem realizar a matr\u00edcula na sede da&nbsp;SEDEMAQ, localizada no P\u00e1tio da Feira Prefeito Ulisses Roque, popularmente conhecido como P\u00e1tio da Feira Livre, situado no centro da cidade. O atendimento ao p\u00fablico no local funciona de segunda a sexta, das 8h \u00e0s 14h. Para se inscrever \u00e9 necess\u00e1rio ter mais de 18 anos e apresentar os documentos de RG e CPF.&nbsp;<\/p>\n\n\n\n<p><strong>Confira na tabela abaixo a carga hor\u00e1ria, o n\u00famero de dias e a data de realiza\u00e7\u00e3o de cada curso:<\/strong><\/p>\n\n\n\n<figure class=\"wp-block-table is-style-stripes\"><table><tbody><tr><td><strong>\u00c1rea de atividade<\/strong><\/td><td><strong>Carga hor\u00e1ria<\/strong><\/td><td><strong>N\u00famero de dias<\/strong><\/td><td><strong>Data de realiza\u00e7\u00e3o<\/strong><\/td><\/tr><tr><td>Construtor (a) de viveiros<\/td><td>24 horas<\/td><td>3 dias<\/td><td>De 16\/11 a 18\/11<\/td><\/tr><tr><td>Viveirista<\/td><td>24 horas<\/td><td>3 dias<\/td><td>De 19\/11 a 21\/11<\/td><\/tr><tr><td>Eletricista<\/td><td>40 horas<\/td><td>5 dias<\/td><td>De 29\/11 a 03\/12<\/td><\/tr><tr><td>Trabalhador no cultivo de <br>plantas medicinais<\/td><td>24 horas<\/td><td>3 dias<\/td><td>De 08\/12 a 10\/12<\/td><\/tr><\/tbody><\/table><\/figure>\n\n\n\n<p><\/p>\n","protected":false},"excerpt":{"rendered":"<p>A Prefeitura do Paudalho est\u00e1 com inscri\u00e7\u00f5es abertas para quatro cursos t\u00e9cnicos profissionalizantes gratuitos. As oportunidades s\u00e3o para Construtor (a) de Viveiros (24h), Viveirista (24h), Eletricista (40h) e Trabalhador no Cultivo de Plantas Medicinais (24h). As matr\u00edculas tiveram in\u00edcio na \u00faltima quarta-feira (3) e podem ser realizadas at\u00e9 o dia 14 de novembro. Essa \u00e9 [&hellip;]<\/p>\n","protected":false},"author":6,"featured_media":20060,"comment_status":"open","ping_status":"open","sticky":false,"template":"","format":"standard","meta":{"_jetpack_newsletter_access":"","_jetpack_dont_email_post_to_subs":false,"_jetpack_newsletter_tier_id":0,"_jetpack_memberships_contains_paywalled_content":false,"_jetpack_memberships_contains_paid_content":false,"footnotes":""},"categories":[2,1,753],"tags":[756,22,754],"class_list":["post-20059","post","type-post","status-publish","format-standard","has-post-thumbnail","hentry","category-destaque","category-noticias","category-qualificacao-profissional","tag-curso-profissionalizante","tag-prefeitura-do-paudalho","tag-sedemaq"],"jetpack_featured_media_url":"https:\/\/www.paudalho.pe.gov.br\/portal\/wp-content\/uploads\/2021\/11\/eletricista_567307042.jpg","jetpack_sharing_enabled":true,"jetpack_shortlink":"https:\/\/wp.me\/p98mS2-5dx","_links":{"self":[{"href":"https:\/\/www.paudalho.pe.gov.br\/portal\/wp-json\/wp\/v2\/posts\/20059","targetHints":{"allow":["GET"]}}],"collection":[{"href":"https:\/\/www.paudalho.pe.gov.br\/portal\/wp-json\/wp\/v2\/posts"}],"about":[{"href":"https:\/\/www.paudalho.pe.gov.br\/portal\/wp-json\/wp\/v2\/types\/post"}],"author":[{"embeddable":true,"href":"https:\/\/www.paudalho.pe.gov.br\/portal\/wp-json\/wp\/v2\/users\/6"}],"replies":[{"embeddable":true,"href":"https:\/\/www.paudalho.pe.gov.br\/portal\/wp-json\/wp\/v2\/comments?post=20059"}],"version-history":[{"count":9,"href":"https:\/\/www.paudalho.pe.gov.br\/portal\/wp-json\/wp\/v2\/posts\/20059\/revisions"}],"predecessor-version":[{"id":20069,"href":"https:\/\/www.paudalho.pe.gov.br\/portal\/wp-json\/wp\/v2\/posts\/20059\/revisions\/20069"}],"wp:featuredmedia":[{"embeddable":true,"href":"https:\/\/www.paudalho.pe.gov.br\/portal\/wp-json\/wp\/v2\/media\/20060"}],"wp:attachment":[{"href":"https:\/\/www.paudalho.pe.gov.br\/portal\/wp-json\/wp\/v2\/media?parent=20059"}],"wp:term":[{"taxonomy":"category","embeddable":true,"href":"https:\/\/www.paudalho.pe.gov.br\/portal\/wp-json\/wp\/v2\/categories?post=20059"},{"taxonomy":"post_tag","embeddable":true,"href":"https:\/\/www.paudalho.pe.gov.br\/portal\/wp-json\/wp\/v2\/tags?post=20059"}],"curies":[{"name":"wp","href":"https:\/\/api.w.org\/{rel}","templated":true}]}}