{"id":19971,"date":"2021-11-04T11:42:19","date_gmt":"2021-11-04T14:42:19","guid":{"rendered":"https:\/\/www.paudalho.pe.gov.br\/portal\/?p=19971"},"modified":"2025-01-08T00:39:21","modified_gmt":"2025-01-08T03:39:21","slug":"secretaria-de-saude-de-paudalho-promove-capacitacao-sobre-vacinacao-com-servidores-municipais","status":"publish","type":"post","link":"https:\/\/www.paudalho.pe.gov.br\/portal\/secretaria-de-saude-de-paudalho-promove-capacitacao-sobre-vacinacao-com-servidores-municipais\/","title":{"rendered":"Secretaria de Sa\u00fade de Paudalho promove capacita\u00e7\u00e3o sobre vacina\u00e7\u00e3o com servidores municipais"},"content":{"rendered":"\n<p>A Prefeitura do Paudalho, atrav\u00e9s da Secretaria Municipal de Sa\u00fade, realizou na tarde da \u00faltima quarta-feira (3) uma forma\u00e7\u00e3o sobre vacina\u00e7\u00e3o com os t\u00e9cnicos de enfermagem e profissionais municipais integrantes do Programa Nacional de Imuniza\u00e7\u00f5es (PNI). O evento teve in\u00edcio \u00e0s 14h e ocorreu na Unidade B\u00e1sica de Sa\u00fade (UBS) Centro, localizada na comunidade de mesmo nome. <\/p>\n\n\n\n<p>Durante a ocasi\u00e3o foram compartilhadas informa\u00e7\u00f5es sobre cuidados, orienta\u00e7\u00f5es sobre vacina\u00e7\u00e3o de rotina, al\u00e9m de recomenda\u00e7\u00f5es de boas pr\u00e1ticas de imuniza\u00e7\u00e3o. No momento tamb\u00e9m foram repassados dados sobre a atualiza\u00e7\u00e3o no calend\u00e1rio vacinal da cidade. A reuni\u00e3o foi organizada pela coordenadora geral da Aten\u00e7\u00e3o B\u00e1sica, Josimere Santana, a coordenadora municipal do PNI, Anielle Loure\u00e7o, e as gerentes da Aten\u00e7\u00e3o B\u00e1sica Mar\u00edlia Gabriela e Dyeniheiris Amorim.<\/p>\n\n\n\n<figure class=\"wp-block-gallery columns-2 is-cropped wp-block-gallery-1 is-layout-flex wp-block-gallery-is-layout-flex\"><ul class=\"blocks-gallery-grid\"><li class=\"blocks-gallery-item\"><figure><img loading=\"lazy\" decoding=\"async\" width=\"800\" height=\"450\" data-attachment-id=\"20000\" data-permalink=\"https:\/\/www.paudalho.pe.gov.br\/portal\/secretaria-de-saude-de-paudalho-promove-capacitacao-sobre-vacinacao-com-servidores-municipais\/profissionais-da-saude-participam-de-capacitacao-sobre-vacinacao-em-paudalho-pe\/\" data-orig-file=\"https:\/\/www.paudalho.pe.gov.br\/portal\/wp-content\/uploads\/2021\/11\/Profissionais-da-saude-participam-de-capacitacao-sobre-vacinacao-em-Paudalho-PE.jpeg\" data-orig-size=\"1600,1066\" data-comments-opened=\"1\" data-image-meta=\"{&quot;aperture&quot;:&quot;0&quot;,&quot;credit&quot;:&quot;&quot;,&quot;camera&quot;:&quot;&quot;,&quot;caption&quot;:&quot;&quot;,&quot;created_timestamp&quot;:&quot;0&quot;,&quot;copyright&quot;:&quot;&quot;,&quot;focal_length&quot;:&quot;0&quot;,&quot;iso&quot;:&quot;0&quot;,&quot;shutter_speed&quot;:&quot;0&quot;,&quot;title&quot;:&quot;&quot;,&quot;orientation&quot;:&quot;0&quot;}\" data-image-title=\"Profissionais-da-saude-participam-de-capacitacao-sobre-vacinacao-em-Paudalho-PE\" data-image-description=\"\" data-image-caption=\"\" data-medium-file=\"https:\/\/www.paudalho.pe.gov.br\/portal\/wp-content\/uploads\/2021\/11\/Profissionais-da-saude-participam-de-capacitacao-sobre-vacinacao-em-Paudalho-PE-350x230.jpeg\" data-large-file=\"https:\/\/www.paudalho.pe.gov.br\/portal\/wp-content\/uploads\/2021\/11\/Profissionais-da-saude-participam-de-capacitacao-sobre-vacinacao-em-Paudalho-PE-800x450.jpeg\" src=\"https:\/\/www.paudalho.pe.gov.br\/portal\/wp-content\/uploads\/2021\/11\/Profissionais-da-saude-participam-de-capacitacao-sobre-vacinacao-em-Paudalho-PE-800x450.jpeg\" alt=\"\" data-id=\"20000\" data-full-url=\"https:\/\/www.paudalho.pe.gov.br\/portal\/wp-content\/uploads\/2021\/11\/Profissionais-da-saude-participam-de-capacitacao-sobre-vacinacao-em-Paudalho-PE.jpeg\" data-link=\"https:\/\/www.paudalho.pe.gov.br\/portal\/?attachment_id=20000\" class=\"wp-image-20000\"\/><figcaption class=\"blocks-gallery-item__caption\"><em>Foto: Josu\u00e9 J\u00fanior\/PMP.<\/em><\/figcaption><\/figure><\/li><li class=\"blocks-gallery-item\"><figure><img loading=\"lazy\" decoding=\"async\" width=\"800\" height=\"450\" data-attachment-id=\"19999\" data-permalink=\"https:\/\/www.paudalho.pe.gov.br\/portal\/secretaria-de-saude-de-paudalho-promove-capacitacao-sobre-vacinacao-com-servidores-municipais\/capacitacao-sobre-vacinacao-e-promovida-pela-secretaria-de-saude-de-paudalho\/\" data-orig-file=\"https:\/\/www.paudalho.pe.gov.br\/portal\/wp-content\/uploads\/2021\/11\/Capacitacao-sobre-vacinacao-e-promovida-pela-Secretaria-de-Saude-de-Paudalho.jpeg\" data-orig-size=\"1600,1066\" data-comments-opened=\"1\" data-image-meta=\"{&quot;aperture&quot;:&quot;0&quot;,&quot;credit&quot;:&quot;&quot;,&quot;camera&quot;:&quot;&quot;,&quot;caption&quot;:&quot;&quot;,&quot;created_timestamp&quot;:&quot;0&quot;,&quot;copyright&quot;:&quot;&quot;,&quot;focal_length&quot;:&quot;0&quot;,&quot;iso&quot;:&quot;0&quot;,&quot;shutter_speed&quot;:&quot;0&quot;,&quot;title&quot;:&quot;&quot;,&quot;orientation&quot;:&quot;0&quot;}\" data-image-title=\"Capacitacao-sobre-vacinacao-e-promovida-pela-Secretaria-de-Saude-de-Paudalho\" data-image-description=\"\" data-image-caption=\"\" data-medium-file=\"https:\/\/www.paudalho.pe.gov.br\/portal\/wp-content\/uploads\/2021\/11\/Capacitacao-sobre-vacinacao-e-promovida-pela-Secretaria-de-Saude-de-Paudalho-350x230.jpeg\" data-large-file=\"https:\/\/www.paudalho.pe.gov.br\/portal\/wp-content\/uploads\/2021\/11\/Capacitacao-sobre-vacinacao-e-promovida-pela-Secretaria-de-Saude-de-Paudalho-800x450.jpeg\" src=\"https:\/\/www.paudalho.pe.gov.br\/portal\/wp-content\/uploads\/2021\/11\/Capacitacao-sobre-vacinacao-e-promovida-pela-Secretaria-de-Saude-de-Paudalho-800x450.jpeg\" alt=\"\" data-id=\"19999\" data-full-url=\"https:\/\/www.paudalho.pe.gov.br\/portal\/wp-content\/uploads\/2021\/11\/Capacitacao-sobre-vacinacao-e-promovida-pela-Secretaria-de-Saude-de-Paudalho.jpeg\" data-link=\"https:\/\/www.paudalho.pe.gov.br\/portal\/?attachment_id=19999\" class=\"wp-image-19999\"\/><figcaption class=\"blocks-gallery-item__caption\"><em>Foto: Josu\u00e9 J\u00fanior\/PMP.<\/em><\/figcaption><\/figure><\/li><\/ul><\/figure>\n\n\n\n<p>Segundo Anielle Louren\u00e7o, o encontro foi realizado com base nas necessidades dos profissionais presentes. <em>&#8220;Devido \u00e0s mudan\u00e7as no calend\u00e1rio de rotina ocasionadas pela pandemia da covid-19, n\u00f3s vimos a import\u00e2ncia de realizar uma forma\u00e7\u00e3o como essa para alinhar nosso servi\u00e7o e deixar todos a par.&#8221;.<\/em> Uma din\u00e2mica em grupo foi realizada durante o in\u00edcio da forma\u00e7\u00e3o para que o assunto fosse melhor fixado. <\/p>\n\n\n\n<p>A t\u00e9cnica em enfermagem Janike Ferraz participou do evento e afirmou que a forma\u00e7\u00e3o foi proveitosa. <em>&#8220;Achei super interessante, poderia ter mais vezes, acho isso bem proveitoso. Ajuda a gente em alertar algumas coisas que as vezes n\u00e3o sabemos ou at\u00e9 ent\u00e3o lembrar mais. Ajuda a abrir mais a mente da gente!&#8221;<\/em><\/p>\n\n\n\n<p>E nesta quinta-feira (4) ser\u00e1 a vez dos enfermeiros participarem. A capacita\u00e7\u00e3o para esse p\u00fablico tamb\u00e9m ocorrer\u00e1 na Unidade B\u00e1sica de Sa\u00fade Centro, com in\u00edcio \u00e0s 14h. O encontro \u00e9 fundamental para a entrega de um servi\u00e7o cada vez mais qualificado para a popula\u00e7\u00e3o.<\/p>\n\n\n\n<p><strong>Confira mais registros na galeria abaixo:<\/strong><\/p>\n\n\n\n<figure class=\"wp-block-gallery columns-3 is-cropped wp-block-gallery-2 is-layout-flex wp-block-gallery-is-layout-flex\"><ul class=\"blocks-gallery-grid\"><li class=\"blocks-gallery-item\"><figure><img loading=\"lazy\" decoding=\"async\" width=\"800\" height=\"450\" data-attachment-id=\"20002\" data-permalink=\"https:\/\/www.paudalho.pe.gov.br\/portal\/secretaria-de-saude-de-paudalho-promove-capacitacao-sobre-vacinacao-com-servidores-municipais\/10-5\/\" data-orig-file=\"https:\/\/www.paudalho.pe.gov.br\/portal\/wp-content\/uploads\/2021\/11\/10.jpeg\" data-orig-size=\"1600,1066\" data-comments-opened=\"1\" data-image-meta=\"{&quot;aperture&quot;:&quot;0&quot;,&quot;credit&quot;:&quot;&quot;,&quot;camera&quot;:&quot;&quot;,&quot;caption&quot;:&quot;&quot;,&quot;created_timestamp&quot;:&quot;0&quot;,&quot;copyright&quot;:&quot;&quot;,&quot;focal_length&quot;:&quot;0&quot;,&quot;iso&quot;:&quot;0&quot;,&quot;shutter_speed&quot;:&quot;0&quot;,&quot;title&quot;:&quot;&quot;,&quot;orientation&quot;:&quot;0&quot;}\" data-image-title=\"10\" data-image-description=\"\" data-image-caption=\"\" data-medium-file=\"https:\/\/www.paudalho.pe.gov.br\/portal\/wp-content\/uploads\/2021\/11\/10-350x230.jpeg\" data-large-file=\"https:\/\/www.paudalho.pe.gov.br\/portal\/wp-content\/uploads\/2021\/11\/10-800x450.jpeg\" src=\"https:\/\/www.paudalho.pe.gov.br\/portal\/wp-content\/uploads\/2021\/11\/10-800x450.jpeg\" alt=\"\" data-id=\"20002\" data-full-url=\"https:\/\/www.paudalho.pe.gov.br\/portal\/wp-content\/uploads\/2021\/11\/10.jpeg\" data-link=\"https:\/\/www.paudalho.pe.gov.br\/portal\/?attachment_id=20002\" class=\"wp-image-20002\"\/><figcaption class=\"blocks-gallery-item__caption\"> <em>Foto: Josu\u00e9 J\u00fanior\/PMP.<\/em> <\/figcaption><\/figure><\/li><li class=\"blocks-gallery-item\"><figure><img loading=\"lazy\" decoding=\"async\" width=\"800\" height=\"450\" data-attachment-id=\"20003\" data-permalink=\"https:\/\/www.paudalho.pe.gov.br\/portal\/secretaria-de-saude-de-paudalho-promove-capacitacao-sobre-vacinacao-com-servidores-municipais\/09-5\/\" data-orig-file=\"https:\/\/www.paudalho.pe.gov.br\/portal\/wp-content\/uploads\/2021\/11\/09.jpeg\" data-orig-size=\"1600,1066\" data-comments-opened=\"1\" data-image-meta=\"{&quot;aperture&quot;:&quot;0&quot;,&quot;credit&quot;:&quot;&quot;,&quot;camera&quot;:&quot;&quot;,&quot;caption&quot;:&quot;&quot;,&quot;created_timestamp&quot;:&quot;0&quot;,&quot;copyright&quot;:&quot;&quot;,&quot;focal_length&quot;:&quot;0&quot;,&quot;iso&quot;:&quot;0&quot;,&quot;shutter_speed&quot;:&quot;0&quot;,&quot;title&quot;:&quot;&quot;,&quot;orientation&quot;:&quot;0&quot;}\" data-image-title=\"09\" data-image-description=\"\" data-image-caption=\"\" data-medium-file=\"https:\/\/www.paudalho.pe.gov.br\/portal\/wp-content\/uploads\/2021\/11\/09-350x230.jpeg\" data-large-file=\"https:\/\/www.paudalho.pe.gov.br\/portal\/wp-content\/uploads\/2021\/11\/09-800x450.jpeg\" src=\"https:\/\/www.paudalho.pe.gov.br\/portal\/wp-content\/uploads\/2021\/11\/09-800x450.jpeg\" alt=\"\" data-id=\"20003\" data-full-url=\"https:\/\/www.paudalho.pe.gov.br\/portal\/wp-content\/uploads\/2021\/11\/09.jpeg\" data-link=\"https:\/\/www.paudalho.pe.gov.br\/portal\/?attachment_id=20003\" class=\"wp-image-20003\"\/><figcaption class=\"blocks-gallery-item__caption\"> <em>Foto: Josu\u00e9 J\u00fanior\/PMP.<\/em> <\/figcaption><\/figure><\/li><li class=\"blocks-gallery-item\"><figure><img loading=\"lazy\" decoding=\"async\" width=\"800\" height=\"450\" data-attachment-id=\"20004\" data-permalink=\"https:\/\/www.paudalho.pe.gov.br\/portal\/secretaria-de-saude-de-paudalho-promove-capacitacao-sobre-vacinacao-com-servidores-municipais\/08-5\/\" data-orig-file=\"https:\/\/www.paudalho.pe.gov.br\/portal\/wp-content\/uploads\/2021\/11\/08.jpeg\" data-orig-size=\"1600,1066\" data-comments-opened=\"1\" data-image-meta=\"{&quot;aperture&quot;:&quot;0&quot;,&quot;credit&quot;:&quot;&quot;,&quot;camera&quot;:&quot;&quot;,&quot;caption&quot;:&quot;&quot;,&quot;created_timestamp&quot;:&quot;0&quot;,&quot;copyright&quot;:&quot;&quot;,&quot;focal_length&quot;:&quot;0&quot;,&quot;iso&quot;:&quot;0&quot;,&quot;shutter_speed&quot;:&quot;0&quot;,&quot;title&quot;:&quot;&quot;,&quot;orientation&quot;:&quot;0&quot;}\" data-image-title=\"08\" data-image-description=\"\" data-image-caption=\"\" data-medium-file=\"https:\/\/www.paudalho.pe.gov.br\/portal\/wp-content\/uploads\/2021\/11\/08-350x230.jpeg\" data-large-file=\"https:\/\/www.paudalho.pe.gov.br\/portal\/wp-content\/uploads\/2021\/11\/08-800x450.jpeg\" src=\"https:\/\/www.paudalho.pe.gov.br\/portal\/wp-content\/uploads\/2021\/11\/08-800x450.jpeg\" alt=\"\" data-id=\"20004\" data-full-url=\"https:\/\/www.paudalho.pe.gov.br\/portal\/wp-content\/uploads\/2021\/11\/08.jpeg\" data-link=\"https:\/\/www.paudalho.pe.gov.br\/portal\/?attachment_id=20004\" class=\"wp-image-20004\"\/><figcaption class=\"blocks-gallery-item__caption\"> <em>Foto: Josu\u00e9 J\u00fanior\/PMP.<\/em> <\/figcaption><\/figure><\/li><li class=\"blocks-gallery-item\"><figure><img loading=\"lazy\" decoding=\"async\" width=\"800\" height=\"450\" data-attachment-id=\"20005\" data-permalink=\"https:\/\/www.paudalho.pe.gov.br\/portal\/secretaria-de-saude-de-paudalho-promove-capacitacao-sobre-vacinacao-com-servidores-municipais\/07-5\/\" data-orig-file=\"https:\/\/www.paudalho.pe.gov.br\/portal\/wp-content\/uploads\/2021\/11\/07.jpeg\" data-orig-size=\"1600,1066\" data-comments-opened=\"1\" data-image-meta=\"{&quot;aperture&quot;:&quot;0&quot;,&quot;credit&quot;:&quot;&quot;,&quot;camera&quot;:&quot;&quot;,&quot;caption&quot;:&quot;&quot;,&quot;created_timestamp&quot;:&quot;0&quot;,&quot;copyright&quot;:&quot;&quot;,&quot;focal_length&quot;:&quot;0&quot;,&quot;iso&quot;:&quot;0&quot;,&quot;shutter_speed&quot;:&quot;0&quot;,&quot;title&quot;:&quot;&quot;,&quot;orientation&quot;:&quot;0&quot;}\" data-image-title=\"07\" data-image-description=\"\" data-image-caption=\"\" data-medium-file=\"https:\/\/www.paudalho.pe.gov.br\/portal\/wp-content\/uploads\/2021\/11\/07-350x230.jpeg\" data-large-file=\"https:\/\/www.paudalho.pe.gov.br\/portal\/wp-content\/uploads\/2021\/11\/07-800x450.jpeg\" src=\"https:\/\/www.paudalho.pe.gov.br\/portal\/wp-content\/uploads\/2021\/11\/07-800x450.jpeg\" alt=\"\" data-id=\"20005\" data-full-url=\"https:\/\/www.paudalho.pe.gov.br\/portal\/wp-content\/uploads\/2021\/11\/07.jpeg\" data-link=\"https:\/\/www.paudalho.pe.gov.br\/portal\/?attachment_id=20005\" class=\"wp-image-20005\"\/><figcaption class=\"blocks-gallery-item__caption\"> <em>Foto: Josu\u00e9 J\u00fanior\/PMP.<\/em> <\/figcaption><\/figure><\/li><li class=\"blocks-gallery-item\"><figure><img loading=\"lazy\" decoding=\"async\" width=\"800\" height=\"450\" data-attachment-id=\"20006\" data-permalink=\"https:\/\/www.paudalho.pe.gov.br\/portal\/secretaria-de-saude-de-paudalho-promove-capacitacao-sobre-vacinacao-com-servidores-municipais\/06-5\/\" data-orig-file=\"https:\/\/www.paudalho.pe.gov.br\/portal\/wp-content\/uploads\/2021\/11\/06.jpeg\" data-orig-size=\"1600,1066\" data-comments-opened=\"1\" data-image-meta=\"{&quot;aperture&quot;:&quot;0&quot;,&quot;credit&quot;:&quot;&quot;,&quot;camera&quot;:&quot;&quot;,&quot;caption&quot;:&quot;&quot;,&quot;created_timestamp&quot;:&quot;0&quot;,&quot;copyright&quot;:&quot;&quot;,&quot;focal_length&quot;:&quot;0&quot;,&quot;iso&quot;:&quot;0&quot;,&quot;shutter_speed&quot;:&quot;0&quot;,&quot;title&quot;:&quot;&quot;,&quot;orientation&quot;:&quot;0&quot;}\" data-image-title=\"06\" data-image-description=\"\" data-image-caption=\"\" data-medium-file=\"https:\/\/www.paudalho.pe.gov.br\/portal\/wp-content\/uploads\/2021\/11\/06-350x230.jpeg\" data-large-file=\"https:\/\/www.paudalho.pe.gov.br\/portal\/wp-content\/uploads\/2021\/11\/06-800x450.jpeg\" src=\"https:\/\/www.paudalho.pe.gov.br\/portal\/wp-content\/uploads\/2021\/11\/06-800x450.jpeg\" alt=\"\" data-id=\"20006\" data-full-url=\"https:\/\/www.paudalho.pe.gov.br\/portal\/wp-content\/uploads\/2021\/11\/06.jpeg\" data-link=\"https:\/\/www.paudalho.pe.gov.br\/portal\/?attachment_id=20006\" class=\"wp-image-20006\"\/><figcaption class=\"blocks-gallery-item__caption\"> <em>Foto: Josu\u00e9 J\u00fanior\/PMP.<\/em> <\/figcaption><\/figure><\/li><li class=\"blocks-gallery-item\"><figure><img loading=\"lazy\" decoding=\"async\" width=\"800\" height=\"450\" data-attachment-id=\"20007\" data-permalink=\"https:\/\/www.paudalho.pe.gov.br\/portal\/secretaria-de-saude-de-paudalho-promove-capacitacao-sobre-vacinacao-com-servidores-municipais\/05-4\/\" data-orig-file=\"https:\/\/www.paudalho.pe.gov.br\/portal\/wp-content\/uploads\/2021\/11\/05.jpeg\" data-orig-size=\"1600,1066\" data-comments-opened=\"1\" data-image-meta=\"{&quot;aperture&quot;:&quot;0&quot;,&quot;credit&quot;:&quot;&quot;,&quot;camera&quot;:&quot;&quot;,&quot;caption&quot;:&quot;&quot;,&quot;created_timestamp&quot;:&quot;0&quot;,&quot;copyright&quot;:&quot;&quot;,&quot;focal_length&quot;:&quot;0&quot;,&quot;iso&quot;:&quot;0&quot;,&quot;shutter_speed&quot;:&quot;0&quot;,&quot;title&quot;:&quot;&quot;,&quot;orientation&quot;:&quot;0&quot;}\" data-image-title=\"05\" data-image-description=\"\" data-image-caption=\"\" data-medium-file=\"https:\/\/www.paudalho.pe.gov.br\/portal\/wp-content\/uploads\/2021\/11\/05-350x230.jpeg\" data-large-file=\"https:\/\/www.paudalho.pe.gov.br\/portal\/wp-content\/uploads\/2021\/11\/05-800x450.jpeg\" src=\"https:\/\/www.paudalho.pe.gov.br\/portal\/wp-content\/uploads\/2021\/11\/05-800x450.jpeg\" alt=\"\" data-id=\"20007\" data-full-url=\"https:\/\/www.paudalho.pe.gov.br\/portal\/wp-content\/uploads\/2021\/11\/05.jpeg\" data-link=\"https:\/\/www.paudalho.pe.gov.br\/portal\/?attachment_id=20007\" class=\"wp-image-20007\"\/><figcaption class=\"blocks-gallery-item__caption\"> <em>Foto: Josu\u00e9 J\u00fanior\/PMP.<\/em> <\/figcaption><\/figure><\/li><li class=\"blocks-gallery-item\"><figure><img loading=\"lazy\" decoding=\"async\" width=\"800\" height=\"450\" data-attachment-id=\"20009\" data-permalink=\"https:\/\/www.paudalho.pe.gov.br\/portal\/secretaria-de-saude-de-paudalho-promove-capacitacao-sobre-vacinacao-com-servidores-municipais\/04-5\/\" data-orig-file=\"https:\/\/www.paudalho.pe.gov.br\/portal\/wp-content\/uploads\/2021\/11\/04.jpeg\" data-orig-size=\"1600,1066\" data-comments-opened=\"1\" data-image-meta=\"{&quot;aperture&quot;:&quot;0&quot;,&quot;credit&quot;:&quot;&quot;,&quot;camera&quot;:&quot;&quot;,&quot;caption&quot;:&quot;&quot;,&quot;created_timestamp&quot;:&quot;0&quot;,&quot;copyright&quot;:&quot;&quot;,&quot;focal_length&quot;:&quot;0&quot;,&quot;iso&quot;:&quot;0&quot;,&quot;shutter_speed&quot;:&quot;0&quot;,&quot;title&quot;:&quot;&quot;,&quot;orientation&quot;:&quot;0&quot;}\" data-image-title=\"04\" data-image-description=\"\" data-image-caption=\"\" data-medium-file=\"https:\/\/www.paudalho.pe.gov.br\/portal\/wp-content\/uploads\/2021\/11\/04-350x230.jpeg\" data-large-file=\"https:\/\/www.paudalho.pe.gov.br\/portal\/wp-content\/uploads\/2021\/11\/04-800x450.jpeg\" src=\"https:\/\/www.paudalho.pe.gov.br\/portal\/wp-content\/uploads\/2021\/11\/04-800x450.jpeg\" alt=\"\" data-id=\"20009\" data-full-url=\"https:\/\/www.paudalho.pe.gov.br\/portal\/wp-content\/uploads\/2021\/11\/04.jpeg\" data-link=\"https:\/\/www.paudalho.pe.gov.br\/portal\/?attachment_id=20009\" class=\"wp-image-20009\"\/><figcaption class=\"blocks-gallery-item__caption\"> <em>Foto: Josu\u00e9 J\u00fanior\/PMP.<\/em> <\/figcaption><\/figure><\/li><li class=\"blocks-gallery-item\"><figure><img loading=\"lazy\" decoding=\"async\" width=\"800\" height=\"450\" data-attachment-id=\"20011\" data-permalink=\"https:\/\/www.paudalho.pe.gov.br\/portal\/secretaria-de-saude-de-paudalho-promove-capacitacao-sobre-vacinacao-com-servidores-municipais\/02-6\/\" data-orig-file=\"https:\/\/www.paudalho.pe.gov.br\/portal\/wp-content\/uploads\/2021\/11\/02.jpeg\" data-orig-size=\"1600,1066\" data-comments-opened=\"1\" data-image-meta=\"{&quot;aperture&quot;:&quot;0&quot;,&quot;credit&quot;:&quot;&quot;,&quot;camera&quot;:&quot;&quot;,&quot;caption&quot;:&quot;&quot;,&quot;created_timestamp&quot;:&quot;0&quot;,&quot;copyright&quot;:&quot;&quot;,&quot;focal_length&quot;:&quot;0&quot;,&quot;iso&quot;:&quot;0&quot;,&quot;shutter_speed&quot;:&quot;0&quot;,&quot;title&quot;:&quot;&quot;,&quot;orientation&quot;:&quot;0&quot;}\" data-image-title=\"02\" data-image-description=\"\" data-image-caption=\"\" data-medium-file=\"https:\/\/www.paudalho.pe.gov.br\/portal\/wp-content\/uploads\/2021\/11\/02-350x230.jpeg\" data-large-file=\"https:\/\/www.paudalho.pe.gov.br\/portal\/wp-content\/uploads\/2021\/11\/02-800x450.jpeg\" src=\"https:\/\/www.paudalho.pe.gov.br\/portal\/wp-content\/uploads\/2021\/11\/02-800x450.jpeg\" alt=\"\" data-id=\"20011\" data-full-url=\"https:\/\/www.paudalho.pe.gov.br\/portal\/wp-content\/uploads\/2021\/11\/02.jpeg\" data-link=\"https:\/\/www.paudalho.pe.gov.br\/portal\/?attachment_id=20011\" class=\"wp-image-20011\"\/><figcaption class=\"blocks-gallery-item__caption\"> <em>Foto: Josu\u00e9 J\u00fanior\/PMP.<\/em> <\/figcaption><\/figure><\/li><li class=\"blocks-gallery-item\"><figure><img loading=\"lazy\" decoding=\"async\" width=\"800\" height=\"450\" data-attachment-id=\"20012\" data-permalink=\"https:\/\/www.paudalho.pe.gov.br\/portal\/secretaria-de-saude-de-paudalho-promove-capacitacao-sobre-vacinacao-com-servidores-municipais\/01-5\/\" data-orig-file=\"https:\/\/www.paudalho.pe.gov.br\/portal\/wp-content\/uploads\/2021\/11\/01.jpeg\" data-orig-size=\"1600,1066\" data-comments-opened=\"1\" data-image-meta=\"{&quot;aperture&quot;:&quot;0&quot;,&quot;credit&quot;:&quot;&quot;,&quot;camera&quot;:&quot;&quot;,&quot;caption&quot;:&quot;&quot;,&quot;created_timestamp&quot;:&quot;0&quot;,&quot;copyright&quot;:&quot;&quot;,&quot;focal_length&quot;:&quot;0&quot;,&quot;iso&quot;:&quot;0&quot;,&quot;shutter_speed&quot;:&quot;0&quot;,&quot;title&quot;:&quot;&quot;,&quot;orientation&quot;:&quot;0&quot;}\" data-image-title=\"01\" data-image-description=\"\" data-image-caption=\"\" data-medium-file=\"https:\/\/www.paudalho.pe.gov.br\/portal\/wp-content\/uploads\/2021\/11\/01-350x230.jpeg\" data-large-file=\"https:\/\/www.paudalho.pe.gov.br\/portal\/wp-content\/uploads\/2021\/11\/01-800x450.jpeg\" src=\"https:\/\/www.paudalho.pe.gov.br\/portal\/wp-content\/uploads\/2021\/11\/01-800x450.jpeg\" alt=\"\" data-id=\"20012\" data-full-url=\"https:\/\/www.paudalho.pe.gov.br\/portal\/wp-content\/uploads\/2021\/11\/01.jpeg\" data-link=\"https:\/\/www.paudalho.pe.gov.br\/portal\/?attachment_id=20012\" class=\"wp-image-20012\"\/><figcaption class=\"blocks-gallery-item__caption\"> <em>Foto: Josu\u00e9 J\u00fanior\/PMP.<\/em> <\/figcaption><\/figure><\/li><\/ul><\/figure>\n\n\n\n<p> <\/p>\n","protected":false},"excerpt":{"rendered":"<p>A Prefeitura do Paudalho, atrav\u00e9s da Secretaria Municipal de Sa\u00fade, realizou na tarde da \u00faltima quarta-feira (3) uma forma\u00e7\u00e3o sobre vacina\u00e7\u00e3o com os t\u00e9cnicos de enfermagem e profissionais municipais integrantes do Programa Nacional de Imuniza\u00e7\u00f5es (PNI). O evento teve in\u00edcio \u00e0s 14h e ocorreu na Unidade B\u00e1sica de Sa\u00fade (UBS) Centro, localizada na comunidade de [&hellip;]<\/p>\n","protected":false},"author":6,"featured_media":19997,"comment_status":"open","ping_status":"open","sticky":false,"template":"","format":"standard","meta":{"_jetpack_newsletter_access":"","_jetpack_dont_email_post_to_subs":false,"_jetpack_newsletter_tier_id":0,"_jetpack_memberships_contains_paywalled_content":false,"_jetpack_memberships_contains_paid_content":false,"footnotes":""},"categories":[732,2,1,3],"tags":[819,14,22,168,314],"class_list":["post-19971","post","type-post","status-publish","format-standard","has-post-thumbnail","hentry","category-covid-19","category-destaque","category-noticias","category-saude","tag-calendario-vacinal","tag-paudalho","tag-prefeitura-do-paudalho","tag-secretaria-de-saude","tag-vacinacao"],"jetpack_featured_media_url":"https:\/\/www.paudalho.pe.gov.br\/portal\/wp-content\/uploads\/2021\/11\/Formacao-sobre-vacinacao-em-Paudalho-PE.jpeg","jetpack_sharing_enabled":true,"jetpack_shortlink":"https:\/\/wp.me\/p98mS2-5c7","_links":{"self":[{"href":"https:\/\/www.paudalho.pe.gov.br\/portal\/wp-json\/wp\/v2\/posts\/19971","targetHints":{"allow":["GET"]}}],"collection":[{"href":"https:\/\/www.paudalho.pe.gov.br\/portal\/wp-json\/wp\/v2\/posts"}],"about":[{"href":"https:\/\/www.paudalho.pe.gov.br\/portal\/wp-json\/wp\/v2\/types\/post"}],"author":[{"embeddable":true,"href":"https:\/\/www.paudalho.pe.gov.br\/portal\/wp-json\/wp\/v2\/users\/6"}],"replies":[{"embeddable":true,"href":"https:\/\/www.paudalho.pe.gov.br\/portal\/wp-json\/wp\/v2\/comments?post=19971"}],"version-history":[{"count":18,"href":"https:\/\/www.paudalho.pe.gov.br\/portal\/wp-json\/wp\/v2\/posts\/19971\/revisions"}],"predecessor-version":[{"id":20022,"href":"https:\/\/www.paudalho.pe.gov.br\/portal\/wp-json\/wp\/v2\/posts\/19971\/revisions\/20022"}],"wp:featuredmedia":[{"embeddable":true,"href":"https:\/\/www.paudalho.pe.gov.br\/portal\/wp-json\/wp\/v2\/media\/19997"}],"wp:attachment":[{"href":"https:\/\/www.paudalho.pe.gov.br\/portal\/wp-json\/wp\/v2\/media?parent=19971"}],"wp:term":[{"taxonomy":"category","embeddable":true,"href":"https:\/\/www.paudalho.pe.gov.br\/portal\/wp-json\/wp\/v2\/categories?post=19971"},{"taxonomy":"post_tag","embeddable":true,"href":"https:\/\/www.paudalho.pe.gov.br\/portal\/wp-json\/wp\/v2\/tags?post=19971"}],"curies":[{"name":"wp","href":"https:\/\/api.w.org\/{rel}","templated":true}]}}