{"id":19940,"date":"2021-10-29T16:16:59","date_gmt":"2021-10-29T19:16:59","guid":{"rendered":"https:\/\/www.paudalho.pe.gov.br\/portal\/?p=19940"},"modified":"2025-01-08T00:39:21","modified_gmt":"2025-01-08T03:39:21","slug":"prefeitura-do-paudalho-promovera-aulao-preparatorio-gratuito-para-o-enem-2021","status":"publish","type":"post","link":"https:\/\/www.paudalho.pe.gov.br\/portal\/prefeitura-do-paudalho-promovera-aulao-preparatorio-gratuito-para-o-enem-2021\/","title":{"rendered":"Prefeitura do Paudalho promover\u00e1 aul\u00e3o preparat\u00f3rio gratuito para o ENEM 2021"},"content":{"rendered":"\n<p>A data de realiza\u00e7\u00e3o do Exame Nacional do Ensino M\u00e9dio (ENEM) 2021 est\u00e1 cada dia mais pr\u00f3xima. A edi\u00e7\u00e3o deste ano ocorrer\u00e1 em dois finais de semana diferentes, nos dias 21 e 28 de novembro. Para prestar apoio aos paudalhenses durante essa reta final, a Prefeitura do Paudalho, por meio da Secretaria Municipal de Cultura, Turismo, Lazer e Juventude, em parceria com a Secretaria Municipal de Educa\u00e7\u00e3o e Esportes e com a Faculdade Novo Horizonte, promover\u00e1 o <strong>1\u00ba Aul\u00e3o L\u00e1 vem o ENEM<\/strong>.<\/p>\n\n\n\n<p>O evento ser\u00e1 promovido nas datas 13 e 14 de novembro, sendo o hor\u00e1rio de realiza\u00e7\u00e3o do primeiro dia das 8h \u00e0s 17h e do segundo das 8h \u00e0s 12h. O aul\u00e3o ocorrer\u00e1 na quadra da Escola de Refer\u00eancia em Ensino M\u00e9dio Confedera\u00e7\u00e3o do Equador, localizada na comunidade Alto Dois Irm\u00e3os. A Prefeitura disponibilizar\u00e1 transporte gratuito para o local de realiza\u00e7\u00e3o do encontro, com sa\u00edda \u00e0s 7h e ponto de embarque em todas as escolas municipais da cidade.<\/p>\n\n\n\n<p>O intensivo tem o prop\u00f3sito de preparar os estudantes para a prova que \u00e9 a principal forma de ingresso para institui\u00e7\u00f5es de ensino superior tanto p\u00fablicas como privadas. No s\u00e1bado (13), os alunos ter\u00e3o aulas de revis\u00e3o nas \u00e1reas de Ci\u00eancias Humanas, Linguagens, C\u00f3digos e suas Tecnologias. J\u00e1 no domingo, ser\u00e1 a vez de refor\u00e7ar as mat\u00e9rias de Ci\u00eancias da Natureza e Matem\u00e1tica e suas Tecnologias. Os participantes contar\u00e3o com a ajuda de 12 professores da Rede Municipal de Ensino.<\/p>\n\n\n\n<h3 class=\"wp-block-heading\"><strong>Saiba como se inscrever no Aul\u00e3o L\u00e1 vem o ENEM<\/strong><\/h3>\n\n\n\n<p>As inscri\u00e7\u00f5es para o Aul\u00e3o L\u00e1 vem o ENEM ter\u00e3o in\u00edcio na quarta-feira (3) e prosseguir\u00e3o at\u00e9 o dia 9 de novembro. Ao todo, ser\u00e3o disponibilizadas 200 vagas. O cadastramento \u00e9 gratuito e aberto para todos que fizeram a matr\u00edcula no Exame Nacional do Ensino M\u00e9dio. O cadastro deve ser realizado de forma presencial no edif\u00edcio da Casa das Juventudes Ma\u00edlson Francisco da Silva, localizado na comunidade Alto do Cruzeiro.<\/p>\n\n\n\n<p>O atendimento no local funciona de segunda a sexta, das 8h \u00e0s 17h. Para realizar a inscri\u00e7\u00e3o, os interessados devem apresentar o documento oficial de identidade. No dia do evento, al\u00e9m da identidade tamb\u00e9m ser\u00e1 necess\u00e1rio ter em m\u00e3os a carteira de vacina\u00e7\u00e3o contra a covid-19 com ao menos um dose aplicada. Outra recomenda\u00e7\u00e3o \u00e9 levar um l\u00e1pis ou uma caneta. O uso de m\u00e1scara ser\u00e1 obrigat\u00f3rio durante a ocasi\u00e3o.<\/p>\n","protected":false},"excerpt":{"rendered":"<p>A data de realiza\u00e7\u00e3o do Exame Nacional do Ensino M\u00e9dio (ENEM) 2021 est\u00e1 cada dia mais pr\u00f3xima. A edi\u00e7\u00e3o deste ano ocorrer\u00e1 em dois finais de semana diferentes, nos dias 21 e 28 de novembro. Para prestar apoio aos paudalhenses durante essa reta final, a Prefeitura do Paudalho, por meio da Secretaria Municipal de Cultura, [&hellip;]<\/p>\n","protected":false},"author":6,"featured_media":19958,"comment_status":"open","ping_status":"open","sticky":false,"template":"","format":"standard","meta":{"_jetpack_newsletter_access":"","_jetpack_dont_email_post_to_subs":false,"_jetpack_newsletter_tier_id":0,"_jetpack_memberships_contains_paywalled_content":false,"_jetpack_memberships_contains_paid_content":false,"footnotes":""},"categories":[2,4,793,1],"tags":[817,816,30,22],"class_list":["post-19940","post","type-post","status-publish","format-standard","has-post-thumbnail","hentry","category-destaque","category-educacao","category-juventudes","category-noticias","tag-aulao-la-vem-o-enem","tag-casa-das-juventudes","tag-educacao","tag-prefeitura-do-paudalho"],"jetpack_featured_media_url":"https:\/\/www.paudalho.pe.gov.br\/portal\/wp-content\/uploads\/2021\/10\/enem-paudalho-2021.jpg","jetpack_sharing_enabled":true,"jetpack_shortlink":"https:\/\/wp.me\/p98mS2-5bC","_links":{"self":[{"href":"https:\/\/www.paudalho.pe.gov.br\/portal\/wp-json\/wp\/v2\/posts\/19940","targetHints":{"allow":["GET"]}}],"collection":[{"href":"https:\/\/www.paudalho.pe.gov.br\/portal\/wp-json\/wp\/v2\/posts"}],"about":[{"href":"https:\/\/www.paudalho.pe.gov.br\/portal\/wp-json\/wp\/v2\/types\/post"}],"author":[{"embeddable":true,"href":"https:\/\/www.paudalho.pe.gov.br\/portal\/wp-json\/wp\/v2\/users\/6"}],"replies":[{"embeddable":true,"href":"https:\/\/www.paudalho.pe.gov.br\/portal\/wp-json\/wp\/v2\/comments?post=19940"}],"version-history":[{"count":20,"href":"https:\/\/www.paudalho.pe.gov.br\/portal\/wp-json\/wp\/v2\/posts\/19940\/revisions"}],"predecessor-version":[{"id":20161,"href":"https:\/\/www.paudalho.pe.gov.br\/portal\/wp-json\/wp\/v2\/posts\/19940\/revisions\/20161"}],"wp:featuredmedia":[{"embeddable":true,"href":"https:\/\/www.paudalho.pe.gov.br\/portal\/wp-json\/wp\/v2\/media\/19958"}],"wp:attachment":[{"href":"https:\/\/www.paudalho.pe.gov.br\/portal\/wp-json\/wp\/v2\/media?parent=19940"}],"wp:term":[{"taxonomy":"category","embeddable":true,"href":"https:\/\/www.paudalho.pe.gov.br\/portal\/wp-json\/wp\/v2\/categories?post=19940"},{"taxonomy":"post_tag","embeddable":true,"href":"https:\/\/www.paudalho.pe.gov.br\/portal\/wp-json\/wp\/v2\/tags?post=19940"}],"curies":[{"name":"wp","href":"https:\/\/api.w.org\/{rel}","templated":true}]}}