{"id":19927,"date":"2021-12-08T15:46:10","date_gmt":"2021-12-08T18:46:10","guid":{"rendered":"https:\/\/www.paudalho.pe.gov.br\/portal\/?p=19927"},"modified":"2025-01-08T00:39:18","modified_gmt":"2025-01-08T03:39:18","slug":"prefeitura-do-paudalho-realiza-cadastro-de-municipes-portadores-de-fibromialgia","status":"publish","type":"post","link":"https:\/\/www.paudalho.pe.gov.br\/portal\/prefeitura-do-paudalho-realiza-cadastro-de-municipes-portadores-de-fibromialgia\/","title":{"rendered":"Prefeitura do Paudalho realiza cadastro de mun\u00edcipes portadores de fibromialgia"},"content":{"rendered":"\n<p>A Prefeitura do Paudalho, atrav\u00e9s de sua Secretaria Municipal de Sa\u00fade, inicia nesta quarta-feira (08) o cadastramento online de mun\u00edcipes portadores de fibromialgia. O cadastro ser\u00e1 utilizado para a entrega de um cart\u00e3o de identifica\u00e7\u00e3o para as pessoas acometidas pela doen\u00e7a, por meio de comprova\u00e7\u00e3o m\u00e9dica, para o atendimento priorit\u00e1rio em estabelecimentos p\u00fablicos e privados.<\/p>\n\n\n\n<p>O cadastramento atende a Lei n\u00ba 990, de 27 de agosto de 2021, que, al\u00e9m da prioridade nos servi\u00e7os, tamb\u00e9m institui o Dia de Conscientiza\u00e7\u00e3o e Enfrentamento \u00e0 Fibromialgia. O marco passou a integrar o calend\u00e1rio de eventos oficiais do munic\u00edpio e ser\u00e1 comemorado a cada dia 12 de maio. Nesse per\u00edodo ser\u00e3o realizadas campanhas educativas e de esclarecimento \u00e0 popula\u00e7\u00e3o e aos profissionais de sa\u00fade sobre a doen\u00e7a, seus sinais, sintomas e formas de melhorar a qualidade de vida dos doentes.<\/p>\n\n\n\n<p>A secret\u00e1ria municipal de Sa\u00fade, L\u00facia Matias, ressalta a finalidade da implanta\u00e7\u00e3o de mudan\u00e7as como essas na cidade. <em>\u201cA garantia desse cart\u00e3o \u00e9 de suma import\u00e2ncia porque disp\u00f5e sobre o atendimento preferencial \u00e0s pessoas com fibromialgia, constituindo esse atendimento em Paudalho como uma prioridade, possibilitando inclusive que a popula\u00e7\u00e3o conhe\u00e7a sobre a doen\u00e7a.\u201d<\/em><\/p>\n\n\n\n<figure class=\"wp-block-gallery columns-1 is-cropped wp-block-gallery-1 is-layout-flex wp-block-gallery-is-layout-flex\"><ul class=\"blocks-gallery-grid\"><li class=\"blocks-gallery-item\"><figure><img loading=\"lazy\" decoding=\"async\" width=\"800\" height=\"450\" data-attachment-id=\"21127\" data-permalink=\"https:\/\/www.paudalho.pe.gov.br\/portal\/prefeitura-do-paudalho-realiza-cadastro-de-municipes-portadores-de-fibromialgia\/pexels-kindel-media-7298849\/\" data-orig-file=\"https:\/\/www.paudalho.pe.gov.br\/portal\/wp-content\/uploads\/2021\/12\/pexels-kindel-media-7298849-scaled.jpg\" data-orig-size=\"2560,1442\" data-comments-opened=\"1\" data-image-meta=\"{&quot;aperture&quot;:&quot;0&quot;,&quot;credit&quot;:&quot;&quot;,&quot;camera&quot;:&quot;&quot;,&quot;caption&quot;:&quot;&quot;,&quot;created_timestamp&quot;:&quot;0&quot;,&quot;copyright&quot;:&quot;&quot;,&quot;focal_length&quot;:&quot;0&quot;,&quot;iso&quot;:&quot;0&quot;,&quot;shutter_speed&quot;:&quot;0&quot;,&quot;title&quot;:&quot;&quot;,&quot;orientation&quot;:&quot;0&quot;}\" data-image-title=\"pexels-kindel-media-7298849\" data-image-description=\"\" data-image-caption=\"\" data-medium-file=\"https:\/\/www.paudalho.pe.gov.br\/portal\/wp-content\/uploads\/2021\/12\/pexels-kindel-media-7298849-350x230.jpg\" data-large-file=\"https:\/\/www.paudalho.pe.gov.br\/portal\/wp-content\/uploads\/2021\/12\/pexels-kindel-media-7298849-800x450.jpg\" src=\"https:\/\/www.paudalho.pe.gov.br\/portal\/wp-content\/uploads\/2021\/12\/pexels-kindel-media-7298849-800x450.jpg\" alt=\"\" data-id=\"21127\" data-full-url=\"https:\/\/www.paudalho.pe.gov.br\/portal\/wp-content\/uploads\/2021\/12\/pexels-kindel-media-7298849-scaled.jpg\" data-link=\"https:\/\/www.paudalho.pe.gov.br\/portal\/?attachment_id=21127\" class=\"wp-image-21127\" srcset=\"https:\/\/www.paudalho.pe.gov.br\/portal\/wp-content\/uploads\/2021\/12\/pexels-kindel-media-7298849-800x450.jpg 800w, https:\/\/www.paudalho.pe.gov.br\/portal\/wp-content\/uploads\/2021\/12\/pexels-kindel-media-7298849-768x433.jpg 768w, https:\/\/www.paudalho.pe.gov.br\/portal\/wp-content\/uploads\/2021\/12\/pexels-kindel-media-7298849-1536x865.jpg 1536w, https:\/\/www.paudalho.pe.gov.br\/portal\/wp-content\/uploads\/2021\/12\/pexels-kindel-media-7298849-2048x1154.jpg 2048w\" sizes=\"auto, (max-width: 800px) 100vw, 800px\" \/><figcaption class=\"blocks-gallery-item__caption\"><em>Imagem: Ilustrativa\/Pexels.<\/em><\/figcaption><\/figure><\/li><\/ul><\/figure>\n\n\n\n<p>A fibromialgia \u00e9 uma s\u00edndrome desconhecida para muitos, mas que afeta diretamente no cotidiano na vida de quem a possui. De acordo com a Sociedade Brasileira de Reumatologia (SBR), a enfermidade \u00e9 uma condi\u00e7\u00e3o que se caracteriza por dor muscular generalizada, cr\u00f4nica, mas que n\u00e3o apresenta evid\u00eancia de inflama\u00e7\u00e3o local nem causa definida.<\/p>\n\n\n\n<p>A secret\u00e1ria tamb\u00e9m destacou a import\u00e2ncia de falar sobre o tema para que a s\u00edndrome fique mais conhecida. <em>\u201cPouca gente conhece, muitas vezes apenas quando tem algum parente pr\u00f3ximo \u00e9 que come\u00e7a a entender essa doen\u00e7a.\u201d <\/em>Segundo uma pesquisa realizada pela SBR, 3% dos brasileiros sofrem com a doen\u00e7a, em sua maioria, mulheres entre 30 e 55 anos. Entretanto, a fibromialgia pode afetar todos os g\u00eaneros e idades.<\/p>\n\n\n\n<h3 class=\"wp-block-heading\"><strong>Cadastro online<\/strong><\/h3>\n\n\n\n<p>O cadastro de pessoas com fibromialgia dever\u00e1 ser realizado de forma online atrav\u00e9s do formul\u00e1rio disponibilizado pela Prefeitura do Paudalho. Ser\u00e1 necess\u00e1rio que o os pacientes forne\u00e7am algumas informa\u00e7\u00f5es pessoais como o nome completo, o CPF, o RG, o n\u00famero do cart\u00e3o do SUS, o endere\u00e7o, e uma foto 3&#215;4. Tamb\u00e9m ser\u00e1 preciso anexar documentos comprobat\u00f3rios como o laudo m\u00e9dico e um comprovante de resid\u00eancia.<\/p>\n\n\n\n<p><strong><a href=\"https:\/\/docs.google.com\/forms\/d\/e\/1FAIpQLSeucuvNNQGu0EVNCNW4pR_hXFeJWb6DrnOx_6XL948GdR_xhg\/viewform?usp=sf_link\" target=\"_blank\" rel=\"noreferrer noopener\">CLIQUE AQUI E ACESSE O FORMUL\u00c1RIO<\/a><\/strong><br><br><strong>Confira abaixo a Lei n\u00ba 990, de 27 de agosto de 2021, na \u00edntegra:<\/strong><\/p>\n\n\n\n<div data-wp-interactive=\"core\/file\" class=\"wp-block-file\"><object data-wp-bind--hidden=\"!state.hasPdfPreview\" hidden class=\"wp-block-file__embed\" data=\"https:\/\/www.paudalho.pe.gov.br\/portal\/wp-content\/uploads\/2021\/10\/Lei-990-2021-Institui-Dia-da-Fibriomialgia.pdf\" type=\"application\/pdf\" style=\"width:100%;height:600px\" aria-label=\"Incorporado de Incorporado de FA\u00c7A AQUI O DOWNLOAD DA LEI N\u00ba 990, DE 27 DE AGOSTO DE 2021...\"><\/object><a href=\"https:\/\/www.paudalho.pe.gov.br\/portal\/wp-content\/uploads\/2021\/10\/Lei-990-2021-Institui-Dia-da-Fibriomialgia.pdf\">FA\u00c7A AQUI O DOWNLOAD DA LEI N\u00ba 990, DE 27 DE AGOSTO DE 2021.<\/a><a href=\"https:\/\/www.paudalho.pe.gov.br\/portal\/wp-content\/uploads\/2021\/10\/Lei-990-2021-Institui-Dia-da-Fibriomialgia.pdf\" class=\"wp-block-file__button\" download>Baixar<\/a><\/div>\n\n\n\n<p><\/p>\n","protected":false},"excerpt":{"rendered":"<p>A Prefeitura do Paudalho, atrav\u00e9s de sua Secretaria Municipal de Sa\u00fade, inicia nesta quarta-feira (08) o cadastramento online de mun\u00edcipes portadores de fibromialgia. O cadastro ser\u00e1 utilizado para a entrega de um cart\u00e3o de identifica\u00e7\u00e3o para as pessoas acometidas pela doen\u00e7a, por meio de comprova\u00e7\u00e3o m\u00e9dica, para o atendimento priorit\u00e1rio em estabelecimentos p\u00fablicos e privados. [&hellip;]<\/p>\n","protected":false},"author":6,"featured_media":19935,"comment_status":"open","ping_status":"open","sticky":false,"template":"","format":"standard","meta":{"_jetpack_newsletter_access":"","_jetpack_dont_email_post_to_subs":false,"_jetpack_newsletter_tier_id":0,"_jetpack_memberships_contains_paywalled_content":false,"_jetpack_memberships_contains_paid_content":false,"footnotes":""},"categories":[2,1,3],"tags":[814,22,168],"class_list":["post-19927","post","type-post","status-publish","format-standard","has-post-thumbnail","hentry","category-destaque","category-noticias","category-saude","tag-fibromialgia","tag-prefeitura-do-paudalho","tag-secretaria-de-saude"],"jetpack_featured_media_url":"https:\/\/www.paudalho.pe.gov.br\/portal\/wp-content\/uploads\/2021\/10\/Cadastro-Fibromialgia-Paudalho-scaled.jpg","jetpack_sharing_enabled":true,"jetpack_shortlink":"https:\/\/wp.me\/p98mS2-5bp","_links":{"self":[{"href":"https:\/\/www.paudalho.pe.gov.br\/portal\/wp-json\/wp\/v2\/posts\/19927","targetHints":{"allow":["GET"]}}],"collection":[{"href":"https:\/\/www.paudalho.pe.gov.br\/portal\/wp-json\/wp\/v2\/posts"}],"about":[{"href":"https:\/\/www.paudalho.pe.gov.br\/portal\/wp-json\/wp\/v2\/types\/post"}],"author":[{"embeddable":true,"href":"https:\/\/www.paudalho.pe.gov.br\/portal\/wp-json\/wp\/v2\/users\/6"}],"replies":[{"embeddable":true,"href":"https:\/\/www.paudalho.pe.gov.br\/portal\/wp-json\/wp\/v2\/comments?post=19927"}],"version-history":[{"count":29,"href":"https:\/\/www.paudalho.pe.gov.br\/portal\/wp-json\/wp\/v2\/posts\/19927\/revisions"}],"predecessor-version":[{"id":21163,"href":"https:\/\/www.paudalho.pe.gov.br\/portal\/wp-json\/wp\/v2\/posts\/19927\/revisions\/21163"}],"wp:featuredmedia":[{"embeddable":true,"href":"https:\/\/www.paudalho.pe.gov.br\/portal\/wp-json\/wp\/v2\/media\/19935"}],"wp:attachment":[{"href":"https:\/\/www.paudalho.pe.gov.br\/portal\/wp-json\/wp\/v2\/media?parent=19927"}],"wp:term":[{"taxonomy":"category","embeddable":true,"href":"https:\/\/www.paudalho.pe.gov.br\/portal\/wp-json\/wp\/v2\/categories?post=19927"},{"taxonomy":"post_tag","embeddable":true,"href":"https:\/\/www.paudalho.pe.gov.br\/portal\/wp-json\/wp\/v2\/tags?post=19927"}],"curies":[{"name":"wp","href":"https:\/\/api.w.org\/{rel}","templated":true}]}}