{"id":19778,"date":"2021-10-25T18:07:16","date_gmt":"2021-10-25T21:07:16","guid":{"rendered":"https:\/\/www.paudalho.pe.gov.br\/portal\/?p=19778"},"modified":"2025-01-08T00:39:21","modified_gmt":"2025-01-08T03:39:21","slug":"secretaria-municipal-de-educacao-e-esportes-divulga-vencedores-da-iii-mostra-de-ciencias-tecnologia-e-inovacao-inova-paudalho","status":"publish","type":"post","link":"https:\/\/www.paudalho.pe.gov.br\/portal\/secretaria-municipal-de-educacao-e-esportes-divulga-vencedores-da-iii-mostra-de-ciencias-tecnologia-e-inovacao-inova-paudalho\/","title":{"rendered":"Secretaria Municipal de Educa\u00e7\u00e3o e Esportes divulga vencedores da III Mostra de Ci\u00eancias, Tecnologia e Inova\u00e7\u00e3o (Inova Paudalho)"},"content":{"rendered":"\n<p>Nesta segunda-feira (25), a Prefeitura do Paudalho, atrav\u00e9s de sua Secretaria Municipal de Educa\u00e7\u00e3o e Esportes, realizou o encerramento da <strong>III Mostra de Ci\u00eancias, Tecnologia e Inova\u00e7\u00e3o (Inova Paudalho)<\/strong>. O evento teve in\u00edcio \u00e0s 14h e foi realizado por meio de uma transmiss\u00e3o ao vivo no <a rel=\"noreferrer noopener\" href=\"https:\/\/www.youtube.com\/watch?v=Nqtm_LupW44&amp;ab_channel=EducaNaWeb\" target=\"_blank\">canal no YouTube Educa na Web<\/a>. Durante a ocasi\u00e3o foram divulgados os resultados dos projetos vencedores de cada categoria da competi\u00e7\u00e3o e suas respectivas premia\u00e7\u00f5es. <\/p>\n\n\n\n<p><strong><a href=\"https:\/\/www.youtube.com\/watch?v=Nqtm_LupW44&amp;ab_channel=EducaNaWeb\" target=\"_blank\" rel=\"noreferrer noopener\">ASSISTA A LIVE DE ENCERRAMENTO AQUI<\/a><\/strong><\/p>\n\n\n\n<p>O objetivo da Inova Paudalho \u00e9 promover a divulga\u00e7\u00e3o cient\u00edfica e a populariza\u00e7\u00e3o das ci\u00eancias no contexto das escolas p\u00fablicas e privadas do munic\u00edpio. Devido a pandemia da covid-19, a edi\u00e7\u00e3o deste ano foi realizada de forma online. Ao todo, cerca de 55 trabalhos foram inscritos, por\u00e9m, apenas 43 foram aprovados. Os projetos foram realizados por equipes de 16 institui\u00e7\u00f5es de ensino municipais e de cinco estaduais. <\/p>\n\n\n\n<figure class=\"wp-block-image size-large is-resized\"><img loading=\"lazy\" decoding=\"async\" data-attachment-id=\"19793\" data-permalink=\"https:\/\/www.paudalho.pe.gov.br\/portal\/secretaria-municipal-de-educacao-e-esportes-divulga-vencedores-da-iii-mostra-de-ciencias-tecnologia-e-inovacao-inova-paudalho\/20211025_151554\/\" data-orig-file=\"https:\/\/www.paudalho.pe.gov.br\/portal\/wp-content\/uploads\/2021\/10\/20211025_151554-scaled.jpg\" data-orig-size=\"2560,1920\" data-comments-opened=\"1\" data-image-meta=\"{&quot;aperture&quot;:&quot;2&quot;,&quot;credit&quot;:&quot;&quot;,&quot;camera&quot;:&quot;SM-A515F&quot;,&quot;caption&quot;:&quot;&quot;,&quot;created_timestamp&quot;:&quot;1635174954&quot;,&quot;copyright&quot;:&quot;&quot;,&quot;focal_length&quot;:&quot;4.6&quot;,&quot;iso&quot;:&quot;640&quot;,&quot;shutter_speed&quot;:&quot;0.041666666666667&quot;,&quot;title&quot;:&quot;&quot;,&quot;orientation&quot;:&quot;1&quot;}\" data-image-title=\"20211025_151554\" data-image-description=\"\" data-image-caption=\"\" data-medium-file=\"https:\/\/www.paudalho.pe.gov.br\/portal\/wp-content\/uploads\/2021\/10\/20211025_151554-350x230.jpg\" data-large-file=\"https:\/\/www.paudalho.pe.gov.br\/portal\/wp-content\/uploads\/2021\/10\/20211025_151554-800x450.jpg\" src=\"https:\/\/www.paudalho.pe.gov.br\/portal\/wp-content\/uploads\/2021\/10\/20211025_151554-800x450.jpg\" alt=\"\" class=\"wp-image-19793\" width=\"800\" height=\"450\"\/><figcaption><em>Apresentadores da live de encerramento da  III Mostra de Ci\u00eancias, Tecnologia e Inova\u00e7\u00e3o (Inova Paudalho). Foto: Maria Clara Carneiro\/PMP. <\/em><\/figcaption><\/figure>\n\n\n\n<p>O per\u00edodo de vota\u00e7\u00e3o na mostra foi iniciado no dia 18 de outubro e prosseguiu at\u00e9 a \u00faltima sexta-feira (22). O p\u00fablico p\u00f4de escolher o projeto favorito por meio de curtidas e coment\u00e1rios nos v\u00eddeos. Al\u00e9m da vota\u00e7\u00e3o popular, os trabalhos tamb\u00e9m foram julgados por uma banca avaliadora composta por especialistas de cada categoria cient\u00edfica. Os trof\u00e9us e medalhas das equipes campe\u00e3s ser\u00e3o entregues durante os pr\u00f3ximos dias nas escolas de cada aluno nomeado.<\/p>\n\n\n\n<p>O prefeito do munic\u00edpio, Marcelo Gouveia, parabenizou os estudantes e destacou a import\u00e2ncia do evento.<em> &#8220;Gostaria de parabenizar a todos os estudantes que participaram do nosso Inova Paudalho. Sem d\u00favida esse projeto vem a incentivar e fomentar o desenvolvimento de inova\u00e7\u00f5es, o despertar da crian\u00e7a paudalhense \u00e0 inova\u00e7\u00f5es tecnol\u00f3gicas e educacionais&#8221;<\/em>, comentou.<\/p>\n\n\n\n<figure class=\"wp-block-image size-large\"><img loading=\"lazy\" decoding=\"async\" width=\"800\" height=\"450\" data-attachment-id=\"19804\" data-permalink=\"https:\/\/www.paudalho.pe.gov.br\/portal\/secretaria-municipal-de-educacao-e-esportes-divulga-vencedores-da-iii-mostra-de-ciencias-tecnologia-e-inovacao-inova-paudalho\/whatsapp-image-2021-10-25-at-16-58-12\/\" data-orig-file=\"https:\/\/www.paudalho.pe.gov.br\/portal\/wp-content\/uploads\/2021\/10\/WhatsApp-Image-2021-10-25-at-16.58.12.jpeg\" data-orig-size=\"1600,1200\" data-comments-opened=\"1\" data-image-meta=\"{&quot;aperture&quot;:&quot;0&quot;,&quot;credit&quot;:&quot;&quot;,&quot;camera&quot;:&quot;&quot;,&quot;caption&quot;:&quot;&quot;,&quot;created_timestamp&quot;:&quot;0&quot;,&quot;copyright&quot;:&quot;&quot;,&quot;focal_length&quot;:&quot;0&quot;,&quot;iso&quot;:&quot;0&quot;,&quot;shutter_speed&quot;:&quot;0&quot;,&quot;title&quot;:&quot;&quot;,&quot;orientation&quot;:&quot;0&quot;}\" data-image-title=\"WhatsApp-Image-2021-10-25-at-16.58.12\" data-image-description=\"\" data-image-caption=\"\" data-medium-file=\"https:\/\/www.paudalho.pe.gov.br\/portal\/wp-content\/uploads\/2021\/10\/WhatsApp-Image-2021-10-25-at-16.58.12-350x230.jpeg\" data-large-file=\"https:\/\/www.paudalho.pe.gov.br\/portal\/wp-content\/uploads\/2021\/10\/WhatsApp-Image-2021-10-25-at-16.58.12-800x450.jpeg\" src=\"https:\/\/www.paudalho.pe.gov.br\/portal\/wp-content\/uploads\/2021\/10\/WhatsApp-Image-2021-10-25-at-16.58.12-800x450.jpeg\" alt=\"\" class=\"wp-image-19804\"\/><figcaption><em> A live de encerramento contou com a presen\u00e7a da secret\u00e1ria municipal de Educa\u00e7\u00e3o, Paula Frassinete. Foto: Maria Clara Carneiro\/PMP.  <\/em><\/figcaption><\/figure>\n\n\n\n<p><em>&#8220;\u00c9 uma tarde de gratid\u00e3o e de pr\u00eamios. Todos que se propuseram a trazer seus <\/em>trabalhos para aqui s\u00e3o campe\u00f5es.&#8221;, declarou a secret\u00e1ria municipal de Educa\u00e7\u00e3o, Paula Frassinete, durante a sua participa\u00e7\u00e3o na live. A gestora aproveitou o momento para agradecer aos professores e toda a equipe da secretaria. <em>&#8220;Professor se doa, \u00e9 sangue, \u00e9 DNA, \u00e9 criativo e n\u00e3o \u00e9 a pandemia que vai nos parar. Paudalho vem sendo refer\u00eancia no ensino presencial agora nessa retomada pois poucos munic\u00edpio se propuseram a voltar. Os professores est\u00e3o sabendo levar [a situa\u00e7\u00e3o] e os resultados est\u00e3o sendo muito bons.&#8221; <\/em><\/p>\n\n\n\n<p>O Inova Paudalho foi realizado com o apoio do Programa Resid\u00eancia Docente nas Ci\u00eancias (ReDec), da Universidade Federal Rural De Pernambuco (UFRPE), da Universidade Federal de Pernambuco (UFPE), da Universidade de Pernambuco (UPE) e da Escola de Educa\u00e7\u00e3o da Universidade Cat\u00f3lica de Pernambuco (UNICAP).<\/p>\n\n\n\n<p><strong>Confira abaixo a lista de projetos campe\u00f5es da III Mostra de Ci\u00eancias, Tecnologia e Inova\u00e7\u00e3o (Inova Paudalho)<\/strong>:<\/p>\n\n\n\n<h3 class=\"wp-block-heading\"><strong>GANHADORES \u2013 VOTO POPULAR<\/strong>&nbsp;<\/h3>\n\n\n\n<ul class=\"wp-block-list\"><li><strong>Categoria Educa\u00e7\u00e3o Infantil&nbsp;&#8211; ED.INF01 \u2013 Filtro De \u00c1gua Sustent\u00e1vel&nbsp;\u2013 324 LIKES<\/strong>&nbsp;<\/li><\/ul>\n\n\n\n<p>Escola Municipal&nbsp;Gilda Barbosa&nbsp;<br><strong>Orientador:<\/strong> Anderson Jos\u00e9&nbsp;Calixto Marcolino&nbsp;<br><strong>Alunos:<\/strong>&nbsp;Ana Maria Dos Santos Silva, Ana Sophia Alves&nbsp;Dos Santos Silva e&nbsp;Mayla&nbsp;Nogueira De Souza&nbsp;Silva&nbsp;<\/p>\n\n\n\n<ul class=\"wp-block-list\"><li><strong>Categoria Anos Iniciais \u2013&nbsp;AI.6 \u2013 Multiplica\u00e7\u00e3o Com Domin\u00f3&nbsp;\u2013 183 LIKES<\/strong>&nbsp;<\/li><\/ul>\n\n\n\n<p>Escola Municipal&nbsp;Genilda&nbsp;Martins&nbsp;<br><strong>Orientadora<\/strong>:&nbsp;Rozelany&nbsp;De Melo Xavier Silva&nbsp;<br><strong>Coorientadora<\/strong>: Maria Da Concei\u00e7\u00e3o&nbsp;Santana Valentim&nbsp;<br><strong>Alunos<\/strong>: Jonatas Davi Gomes Da Silva,&nbsp;Mayssa&nbsp;Wit\u00f3ria&nbsp;Pereira De Lima e&nbsp;Nayara Sophia Bonif\u00e1cio Lins E Silva&nbsp;<\/p>\n\n\n\n<ul class=\"wp-block-list\"><li><strong>Categoria&nbsp;EJA I e II \u2013&nbsp;EJA&nbsp;I.&nbsp;II.&nbsp;02 \u2013&nbsp;Uma a\u00e7\u00e3o produtiva na forma\u00e7\u00e3o do ser &#8211; Produ\u00e7\u00e3o de sabonete artesanal.&nbsp;\u2013 63 LIKES<\/strong>&nbsp;<\/li><\/ul>\n\n\n\n<p>Escola Municipal Manoel da Rosa&nbsp;<br><strong>Orientadora:<\/strong> Severina Judite da Silva&nbsp;<br><strong>Alunas: <\/strong>Maria Odete Lopes da Silva, Maria de F\u00e1tima de Santana Andrade, Maria Lu\u00edsa Bezerra de Moura e Maria da Concei\u00e7\u00e3o Xavier da&nbsp;Silva&nbsp;<\/p>\n\n\n\n<ul class=\"wp-block-list\"><li><strong>Categoria EJA III e IV \u2013&nbsp;EJA.III.IV.01 \u2013&nbsp;A Linguagem Teatral Na Perspectiva Do Teatro De Fantoches &#8211; A Lenda Do Beija Flor&nbsp;\u2013 220 LIKES<\/strong>&nbsp;<\/li><\/ul>\n\n\n\n<p>Escola Municipal Severino Jos\u00e9 Valentim&nbsp;<br><strong>Orientador:<\/strong> Nivaldo Luiz Da Silva&nbsp;<br><strong>Coorientadora<\/strong>:&nbsp;Myrna&nbsp;Correia Bacalhau&nbsp;<br><strong>Alunos: <\/strong>Maria Jos\u00e9 Xavier, Carina Apol\u00f4nia Da Silva Palha e Jos\u00e9&nbsp;Nadson&nbsp;De Santana&nbsp;Silva&nbsp;<\/p>\n\n\n\n<ul class=\"wp-block-list\"><li><strong>Categoria Anos Finais \u2013&nbsp;AF.24&nbsp; &#8211;&nbsp;&nbsp;Artem\u00e1tica: Uma&nbsp; Proposta&nbsp;Interdisciplinar&nbsp;\u2013 3.400 LIKES<\/strong>&nbsp;<\/li><\/ul>\n\n\n\n<p>Escola Municipal Eliza Fidelis Da Silva&nbsp;<br><strong>Orientador:<\/strong> F\u00e1bio&nbsp;Cristov\u00e3o&nbsp;Dos Anjos&nbsp;<br><strong>Aluna: <\/strong>Ananda&nbsp;Priscylla&nbsp;Barbosa Dos Santos&nbsp;<\/p>\n\n\n\n<ul class=\"wp-block-list\"><li><strong>Categoria M\u00e9dio e M\u00e9dio T\u00e9cnico&nbsp;\u2013&nbsp;&nbsp;EM.TEC.07 &#8211; Percep\u00e7\u00e3o, Preven\u00e7\u00e3o E Orienta\u00e7\u00e3o Sobre Infec\u00e7\u00f5es Sexualmente&nbsp; Transmiss\u00edveis\/AIDS Entre Estudantes Da EREM Confedera\u00e7\u00e3o Do Equador (Paudalho &#8211; PE), Em Tempos De PANDEMIA&nbsp;\u2013 88 LIKES<\/strong>&nbsp;<\/li><\/ul>\n\n\n\n<p>EREM Confedera\u00e7\u00e3o Do Equador&nbsp;<br><strong>Orientador:<\/strong>&nbsp;Fausto Jos\u00e9 De&nbsp;Ara\u00fajo Muniz&nbsp;&nbsp;<br><strong>Alunas:&nbsp;<\/strong>Iasmin Alice Da Silva,&nbsp;Rayane&nbsp;Camila Monteiro Da Silva e Let\u00edcia Rodrigues Da&nbsp;Silva&nbsp;<\/p>\n\n\n\n<p><\/p>\n\n\n\n<h3 class=\"wp-block-heading\"><strong>GANHADORES \u2013&nbsp;VOTA\u00c7\u00c3O CIENT\u00cdFICA<\/strong><strong>&nbsp;<\/strong>&nbsp;<\/h3>\n\n\n\n<ul class=\"wp-block-list\"><li><strong>Categoria Educa\u00e7\u00e3o Infantil&nbsp;<\/strong><\/li><\/ul>\n\n\n\n<p><strong>3\u00ba Lugar \u2013 ED.INF.05 \u2013 Produ\u00e7\u00e3o&nbsp;do bolo de&nbsp;Milho<\/strong>&nbsp;<strong>Soares<\/strong>&nbsp;<br>Creche Leonel Francisco Soares&nbsp;<br><strong>Orientadora:<\/strong> Beatriz Freitas <br><strong>Coorientadora:<\/strong> L\u00facia Fl\u00e1via&nbsp;&nbsp;<br><strong>Alunos: <\/strong>Maria Eduarda, Helo\u00edsa Stephanie e Aguinaldo Pessoa&nbsp;<\/p>\n\n\n\n<p><br><strong>2\u00ba Lugar \u2013 ED.INF.06&nbsp;Uma Narrativa De Emo\u00e7\u00f5es Na Educa\u00e7\u00e3o Infantil<\/strong><br>Escola Municipal Manoel Da Rosa <br><strong>Orientadora:<\/strong> Regina C\u00e9lia <br><strong>Alunos: <\/strong>Lucas Gabriel, Ana Vit\u00f3ria, Alysson Bernardo e Esther&nbsp;Sophia &nbsp;<\/p>\n\n\n\n<p><\/p>\n\n\n\n<p><strong>2\u00ba Lugar \u2013 ED.INF.03 \u2013 A mistura&nbsp;de&nbsp;Cores<\/strong>&nbsp;<br>Escola Municipal&nbsp;Severino Jos\u00e9&nbsp;Valentim&nbsp;<br><strong>Orientadora:<\/strong> Marcia&nbsp;Danyelle&nbsp; <br><strong>Coorientadora:<\/strong> :&nbsp;Glaucilene&nbsp;Feliciano <br><strong>Alunos:<\/strong>&nbsp;Allana&nbsp;Sofia, Manuel&nbsp;Luiz e Melissa Cavalcante&nbsp;<\/p>\n\n\n\n<p><strong><strong>1\u00baLugar \u2013 ED.INF.01 \u2013 Filtro de&nbsp;\u00c1gua&nbsp;Sustent\u00e1vel <\/strong><\/strong><br>Escola Municipal Gilda Barbosa  <br><strong>Orientador<\/strong>: Anderson Jos\u00e9 Calixto Marcolino <br><strong>Alunas:<\/strong> Ana Maria, Ana&nbsp;Sophia e&nbsp;Mayla&nbsp;Nogueira&nbsp;<\/p>\n\n\n\n<ul class=\"wp-block-list\"><li><strong>Categoria Anos Iniciais (1\u00ba ao 5\u00ba ano)&nbsp;<\/strong><\/li><\/ul>\n\n\n\n<p><strong>3\u00ba Lugar &#8211;&nbsp;&nbsp;AI.05 \u2013&nbsp;Inovando&nbsp;Inovando&nbsp;o Ensino Da Matem\u00e1tica Para O Crescimento Sustent\u00e1vel. &#8211; <br><\/strong>Escola Municipal Ch\u00e3 De Capoeira \u2013 <br><strong>Orientadora:&nbsp;<\/strong>Ismaellh&nbsp;Ferreira <br><strong>Coorientadora:<\/strong> Maria Lucilene <br><strong>Alunos:<\/strong> Maria Eduarda, Miguel Dias e Viviane Lima&nbsp;<\/p>\n\n\n\n<p><strong>2\u00aa Lugar \u2013&nbsp;AI.03 \u2013&nbsp;Reutiliza\u00e7\u00e3o Dos Res\u00edduos S\u00f3lidos &#8211; <br><\/strong>Escola Municipal Menino Jesus &#8211; <br><strong>Orientadora<\/strong>:&nbsp;Daiane&nbsp;Kelle&nbsp;<br><strong>Coorientadora<\/strong>: Marisa Em\u00eddio \u2013 <br><strong>Alunos<\/strong>:&nbsp;Maril\u00eda&nbsp;Eduarda,&nbsp;Maria&nbsp;Klara, Ester&nbsp;Alanna,Tiago&nbsp;Ailton.&nbsp;<\/p>\n\n\n\n<p><strong>1\u00ba Lugar \u2013&nbsp;AI.02 &#8211;&nbsp;O Compromisso No Descarte De Res\u00edduos S\u00f3lidos, Transformando Malef\u00edcios Em Benef\u00edcios A Sociedade E Ao Meio Ambiente<br><\/strong>Escola Municipal Severino Jos\u00e9 Valentim  <br><strong>Orientadora: <\/strong>Maria Cristina  <br><strong>Coorientadora:<\/strong> Ros\u00e2ngela Maria&nbsp;<br><strong>Alunos:<\/strong> Ant\u00f4nio Gen\u00e9sio, Maria Clara e Maria Fraciele<\/p>\n\n\n\n<ul class=\"wp-block-list\"><li><strong>Categoria EJA (Fases I e II)&nbsp;<\/strong><\/li><\/ul>\n\n\n\n<p><strong>2\u00aa Lugar \u2013&nbsp;EJA.I.II.01&nbsp;\u2013&nbsp;Produ\u00e7\u00e3o de pasta de polir alum\u00ednio pelos alunos da EJA<br><\/strong>Escola Municipal Manoel da Rosa  <br><strong>Orientadora<\/strong>: Maria da Concei\u00e7\u00e3o  <br><strong>Alunos<\/strong>:&nbsp;Lenira Maria,&nbsp;Irani Samuel, Maria&nbsp;Ivanilda e Rosilene dos Santos&nbsp;<\/p>\n\n\n\n<p><strong>1\u00ba Lugar \u2013&nbsp;EJA.I.II.02 \u2013&nbsp;Uma a\u00e7\u00e3o produtiva na forma\u00e7\u00e3o do ser &#8211; Produ\u00e7\u00e3o de sabonete artesanal <br><\/strong>Escola Municipal Manoel da Rosa  <br><strong>Orientadora:<\/strong> Severina Judite  <br><strong>Alunos:<\/strong>&nbsp;Maria Odete, Maria de F\u00e1tima, Maria Lu\u00edsa e Maria da Concei\u00e7\u00e3o<\/p>\n\n\n\n<ul class=\"wp-block-list\"><li><strong>Categoria Anos Finais (6\u00ba ao 9\u00ba ano)&nbsp;<\/strong><\/li><\/ul>\n\n\n\n<p><strong>3\u00aa Lugar \u2013&nbsp;AF.19&nbsp;N\u00e3o jogue no lixo, recicle!&nbsp;<br><\/strong>Escola Municipal Manoel Da Rosa<br><strong>Orientadora<\/strong>:&nbsp;Tha\u00eds Maria <br><strong>Coorientadora<\/strong>: Mari\u00e2ngela Soares <br><strong>Alunos<\/strong>:&nbsp;Vanderson&nbsp;Gabriel, Maria Eduarda e J\u00falia Samara<\/p>\n\n\n\n<p><strong>2\u00aa Lugar \u2013&nbsp;AF.01&nbsp;&#8211; Atentados De 11 De Setembro: Raz\u00f5es De Um Acontecimento Que Mudou O Mundo  <br><\/strong>Col\u00e9gio Municipal De Paudalho <br><strong>Orientador<\/strong>:&nbsp;Sailes&nbsp;Emanoel <br><strong>Coorientador<\/strong>: Eduardo Pedro <br><strong>Aunas<\/strong>: Alice Lira e&nbsp;Evellyn&nbsp;Karla<strong>&nbsp;<\/strong>&nbsp;<\/p>\n\n\n\n<p><strong>1\u00aa Lugar \u2013&nbsp;AF.04&nbsp;Cores E Disfarces: A Tinta Que Vem Da Natureza <br><\/strong>Escola Jo\u00e3o Cavalcanti&nbsp;Petribu&nbsp;<br><strong>Orientadora<\/strong>:&nbsp;Jessika&nbsp;Karina <br><strong>Alunas<\/strong>: N\u00e1dia&nbsp;Sthefane,&nbsp;Gabriely&nbsp;Vit\u00f3ria Silva e Ana Lu\u00edsa&nbsp;<\/p>\n\n\n\n<ul class=\"wp-block-list\"><li><strong>Categoria EJA (Fases III e IV)&nbsp;<\/strong><\/li><\/ul>\n\n\n\n<p><strong>2\u00aa Lugar \u2013&nbsp;EJA.III.IV.02 \u2013&nbsp;O L\u00fadico Atrav\u00e9s Da Literatura De Cordel Enaltecendo A Hist\u00f3ria Da Manoel Da Rosa <br><\/strong>Escola Municipal Manoel Da Rosa <br><strong>Orientadora<\/strong>:&nbsp;Sinara&nbsp;Clemente <br><strong>Coorientadora<\/strong>: Amanda Karolina&nbsp;<br><strong>Alunos<\/strong>:&nbsp;Camila Maria, Francisco C\u00e1ssio e Joseane Maria&nbsp;<\/p>\n\n\n\n<p><strong>1\u00ba Lugar \u2013&nbsp;EJA.III.IV.01&nbsp; \u2013&nbsp;A Linguagem Teatral Na Perspectiva Do Teatro De Fantoches &#8211; A Lenda Do Beija Flor <br><\/strong>Escola Municipal Severino Jos\u00e9 Valentim <br><strong>Orientador<\/strong>: Nivaldo Luiz <br><strong>Coorientador<\/strong>:&nbsp;Myrna&nbsp;Correia  <br><strong>Alunos<\/strong>: Maria Jos\u00e9, Carina Apol\u00f4nia e Jos\u00e9&nbsp;Nadson<strong>&nbsp;<\/strong>&nbsp;<\/p>\n\n\n\n<ul class=\"wp-block-list\"><li><strong>Categoria Ensino M\u00e9dio e Ensino T\u00e9cnico Integrado<\/strong><\/li><\/ul>\n\n\n\n<p><strong>3\u00aa Lugar&nbsp;\u2013&nbsp;EM.TEC.07&nbsp;&#8211; Percep\u00e7\u00e3o, Preven\u00e7\u00e3o e Orienta\u00e7\u00e3o Sobre&nbsp;Infec\u00e7\u00f5es Sexualmente Transmiss\u00edveis\/AIDS Entre Estudantes da EREM&nbsp;Confedera\u00e7\u00e3o do Equador (Paudalho &#8211; PE), em Tempos de Pandemia <br><\/strong>Escola EREM Confedera\u00e7\u00e3o do Equador  <br><strong>Orientador:<\/strong>&nbsp;Fausto Jos\u00e9 <br><strong>Alunos: <\/strong>Iasmin Alice,&nbsp;Rayane&nbsp;Camila e Let\u00edcia Rodrigues&nbsp;&nbsp;<\/p>\n\n\n\n<p><strong>2\u00aa Lugar&nbsp;\u2013&nbsp;EM.TEC.06&nbsp;&#8211; Percep\u00e7\u00e3o, Preven\u00e7\u00e3o E Orienta\u00e7\u00e3o Sobre&nbsp;Gravidez na Adolesc\u00eancia entre Estudantes da EREM Confedera\u00e7\u00e3o Do&nbsp;Equador (Paudalho &#8211; PE), em Tempos de Pandemia. <br><\/strong>Escola EREM Confedera\u00e7\u00e3o Do Equador <br><strong>Orientador:<\/strong> Fausto Jos\u00e9 <br><strong>Alunas: <\/strong>Let\u00edcia Rodrigues e Iasmin&nbsp;Alice<\/p>\n\n\n\n<p><strong>1\u00aa Lugar&nbsp;\u2013&nbsp;EM.TEC.04&nbsp;&#8211;&nbsp;Inclin\u00f4metro&nbsp;Caseiro &#8211; ESCOLA EREM Monsenhor&nbsp;Landelino&nbsp;Barreto Lins <br>Orientador: <\/strong>Valdir Jos\u00e9 <br><strong>Alunos:&nbsp;<\/strong>Ana Paula,&nbsp;Nathalye&nbsp;Vit\u00f3ria e Rafael Francisco.&nbsp;<\/p>\n\n\n\n<p><\/p>\n","protected":false},"excerpt":{"rendered":"<p>Nesta segunda-feira (25), a Prefeitura do Paudalho, atrav\u00e9s de sua Secretaria Municipal de Educa\u00e7\u00e3o e Esportes, realizou o encerramento da III Mostra de Ci\u00eancias, Tecnologia e Inova\u00e7\u00e3o (Inova Paudalho). O evento teve in\u00edcio \u00e0s 14h e foi realizado por meio de uma transmiss\u00e3o ao vivo no canal no YouTube Educa na Web. Durante a ocasi\u00e3o [&hellip;]<\/p>\n","protected":false},"author":6,"featured_media":19792,"comment_status":"open","ping_status":"open","sticky":false,"template":"","format":"standard","meta":{"_jetpack_newsletter_access":"","_jetpack_dont_email_post_to_subs":false,"_jetpack_newsletter_tier_id":0,"_jetpack_memberships_contains_paywalled_content":false,"_jetpack_memberships_contains_paid_content":false,"footnotes":""},"categories":[2,591,1],"tags":[787,22,106],"class_list":["post-19778","post","type-post","status-publish","format-standard","has-post-thumbnail","hentry","category-destaque","category-inova-paudalho","category-noticias","tag-inova-paudalho","tag-prefeitura-do-paudalho","tag-secretaria-de-educacao"],"jetpack_featured_media_url":"https:\/\/www.paudalho.pe.gov.br\/portal\/wp-content\/uploads\/2021\/10\/20211025_151620-scaled.jpg","jetpack_sharing_enabled":true,"jetpack_shortlink":"https:\/\/wp.me\/p98mS2-590","_links":{"self":[{"href":"https:\/\/www.paudalho.pe.gov.br\/portal\/wp-json\/wp\/v2\/posts\/19778","targetHints":{"allow":["GET"]}}],"collection":[{"href":"https:\/\/www.paudalho.pe.gov.br\/portal\/wp-json\/wp\/v2\/posts"}],"about":[{"href":"https:\/\/www.paudalho.pe.gov.br\/portal\/wp-json\/wp\/v2\/types\/post"}],"author":[{"embeddable":true,"href":"https:\/\/www.paudalho.pe.gov.br\/portal\/wp-json\/wp\/v2\/users\/6"}],"replies":[{"embeddable":true,"href":"https:\/\/www.paudalho.pe.gov.br\/portal\/wp-json\/wp\/v2\/comments?post=19778"}],"version-history":[{"count":31,"href":"https:\/\/www.paudalho.pe.gov.br\/portal\/wp-json\/wp\/v2\/posts\/19778\/revisions"}],"predecessor-version":[{"id":19896,"href":"https:\/\/www.paudalho.pe.gov.br\/portal\/wp-json\/wp\/v2\/posts\/19778\/revisions\/19896"}],"wp:featuredmedia":[{"embeddable":true,"href":"https:\/\/www.paudalho.pe.gov.br\/portal\/wp-json\/wp\/v2\/media\/19792"}],"wp:attachment":[{"href":"https:\/\/www.paudalho.pe.gov.br\/portal\/wp-json\/wp\/v2\/media?parent=19778"}],"wp:term":[{"taxonomy":"category","embeddable":true,"href":"https:\/\/www.paudalho.pe.gov.br\/portal\/wp-json\/wp\/v2\/categories?post=19778"},{"taxonomy":"post_tag","embeddable":true,"href":"https:\/\/www.paudalho.pe.gov.br\/portal\/wp-json\/wp\/v2\/tags?post=19778"}],"curies":[{"name":"wp","href":"https:\/\/api.w.org\/{rel}","templated":true}]}}