{"id":1977,"date":"2017-11-20T13:43:40","date_gmt":"2017-11-20T16:43:40","guid":{"rendered":"http:\/\/www.paudalho.pe.gov.br\/portal\/?p=1977"},"modified":"2017-11-21T18:38:37","modified_gmt":"2017-11-21T21:38:37","slug":"contra-o-racismo-prefeitura-realiza-semana-da-consciencia-negra-em-paudalho","status":"publish","type":"post","link":"https:\/\/www.paudalho.pe.gov.br\/portal\/contra-o-racismo-prefeitura-realiza-semana-da-consciencia-negra-em-paudalho\/","title":{"rendered":"Contra o racismo, Prefeitura realiza Semana da Consci\u00eancia Negra em Paudalho"},"content":{"rendered":"<p>\u201cEu tenho um sonho. O sonho de ver meus filhos julgados por sua personalidade, n\u00e3o pela cor de sua pele\u201d. (Martin Luther King)<\/p>\n<p>A famosa frase do americano Martin Luther King ainda \u00e9 pertinente para a realidade que vivemos. De acordo com dados do Instituto Brasileiro de Geografia e Estat\u00edstica (IBGE), mais da metade da popula\u00e7\u00e3o do pa\u00eds \u00e9 de pretos ou pardos, o que representa 54% dos brasileiros.<\/p>\n<p>Os n\u00fameros ainda s\u00e3o mais preocupantes quanto \u00e0 quest\u00e3o da desigualdade salarial. Em 2015, em m\u00e9dia, um brasileiro branco ganhava R$1.589, j\u00e1 o negro, R$898. Segundo a pesquisa \u201cA dist\u00e2ncia Que Nos Une \u2013 Um Retrato das Desigualdades Brasileiras\u201d realizada pela ONG brit\u00e2nica Oxgam, apenas em 2089, os brancos e negros v\u00e3o ter uma renda equiparada no Brasil.<\/p>\n<p>E com o objetivo de combater o racismo e desigualdade social, a Prefeitura do Paudalho por meio da Secretaria de Educa\u00e7\u00e3o, deu in\u00edcio nesta segunda-feira (20), dia da Consci\u00eancia Negra, no Sal\u00e3o de Festas do Parque de Eventos Beira-Rio, centro da cidade, \u00e0 Semana Municipal da Consci\u00eancia Negra que segue at\u00e9 a pr\u00f3xima quinta-feira (23). Alunos da Rede Municipal participaram da abertura do evento que contou com palestras, encena\u00e7\u00f5es, apresenta\u00e7\u00f5es culturais e reflexivas.<\/p>\n<div id=\"attachment_1980\" style=\"width: 310px\" class=\"wp-caption alignnone\"><img loading=\"lazy\" decoding=\"async\" aria-describedby=\"caption-attachment-1980\" data-attachment-id=\"1980\" data-permalink=\"https:\/\/www.paudalho.pe.gov.br\/portal\/contra-o-racismo-prefeitura-realiza-semana-da-consciencia-negra-em-paudalho\/img_9967\/\" data-orig-file=\"https:\/\/www.paudalho.pe.gov.br\/portal\/wp-content\/uploads\/2017\/11\/IMG_9967.jpg\" data-orig-size=\"5184,3456\" data-comments-opened=\"1\" data-image-meta=\"{&quot;aperture&quot;:&quot;0&quot;,&quot;credit&quot;:&quot;&quot;,&quot;camera&quot;:&quot;&quot;,&quot;caption&quot;:&quot;&quot;,&quot;created_timestamp&quot;:&quot;0&quot;,&quot;copyright&quot;:&quot;&quot;,&quot;focal_length&quot;:&quot;0&quot;,&quot;iso&quot;:&quot;0&quot;,&quot;shutter_speed&quot;:&quot;0&quot;,&quot;title&quot;:&quot;&quot;,&quot;orientation&quot;:&quot;0&quot;}\" data-image-title=\"IMG_9967\" data-image-description=\"\" data-image-caption=\"&lt;p&gt;Foto: Thales K\u00edrion\/Prefeitura do Paudalho&lt;\/p&gt;\n\" data-medium-file=\"https:\/\/www.paudalho.pe.gov.br\/portal\/wp-content\/uploads\/2017\/11\/IMG_9967-350x230.jpg\" data-large-file=\"https:\/\/www.paudalho.pe.gov.br\/portal\/wp-content\/uploads\/2017\/11\/IMG_9967-800x450.jpg\" class=\"wp-image-1980 size-medium\" src=\"http:\/\/www.paudalho.pe.gov.br\/portal\/wp-content\/uploads\/2017\/11\/IMG_9967-350x230.jpg\" alt=\"\" width=\"300\" height=\"197\" \/><p id=\"caption-attachment-1980\" class=\"wp-caption-text\">Foto: Thales K\u00edrion\/PMP<\/p><\/div>\n<div id=\"attachment_1981\" style=\"width: 310px\" class=\"wp-caption alignnone\"><img loading=\"lazy\" decoding=\"async\" aria-describedby=\"caption-attachment-1981\" data-attachment-id=\"1981\" data-permalink=\"https:\/\/www.paudalho.pe.gov.br\/portal\/contra-o-racismo-prefeitura-realiza-semana-da-consciencia-negra-em-paudalho\/img_9979\/\" data-orig-file=\"https:\/\/www.paudalho.pe.gov.br\/portal\/wp-content\/uploads\/2017\/11\/IMG_9979.jpg\" data-orig-size=\"5184,3456\" data-comments-opened=\"1\" data-image-meta=\"{&quot;aperture&quot;:&quot;0&quot;,&quot;credit&quot;:&quot;&quot;,&quot;camera&quot;:&quot;&quot;,&quot;caption&quot;:&quot;&quot;,&quot;created_timestamp&quot;:&quot;0&quot;,&quot;copyright&quot;:&quot;&quot;,&quot;focal_length&quot;:&quot;0&quot;,&quot;iso&quot;:&quot;0&quot;,&quot;shutter_speed&quot;:&quot;0&quot;,&quot;title&quot;:&quot;&quot;,&quot;orientation&quot;:&quot;0&quot;}\" data-image-title=\"IMG_9979\" data-image-description=\"\" data-image-caption=\"&lt;p&gt;Foto: Thales K\u00edrion\/PMP&lt;\/p&gt;\n\" data-medium-file=\"https:\/\/www.paudalho.pe.gov.br\/portal\/wp-content\/uploads\/2017\/11\/IMG_9979-350x230.jpg\" data-large-file=\"https:\/\/www.paudalho.pe.gov.br\/portal\/wp-content\/uploads\/2017\/11\/IMG_9979-800x450.jpg\" class=\"size-medium wp-image-1981\" src=\"http:\/\/www.paudalho.pe.gov.br\/portal\/wp-content\/uploads\/2017\/11\/IMG_9979-350x230.jpg\" alt=\"\" width=\"300\" height=\"197\" \/><p id=\"caption-attachment-1981\" class=\"wp-caption-text\">Foto: Thales K\u00edrion\/PMP<\/p><\/div>\n<p>Com o tema: \u201cNem Preto Nem Branco minha Carne \u00e9 Humana\u201d o secret\u00e1rio de Educa\u00e7\u00e3o, Ednaldo Ernesto, ministrou e trouxe conhecimento sobre a condi\u00e7\u00e3o do negro na sociedade para as crian\u00e7as. Participou tamb\u00e9m do primeiro dia de Programa\u00e7\u00e3o, a pedagoga com especializa\u00e7\u00e3o em Gest\u00e3o da Educa\u00e7\u00e3o Municipal e em Doc\u00eancia Infantil pela Universidade Federal de Pernambuco, Priscila Ant\u00f4nio, que comentou sobre a import\u00e2ncia dos negros para o pa\u00eds. \u201cA carne negra, a pele negra, os negros foram os que transformaram o Brasil de hoje\u201d, disse.<\/p>\n<div id=\"attachment_1982\" style=\"width: 310px\" class=\"wp-caption alignnone\"><img loading=\"lazy\" decoding=\"async\" aria-describedby=\"caption-attachment-1982\" data-attachment-id=\"1982\" data-permalink=\"https:\/\/www.paudalho.pe.gov.br\/portal\/contra-o-racismo-prefeitura-realiza-semana-da-consciencia-negra-em-paudalho\/img_0031\/\" data-orig-file=\"https:\/\/www.paudalho.pe.gov.br\/portal\/wp-content\/uploads\/2017\/11\/IMG_0031.jpg\" data-orig-size=\"5184,3456\" data-comments-opened=\"1\" data-image-meta=\"{&quot;aperture&quot;:&quot;0&quot;,&quot;credit&quot;:&quot;&quot;,&quot;camera&quot;:&quot;&quot;,&quot;caption&quot;:&quot;&quot;,&quot;created_timestamp&quot;:&quot;0&quot;,&quot;copyright&quot;:&quot;&quot;,&quot;focal_length&quot;:&quot;0&quot;,&quot;iso&quot;:&quot;0&quot;,&quot;shutter_speed&quot;:&quot;0&quot;,&quot;title&quot;:&quot;&quot;,&quot;orientation&quot;:&quot;0&quot;}\" data-image-title=\"IMG_0031\" data-image-description=\"\" data-image-caption=\"&lt;p&gt;Foto: Thales K\u00edrion\/PMP&lt;\/p&gt;\n\" data-medium-file=\"https:\/\/www.paudalho.pe.gov.br\/portal\/wp-content\/uploads\/2017\/11\/IMG_0031-350x230.jpg\" data-large-file=\"https:\/\/www.paudalho.pe.gov.br\/portal\/wp-content\/uploads\/2017\/11\/IMG_0031-800x450.jpg\" class=\"size-medium wp-image-1982\" src=\"http:\/\/www.paudalho.pe.gov.br\/portal\/wp-content\/uploads\/2017\/11\/IMG_0031-350x230.jpg\" alt=\"\" width=\"300\" height=\"197\" \/><p id=\"caption-attachment-1982\" class=\"wp-caption-text\">Foto: Thales K\u00edrion\/PMP<\/p><\/div>\n<div id=\"attachment_1986\" style=\"width: 310px\" class=\"wp-caption alignnone\"><img loading=\"lazy\" decoding=\"async\" aria-describedby=\"caption-attachment-1986\" data-attachment-id=\"1986\" data-permalink=\"https:\/\/www.paudalho.pe.gov.br\/portal\/contra-o-racismo-prefeitura-realiza-semana-da-consciencia-negra-em-paudalho\/opa-4\/\" data-orig-file=\"https:\/\/www.paudalho.pe.gov.br\/portal\/wp-content\/uploads\/2017\/11\/opa.jpg\" data-orig-size=\"1024,683\" data-comments-opened=\"1\" data-image-meta=\"{&quot;aperture&quot;:&quot;0&quot;,&quot;credit&quot;:&quot;&quot;,&quot;camera&quot;:&quot;&quot;,&quot;caption&quot;:&quot;&quot;,&quot;created_timestamp&quot;:&quot;0&quot;,&quot;copyright&quot;:&quot;&quot;,&quot;focal_length&quot;:&quot;0&quot;,&quot;iso&quot;:&quot;0&quot;,&quot;shutter_speed&quot;:&quot;0&quot;,&quot;title&quot;:&quot;&quot;,&quot;orientation&quot;:&quot;0&quot;}\" data-image-title=\"opa\" data-image-description=\"\" data-image-caption=\"&lt;p&gt;Foto: Thales K\u00edrion\/PMP&lt;\/p&gt;\n\" data-medium-file=\"https:\/\/www.paudalho.pe.gov.br\/portal\/wp-content\/uploads\/2017\/11\/opa-350x230.jpg\" data-large-file=\"https:\/\/www.paudalho.pe.gov.br\/portal\/wp-content\/uploads\/2017\/11\/opa-800x450.jpg\" class=\"size-medium wp-image-1986\" src=\"http:\/\/www.paudalho.pe.gov.br\/portal\/wp-content\/uploads\/2017\/11\/opa-350x230.jpg\" alt=\"\" width=\"300\" height=\"197\" \/><p id=\"caption-attachment-1986\" class=\"wp-caption-text\">Foto: Thales K\u00edrion\/PMP<\/p><\/div>\n<h2><strong>Emo\u00e7\u00e3o nas apresenta\u00e7\u00f5es<\/strong><\/h2>\n<p>O bailarino, artista da terra, Lin Caitano, emocionou o p\u00fablico com a performance em solo \u201cYaw\u00f4 de Carne\u201d, que de uma forma visceral e profunda mostrou ao p\u00fablico as dificuldades que uma pessoa negra passa na sociedade.<\/p>\n<p><strong>Veja no v\u00eddeo:<\/strong><br \/>\n<span class=\"embed-youtube\" style=\"text-align:center; display: block;\"><iframe loading=\"lazy\" class=\"youtube-player\" width=\"560\" height=\"315\" src=\"https:\/\/www.youtube.com\/embed\/YaUfd0pX354?version=3&#038;rel=1&#038;showsearch=0&#038;showinfo=1&#038;iv_load_policy=1&#038;fs=1&#038;hl=pt-BR&#038;autohide=2&#038;wmode=transparent\" allowfullscreen=\"true\" style=\"border:0;\" sandbox=\"allow-scripts allow-same-origin allow-popups allow-presentation allow-popups-to-escape-sandbox\"><\/iframe><\/span><br \/>\nOs alunos das unidades de ensino Herculano Bandeira, Jo\u00e3o Cavalcanti Petribu e Objetiva: Cec\u00edlia Maria, Hyllan Jos\u00e9, Celly Monike, Laryssia Ranyere e Dayvson deixaram tamb\u00e9m sua marca em uma encena\u00e7\u00e3o forte e marcante. A Semana da Consci\u00eancia Negra segue at\u00e9 esta quinta-feira (23).<\/p>\n<div id=\"attachment_1987\" style=\"width: 310px\" class=\"wp-caption alignnone\"><img loading=\"lazy\" decoding=\"async\" aria-describedby=\"caption-attachment-1987\" data-attachment-id=\"1987\" data-permalink=\"https:\/\/www.paudalho.pe.gov.br\/portal\/contra-o-racismo-prefeitura-realiza-semana-da-consciencia-negra-em-paudalho\/opa-2-2\/\" data-orig-file=\"https:\/\/www.paudalho.pe.gov.br\/portal\/wp-content\/uploads\/2017\/11\/opa-2.jpg\" data-orig-size=\"1024,683\" data-comments-opened=\"1\" data-image-meta=\"{&quot;aperture&quot;:&quot;0&quot;,&quot;credit&quot;:&quot;&quot;,&quot;camera&quot;:&quot;&quot;,&quot;caption&quot;:&quot;&quot;,&quot;created_timestamp&quot;:&quot;0&quot;,&quot;copyright&quot;:&quot;&quot;,&quot;focal_length&quot;:&quot;0&quot;,&quot;iso&quot;:&quot;0&quot;,&quot;shutter_speed&quot;:&quot;0&quot;,&quot;title&quot;:&quot;&quot;,&quot;orientation&quot;:&quot;0&quot;}\" data-image-title=\"opa 2\" data-image-description=\"\" data-image-caption=\"&lt;p&gt;Foto: Thales K\u00edrion\/PMP&lt;\/p&gt;\n\" data-medium-file=\"https:\/\/www.paudalho.pe.gov.br\/portal\/wp-content\/uploads\/2017\/11\/opa-2-350x230.jpg\" data-large-file=\"https:\/\/www.paudalho.pe.gov.br\/portal\/wp-content\/uploads\/2017\/11\/opa-2-800x450.jpg\" class=\"size-medium wp-image-1987\" src=\"http:\/\/www.paudalho.pe.gov.br\/portal\/wp-content\/uploads\/2017\/11\/opa-2-350x230.jpg\" alt=\"\" width=\"300\" height=\"197\" \/><p id=\"caption-attachment-1987\" class=\"wp-caption-text\">Foto: Thales K\u00edrion\/PMP<\/p><\/div>\n<p><strong>Confira o momento da apresenta\u00e7\u00e3o na imagem:<\/strong><br \/>\n<span class=\"embed-youtube\" style=\"text-align:center; display: block;\"><iframe loading=\"lazy\" class=\"youtube-player\" width=\"560\" height=\"315\" src=\"https:\/\/www.youtube.com\/embed\/Z9j24fq91dg?version=3&#038;rel=1&#038;showsearch=0&#038;showinfo=1&#038;iv_load_policy=1&#038;fs=1&#038;hl=pt-BR&#038;autohide=2&#038;wmode=transparent\" allowfullscreen=\"true\" style=\"border:0;\" sandbox=\"allow-scripts allow-same-origin allow-popups allow-presentation allow-popups-to-escape-sandbox\"><\/iframe><\/span><\/p>\n<p>&nbsp;<\/p>\n","protected":false},"excerpt":{"rendered":"<p>\u201cEu tenho um sonho. O sonho de ver meus filhos julgados por sua personalidade, n\u00e3o pela cor de sua pele\u201d. (Martin Luther King) A famosa frase do americano Martin Luther King ainda \u00e9 pertinente para a realidade que vivemos. De acordo com dados do Instituto Brasileiro de Geografia e Estat\u00edstica (IBGE), mais da metade da [&hellip;]<\/p>\n","protected":false},"author":4,"featured_media":1978,"comment_status":"open","ping_status":"open","sticky":false,"template":"","format":"standard","meta":{"_jetpack_newsletter_access":"","_jetpack_dont_email_post_to_subs":false,"_jetpack_newsletter_tier_id":0,"_jetpack_memberships_contains_paywalled_content":false,"_jetpack_memberships_contains_paid_content":false,"footnotes":""},"categories":[2,4],"tags":[22,106,201],"class_list":["post-1977","post","type-post","status-publish","format-standard","has-post-thumbnail","hentry","category-destaque","category-educacao","tag-prefeitura-do-paudalho","tag-secretaria-de-educacao","tag-semana-da-consciencia-negra"],"jetpack_featured_media_url":"https:\/\/www.paudalho.pe.gov.br\/portal\/wp-content\/uploads\/2017\/11\/IMG_9994.jpg","jetpack_sharing_enabled":true,"jetpack_shortlink":"https:\/\/wp.me\/p98mS2-vT","_links":{"self":[{"href":"https:\/\/www.paudalho.pe.gov.br\/portal\/wp-json\/wp\/v2\/posts\/1977","targetHints":{"allow":["GET"]}}],"collection":[{"href":"https:\/\/www.paudalho.pe.gov.br\/portal\/wp-json\/wp\/v2\/posts"}],"about":[{"href":"https:\/\/www.paudalho.pe.gov.br\/portal\/wp-json\/wp\/v2\/types\/post"}],"author":[{"embeddable":true,"href":"https:\/\/www.paudalho.pe.gov.br\/portal\/wp-json\/wp\/v2\/users\/4"}],"replies":[{"embeddable":true,"href":"https:\/\/www.paudalho.pe.gov.br\/portal\/wp-json\/wp\/v2\/comments?post=1977"}],"version-history":[{"count":6,"href":"https:\/\/www.paudalho.pe.gov.br\/portal\/wp-json\/wp\/v2\/posts\/1977\/revisions"}],"predecessor-version":[{"id":2003,"href":"https:\/\/www.paudalho.pe.gov.br\/portal\/wp-json\/wp\/v2\/posts\/1977\/revisions\/2003"}],"wp:featuredmedia":[{"embeddable":true,"href":"https:\/\/www.paudalho.pe.gov.br\/portal\/wp-json\/wp\/v2\/media\/1978"}],"wp:attachment":[{"href":"https:\/\/www.paudalho.pe.gov.br\/portal\/wp-json\/wp\/v2\/media?parent=1977"}],"wp:term":[{"taxonomy":"category","embeddable":true,"href":"https:\/\/www.paudalho.pe.gov.br\/portal\/wp-json\/wp\/v2\/categories?post=1977"},{"taxonomy":"post_tag","embeddable":true,"href":"https:\/\/www.paudalho.pe.gov.br\/portal\/wp-json\/wp\/v2\/tags?post=1977"}],"curies":[{"name":"wp","href":"https:\/\/api.w.org\/{rel}","templated":true}]}}