{"id":19766,"date":"2021-10-27T10:09:00","date_gmt":"2021-10-27T13:09:00","guid":{"rendered":"https:\/\/www.paudalho.pe.gov.br\/portal\/?p=19766"},"modified":"2025-01-08T00:39:21","modified_gmt":"2025-01-08T03:39:21","slug":"coordenadoria-da-mulher-de-paudalho-promovera-palestra-em-alusao-ao-outubro-rosa-nesta-quinta-feira-28","status":"publish","type":"post","link":"https:\/\/www.paudalho.pe.gov.br\/portal\/coordenadoria-da-mulher-de-paudalho-promovera-palestra-em-alusao-ao-outubro-rosa-nesta-quinta-feira-28\/","title":{"rendered":"Coordenadoria da Mulher de Paudalho promover\u00e1 palestra em alus\u00e3o ao Outubro Rosa nesta quinta-feira (28)"},"content":{"rendered":"\n<p>Durante o m\u00eas de outubro, uma s\u00e9rie de a\u00e7\u00f5es est\u00e3o sendo realizadas em todo o Brasil com o intuito de trazer conscientiza\u00e7\u00e3o sobre o c\u00e2ncer de mama e do colo do \u00fatero. A campanha Outubro Rosa \u00e9 um importante marco para alertar sobre os riscos e as formas de preven\u00e7\u00e3o a essas doen\u00e7as. Com o objetivo de contribuir com essa causa, a Prefeitura do Paudalho, por meio da Coordenadoria da Mulher, promover\u00e1 nesta quinta-feira (28) uma palestra sobre o assunto.<\/p>\n\n\n\n<p>O evento ser\u00e1 aberto ao p\u00fablico e ter\u00e1 in\u00edcio \u00e0s 14h. O encontro ocorrer\u00e1 no audit\u00f3rio da sede do Sindicato dos Trabalhadores Rurais do Paudalho, no Centro. Como forma de preven\u00e7\u00e3o a covid-19, durante a ocasi\u00e3o o uso de m\u00e1scara ser\u00e1 obrigat\u00f3rio.\u00a0<\/p>\n\n\n\n<p>A palestra ser\u00e1 ministrada pela enfermeira e coordenadora da Unidade de Pronto Atendimento Laura Bandeira de Melo (UPA Paudalho) Mellyssa Almeida. Na ocasi\u00e3o ser\u00e3o compartilhadas orienta\u00e7\u00f5es sobre o autoexame, cuidados, dicas de preven\u00e7\u00e3o, entre outros pontos.<\/p>\n\n\n\n<figure class=\"wp-block-gallery columns-1 is-cropped wp-block-gallery-1 is-layout-flex wp-block-gallery-is-layout-flex\"><ul class=\"blocks-gallery-grid\"><li class=\"blocks-gallery-item\"><figure><img loading=\"lazy\" decoding=\"async\" width=\"800\" height=\"450\" data-attachment-id=\"19900\" data-permalink=\"https:\/\/www.paudalho.pe.gov.br\/portal\/coordenadoria-da-mulher-de-paudalho-promovera-palestra-em-alusao-ao-outubro-rosa-nesta-quinta-feira-28\/palestra-outubro-rosa\/\" data-orig-file=\"https:\/\/www.paudalho.pe.gov.br\/portal\/wp-content\/uploads\/2021\/10\/Palestra-Outubro-Rosa.jpeg\" data-orig-size=\"1280,1280\" data-comments-opened=\"1\" data-image-meta=\"{&quot;aperture&quot;:&quot;0&quot;,&quot;credit&quot;:&quot;&quot;,&quot;camera&quot;:&quot;&quot;,&quot;caption&quot;:&quot;&quot;,&quot;created_timestamp&quot;:&quot;0&quot;,&quot;copyright&quot;:&quot;&quot;,&quot;focal_length&quot;:&quot;0&quot;,&quot;iso&quot;:&quot;0&quot;,&quot;shutter_speed&quot;:&quot;0&quot;,&quot;title&quot;:&quot;&quot;,&quot;orientation&quot;:&quot;0&quot;}\" data-image-title=\"Palestra-Outubro-Rosa\" data-image-description=\"\" data-image-caption=\"\" data-medium-file=\"https:\/\/www.paudalho.pe.gov.br\/portal\/wp-content\/uploads\/2021\/10\/Palestra-Outubro-Rosa-350x230.jpeg\" data-large-file=\"https:\/\/www.paudalho.pe.gov.br\/portal\/wp-content\/uploads\/2021\/10\/Palestra-Outubro-Rosa-800x450.jpeg\" src=\"https:\/\/www.paudalho.pe.gov.br\/portal\/wp-content\/uploads\/2021\/10\/Palestra-Outubro-Rosa-800x450.jpeg\" alt=\"\" data-id=\"19900\" data-full-url=\"https:\/\/www.paudalho.pe.gov.br\/portal\/wp-content\/uploads\/2021\/10\/Palestra-Outubro-Rosa.jpeg\" data-link=\"https:\/\/www.paudalho.pe.gov.br\/portal\/?attachment_id=19900\" class=\"wp-image-19900\"\/><figcaption class=\"blocks-gallery-item__caption\"><strong><em>Clique na imagem para mais detalhes.<\/em><\/strong><\/figcaption><\/figure><\/li><\/ul><\/figure>\n\n\n\n<p><\/p>\n\n\n\n<p><\/p>\n","protected":false},"excerpt":{"rendered":"<p>Durante o m\u00eas de outubro, uma s\u00e9rie de a\u00e7\u00f5es est\u00e3o sendo realizadas em todo o Brasil com o intuito de trazer conscientiza\u00e7\u00e3o sobre o c\u00e2ncer de mama e do colo do \u00fatero. A campanha Outubro Rosa \u00e9 um importante marco para alertar sobre os riscos e as formas de preven\u00e7\u00e3o a essas doen\u00e7as. Com o [&hellip;]<\/p>\n","protected":false},"author":6,"featured_media":19777,"comment_status":"open","ping_status":"open","sticky":false,"template":"","format":"standard","meta":{"_jetpack_newsletter_access":"","_jetpack_dont_email_post_to_subs":false,"_jetpack_newsletter_tier_id":0,"_jetpack_memberships_contains_paywalled_content":false,"_jetpack_memberships_contains_paid_content":false,"footnotes":""},"categories":[766,2,1],"tags":[298,167,22],"class_list":["post-19766","post","type-post","status-publish","format-standard","has-post-thumbnail","hentry","category-coordenadoria-da-mulher","category-destaque","category-noticias","tag-coordenadoria-da-mulher","tag-outubro-rosa","tag-prefeitura-do-paudalho"],"jetpack_featured_media_url":"https:\/\/www.paudalho.pe.gov.br\/portal\/wp-content\/uploads\/2021\/10\/istock-1271459907-s0eeyse3gy.jpeg","jetpack_sharing_enabled":true,"jetpack_shortlink":"https:\/\/wp.me\/p98mS2-58O","_links":{"self":[{"href":"https:\/\/www.paudalho.pe.gov.br\/portal\/wp-json\/wp\/v2\/posts\/19766","targetHints":{"allow":["GET"]}}],"collection":[{"href":"https:\/\/www.paudalho.pe.gov.br\/portal\/wp-json\/wp\/v2\/posts"}],"about":[{"href":"https:\/\/www.paudalho.pe.gov.br\/portal\/wp-json\/wp\/v2\/types\/post"}],"author":[{"embeddable":true,"href":"https:\/\/www.paudalho.pe.gov.br\/portal\/wp-json\/wp\/v2\/users\/6"}],"replies":[{"embeddable":true,"href":"https:\/\/www.paudalho.pe.gov.br\/portal\/wp-json\/wp\/v2\/comments?post=19766"}],"version-history":[{"count":20,"href":"https:\/\/www.paudalho.pe.gov.br\/portal\/wp-json\/wp\/v2\/posts\/19766\/revisions"}],"predecessor-version":[{"id":19908,"href":"https:\/\/www.paudalho.pe.gov.br\/portal\/wp-json\/wp\/v2\/posts\/19766\/revisions\/19908"}],"wp:featuredmedia":[{"embeddable":true,"href":"https:\/\/www.paudalho.pe.gov.br\/portal\/wp-json\/wp\/v2\/media\/19777"}],"wp:attachment":[{"href":"https:\/\/www.paudalho.pe.gov.br\/portal\/wp-json\/wp\/v2\/media?parent=19766"}],"wp:term":[{"taxonomy":"category","embeddable":true,"href":"https:\/\/www.paudalho.pe.gov.br\/portal\/wp-json\/wp\/v2\/categories?post=19766"},{"taxonomy":"post_tag","embeddable":true,"href":"https:\/\/www.paudalho.pe.gov.br\/portal\/wp-json\/wp\/v2\/tags?post=19766"}],"curies":[{"name":"wp","href":"https:\/\/api.w.org\/{rel}","templated":true}]}}