{"id":19698,"date":"2021-10-22T09:51:54","date_gmt":"2021-10-22T12:51:54","guid":{"rendered":"https:\/\/www.paudalho.pe.gov.br\/portal\/?p=19698"},"modified":"2025-01-08T00:39:22","modified_gmt":"2025-01-08T03:39:22","slug":"prefeitura-do-paudalho-decreta-luto-oficial-de-tres-dias-pelo-falecimento-do-estudante-mateus-da-silva","status":"publish","type":"post","link":"https:\/\/www.paudalho.pe.gov.br\/portal\/prefeitura-do-paudalho-decreta-luto-oficial-de-tres-dias-pelo-falecimento-do-estudante-mateus-da-silva\/","title":{"rendered":"Prefeitura do Paudalho decreta luto oficial de tr\u00eas dias pelo falecimento do estudante Mateus da Silva"},"content":{"rendered":"\n<p>A Prefeitura do Paudalho torna p\u00fablico na manh\u00e3 desta sexta-feira, dia 22 de outubro, o Decreto Municipal N\u00ba 221\/2021, documento que disp\u00f5e sobre luto oficial de tr\u00eas dias pelo falecimento do estudante da Rede Municipal de Ensino Mateus da Silva.\u00a0<\/p>\n\n\n\n<p>O jovem tinha apenas sete anos e era aluno do 1\u00ba ano do ensino fundamental da Escola Municipal Maria de F\u00e1tima, localizada na comunidade Ch\u00e3 de Cruz. Mateus era uma crian\u00e7a alegre e brincalhona, que sonhava com um futuro melhor.\u00a0<\/p>\n\n\n\n<p>O seu desaparecimento foi notificado na \u00faltima ter\u00e7a-feira (19) e a not\u00edcia de seu \u00f3bito foi comunicada na noite de ontem (21). A prematura perda de sua vida comove toda a sociedade paudalhense e provoca os sentimentos de solidariedade, dor e saudade e tamb\u00e9m de rep\u00fadio mediante as lament\u00e1veis circunst\u00e2ncias. <\/p>\n\n\n\n<p>Neste momento de profundo pesar, a Administra\u00e7\u00e3o P\u00fablica Municipal expressa as mais sinceras condol\u00eancias aos familiares e amigos da crian\u00e7a.\u00a0\u00a0<\/p>\n\n\n\n<div data-wp-interactive=\"core\/file\" class=\"wp-block-file\"><object data-wp-bind--hidden=\"!state.hasPdfPreview\" hidden class=\"wp-block-file__embed\" data=\"https:\/\/www.paudalho.pe.gov.br\/portal\/wp-content\/uploads\/2021\/10\/Decreto-221-2021-Luto-Oficial-aluno-escola-Maria-de-Fatima.pdf\" type=\"application\/pdf\" style=\"width:100%;height:600px\" aria-label=\"Incorporado de Incorporado de Decreto N\u00ba 221\/2021- Luto Oficial pelo falecimento da crian\u00e7a Mateus da Silva, estudante da Escola Maria de F\u00e1tima..\"><\/object><a href=\"https:\/\/www.paudalho.pe.gov.br\/portal\/wp-content\/uploads\/2021\/10\/Decreto-221-2021-Luto-Oficial-aluno-escola-Maria-de-Fatima.pdf\">Decreto N\u00ba 221\/2021- Luto Oficial pelo falecimento da crian\u00e7a Mateus da Silva, estudante da Escola Maria de F\u00e1tima<\/a><a href=\"https:\/\/www.paudalho.pe.gov.br\/portal\/wp-content\/uploads\/2021\/10\/Decreto-221-2021-Luto-Oficial-aluno-escola-Maria-de-Fatima.pdf\" class=\"wp-block-file__button\" download>Baixar<\/a><\/div>\n","protected":false},"excerpt":{"rendered":"<p>A Prefeitura do Paudalho torna p\u00fablico na manh\u00e3 desta sexta-feira, dia 22 de outubro, o Decreto Municipal N\u00ba 221\/2021, documento que disp\u00f5e sobre luto oficial de tr\u00eas dias pelo falecimento do estudante da Rede Municipal de Ensino Mateus da Silva.\u00a0 O jovem tinha apenas sete anos e era aluno do 1\u00ba ano do ensino fundamental [&hellip;]<\/p>\n","protected":false},"author":6,"featured_media":19702,"comment_status":"open","ping_status":"open","sticky":false,"template":"","format":"standard","meta":{"_jetpack_newsletter_access":"","_jetpack_dont_email_post_to_subs":false,"_jetpack_newsletter_tier_id":0,"_jetpack_memberships_contains_paywalled_content":false,"_jetpack_memberships_contains_paid_content":false,"footnotes":""},"categories":[2,1],"tags":[678,253,22],"class_list":["post-19698","post","type-post","status-publish","format-standard","has-post-thumbnail","hentry","category-destaque","category-noticias","tag-decreto-municipal","tag-luto-oficial","tag-prefeitura-do-paudalho"],"jetpack_featured_media_url":"https:\/\/www.paudalho.pe.gov.br\/portal\/wp-content\/uploads\/2021\/10\/Luto-Oficial-Mateus-da-Silva.jpg","jetpack_sharing_enabled":true,"jetpack_shortlink":"https:\/\/wp.me\/p98mS2-57I","_links":{"self":[{"href":"https:\/\/www.paudalho.pe.gov.br\/portal\/wp-json\/wp\/v2\/posts\/19698","targetHints":{"allow":["GET"]}}],"collection":[{"href":"https:\/\/www.paudalho.pe.gov.br\/portal\/wp-json\/wp\/v2\/posts"}],"about":[{"href":"https:\/\/www.paudalho.pe.gov.br\/portal\/wp-json\/wp\/v2\/types\/post"}],"author":[{"embeddable":true,"href":"https:\/\/www.paudalho.pe.gov.br\/portal\/wp-json\/wp\/v2\/users\/6"}],"replies":[{"embeddable":true,"href":"https:\/\/www.paudalho.pe.gov.br\/portal\/wp-json\/wp\/v2\/comments?post=19698"}],"version-history":[{"count":3,"href":"https:\/\/www.paudalho.pe.gov.br\/portal\/wp-json\/wp\/v2\/posts\/19698\/revisions"}],"predecessor-version":[{"id":19703,"href":"https:\/\/www.paudalho.pe.gov.br\/portal\/wp-json\/wp\/v2\/posts\/19698\/revisions\/19703"}],"wp:featuredmedia":[{"embeddable":true,"href":"https:\/\/www.paudalho.pe.gov.br\/portal\/wp-json\/wp\/v2\/media\/19702"}],"wp:attachment":[{"href":"https:\/\/www.paudalho.pe.gov.br\/portal\/wp-json\/wp\/v2\/media?parent=19698"}],"wp:term":[{"taxonomy":"category","embeddable":true,"href":"https:\/\/www.paudalho.pe.gov.br\/portal\/wp-json\/wp\/v2\/categories?post=19698"},{"taxonomy":"post_tag","embeddable":true,"href":"https:\/\/www.paudalho.pe.gov.br\/portal\/wp-json\/wp\/v2\/tags?post=19698"}],"curies":[{"name":"wp","href":"https:\/\/api.w.org\/{rel}","templated":true}]}}