{"id":1962,"date":"2017-11-19T23:45:59","date_gmt":"2017-11-20T02:45:59","guid":{"rendered":"http:\/\/www.paudalho.pe.gov.br\/portal\/?p=1962"},"modified":"2018-12-13T12:29:02","modified_gmt":"2018-12-13T15:29:02","slug":"conheca-os-10-finalistas-do-canta-paudalho","status":"publish","type":"post","link":"https:\/\/www.paudalho.pe.gov.br\/portal\/conheca-os-10-finalistas-do-canta-paudalho\/","title":{"rendered":"Conhe\u00e7a os 10 finalistas do Canta Paudalho"},"content":{"rendered":"<p>M\u00fasica e emo\u00e7\u00e3o marcaram a segunda eliminat\u00f3ria do <a href=\"https:\/\/www.cantapaudalho.com\/\">Canta Paudalho<\/a> que ocorreu entre o \u00faltimo s\u00e1bado (18) e domingo (19) no Parque de Eventos Beira-Rio, no centro da cidade. O show de calouros, que vai revelar a voz de Paudalho, contou com a participa\u00e7\u00e3o de centenas de pessoas que marcaram presen\u00e7a nos dois dias de apresenta\u00e7\u00f5es.<\/p>\n<h2><strong>Finalistas<\/strong><\/h2>\n<p>Na primeira noite subiram ao palco cerca de 11 candidatos, dos quais foram escolhidos cinco finalistas: Dagmarcia Felix Gon\u00e7alves Gomes, Douglas dos Santos, Jos\u00e9 Marcio de Santana, Luiz Rodrigo Santos de Freitas e Laurynn dos Santos.<\/p>\n<p><strong>Confira as fotos:<\/strong><\/p>\n<div id=\"attachment_1964\" style=\"width: 310px\" class=\"wp-caption alignnone\"><img loading=\"lazy\" decoding=\"async\" aria-describedby=\"caption-attachment-1964\" data-attachment-id=\"1964\" data-permalink=\"https:\/\/www.paudalho.pe.gov.br\/portal\/conheca-os-10-finalistas-do-canta-paudalho\/d02becc7-9992-432e-a9f9-d2a938a68ebd\/\" data-orig-file=\"https:\/\/www.paudalho.pe.gov.br\/portal\/wp-content\/uploads\/2017\/11\/d02becc7-9992-432e-a9f9-d2a938a68ebd.jpg\" data-orig-size=\"1024,683\" data-comments-opened=\"1\" data-image-meta=\"{&quot;aperture&quot;:&quot;0&quot;,&quot;credit&quot;:&quot;&quot;,&quot;camera&quot;:&quot;&quot;,&quot;caption&quot;:&quot;&quot;,&quot;created_timestamp&quot;:&quot;0&quot;,&quot;copyright&quot;:&quot;&quot;,&quot;focal_length&quot;:&quot;0&quot;,&quot;iso&quot;:&quot;0&quot;,&quot;shutter_speed&quot;:&quot;0&quot;,&quot;title&quot;:&quot;&quot;,&quot;orientation&quot;:&quot;0&quot;}\" data-image-title=\"d02becc7-9992-432e-a9f9-d2a938a68ebd\" data-image-description=\"\" data-image-caption=\"&lt;p&gt;Foto: Isak de Castro\/PMP&lt;\/p&gt;\n\" data-medium-file=\"https:\/\/www.paudalho.pe.gov.br\/portal\/wp-content\/uploads\/2017\/11\/d02becc7-9992-432e-a9f9-d2a938a68ebd-350x230.jpg\" data-large-file=\"https:\/\/www.paudalho.pe.gov.br\/portal\/wp-content\/uploads\/2017\/11\/d02becc7-9992-432e-a9f9-d2a938a68ebd-800x450.jpg\" class=\"size-medium wp-image-1964\" src=\"http:\/\/www.paudalho.pe.gov.br\/portal\/wp-content\/uploads\/2017\/11\/d02becc7-9992-432e-a9f9-d2a938a68ebd-350x230.jpg\" alt=\"\" width=\"300\" height=\"197\" \/><p id=\"caption-attachment-1964\" class=\"wp-caption-text\">Foto: Isak de Castro\/PMP<\/p><\/div>\n<div id=\"attachment_1972\" style=\"width: 310px\" class=\"wp-caption alignnone\"><img loading=\"lazy\" decoding=\"async\" aria-describedby=\"caption-attachment-1972\" data-attachment-id=\"1972\" data-permalink=\"https:\/\/www.paudalho.pe.gov.br\/portal\/conheca-os-10-finalistas-do-canta-paudalho\/afd62758-ad39-4658-98a9-7816d1b1e0f2\/\" data-orig-file=\"https:\/\/www.paudalho.pe.gov.br\/portal\/wp-content\/uploads\/2017\/11\/afd62758-ad39-4658-98a9-7816d1b1e0f2.jpg\" data-orig-size=\"1024,683\" data-comments-opened=\"1\" data-image-meta=\"{&quot;aperture&quot;:&quot;0&quot;,&quot;credit&quot;:&quot;&quot;,&quot;camera&quot;:&quot;&quot;,&quot;caption&quot;:&quot;&quot;,&quot;created_timestamp&quot;:&quot;0&quot;,&quot;copyright&quot;:&quot;&quot;,&quot;focal_length&quot;:&quot;0&quot;,&quot;iso&quot;:&quot;0&quot;,&quot;shutter_speed&quot;:&quot;0&quot;,&quot;title&quot;:&quot;&quot;,&quot;orientation&quot;:&quot;0&quot;}\" data-image-title=\"afd62758-ad39-4658-98a9-7816d1b1e0f2\" data-image-description=\"\" data-image-caption=\"&lt;p&gt;Foto: Isak de Castro\/PMP&lt;\/p&gt;\n\" data-medium-file=\"https:\/\/www.paudalho.pe.gov.br\/portal\/wp-content\/uploads\/2017\/11\/afd62758-ad39-4658-98a9-7816d1b1e0f2-350x230.jpg\" data-large-file=\"https:\/\/www.paudalho.pe.gov.br\/portal\/wp-content\/uploads\/2017\/11\/afd62758-ad39-4658-98a9-7816d1b1e0f2-800x450.jpg\" class=\"size-medium wp-image-1972\" src=\"http:\/\/www.paudalho.pe.gov.br\/portal\/wp-content\/uploads\/2017\/11\/afd62758-ad39-4658-98a9-7816d1b1e0f2-350x230.jpg\" alt=\"\" width=\"300\" height=\"197\" \/><p id=\"caption-attachment-1972\" class=\"wp-caption-text\">Foto: Isak de Castro\/PMP<\/p><\/div>\n<div id=\"attachment_1965\" style=\"width: 310px\" class=\"wp-caption alignnone\"><img loading=\"lazy\" decoding=\"async\" aria-describedby=\"caption-attachment-1965\" data-attachment-id=\"1965\" data-permalink=\"https:\/\/www.paudalho.pe.gov.br\/portal\/conheca-os-10-finalistas-do-canta-paudalho\/f756d914-7709-4835-90eb-97175edc42ea\/\" data-orig-file=\"https:\/\/www.paudalho.pe.gov.br\/portal\/wp-content\/uploads\/2017\/11\/f756d914-7709-4835-90eb-97175edc42ea.jpg\" data-orig-size=\"1024,683\" data-comments-opened=\"1\" data-image-meta=\"{&quot;aperture&quot;:&quot;0&quot;,&quot;credit&quot;:&quot;&quot;,&quot;camera&quot;:&quot;&quot;,&quot;caption&quot;:&quot;&quot;,&quot;created_timestamp&quot;:&quot;0&quot;,&quot;copyright&quot;:&quot;&quot;,&quot;focal_length&quot;:&quot;0&quot;,&quot;iso&quot;:&quot;0&quot;,&quot;shutter_speed&quot;:&quot;0&quot;,&quot;title&quot;:&quot;&quot;,&quot;orientation&quot;:&quot;0&quot;}\" data-image-title=\"f756d914-7709-4835-90eb-97175edc42ea\" data-image-description=\"\" data-image-caption=\"&lt;p&gt;Foto: Isak de Castro\/PMP&lt;\/p&gt;\n\" data-medium-file=\"https:\/\/www.paudalho.pe.gov.br\/portal\/wp-content\/uploads\/2017\/11\/f756d914-7709-4835-90eb-97175edc42ea-350x230.jpg\" data-large-file=\"https:\/\/www.paudalho.pe.gov.br\/portal\/wp-content\/uploads\/2017\/11\/f756d914-7709-4835-90eb-97175edc42ea-800x450.jpg\" class=\"size-medium wp-image-1965\" src=\"http:\/\/www.paudalho.pe.gov.br\/portal\/wp-content\/uploads\/2017\/11\/f756d914-7709-4835-90eb-97175edc42ea-350x230.jpg\" alt=\"\" width=\"300\" height=\"197\" \/><p id=\"caption-attachment-1965\" class=\"wp-caption-text\">Foto: Isak de Castro\/PMP<\/p><\/div>\n<div id=\"attachment_1966\" style=\"width: 310px\" class=\"wp-caption alignnone\"><img loading=\"lazy\" decoding=\"async\" aria-describedby=\"caption-attachment-1966\" data-attachment-id=\"1966\" data-permalink=\"https:\/\/www.paudalho.pe.gov.br\/portal\/conheca-os-10-finalistas-do-canta-paudalho\/ed8901a6-4265-442f-b6aa-cf6f5eca5bf5\/\" data-orig-file=\"https:\/\/www.paudalho.pe.gov.br\/portal\/wp-content\/uploads\/2017\/11\/ed8901a6-4265-442f-b6aa-cf6f5eca5bf5.jpg\" data-orig-size=\"1024,683\" data-comments-opened=\"1\" data-image-meta=\"{&quot;aperture&quot;:&quot;0&quot;,&quot;credit&quot;:&quot;&quot;,&quot;camera&quot;:&quot;&quot;,&quot;caption&quot;:&quot;&quot;,&quot;created_timestamp&quot;:&quot;0&quot;,&quot;copyright&quot;:&quot;&quot;,&quot;focal_length&quot;:&quot;0&quot;,&quot;iso&quot;:&quot;0&quot;,&quot;shutter_speed&quot;:&quot;0&quot;,&quot;title&quot;:&quot;&quot;,&quot;orientation&quot;:&quot;0&quot;}\" data-image-title=\"ed8901a6-4265-442f-b6aa-cf6f5eca5bf5\" data-image-description=\"\" data-image-caption=\"&lt;p&gt;Foto: Isak de Castro\/PMP&lt;\/p&gt;\n\" data-medium-file=\"https:\/\/www.paudalho.pe.gov.br\/portal\/wp-content\/uploads\/2017\/11\/ed8901a6-4265-442f-b6aa-cf6f5eca5bf5-350x230.jpg\" data-large-file=\"https:\/\/www.paudalho.pe.gov.br\/portal\/wp-content\/uploads\/2017\/11\/ed8901a6-4265-442f-b6aa-cf6f5eca5bf5-800x450.jpg\" class=\"size-medium wp-image-1966\" src=\"http:\/\/www.paudalho.pe.gov.br\/portal\/wp-content\/uploads\/2017\/11\/ed8901a6-4265-442f-b6aa-cf6f5eca5bf5-350x230.jpg\" alt=\"\" width=\"300\" height=\"197\" \/><p id=\"caption-attachment-1966\" class=\"wp-caption-text\">Foto: Isak de Castro\/PMP<\/p><\/div>\n<div id=\"attachment_1967\" style=\"width: 310px\" class=\"wp-caption alignnone\"><img loading=\"lazy\" decoding=\"async\" aria-describedby=\"caption-attachment-1967\" data-attachment-id=\"1967\" data-permalink=\"https:\/\/www.paudalho.pe.gov.br\/portal\/conheca-os-10-finalistas-do-canta-paudalho\/953235b6-0477-4364-b4e5-16bd681e40db\/\" data-orig-file=\"https:\/\/www.paudalho.pe.gov.br\/portal\/wp-content\/uploads\/2017\/11\/953235b6-0477-4364-b4e5-16bd681e40db.jpg\" data-orig-size=\"1024,683\" data-comments-opened=\"1\" data-image-meta=\"{&quot;aperture&quot;:&quot;0&quot;,&quot;credit&quot;:&quot;&quot;,&quot;camera&quot;:&quot;&quot;,&quot;caption&quot;:&quot;&quot;,&quot;created_timestamp&quot;:&quot;0&quot;,&quot;copyright&quot;:&quot;&quot;,&quot;focal_length&quot;:&quot;0&quot;,&quot;iso&quot;:&quot;0&quot;,&quot;shutter_speed&quot;:&quot;0&quot;,&quot;title&quot;:&quot;&quot;,&quot;orientation&quot;:&quot;0&quot;}\" data-image-title=\"953235b6-0477-4364-b4e5-16bd681e40db\" data-image-description=\"\" data-image-caption=\"&lt;p&gt;Foto: Isak de Castro\/PMP&lt;\/p&gt;\n\" data-medium-file=\"https:\/\/www.paudalho.pe.gov.br\/portal\/wp-content\/uploads\/2017\/11\/953235b6-0477-4364-b4e5-16bd681e40db-350x230.jpg\" data-large-file=\"https:\/\/www.paudalho.pe.gov.br\/portal\/wp-content\/uploads\/2017\/11\/953235b6-0477-4364-b4e5-16bd681e40db-800x450.jpg\" class=\"size-medium wp-image-1967\" src=\"http:\/\/www.paudalho.pe.gov.br\/portal\/wp-content\/uploads\/2017\/11\/953235b6-0477-4364-b4e5-16bd681e40db-350x230.jpg\" alt=\"\" width=\"300\" height=\"197\" \/><p id=\"caption-attachment-1967\" class=\"wp-caption-text\">Foto: Isak de Castro\/PMP<\/p><\/div>\n<p>E o show continuou. No domingo os candidatos mostraram brilhantismo com a banda ao vivo. Foram selecionados Jo\u00e3o Vitor, Mario Sergio da Silva Filho, Valdemir Miranda da Rocha Filho, Jose Luiz Rosa, a dupla Henrique e Jo\u00e3o Paulo e Deni\u00eare Ribeiro Martins. A Prefeitura do Paudalho segue avan\u00e7ando, comprometida em proporcionar pol\u00edticas p\u00fablicas e programa\u00e7\u00f5es invistam nos sonhos dos paudalhenses.<\/p>\n<p><strong>Veja nas imagens:<\/strong><\/p>\n<div id=\"attachment_1969\" style=\"width: 310px\" class=\"wp-caption alignnone\"><img loading=\"lazy\" decoding=\"async\" aria-describedby=\"caption-attachment-1969\" data-attachment-id=\"1969\" data-permalink=\"https:\/\/www.paudalho.pe.gov.br\/portal\/conheca-os-10-finalistas-do-canta-paudalho\/4deef911-7b55-4fb1-8a91-fafe8bf9c396\/\" data-orig-file=\"https:\/\/www.paudalho.pe.gov.br\/portal\/wp-content\/uploads\/2017\/11\/4deef911-7b55-4fb1-8a91-fafe8bf9c396.jpg\" data-orig-size=\"1024,683\" data-comments-opened=\"1\" data-image-meta=\"{&quot;aperture&quot;:&quot;0&quot;,&quot;credit&quot;:&quot;&quot;,&quot;camera&quot;:&quot;&quot;,&quot;caption&quot;:&quot;&quot;,&quot;created_timestamp&quot;:&quot;0&quot;,&quot;copyright&quot;:&quot;&quot;,&quot;focal_length&quot;:&quot;0&quot;,&quot;iso&quot;:&quot;0&quot;,&quot;shutter_speed&quot;:&quot;0&quot;,&quot;title&quot;:&quot;&quot;,&quot;orientation&quot;:&quot;0&quot;}\" data-image-title=\"4deef911-7b55-4fb1-8a91-fafe8bf9c396\" data-image-description=\"\" data-image-caption=\"&lt;p&gt;Foto: Isak de Castro\/PMP&lt;\/p&gt;\n\" data-medium-file=\"https:\/\/www.paudalho.pe.gov.br\/portal\/wp-content\/uploads\/2017\/11\/4deef911-7b55-4fb1-8a91-fafe8bf9c396-350x230.jpg\" data-large-file=\"https:\/\/www.paudalho.pe.gov.br\/portal\/wp-content\/uploads\/2017\/11\/4deef911-7b55-4fb1-8a91-fafe8bf9c396-800x450.jpg\" class=\"size-medium wp-image-1969\" src=\"http:\/\/www.paudalho.pe.gov.br\/portal\/wp-content\/uploads\/2017\/11\/4deef911-7b55-4fb1-8a91-fafe8bf9c396-350x230.jpg\" alt=\"\" width=\"300\" height=\"197\" \/><p id=\"caption-attachment-1969\" class=\"wp-caption-text\">Foto: Isak de Castro\/PMP<\/p><\/div>\n<div id=\"attachment_1968\" style=\"width: 310px\" class=\"wp-caption alignnone\"><img loading=\"lazy\" decoding=\"async\" aria-describedby=\"caption-attachment-1968\" data-attachment-id=\"1968\" data-permalink=\"https:\/\/www.paudalho.pe.gov.br\/portal\/conheca-os-10-finalistas-do-canta-paudalho\/4cbcfc10-088e-4828-bcc0-73e78e27aeb0\/\" data-orig-file=\"https:\/\/www.paudalho.pe.gov.br\/portal\/wp-content\/uploads\/2017\/11\/4cbcfc10-088e-4828-bcc0-73e78e27aeb0.jpg\" data-orig-size=\"1024,683\" data-comments-opened=\"1\" data-image-meta=\"{&quot;aperture&quot;:&quot;0&quot;,&quot;credit&quot;:&quot;&quot;,&quot;camera&quot;:&quot;&quot;,&quot;caption&quot;:&quot;&quot;,&quot;created_timestamp&quot;:&quot;0&quot;,&quot;copyright&quot;:&quot;&quot;,&quot;focal_length&quot;:&quot;0&quot;,&quot;iso&quot;:&quot;0&quot;,&quot;shutter_speed&quot;:&quot;0&quot;,&quot;title&quot;:&quot;&quot;,&quot;orientation&quot;:&quot;0&quot;}\" data-image-title=\"4cbcfc10-088e-4828-bcc0-73e78e27aeb0\" data-image-description=\"\" data-image-caption=\"&lt;p&gt;Foto: Isak de Castro\/PMP&lt;\/p&gt;\n\" data-medium-file=\"https:\/\/www.paudalho.pe.gov.br\/portal\/wp-content\/uploads\/2017\/11\/4cbcfc10-088e-4828-bcc0-73e78e27aeb0-350x230.jpg\" data-large-file=\"https:\/\/www.paudalho.pe.gov.br\/portal\/wp-content\/uploads\/2017\/11\/4cbcfc10-088e-4828-bcc0-73e78e27aeb0-800x450.jpg\" class=\"size-medium wp-image-1968\" src=\"http:\/\/www.paudalho.pe.gov.br\/portal\/wp-content\/uploads\/2017\/11\/4cbcfc10-088e-4828-bcc0-73e78e27aeb0-350x230.jpg\" alt=\"\" width=\"300\" height=\"197\" \/><p id=\"caption-attachment-1968\" class=\"wp-caption-text\">Foto: Isak de Castro\/PMP<\/p><\/div>\n<div id=\"attachment_1970\" style=\"width: 310px\" class=\"wp-caption alignnone\"><img loading=\"lazy\" decoding=\"async\" aria-describedby=\"caption-attachment-1970\" data-attachment-id=\"1970\" data-permalink=\"https:\/\/www.paudalho.pe.gov.br\/portal\/conheca-os-10-finalistas-do-canta-paudalho\/290a5d64-04c0-4e0e-bc6a-420e7135f17e\/\" data-orig-file=\"https:\/\/www.paudalho.pe.gov.br\/portal\/wp-content\/uploads\/2017\/11\/290a5d64-04c0-4e0e-bc6a-420e7135f17e.jpg\" data-orig-size=\"1024,683\" data-comments-opened=\"1\" data-image-meta=\"{&quot;aperture&quot;:&quot;0&quot;,&quot;credit&quot;:&quot;&quot;,&quot;camera&quot;:&quot;&quot;,&quot;caption&quot;:&quot;&quot;,&quot;created_timestamp&quot;:&quot;0&quot;,&quot;copyright&quot;:&quot;&quot;,&quot;focal_length&quot;:&quot;0&quot;,&quot;iso&quot;:&quot;0&quot;,&quot;shutter_speed&quot;:&quot;0&quot;,&quot;title&quot;:&quot;&quot;,&quot;orientation&quot;:&quot;0&quot;}\" data-image-title=\"290a5d64-04c0-4e0e-bc6a-420e7135f17e\" data-image-description=\"\" data-image-caption=\"&lt;p&gt;Foto: Isak de Castro\/PMP&lt;\/p&gt;\n\" data-medium-file=\"https:\/\/www.paudalho.pe.gov.br\/portal\/wp-content\/uploads\/2017\/11\/290a5d64-04c0-4e0e-bc6a-420e7135f17e-350x230.jpg\" data-large-file=\"https:\/\/www.paudalho.pe.gov.br\/portal\/wp-content\/uploads\/2017\/11\/290a5d64-04c0-4e0e-bc6a-420e7135f17e-800x450.jpg\" class=\"size-medium wp-image-1970\" src=\"http:\/\/www.paudalho.pe.gov.br\/portal\/wp-content\/uploads\/2017\/11\/290a5d64-04c0-4e0e-bc6a-420e7135f17e-350x230.jpg\" alt=\"\" width=\"300\" height=\"197\" \/><p id=\"caption-attachment-1970\" class=\"wp-caption-text\">Foto: Isak de Castro\/PMP<\/p><\/div>\n<p><img loading=\"lazy\" decoding=\"async\" data-attachment-id=\"1971\" data-permalink=\"https:\/\/www.paudalho.pe.gov.br\/portal\/conheca-os-10-finalistas-do-canta-paudalho\/a6d0b330-3154-41c0-ac51-4b0ed85d5d1c\/\" data-orig-file=\"https:\/\/www.paudalho.pe.gov.br\/portal\/wp-content\/uploads\/2017\/11\/a6d0b330-3154-41c0-ac51-4b0ed85d5d1c.jpg\" data-orig-size=\"1024,683\" data-comments-opened=\"1\" data-image-meta=\"{&quot;aperture&quot;:&quot;0&quot;,&quot;credit&quot;:&quot;&quot;,&quot;camera&quot;:&quot;&quot;,&quot;caption&quot;:&quot;&quot;,&quot;created_timestamp&quot;:&quot;0&quot;,&quot;copyright&quot;:&quot;&quot;,&quot;focal_length&quot;:&quot;0&quot;,&quot;iso&quot;:&quot;0&quot;,&quot;shutter_speed&quot;:&quot;0&quot;,&quot;title&quot;:&quot;&quot;,&quot;orientation&quot;:&quot;0&quot;}\" data-image-title=\"a6d0b330-3154-41c0-ac51-4b0ed85d5d1c\" data-image-description=\"\" data-image-caption=\"\" data-medium-file=\"https:\/\/www.paudalho.pe.gov.br\/portal\/wp-content\/uploads\/2017\/11\/a6d0b330-3154-41c0-ac51-4b0ed85d5d1c-350x230.jpg\" data-large-file=\"https:\/\/www.paudalho.pe.gov.br\/portal\/wp-content\/uploads\/2017\/11\/a6d0b330-3154-41c0-ac51-4b0ed85d5d1c-800x450.jpg\" class=\"alignnone size-medium wp-image-1971\" src=\"http:\/\/www.paudalho.pe.gov.br\/portal\/wp-content\/uploads\/2017\/11\/a6d0b330-3154-41c0-ac51-4b0ed85d5d1c-350x230.jpg\" alt=\"\" width=\"300\" height=\"197\" \/><\/p>\n","protected":false},"excerpt":{"rendered":"<p>M\u00fasica e emo\u00e7\u00e3o marcaram a segunda eliminat\u00f3ria do Canta Paudalho que ocorreu entre o \u00faltimo s\u00e1bado (18) e domingo (19) no Parque de Eventos Beira-Rio, no centro da cidade. O show de calouros, que vai revelar a voz de Paudalho, contou com a participa\u00e7\u00e3o de centenas de pessoas que marcaram presen\u00e7a nos dois dias de [&hellip;]<\/p>\n","protected":false},"author":4,"featured_media":1963,"comment_status":"open","ping_status":"open","sticky":false,"template":"","format":"standard","meta":{"_jetpack_newsletter_access":"","_jetpack_dont_email_post_to_subs":false,"_jetpack_newsletter_tier_id":0,"_jetpack_memberships_contains_paywalled_content":false,"_jetpack_memberships_contains_paid_content":false,"footnotes":""},"categories":[6,2],"tags":[144,200,22],"class_list":["post-1962","post","type-post","status-publish","format-standard","has-post-thumbnail","hentry","category-cultura","category-destaque","tag-canta-paudalho","tag-finalistas","tag-prefeitura-do-paudalho"],"jetpack_featured_media_url":"https:\/\/www.paudalho.pe.gov.br\/portal\/wp-content\/uploads\/2017\/11\/3f4916c8-bda5-4755-b515-c45f87132d43.jpg","jetpack_sharing_enabled":true,"jetpack_shortlink":"https:\/\/wp.me\/p98mS2-vE","_links":{"self":[{"href":"https:\/\/www.paudalho.pe.gov.br\/portal\/wp-json\/wp\/v2\/posts\/1962","targetHints":{"allow":["GET"]}}],"collection":[{"href":"https:\/\/www.paudalho.pe.gov.br\/portal\/wp-json\/wp\/v2\/posts"}],"about":[{"href":"https:\/\/www.paudalho.pe.gov.br\/portal\/wp-json\/wp\/v2\/types\/post"}],"author":[{"embeddable":true,"href":"https:\/\/www.paudalho.pe.gov.br\/portal\/wp-json\/wp\/v2\/users\/4"}],"replies":[{"embeddable":true,"href":"https:\/\/www.paudalho.pe.gov.br\/portal\/wp-json\/wp\/v2\/comments?post=1962"}],"version-history":[{"count":5,"href":"https:\/\/www.paudalho.pe.gov.br\/portal\/wp-json\/wp\/v2\/posts\/1962\/revisions"}],"predecessor-version":[{"id":5461,"href":"https:\/\/www.paudalho.pe.gov.br\/portal\/wp-json\/wp\/v2\/posts\/1962\/revisions\/5461"}],"wp:featuredmedia":[{"embeddable":true,"href":"https:\/\/www.paudalho.pe.gov.br\/portal\/wp-json\/wp\/v2\/media\/1963"}],"wp:attachment":[{"href":"https:\/\/www.paudalho.pe.gov.br\/portal\/wp-json\/wp\/v2\/media?parent=1962"}],"wp:term":[{"taxonomy":"category","embeddable":true,"href":"https:\/\/www.paudalho.pe.gov.br\/portal\/wp-json\/wp\/v2\/categories?post=1962"},{"taxonomy":"post_tag","embeddable":true,"href":"https:\/\/www.paudalho.pe.gov.br\/portal\/wp-json\/wp\/v2\/tags?post=1962"}],"curies":[{"name":"wp","href":"https:\/\/api.w.org\/{rel}","templated":true}]}}