{"id":19530,"date":"2021-10-25T10:16:16","date_gmt":"2021-10-25T13:16:16","guid":{"rendered":"https:\/\/www.paudalho.pe.gov.br\/portal\/?p=19530"},"modified":"2025-01-08T00:39:21","modified_gmt":"2025-01-08T03:39:21","slug":"prefeitura-do-paudalho-realizara-assinatura-da-ordem-de-servico-do-centro-de-especialidades-em-odontologia-e-do-centro-de-especialidades-em-reabilitacao-nesta-terca-feira-26","status":"publish","type":"post","link":"https:\/\/www.paudalho.pe.gov.br\/portal\/prefeitura-do-paudalho-realizara-assinatura-da-ordem-de-servico-do-centro-de-especialidades-em-odontologia-e-do-centro-de-especialidades-em-reabilitacao-nesta-terca-feira-26\/","title":{"rendered":"Prefeitura do Paudalho realizar\u00e1 assinatura da ordem de servi\u00e7o do Centro de Especialidades em Odontologia e do Centro de Especialidades em Reabilita\u00e7\u00e3o nesta ter\u00e7a-feira (26)"},"content":{"rendered":"\n<p>A Prefeitura do Paudalho, por meio de sua Secretaria de Desenvolvimento Urbano e Agr\u00e1rio, realizar\u00e1 nesta ter\u00e7a-feira (26) uma solenidade para a assinatura da ordem de servi\u00e7o do <strong>Centro de Especialidades em Odontologia (CEO)<\/strong> e do <strong>Centro de Especialidades em Reabilita\u00e7\u00e3o (CER)<\/strong>. O evento ter\u00e1 in\u00edcio \u00e0s 15h e ocorrer\u00e1 na Unidade B\u00e1sica de Sa\u00fade (UBS) Alto Dois Irm\u00e3os, localizada na comunidade de mesmo nome. <\/p>\n\n\n\n<p>O CEO \u00e9 um servi\u00e7o de m\u00e9dia complexidade em odontologia que servir\u00e1 de refer\u00eancia para os encaminhamentos dos dentistas das UBSs que fazem a aten\u00e7\u00e3o b\u00e1sica nessa \u00e1rea. No local ser\u00e3o realizados atendimentos em endodontia, periodontia, estomatologia, cirurgia odontol\u00f3gica maior e atendimentos a pacientes especiais. Posteriormente, tamb\u00e9m ser\u00e1 oferecido atendimento de ortodontia.<\/p>\n\n\n\n<p>O CER \u00e9 um centro voltado para o atendimento especializado de pessoas com defici\u00eancia. No local ser\u00e3o prestados servi\u00e7os de m\u00e9dia complexidade em duas modalidades de reabilita\u00e7\u00e3o, que s\u00e3o a f\u00edsica e a intelectual. Na unidade ser\u00e3o atendidos pacientes com transtorno do espectro autista (TEA), microcefalia, entre outros casos. <\/p>\n\n\n\n<p>O espa\u00e7o contar\u00e1 com uma equipe multiprofissional altamente capacitada formada por fisioterapeuta, fonoaudi\u00f3logo, terapeuta ocupacional, psic\u00f3logos, ortopedista, psiquiatra, neurologista, nutricionista e enfermeiros. <\/p>\n\n\n\n<p>Os dois novos equipamentos p\u00fablicos contribuir\u00e3o para a entrega de um servi\u00e7o cada vez mais qualificado e humanizado para a popula\u00e7\u00e3o paudalhense. Atualmente, a Rede de Sa\u00fade de Paudalho conta com a Unidade de Pronto Atendimento (UPA Paudalho), o Laborat\u00f3rio Municipal, o Centro de Parto Normal Gabrielly Ramos, o Bloco Cir\u00fargico e mais dez novas Unidades B\u00e1sicas de Sa\u00fade (UBS) localizadas em v\u00e1rias comunidades do munic\u00edpio.  <\/p>\n","protected":false},"excerpt":{"rendered":"<p>A Prefeitura do Paudalho, por meio de sua Secretaria de Desenvolvimento Urbano e Agr\u00e1rio, realizar\u00e1 nesta ter\u00e7a-feira (26) uma solenidade para a assinatura da ordem de servi\u00e7o do Centro de Especialidades em Odontologia (CEO) e do Centro de Especialidades em Reabilita\u00e7\u00e3o (CER). O evento ter\u00e1 in\u00edcio \u00e0s 15h e ocorrer\u00e1 na Unidade B\u00e1sica de Sa\u00fade [&hellip;]<\/p>\n","protected":false},"author":6,"featured_media":19751,"comment_status":"open","ping_status":"open","sticky":false,"template":"","format":"standard","meta":{"_jetpack_newsletter_access":"","_jetpack_dont_email_post_to_subs":false,"_jetpack_newsletter_tier_id":0,"_jetpack_memberships_contains_paywalled_content":false,"_jetpack_memberships_contains_paid_content":false,"footnotes":""},"categories":[2,1,3],"tags":[364,22,168],"class_list":["post-19530","post","type-post","status-publish","format-standard","has-post-thumbnail","hentry","category-destaque","category-noticias","category-saude","tag-ordem-de-servico","tag-prefeitura-do-paudalho","tag-secretaria-de-saude"],"jetpack_featured_media_url":"https:\/\/www.paudalho.pe.gov.br\/portal\/wp-content\/uploads\/2021\/10\/Atendimento-Odontologico.jpeg","jetpack_sharing_enabled":true,"jetpack_shortlink":"https:\/\/wp.me\/p98mS2-550","_links":{"self":[{"href":"https:\/\/www.paudalho.pe.gov.br\/portal\/wp-json\/wp\/v2\/posts\/19530","targetHints":{"allow":["GET"]}}],"collection":[{"href":"https:\/\/www.paudalho.pe.gov.br\/portal\/wp-json\/wp\/v2\/posts"}],"about":[{"href":"https:\/\/www.paudalho.pe.gov.br\/portal\/wp-json\/wp\/v2\/types\/post"}],"author":[{"embeddable":true,"href":"https:\/\/www.paudalho.pe.gov.br\/portal\/wp-json\/wp\/v2\/users\/6"}],"replies":[{"embeddable":true,"href":"https:\/\/www.paudalho.pe.gov.br\/portal\/wp-json\/wp\/v2\/comments?post=19530"}],"version-history":[{"count":23,"href":"https:\/\/www.paudalho.pe.gov.br\/portal\/wp-json\/wp\/v2\/posts\/19530\/revisions"}],"predecessor-version":[{"id":19895,"href":"https:\/\/www.paudalho.pe.gov.br\/portal\/wp-json\/wp\/v2\/posts\/19530\/revisions\/19895"}],"wp:featuredmedia":[{"embeddable":true,"href":"https:\/\/www.paudalho.pe.gov.br\/portal\/wp-json\/wp\/v2\/media\/19751"}],"wp:attachment":[{"href":"https:\/\/www.paudalho.pe.gov.br\/portal\/wp-json\/wp\/v2\/media?parent=19530"}],"wp:term":[{"taxonomy":"category","embeddable":true,"href":"https:\/\/www.paudalho.pe.gov.br\/portal\/wp-json\/wp\/v2\/categories?post=19530"},{"taxonomy":"post_tag","embeddable":true,"href":"https:\/\/www.paudalho.pe.gov.br\/portal\/wp-json\/wp\/v2\/tags?post=19530"}],"curies":[{"name":"wp","href":"https:\/\/api.w.org\/{rel}","templated":true}]}}