{"id":1946,"date":"2017-11-17T11:11:13","date_gmt":"2017-11-17T14:11:13","guid":{"rendered":"http:\/\/www.paudalho.pe.gov.br\/portal\/?p=1946"},"modified":"2017-11-17T13:03:36","modified_gmt":"2017-11-17T16:03:36","slug":"2o-eliminatoria-do-canta-paudalho-ocorre-neste-final-de-semana","status":"publish","type":"post","link":"https:\/\/www.paudalho.pe.gov.br\/portal\/2o-eliminatoria-do-canta-paudalho-ocorre-neste-final-de-semana\/","title":{"rendered":"2\u00ba eliminat\u00f3ria do Canta Paudalho ocorre neste final de semana"},"content":{"rendered":"<p>A segunda eliminat\u00f3ria do Canta Paudalho ocorre neste s\u00e1bado (18) \u00e0s 20h e no domingo (19) \u00e0s 18h, no P\u00e1tio de Eventos Beira-Rio. A competi\u00e7\u00e3o, que vai revelar a voz da cidade, foi um sucesso na primeira eliminat\u00f3ria, realizada em outubro.<\/p>\n<div id=\"attachment_1948\" style=\"width: 310px\" class=\"wp-caption alignnone\"><img loading=\"lazy\" decoding=\"async\" aria-describedby=\"caption-attachment-1948\" data-attachment-id=\"1948\" data-permalink=\"https:\/\/www.paudalho.pe.gov.br\/portal\/2o-eliminatoria-do-canta-paudalho-ocorre-neste-final-de-semana\/22688863_805243759599375_5508579655869314999_n\/\" data-orig-file=\"https:\/\/www.paudalho.pe.gov.br\/portal\/wp-content\/uploads\/2017\/11\/22688863_805243759599375_5508579655869314999_n.jpg\" data-orig-size=\"960,640\" data-comments-opened=\"1\" data-image-meta=\"{&quot;aperture&quot;:&quot;0&quot;,&quot;credit&quot;:&quot;&quot;,&quot;camera&quot;:&quot;&quot;,&quot;caption&quot;:&quot;&quot;,&quot;created_timestamp&quot;:&quot;0&quot;,&quot;copyright&quot;:&quot;&quot;,&quot;focal_length&quot;:&quot;0&quot;,&quot;iso&quot;:&quot;0&quot;,&quot;shutter_speed&quot;:&quot;0&quot;,&quot;title&quot;:&quot;&quot;,&quot;orientation&quot;:&quot;0&quot;}\" data-image-title=\"22688863_805243759599375_5508579655869314999_n\" data-image-description=\"\" data-image-caption=\"&lt;p&gt;Foto: Isak de Castro\/PMP&lt;\/p&gt;\n\" data-medium-file=\"https:\/\/www.paudalho.pe.gov.br\/portal\/wp-content\/uploads\/2017\/11\/22688863_805243759599375_5508579655869314999_n-350x230.jpg\" data-large-file=\"https:\/\/www.paudalho.pe.gov.br\/portal\/wp-content\/uploads\/2017\/11\/22688863_805243759599375_5508579655869314999_n-800x450.jpg\" class=\"size-medium wp-image-1948\" src=\"http:\/\/www.paudalho.pe.gov.br\/portal\/wp-content\/uploads\/2017\/11\/22688863_805243759599375_5508579655869314999_n-350x230.jpg\" alt=\"\" width=\"300\" height=\"197\" \/><p id=\"caption-attachment-1948\" class=\"wp-caption-text\">Foto: Isak de Castro\/PMP<\/p><\/div>\n<p>Nesta fase, sobem ao palco 22 candidatos que v\u00e3o cantar nos mais variados estilos musicais. Para melhorar ainda mais a qualidade do evento, a Secretaria de Cultura, Turismo e Esporte promoveu ensaios com os calouros durante todo o m\u00eas<strong>. Confira a rela\u00e7\u00e3o das apresenta\u00e7\u00f5es: \u00a0\u00a0<\/strong><\/p>\n<h2 style=\"text-align: left\"><strong>\u00a0 \u00a0 S\u00e1bado<\/strong><\/h2>\n<ol>\n<li>Rivelino Bezerra Amaral (Rivelino Amaral )<\/li>\n<li>Antenor Aguiar dos Santos e Welington Santana<\/li>\n<li>Dagmarcia Felix Gon\u00e7alves Gomes<\/li>\n<li>Robert da Silva Nunes (Robert Nunes)<\/li>\n<li>Douglas dos santos (Douglas)<\/li>\n<li>Laurynn dos santos<\/li>\n<li>Jos\u00e9 Marcio de Santana (Marcio Santana)<\/li>\n<li>Josias Barbosa Valentim (seu Josa)<\/li>\n<li>Eduardo Ant\u00f4nio do Ros\u00e1rio<\/li>\n<li>Luiz Rodrigo Santos de Freitas<\/li>\n<li>Josu\u00e9 Batista de Souza Filho ( neg\u00e3o aben\u00e7oado de Paudalho )<\/li>\n<\/ol>\n<p>&nbsp;<\/p>\n<h2>\u00a0<strong>\u00a0 Domingo<\/strong><\/h2>\n<ol>\n<li>Emanuele Vicente de Paula (Manu)<\/li>\n<li>Jose Roque de Souza Junior<\/li>\n<li>Eronildo Ant\u00f4nio da Silva<\/li>\n<li>Alice Beatriz de Lima Silva (Alice Beatriz)<\/li>\n<li>Mario Sergio da Silva Filho (Mario M\u00e9din)<\/li>\n<li>Deni\u00eare Ribeiro Martins (Deni\u00eare Martins)<\/li>\n<li>Jose Luiz Rosa Henrique e Jo\u00e3o Paulo de Santana (Jo\u00e3o e Henrique)<\/li>\n<li>Yuri Jose silva Santos (Yuri Veyle)<\/li>\n<li>Jos\u00e9 Roberto Ferreira<\/li>\n<li>Valdemir Miranda da Rocha Filho (Ninho Pernambucano)<\/li>\n<li>Jo\u00e3o Vitor Pereira de Lima<\/li>\n<\/ol>\n<p>&nbsp;<\/p>\n","protected":false},"excerpt":{"rendered":"<p>A segunda eliminat\u00f3ria do Canta Paudalho ocorre neste s\u00e1bado (18) \u00e0s 20h e no domingo (19) \u00e0s 18h, no P\u00e1tio de Eventos Beira-Rio. A competi\u00e7\u00e3o, que vai revelar a voz da cidade, foi um sucesso na primeira eliminat\u00f3ria, realizada em outubro. Nesta fase, sobem ao palco 22 candidatos que v\u00e3o cantar nos mais variados estilos [&hellip;]<\/p>\n","protected":false},"author":4,"featured_media":1947,"comment_status":"open","ping_status":"open","sticky":false,"template":"","format":"standard","meta":{"_jetpack_newsletter_access":"","_jetpack_dont_email_post_to_subs":false,"_jetpack_newsletter_tier_id":0,"_jetpack_memberships_contains_paywalled_content":false,"_jetpack_memberships_contains_paid_content":false,"footnotes":""},"categories":[2,1],"tags":[169,22,196,197],"class_list":["post-1946","post","type-post","status-publish","format-standard","has-post-thumbnail","hentry","category-destaque","category-noticias","tag-1o-canta-paudalho","tag-prefeitura-do-paudalho","tag-secretaria-de-cultura","tag-turismo-e-esporte"],"jetpack_featured_media_url":"https:\/\/www.paudalho.pe.gov.br\/portal\/wp-content\/uploads\/2017\/11\/22789060_806648749458876_5294483029959270451_n.jpg","jetpack_sharing_enabled":true,"jetpack_shortlink":"https:\/\/wp.me\/p98mS2-vo","_links":{"self":[{"href":"https:\/\/www.paudalho.pe.gov.br\/portal\/wp-json\/wp\/v2\/posts\/1946","targetHints":{"allow":["GET"]}}],"collection":[{"href":"https:\/\/www.paudalho.pe.gov.br\/portal\/wp-json\/wp\/v2\/posts"}],"about":[{"href":"https:\/\/www.paudalho.pe.gov.br\/portal\/wp-json\/wp\/v2\/types\/post"}],"author":[{"embeddable":true,"href":"https:\/\/www.paudalho.pe.gov.br\/portal\/wp-json\/wp\/v2\/users\/4"}],"replies":[{"embeddable":true,"href":"https:\/\/www.paudalho.pe.gov.br\/portal\/wp-json\/wp\/v2\/comments?post=1946"}],"version-history":[{"count":5,"href":"https:\/\/www.paudalho.pe.gov.br\/portal\/wp-json\/wp\/v2\/posts\/1946\/revisions"}],"predecessor-version":[{"id":1957,"href":"https:\/\/www.paudalho.pe.gov.br\/portal\/wp-json\/wp\/v2\/posts\/1946\/revisions\/1957"}],"wp:featuredmedia":[{"embeddable":true,"href":"https:\/\/www.paudalho.pe.gov.br\/portal\/wp-json\/wp\/v2\/media\/1947"}],"wp:attachment":[{"href":"https:\/\/www.paudalho.pe.gov.br\/portal\/wp-json\/wp\/v2\/media?parent=1946"}],"wp:term":[{"taxonomy":"category","embeddable":true,"href":"https:\/\/www.paudalho.pe.gov.br\/portal\/wp-json\/wp\/v2\/categories?post=1946"},{"taxonomy":"post_tag","embeddable":true,"href":"https:\/\/www.paudalho.pe.gov.br\/portal\/wp-json\/wp\/v2\/tags?post=1946"}],"curies":[{"name":"wp","href":"https:\/\/api.w.org\/{rel}","templated":true}]}}