{"id":1927,"date":"2017-11-14T14:07:09","date_gmt":"2017-11-14T17:07:09","guid":{"rendered":"http:\/\/www.paudalho.pe.gov.br\/portal\/?p=1927"},"modified":"2017-11-14T14:27:39","modified_gmt":"2017-11-14T17:27:39","slug":"prefeitura-avanca-e-rede-municipal-de-saude-oferece-exame-oftalmologico","status":"publish","type":"post","link":"https:\/\/www.paudalho.pe.gov.br\/portal\/prefeitura-avanca-e-rede-municipal-de-saude-oferece-exame-oftalmologico\/","title":{"rendered":"Prefeitura avan\u00e7a e Rede Municipal de Sa\u00fade oferece exame oftalmol\u00f3gico"},"content":{"rendered":"<p>&#8220;Os olhos s\u00e3o as janelas da alma\u201d, diz a velha frase sobre um dos \u00f3rg\u00e3os mais importantes do corpo humano. Com o objetivo de preservar a sa\u00fade ocular, a Prefeitura do Paudalho oferece na Rede Municipal de Sa\u00fade exame oftalmol\u00f3gico no Hospital Geral que fica no bairro do Alto do Hospital. O atendimento \u00e9 realizado na segunda-feira pela manh\u00e3 e tarde, na quarta-feira pela manh\u00e3 e na quinta-feira pela tarde somando mais de 25 consultas por turno.<\/p>\n<div id=\"attachment_1931\" style=\"width: 310px\" class=\"wp-caption alignnone\"><img loading=\"lazy\" decoding=\"async\" aria-describedby=\"caption-attachment-1931\" data-attachment-id=\"1931\" data-permalink=\"https:\/\/www.paudalho.pe.gov.br\/portal\/prefeitura-avanca-e-rede-municipal-de-saude-oferece-exame-oftalmologico\/7a6f78a9-a715-479b-8218-c11c2ce21b59\/\" data-orig-file=\"https:\/\/www.paudalho.pe.gov.br\/portal\/wp-content\/uploads\/2017\/11\/7a6f78a9-a715-479b-8218-c11c2ce21b59.jpg\" data-orig-size=\"1024,683\" data-comments-opened=\"1\" data-image-meta=\"{&quot;aperture&quot;:&quot;0&quot;,&quot;credit&quot;:&quot;&quot;,&quot;camera&quot;:&quot;&quot;,&quot;caption&quot;:&quot;&quot;,&quot;created_timestamp&quot;:&quot;0&quot;,&quot;copyright&quot;:&quot;&quot;,&quot;focal_length&quot;:&quot;0&quot;,&quot;iso&quot;:&quot;0&quot;,&quot;shutter_speed&quot;:&quot;0&quot;,&quot;title&quot;:&quot;&quot;,&quot;orientation&quot;:&quot;0&quot;}\" data-image-title=\"7a6f78a9-a715-479b-8218-c11c2ce21b59\" data-image-description=\"\" data-image-caption=\"&lt;p&gt;Foto: Isak de Castro\/PMP&lt;\/p&gt;\n\" data-medium-file=\"https:\/\/www.paudalho.pe.gov.br\/portal\/wp-content\/uploads\/2017\/11\/7a6f78a9-a715-479b-8218-c11c2ce21b59-350x230.jpg\" data-large-file=\"https:\/\/www.paudalho.pe.gov.br\/portal\/wp-content\/uploads\/2017\/11\/7a6f78a9-a715-479b-8218-c11c2ce21b59-800x450.jpg\" class=\"size-medium wp-image-1931\" src=\"http:\/\/www.paudalho.pe.gov.br\/portal\/wp-content\/uploads\/2017\/11\/7a6f78a9-a715-479b-8218-c11c2ce21b59-350x230.jpg\" alt=\"\" width=\"300\" height=\"197\" \/><p id=\"caption-attachment-1931\" class=\"wp-caption-text\">Foto: Isak de Castro\/PMP<\/p><\/div>\n<div id=\"attachment_1930\" style=\"width: 310px\" class=\"wp-caption alignnone\"><img loading=\"lazy\" decoding=\"async\" aria-describedby=\"caption-attachment-1930\" data-attachment-id=\"1930\" data-permalink=\"https:\/\/www.paudalho.pe.gov.br\/portal\/prefeitura-avanca-e-rede-municipal-de-saude-oferece-exame-oftalmologico\/61067906-0cb4-40ac-b9a6-b72407f14c4b\/\" data-orig-file=\"https:\/\/www.paudalho.pe.gov.br\/portal\/wp-content\/uploads\/2017\/11\/61067906-0cb4-40ac-b9a6-b72407f14c4b.jpg\" data-orig-size=\"1024,683\" data-comments-opened=\"1\" data-image-meta=\"{&quot;aperture&quot;:&quot;0&quot;,&quot;credit&quot;:&quot;&quot;,&quot;camera&quot;:&quot;&quot;,&quot;caption&quot;:&quot;&quot;,&quot;created_timestamp&quot;:&quot;0&quot;,&quot;copyright&quot;:&quot;&quot;,&quot;focal_length&quot;:&quot;0&quot;,&quot;iso&quot;:&quot;0&quot;,&quot;shutter_speed&quot;:&quot;0&quot;,&quot;title&quot;:&quot;&quot;,&quot;orientation&quot;:&quot;0&quot;}\" data-image-title=\"61067906-0cb4-40ac-b9a6-b72407f14c4b\" data-image-description=\"\" data-image-caption=\"&lt;p&gt;Foto: Isak de Castro\/PMP&lt;\/p&gt;\n\" data-medium-file=\"https:\/\/www.paudalho.pe.gov.br\/portal\/wp-content\/uploads\/2017\/11\/61067906-0cb4-40ac-b9a6-b72407f14c4b-350x230.jpg\" data-large-file=\"https:\/\/www.paudalho.pe.gov.br\/portal\/wp-content\/uploads\/2017\/11\/61067906-0cb4-40ac-b9a6-b72407f14c4b-800x450.jpg\" class=\"size-medium wp-image-1930\" src=\"http:\/\/www.paudalho.pe.gov.br\/portal\/wp-content\/uploads\/2017\/11\/61067906-0cb4-40ac-b9a6-b72407f14c4b-350x230.jpg\" alt=\"\" width=\"300\" height=\"197\" \/><p id=\"caption-attachment-1930\" class=\"wp-caption-text\">Foto: Isak de Castro\/PMP<\/p><\/div>\n<p>Os exames s\u00e3o realizados pelos oftalmologistas do Munic\u00edpio: M\u00e1rcio Meneses, Diomedes Barbosa, Igor Ara\u00fajo e Ana Catarina Medeiros. A estudante de 14 anos, B\u00e1rbara Vit\u00f3ria, foi atendida e elogiou a\u00e7\u00e3o. \u201cEu achei muito bom porque eu tenho problema na vista&#8230;Agora vou enxergar melhor\u201d, comentou.<\/p>\n<div id=\"attachment_1932\" style=\"width: 310px\" class=\"wp-caption alignnone\"><img loading=\"lazy\" decoding=\"async\" aria-describedby=\"caption-attachment-1932\" class=\"size-medium wp-image-1932\" src=\"http:\/\/www.paudalho.pe.gov.br\/portal\/wp-content\/uploads\/2017\/11\/47125e02-f00e-4e53-9b59-096a411ab8a7-350x230.jpg\" alt=\"\" width=\"300\" height=\"197\" \/><p id=\"caption-attachment-1932\" class=\"wp-caption-text\">Foto: Isak de Castro\/PMP<\/p><\/div>\n<p>Maria Angelina, m\u00e3e da garota, mora h\u00e1 mais de 50 anos em Paudalho e ficou surpreendida com a rapidez para fazer o exame. \u201cMelhorou muito agora depois de Marcelo, ficou \u00f3timo. A Secret\u00e1ria de Sa\u00fade marcou, j\u00e1 deu marcadinho, a gente veio na hora certa e eu achei nota 10\u201d, disse.<\/p>\n<h2><strong>O servi\u00e7o<\/strong><\/h2>\n<p>Entre os exames ofertados est\u00e3o: a refra\u00e7\u00e3o, procedimento que revela o grau do \u00f3culos do pacientes, exame de fundo de olho, exame da press\u00e3o ocular para detectar o glaucoma. Os exames na rede privada custam a partir de R$ 100. Segundo a oftalmologista Ana Catarina Medeiros os servi\u00e7os ser\u00e3o ampliados. \u201cEm breve n\u00f3s estaremos implantando o sistema de atendimento de glaucoma para efetivamente esse paciente ser diagnosticado. Ent\u00e3o n\u00f3s vamos ter exame de campo visual, exame de paquimetria, exame de goneoscopia e os equipamentos j\u00e1 est\u00e3o aqui no hospital, n\u00f3s estamos ainda implementando o servi\u00e7o\u201d, destacou.<\/p>\n<div id=\"attachment_1933\" style=\"width: 310px\" class=\"wp-caption alignnone\"><img loading=\"lazy\" decoding=\"async\" aria-describedby=\"caption-attachment-1933\" class=\"size-medium wp-image-1933\" src=\"http:\/\/www.paudalho.pe.gov.br\/portal\/wp-content\/uploads\/2017\/11\/d5171263-f50e-43ed-85ae-4bc2277edcf2-350x230.jpg\" alt=\"\" width=\"300\" height=\"197\" \/><p id=\"caption-attachment-1933\" class=\"wp-caption-text\">Foto: Isak de Castro\/PMP<\/p><\/div>\n<p>O oftalmologista Igor Ara\u00fajo fez um balan\u00e7o da a\u00e7\u00e3o e disse que o processo tende a crescer. \u201cA gente est\u00e1 h\u00e1 um pouco mais de um m\u00eas&#8230; A ideia tamb\u00e9m \u00e9 acrescentar alguns exames complementares e no futuro talvez at\u00e9 cirurgias, a gente est\u00e1 aguardando o andamento, mas est\u00e1 excelente&#8230;A gente sabe que 80, 90% dos problemas a gente resolve aqui\u201d, afirmou.<\/p>\n<div id=\"attachment_1940\" style=\"width: 310px\" class=\"wp-caption alignnone\"><img loading=\"lazy\" decoding=\"async\" aria-describedby=\"caption-attachment-1940\" data-attachment-id=\"1940\" data-permalink=\"https:\/\/www.paudalho.pe.gov.br\/portal\/prefeitura-avanca-e-rede-municipal-de-saude-oferece-exame-oftalmologico\/7cf1d5cc-4950-489a-91c5-a38c5ccfabc1\/\" data-orig-file=\"https:\/\/www.paudalho.pe.gov.br\/portal\/wp-content\/uploads\/2017\/11\/7cf1d5cc-4950-489a-91c5-a38c5ccfabc1.jpg\" data-orig-size=\"1024,683\" data-comments-opened=\"1\" data-image-meta=\"{&quot;aperture&quot;:&quot;0&quot;,&quot;credit&quot;:&quot;&quot;,&quot;camera&quot;:&quot;&quot;,&quot;caption&quot;:&quot;&quot;,&quot;created_timestamp&quot;:&quot;0&quot;,&quot;copyright&quot;:&quot;&quot;,&quot;focal_length&quot;:&quot;0&quot;,&quot;iso&quot;:&quot;0&quot;,&quot;shutter_speed&quot;:&quot;0&quot;,&quot;title&quot;:&quot;&quot;,&quot;orientation&quot;:&quot;0&quot;}\" data-image-title=\"7cf1d5cc-4950-489a-91c5-a38c5ccfabc1\" data-image-description=\"\" data-image-caption=\"&lt;p&gt;Foto: Isak de Castro\/PMP&lt;\/p&gt;\n\" data-medium-file=\"https:\/\/www.paudalho.pe.gov.br\/portal\/wp-content\/uploads\/2017\/11\/7cf1d5cc-4950-489a-91c5-a38c5ccfabc1-350x230.jpg\" data-large-file=\"https:\/\/www.paudalho.pe.gov.br\/portal\/wp-content\/uploads\/2017\/11\/7cf1d5cc-4950-489a-91c5-a38c5ccfabc1-800x450.jpg\" class=\"size-medium wp-image-1940\" src=\"http:\/\/www.paudalho.pe.gov.br\/portal\/wp-content\/uploads\/2017\/11\/7cf1d5cc-4950-489a-91c5-a38c5ccfabc1-350x230.jpg\" alt=\"\" width=\"300\" height=\"197\" \/><p id=\"caption-attachment-1940\" class=\"wp-caption-text\">Foto: Isak de Castro\/PMP<\/p><\/div>\n<p><strong>Confira os detalhes na mat\u00e9ria:<\/strong><\/p>\n<p><iframe loading=\"lazy\" src=\"https:\/\/www.facebook.com\/plugins\/video.php?href=https%3A%2F%2Fwww.facebook.com%2FPrefeituraPaudalho%2Fvideos%2F820841804706237%2F&#038;show_text=0&#038;width=560\" width=\"560\" height=\"315\" style=\"border:none;overflow:hidden\" scrolling=\"no\" frameborder=\"0\" allowTransparency=\"true\" allowFullScreen=\"true\"><\/iframe><\/p>\n<p>&nbsp;<\/p>\n","protected":false},"excerpt":{"rendered":"<p>&#8220;Os olhos s\u00e3o as janelas da alma\u201d, diz a velha frase sobre um dos \u00f3rg\u00e3os mais importantes do corpo humano. Com o objetivo de preservar a sa\u00fade ocular, a Prefeitura do Paudalho oferece na Rede Municipal de Sa\u00fade exame oftalmol\u00f3gico no Hospital Geral que fica no bairro do Alto do Hospital. O atendimento \u00e9 realizado [&hellip;]<\/p>\n","protected":false},"author":4,"featured_media":1928,"comment_status":"open","ping_status":"open","sticky":false,"template":"","format":"standard","meta":{"_jetpack_newsletter_access":"","_jetpack_dont_email_post_to_subs":false,"_jetpack_newsletter_tier_id":0,"_jetpack_memberships_contains_paywalled_content":false,"_jetpack_memberships_contains_paid_content":false,"footnotes":""},"categories":[2,3],"tags":[195,22,168],"class_list":["post-1927","post","type-post","status-publish","format-standard","has-post-thumbnail","hentry","category-destaque","category-saude","tag-exame-oftalmologico","tag-prefeitura-do-paudalho","tag-secretaria-de-saude"],"jetpack_featured_media_url":"https:\/\/www.paudalho.pe.gov.br\/portal\/wp-content\/uploads\/2017\/11\/4d653fdf-7a9f-4d6d-b26e-f2e5414c7475.jpg","jetpack_sharing_enabled":true,"jetpack_shortlink":"https:\/\/wp.me\/p98mS2-v5","_links":{"self":[{"href":"https:\/\/www.paudalho.pe.gov.br\/portal\/wp-json\/wp\/v2\/posts\/1927","targetHints":{"allow":["GET"]}}],"collection":[{"href":"https:\/\/www.paudalho.pe.gov.br\/portal\/wp-json\/wp\/v2\/posts"}],"about":[{"href":"https:\/\/www.paudalho.pe.gov.br\/portal\/wp-json\/wp\/v2\/types\/post"}],"author":[{"embeddable":true,"href":"https:\/\/www.paudalho.pe.gov.br\/portal\/wp-json\/wp\/v2\/users\/4"}],"replies":[{"embeddable":true,"href":"https:\/\/www.paudalho.pe.gov.br\/portal\/wp-json\/wp\/v2\/comments?post=1927"}],"version-history":[{"count":8,"href":"https:\/\/www.paudalho.pe.gov.br\/portal\/wp-json\/wp\/v2\/posts\/1927\/revisions"}],"predecessor-version":[{"id":1944,"href":"https:\/\/www.paudalho.pe.gov.br\/portal\/wp-json\/wp\/v2\/posts\/1927\/revisions\/1944"}],"wp:featuredmedia":[{"embeddable":true,"href":"https:\/\/www.paudalho.pe.gov.br\/portal\/wp-json\/wp\/v2\/media\/1928"}],"wp:attachment":[{"href":"https:\/\/www.paudalho.pe.gov.br\/portal\/wp-json\/wp\/v2\/media?parent=1927"}],"wp:term":[{"taxonomy":"category","embeddable":true,"href":"https:\/\/www.paudalho.pe.gov.br\/portal\/wp-json\/wp\/v2\/categories?post=1927"},{"taxonomy":"post_tag","embeddable":true,"href":"https:\/\/www.paudalho.pe.gov.br\/portal\/wp-json\/wp\/v2\/tags?post=1927"}],"curies":[{"name":"wp","href":"https:\/\/api.w.org\/{rel}","templated":true}]}}