{"id":19238,"date":"2021-10-14T10:28:19","date_gmt":"2021-10-14T13:28:19","guid":{"rendered":"https:\/\/www.paudalho.pe.gov.br\/portal\/?p=19238"},"modified":"2025-01-08T00:39:23","modified_gmt":"2025-01-08T03:39:23","slug":"prefeitura-do-paudalho-realizara-lancamento-do-programa-sopa-familia-nesta-sexta-feira-15","status":"publish","type":"post","link":"https:\/\/www.paudalho.pe.gov.br\/portal\/prefeitura-do-paudalho-realizara-lancamento-do-programa-sopa-familia-nesta-sexta-feira-15\/","title":{"rendered":"Prefeitura do Paudalho realizar\u00e1 lan\u00e7amento do Programa Sopa Fam\u00edlia nesta sexta-feira (15)"},"content":{"rendered":"\n<p>A Prefeitura do Paudalho, atrav\u00e9s de sua Secretaria Municipal de Desenvolvimento e Assist\u00eancia Social (SEDAS), realizar\u00e1 nesta sexta-feira (15) o lan\u00e7amento do <strong>Programa Sopa Fam\u00edlia<\/strong>. A iniciativa tem como objetivo assegurar o direito \u00e0 alimenta\u00e7\u00e3o para os paudalhenses em situa\u00e7\u00e3o de inseguran\u00e7a alimentar e nutricional. O evento ter\u00e1 in\u00edcio \u00e0s 15h e ser\u00e1 realizado na Rua Doutor Ant\u00f4nio Montenegro, n\u00famero 59, no Centro.<\/p>\n\n\n\n<p>Por meio do programa, cidad\u00e3os em situa\u00e7\u00e3o de vulnerabilidade social receber\u00e3o alimento em suas comunidades de forma cont\u00ednua. Inicialmente, a a\u00e7\u00e3o atender\u00e1 fam\u00edlias que residem em sete distritos do munic\u00edpio: Ch\u00e3 do Pinheiro, Boboc\u00e3o, Primavera, Alto Dois Irm\u00e3os\/Cruzeiro, Bel\u00e9m, Residencial Guadalajara 1 e 2 e Or\u00e1. <\/p>\n\n\n\n<p>A distribui\u00e7\u00e3o dos alimentos ocorrer\u00e1 diariamente, com funcionamento de segunda a sexta, sempre a partir das 15h. A expectativa \u00e9 que 500 fam\u00edlias sejam contempladas, alcan\u00e7ando um total de 2.500 pessoas.<\/p>\n\n\n\n<p>O Programa Sopa Fam\u00edlia tem como p\u00fablico-alvo fam\u00edlias com crian\u00e7as de 2 a 18 anos de idade, idosos a partir dos 60 anos at\u00e9 os 65, gestantes e nutrizes. As crian\u00e7as atendidas devem ser acompanhadas pelo Servi\u00e7o de Prote\u00e7\u00e3o de Atendimento Integral \u00e0 Fam\u00edlia (PAIF), vinculadas ao Servi\u00e7o de Conviv\u00eancia e Fortalecimento de V\u00ednculos da SEDAS. <\/p>\n\n\n\n<p>Uma vez atendidos pela iniciativa, os respons\u00e1veis familiares dever\u00e3o participar de palestras, orienta\u00e7\u00f5es e oficinas oferecidas pela SEDAS, com objetivo de desenvolver a autonomia familiar.&nbsp;  <\/p>\n","protected":false},"excerpt":{"rendered":"<p>A Prefeitura do Paudalho, atrav\u00e9s de sua Secretaria Municipal de Desenvolvimento e Assist\u00eancia Social (SEDAS), realizar\u00e1 nesta sexta-feira (15) o lan\u00e7amento do Programa Sopa Fam\u00edlia. A iniciativa tem como objetivo assegurar o direito \u00e0 alimenta\u00e7\u00e3o para os paudalhenses em situa\u00e7\u00e3o de inseguran\u00e7a alimentar e nutricional. O evento ter\u00e1 in\u00edcio \u00e0s 15h e ser\u00e1 realizado na [&hellip;]<\/p>\n","protected":false},"author":6,"featured_media":19273,"comment_status":"open","ping_status":"open","sticky":false,"template":"","format":"standard","meta":{"_jetpack_newsletter_access":"","_jetpack_dont_email_post_to_subs":false,"_jetpack_newsletter_tier_id":0,"_jetpack_memberships_contains_paywalled_content":false,"_jetpack_memberships_contains_paid_content":false,"footnotes":""},"categories":[2,1,806],"tags":[22,808,578,807],"class_list":["post-19238","post","type-post","status-publish","format-standard","has-post-thumbnail","hentry","category-destaque","category-noticias","category-sopa-familia","tag-prefeitura-do-paudalho","tag-secretaria-municipal-de-desenvolvimento-e-assistencia-sociall","tag-sedas","tag-sopa-familia"],"jetpack_featured_media_url":"https:\/\/www.paudalho.pe.gov.br\/portal\/wp-content\/uploads\/2021\/10\/WhatsApp-Image-2021-10-14-at-09.22.43.jpeg","jetpack_sharing_enabled":true,"jetpack_shortlink":"https:\/\/wp.me\/p98mS2-50i","_links":{"self":[{"href":"https:\/\/www.paudalho.pe.gov.br\/portal\/wp-json\/wp\/v2\/posts\/19238","targetHints":{"allow":["GET"]}}],"collection":[{"href":"https:\/\/www.paudalho.pe.gov.br\/portal\/wp-json\/wp\/v2\/posts"}],"about":[{"href":"https:\/\/www.paudalho.pe.gov.br\/portal\/wp-json\/wp\/v2\/types\/post"}],"author":[{"embeddable":true,"href":"https:\/\/www.paudalho.pe.gov.br\/portal\/wp-json\/wp\/v2\/users\/6"}],"replies":[{"embeddable":true,"href":"https:\/\/www.paudalho.pe.gov.br\/portal\/wp-json\/wp\/v2\/comments?post=19238"}],"version-history":[{"count":17,"href":"https:\/\/www.paudalho.pe.gov.br\/portal\/wp-json\/wp\/v2\/posts\/19238\/revisions"}],"predecessor-version":[{"id":19281,"href":"https:\/\/www.paudalho.pe.gov.br\/portal\/wp-json\/wp\/v2\/posts\/19238\/revisions\/19281"}],"wp:featuredmedia":[{"embeddable":true,"href":"https:\/\/www.paudalho.pe.gov.br\/portal\/wp-json\/wp\/v2\/media\/19273"}],"wp:attachment":[{"href":"https:\/\/www.paudalho.pe.gov.br\/portal\/wp-json\/wp\/v2\/media?parent=19238"}],"wp:term":[{"taxonomy":"category","embeddable":true,"href":"https:\/\/www.paudalho.pe.gov.br\/portal\/wp-json\/wp\/v2\/categories?post=19238"},{"taxonomy":"post_tag","embeddable":true,"href":"https:\/\/www.paudalho.pe.gov.br\/portal\/wp-json\/wp\/v2\/tags?post=19238"}],"curies":[{"name":"wp","href":"https:\/\/api.w.org\/{rel}","templated":true}]}}