{"id":19208,"date":"2021-11-09T15:38:50","date_gmt":"2021-11-09T18:38:50","guid":{"rendered":"https:\/\/www.paudalho.pe.gov.br\/portal\/?p=19208"},"modified":"2025-01-08T00:39:20","modified_gmt":"2025-01-08T03:39:20","slug":"prefeitura-anuncia-iii-feira-de-natal-de-paudalho-fenapa-e-convida-comerciantes-interessados-em-participar","status":"publish","type":"post","link":"https:\/\/www.paudalho.pe.gov.br\/portal\/prefeitura-anuncia-iii-feira-de-natal-de-paudalho-fenapa-e-convida-comerciantes-interessados-em-participar\/","title":{"rendered":"Prefeitura anuncia III Feira de Natal de Paudalho (FENAPA) e convida comerciantes interessados em participar"},"content":{"rendered":"\n<p>A Prefeitura do Paudalho j\u00e1 iniciou os preparativos para a <strong>III Feira de Natal de Paudalho (FENAPA)<\/strong>, evento que tem como objetivo estimular o com\u00e9rcio local durante o per\u00edodo natalino. Neste ano, a programa\u00e7\u00e3o ocorrer\u00e1 entre os dias 2 e 5 de dezembro, das 18h \u00e0s 22h, no P\u00e1tio de Eventos Beira Rio, localizado no centro da cidade.<\/p>\n\n\n\n<p>A iniciativa tem realiza\u00e7\u00e3o da Secretaria Executiva de Desenvolvimento Econ\u00f4mico, Meio Ambiente e Qualifica\u00e7\u00e3o Profissional (SEDEMAQ) em parceria com o Servi\u00e7o Brasileiro de Apoio \u00e0s Micro e Pequenas Empresas (Sebrae). A principal finalidade da a\u00e7\u00e3o \u00e9 gerar oportunidades de neg\u00f3cios durante o final do ano para comerciantes, artes\u00e3os e prestadores de servi\u00e7os do munic\u00edpio e da regi\u00e3o, atrav\u00e9s do contato direto com os consumidores.<\/p>\n\n\n\n<figure class=\"wp-block-gallery columns-1 is-cropped wp-block-gallery-1 is-layout-flex wp-block-gallery-is-layout-flex\"><ul class=\"blocks-gallery-grid\"><li class=\"blocks-gallery-item\"><figure><img loading=\"lazy\" decoding=\"async\" width=\"800\" height=\"450\" data-attachment-id=\"19235\" data-permalink=\"https:\/\/www.paudalho.pe.gov.br\/portal\/prefeitura-anuncia-iii-feira-de-natal-de-paudalho-fenapa-e-convida-comerciantes-interessados-em-participar\/iii-feira-de-natal-de-paudalho-fenapa\/\" data-orig-file=\"https:\/\/www.paudalho.pe.gov.br\/portal\/wp-content\/uploads\/2021\/10\/III-Feira-de-Natal-de-Paudalho-FENAPA.jpeg\" data-orig-size=\"1746,1300\" data-comments-opened=\"1\" data-image-meta=\"{&quot;aperture&quot;:&quot;0&quot;,&quot;credit&quot;:&quot;&quot;,&quot;camera&quot;:&quot;&quot;,&quot;caption&quot;:&quot;&quot;,&quot;created_timestamp&quot;:&quot;0&quot;,&quot;copyright&quot;:&quot;&quot;,&quot;focal_length&quot;:&quot;0&quot;,&quot;iso&quot;:&quot;0&quot;,&quot;shutter_speed&quot;:&quot;0&quot;,&quot;title&quot;:&quot;&quot;,&quot;orientation&quot;:&quot;0&quot;}\" data-image-title=\"III Feira de Natal de Paudalho (FENAPA)\" data-image-description=\"\" data-image-caption=\"\" data-medium-file=\"https:\/\/www.paudalho.pe.gov.br\/portal\/wp-content\/uploads\/2021\/10\/III-Feira-de-Natal-de-Paudalho-FENAPA-350x230.jpeg\" data-large-file=\"https:\/\/www.paudalho.pe.gov.br\/portal\/wp-content\/uploads\/2021\/10\/III-Feira-de-Natal-de-Paudalho-FENAPA-800x450.jpeg\" src=\"https:\/\/www.paudalho.pe.gov.br\/portal\/wp-content\/uploads\/2021\/10\/III-Feira-de-Natal-de-Paudalho-FENAPA-800x450.jpeg\" alt=\"\" data-id=\"19235\" data-full-url=\"https:\/\/www.paudalho.pe.gov.br\/portal\/wp-content\/uploads\/2021\/10\/III-Feira-de-Natal-de-Paudalho-FENAPA.jpeg\" data-link=\"https:\/\/www.paudalho.pe.gov.br\/portal\/?attachment_id=19235\" class=\"wp-image-19235\"\/><figcaption class=\"blocks-gallery-item__caption\"><em>Foto: Imagem Ilustrativa\/Unsplash.<\/em><\/figcaption><\/figure><\/li><\/ul><\/figure>\n\n\n\n<p>Diante do sucesso alcan\u00e7ado nas edi\u00e7\u00f5es anteriores, este ano a III FENAPA contar\u00e1 com um n\u00famero maior de stands. No total, ser\u00e3o 66 pontos para exposi\u00e7\u00e3o e comercializa\u00e7\u00e3o de produtos. O p\u00fablico ter\u00e1 acesso a uma diversidade de itens como: acess\u00f3rios, confec\u00e7\u00e3o, \u00f3culos, artesanato, artigos personalizados, perfumes, esmalteria, presta\u00e7\u00e3o de servi\u00e7os de est\u00e9tica, inform\u00e1tica, seguran\u00e7a, gastronomia, entre outros.\u00a0<\/p>\n\n\n\n<p>A feira ser\u00e1 montada em uma \u00e1rea de 1.984 m\u00b2 e, al\u00e9m do espa\u00e7o externo, incluir\u00e1 uma sala para cursos e palestras, uma sala para a coleta seletiva e um palco. Os comerciantes interessados em participar do evento j\u00e1 podem reservar seus expositores. Est\u00e3o dispon\u00edveis 15 stands no tamanho de 3m x 4m e valor de R$ 360,00.<\/p>\n\n\n\n<p>A SEDEMAQ disponibiliza o n\u00famero de telefone <strong>3636-3125<\/strong> para mais informa\u00e7\u00f5es. A Secretaria tamb\u00e9m oferece atendimento presencial de segunda a sexta, das 8h \u00e0s 14h, no P\u00e1tio da Feira Prefeito Ulisses Roque, popularmente conhecido como P\u00e1tio da Feira Livre, no Centro. O uso de m\u00e1scara \u00e9 obrigat\u00f3rio no local.<\/p>\n","protected":false},"excerpt":{"rendered":"<p>A Prefeitura do Paudalho j\u00e1 iniciou os preparativos para a III Feira de Natal de Paudalho (FENAPA), evento que tem como objetivo estimular o com\u00e9rcio local durante o per\u00edodo natalino. Neste ano, a programa\u00e7\u00e3o ocorrer\u00e1 entre os dias 2 e 5 de dezembro, das 18h \u00e0s 22h, no P\u00e1tio de Eventos Beira Rio, localizado no [&hellip;]<\/p>\n","protected":false},"author":6,"featured_media":19221,"comment_status":"open","ping_status":"open","sticky":false,"template":"","format":"standard","meta":{"_jetpack_newsletter_access":"","_jetpack_dont_email_post_to_subs":false,"_jetpack_newsletter_tier_id":0,"_jetpack_memberships_contains_paywalled_content":false,"_jetpack_memberships_contains_paid_content":false,"footnotes":""},"categories":[2,1],"tags":[823,582,824,232,22,754],"class_list":["post-19208","post","type-post","status-publish","format-standard","has-post-thumbnail","hentry","category-destaque","category-noticias","tag-feira-de-natal-de-paudalho","tag-fenapa","tag-iii-fenapa","tag-natal","tag-prefeitura-do-paudalho","tag-sedemaq"],"jetpack_featured_media_url":"https:\/\/www.paudalho.pe.gov.br\/portal\/wp-content\/uploads\/2021\/10\/feira-de-natal.jpeg","jetpack_sharing_enabled":true,"jetpack_shortlink":"https:\/\/wp.me\/p98mS2-4ZO","_links":{"self":[{"href":"https:\/\/www.paudalho.pe.gov.br\/portal\/wp-json\/wp\/v2\/posts\/19208","targetHints":{"allow":["GET"]}}],"collection":[{"href":"https:\/\/www.paudalho.pe.gov.br\/portal\/wp-json\/wp\/v2\/posts"}],"about":[{"href":"https:\/\/www.paudalho.pe.gov.br\/portal\/wp-json\/wp\/v2\/types\/post"}],"author":[{"embeddable":true,"href":"https:\/\/www.paudalho.pe.gov.br\/portal\/wp-json\/wp\/v2\/users\/6"}],"replies":[{"embeddable":true,"href":"https:\/\/www.paudalho.pe.gov.br\/portal\/wp-json\/wp\/v2\/comments?post=19208"}],"version-history":[{"count":29,"href":"https:\/\/www.paudalho.pe.gov.br\/portal\/wp-json\/wp\/v2\/posts\/19208\/revisions"}],"predecessor-version":[{"id":20136,"href":"https:\/\/www.paudalho.pe.gov.br\/portal\/wp-json\/wp\/v2\/posts\/19208\/revisions\/20136"}],"wp:featuredmedia":[{"embeddable":true,"href":"https:\/\/www.paudalho.pe.gov.br\/portal\/wp-json\/wp\/v2\/media\/19221"}],"wp:attachment":[{"href":"https:\/\/www.paudalho.pe.gov.br\/portal\/wp-json\/wp\/v2\/media?parent=19208"}],"wp:term":[{"taxonomy":"category","embeddable":true,"href":"https:\/\/www.paudalho.pe.gov.br\/portal\/wp-json\/wp\/v2\/categories?post=19208"},{"taxonomy":"post_tag","embeddable":true,"href":"https:\/\/www.paudalho.pe.gov.br\/portal\/wp-json\/wp\/v2\/tags?post=19208"}],"curies":[{"name":"wp","href":"https:\/\/api.w.org\/{rel}","templated":true}]}}