{"id":19077,"date":"2021-10-08T13:23:53","date_gmt":"2021-10-08T16:23:53","guid":{"rendered":"https:\/\/www.paudalho.pe.gov.br\/portal\/?p=19077"},"modified":"2025-01-08T00:39:23","modified_gmt":"2025-01-08T03:39:23","slug":"prefeitura-do-paudalho-inicia-a-programacao-da-semana-da-crianca-de-2021","status":"publish","type":"post","link":"https:\/\/www.paudalho.pe.gov.br\/portal\/prefeitura-do-paudalho-inicia-a-programacao-da-semana-da-crianca-de-2021\/","title":{"rendered":"Prefeitura do Paudalho inicia a programa\u00e7\u00e3o da Semana da Crian\u00e7a de 2021"},"content":{"rendered":"\n<p>A Prefeitura do Paudalho iniciou ontem (7) a programa\u00e7\u00e3o da <strong>Semana da Crian\u00e7a<\/strong>. A iniciativa \u00e9 uma a\u00e7\u00e3o anual conjunta da Secretaria Municipal de Cultura, Turismo, Lazer e Juventude, da Secretaria Municipal de Educa\u00e7\u00e3o (SEDUC) e da Secretaria Municipal de Desenvolvimento e Assist\u00eancia Social (SEDAS).&nbsp;<\/p>\n\n\n\n<p>E para celebrar o m\u00eas dedicado \u00e0 garotada, a programa\u00e7\u00e3o conta com uma s\u00e9rie de atividades, atra\u00e7\u00f5es culturais e distribui\u00e7\u00e3o de brindes. At\u00e9 o dia 22 de outubro, um parque de divers\u00e3o com entrada gratuita estar\u00e1 dispon\u00edvel para os estudantes da Rede Municipal de Ensino. <\/p>\n\n\n\n<p>Os brinquedos est\u00e3o montados no centro da cidade, no Parque de Eventos Beira Rio. Durante o per\u00edodo diurno, o equipamento \u00e9 reservado para os alunos e professores, que al\u00e9m de usufruir do local tamb\u00e9m podem consumir guloseimas de gra\u00e7a, como algod\u00e3o doce e pipoca. \u00c0 noite, o espa\u00e7o \u00e9 aberto ao p\u00fablico, de forma paga.<strong>\u00a0<\/strong>E para garantir a seguran\u00e7a, uma equipe de bombeiros est\u00e1 \u00e0 disposi\u00e7\u00e3o para dar instru\u00e7\u00f5es e prestar socorro. <\/p>\n\n\n\n<figure class=\"wp-block-gallery columns-2 is-cropped wp-block-gallery-1 is-layout-flex wp-block-gallery-is-layout-flex\"><ul class=\"blocks-gallery-grid\"><li class=\"blocks-gallery-item\"><figure><img loading=\"lazy\" decoding=\"async\" width=\"800\" height=\"450\" data-attachment-id=\"19100\" data-permalink=\"https:\/\/www.paudalho.pe.gov.br\/portal\/prefeitura-do-paudalho-inicia-a-programacao-da-semana-da-crianca-de-2021\/whatsapp-image-2021-10-08-at-12-59-28\/\" data-orig-file=\"https:\/\/www.paudalho.pe.gov.br\/portal\/wp-content\/uploads\/2021\/10\/WhatsApp-Image-2021-10-08-at-12.59.28.jpeg\" data-orig-size=\"1600,1200\" data-comments-opened=\"1\" data-image-meta=\"{&quot;aperture&quot;:&quot;0&quot;,&quot;credit&quot;:&quot;&quot;,&quot;camera&quot;:&quot;&quot;,&quot;caption&quot;:&quot;&quot;,&quot;created_timestamp&quot;:&quot;0&quot;,&quot;copyright&quot;:&quot;&quot;,&quot;focal_length&quot;:&quot;0&quot;,&quot;iso&quot;:&quot;0&quot;,&quot;shutter_speed&quot;:&quot;0&quot;,&quot;title&quot;:&quot;&quot;,&quot;orientation&quot;:&quot;0&quot;}\" data-image-title=\"Semana da Crian\u00e7a em Paudalho\" data-image-description=\"\" data-image-caption=\"&lt;p&gt;Foto: Guilherme Ricardo\/PMP.&lt;\/p&gt;\n\" data-medium-file=\"https:\/\/www.paudalho.pe.gov.br\/portal\/wp-content\/uploads\/2021\/10\/WhatsApp-Image-2021-10-08-at-12.59.28-350x230.jpeg\" data-large-file=\"https:\/\/www.paudalho.pe.gov.br\/portal\/wp-content\/uploads\/2021\/10\/WhatsApp-Image-2021-10-08-at-12.59.28-800x450.jpeg\" src=\"https:\/\/www.paudalho.pe.gov.br\/portal\/wp-content\/uploads\/2021\/10\/WhatsApp-Image-2021-10-08-at-12.59.28-800x450.jpeg\" alt=\"\" data-id=\"19100\" data-full-url=\"https:\/\/www.paudalho.pe.gov.br\/portal\/wp-content\/uploads\/2021\/10\/WhatsApp-Image-2021-10-08-at-12.59.28.jpeg\" data-link=\"https:\/\/www.paudalho.pe.gov.br\/portal\/?attachment_id=19100\" class=\"wp-image-19100\"\/><figcaption class=\"blocks-gallery-item__caption\"><em>Foto: Guilherme Ricardo\/PMP.<\/em><\/figcaption><\/figure><\/li><li class=\"blocks-gallery-item\"><figure><img loading=\"lazy\" decoding=\"async\" width=\"800\" height=\"450\" data-attachment-id=\"19101\" data-permalink=\"https:\/\/www.paudalho.pe.gov.br\/portal\/prefeitura-do-paudalho-inicia-a-programacao-da-semana-da-crianca-de-2021\/whatsapp-image-2021-10-08-at-12-59-26\/\" data-orig-file=\"https:\/\/www.paudalho.pe.gov.br\/portal\/wp-content\/uploads\/2021\/10\/WhatsApp-Image-2021-10-08-at-12.59.26.jpeg\" data-orig-size=\"1600,1200\" data-comments-opened=\"1\" data-image-meta=\"{&quot;aperture&quot;:&quot;0&quot;,&quot;credit&quot;:&quot;&quot;,&quot;camera&quot;:&quot;&quot;,&quot;caption&quot;:&quot;&quot;,&quot;created_timestamp&quot;:&quot;0&quot;,&quot;copyright&quot;:&quot;&quot;,&quot;focal_length&quot;:&quot;0&quot;,&quot;iso&quot;:&quot;0&quot;,&quot;shutter_speed&quot;:&quot;0&quot;,&quot;title&quot;:&quot;&quot;,&quot;orientation&quot;:&quot;0&quot;}\" data-image-title=\"Semana da Crian\u00e7a em Paudalho\" data-image-description=\"\" data-image-caption=\"&lt;p&gt;Foto: Guilherme Ricardo\/PMP.&lt;\/p&gt;\n\" data-medium-file=\"https:\/\/www.paudalho.pe.gov.br\/portal\/wp-content\/uploads\/2021\/10\/WhatsApp-Image-2021-10-08-at-12.59.26-350x230.jpeg\" data-large-file=\"https:\/\/www.paudalho.pe.gov.br\/portal\/wp-content\/uploads\/2021\/10\/WhatsApp-Image-2021-10-08-at-12.59.26-800x450.jpeg\" src=\"https:\/\/www.paudalho.pe.gov.br\/portal\/wp-content\/uploads\/2021\/10\/WhatsApp-Image-2021-10-08-at-12.59.26-800x450.jpeg\" alt=\"\" data-id=\"19101\" data-full-url=\"https:\/\/www.paudalho.pe.gov.br\/portal\/wp-content\/uploads\/2021\/10\/WhatsApp-Image-2021-10-08-at-12.59.26.jpeg\" data-link=\"https:\/\/www.paudalho.pe.gov.br\/portal\/?attachment_id=19101\" class=\"wp-image-19101\"\/><figcaption class=\"blocks-gallery-item__caption\"><em>Foto: Guilherme Ricardo\/PMP.<\/em><\/figcaption><\/figure><\/li><\/ul><\/figure>\n\n\n\n<p>E como forma de acolher os demais jovens do munic\u00edpio, no dia 12, data em que se celebra nacionalmente o Dia das Crian\u00e7as, a entrada no parque ser\u00e1 livre para todo o p\u00fablico infantil. J\u00e1 entre os dias 25 e 29, o parque ficar\u00e1 dispon\u00edvel nas comunidades de Guadalajara e Ch\u00e3 de Cruz para atender a crian\u00e7ada que mora em \u00e1reas mais afastadas da zona urbana.<\/p>\n\n\n\n<p>O principal objetivo com a a\u00e7\u00e3o \u00e9 entreter e&nbsp;proporcionar momentos de lazer, alegria e bem estar a popula\u00e7\u00e3o infantil da cidade. Por meio de brincadeiras e jogos, o Governo Municipal busca estimular a capacidade de brincar e imaginar das crian\u00e7as, fortalecendo assim as no\u00e7\u00f5es de cidadania e bom conv\u00edvio social.&nbsp;<\/p>\n\n\n\n<figure class=\"wp-block-gallery columns-1 is-cropped wp-block-gallery-2 is-layout-flex wp-block-gallery-is-layout-flex\"><ul class=\"blocks-gallery-grid\"><li class=\"blocks-gallery-item\"><figure><img loading=\"lazy\" decoding=\"async\" width=\"800\" height=\"450\" data-attachment-id=\"19107\" data-permalink=\"https:\/\/www.paudalho.pe.gov.br\/portal\/prefeitura-do-paudalho-inicia-a-programacao-da-semana-da-crianca-de-2021\/whatsapp-image-2021-10-08-at-12-59-32-1\/\" data-orig-file=\"https:\/\/www.paudalho.pe.gov.br\/portal\/wp-content\/uploads\/2021\/10\/WhatsApp-Image-2021-10-08-at-12.59.32-1.jpeg\" data-orig-size=\"1600,1200\" data-comments-opened=\"1\" data-image-meta=\"{&quot;aperture&quot;:&quot;0&quot;,&quot;credit&quot;:&quot;&quot;,&quot;camera&quot;:&quot;&quot;,&quot;caption&quot;:&quot;&quot;,&quot;created_timestamp&quot;:&quot;0&quot;,&quot;copyright&quot;:&quot;&quot;,&quot;focal_length&quot;:&quot;0&quot;,&quot;iso&quot;:&quot;0&quot;,&quot;shutter_speed&quot;:&quot;0&quot;,&quot;title&quot;:&quot;&quot;,&quot;orientation&quot;:&quot;0&quot;}\" data-image-title=\"WhatsApp-Image-2021-10-08-at-12.59.32-1\" data-image-description=\"\" data-image-caption=\"\" data-medium-file=\"https:\/\/www.paudalho.pe.gov.br\/portal\/wp-content\/uploads\/2021\/10\/WhatsApp-Image-2021-10-08-at-12.59.32-1-350x230.jpeg\" data-large-file=\"https:\/\/www.paudalho.pe.gov.br\/portal\/wp-content\/uploads\/2021\/10\/WhatsApp-Image-2021-10-08-at-12.59.32-1-800x450.jpeg\" src=\"https:\/\/www.paudalho.pe.gov.br\/portal\/wp-content\/uploads\/2021\/10\/WhatsApp-Image-2021-10-08-at-12.59.32-1-800x450.jpeg\" alt=\"\" data-id=\"19107\" data-full-url=\"https:\/\/www.paudalho.pe.gov.br\/portal\/wp-content\/uploads\/2021\/10\/WhatsApp-Image-2021-10-08-at-12.59.32-1.jpeg\" data-link=\"https:\/\/www.paudalho.pe.gov.br\/portal\/?attachment_id=19107\" class=\"wp-image-19107\"\/><figcaption class=\"blocks-gallery-item__caption\"> <em>Foto: Guilherme Ricardo\/PMP.<\/em> <\/figcaption><\/figure><\/li><\/ul><\/figure>\n\n\n\n<p>A <strong>Semana da Crian\u00e7a<\/strong> \u00e9 celebrada em Paudalho desde 2017. Devido a pandemia da covid-19 e suas consequ\u00eancias, neste ano a Prefeitura do Paudalho optou por aumentar o per\u00edodo de funcionamento do parque de divers\u00e3o. O objetivo dessa medida \u00e9 evitar aglomera\u00e7\u00f5es e priorizar o distanciamento social. Atualmente, a campanha de vacina\u00e7\u00e3o no munic\u00edpio j\u00e1 atende jovens a partir dos 12 anos de idade.<\/p>\n\n\n\n<p><\/p>\n\n\n\n<p><\/p>\n\n\n\n<p><\/p>\n\n\n\n<p><\/p>\n\n\n\n<p><\/p>\n\n\n\n<p><\/p>\n","protected":false},"excerpt":{"rendered":"<p>A Prefeitura do Paudalho iniciou ontem (7) a programa\u00e7\u00e3o da Semana da Crian\u00e7a. A iniciativa \u00e9 uma a\u00e7\u00e3o anual conjunta da Secretaria Municipal de Cultura, Turismo, Lazer e Juventude, da Secretaria Municipal de Educa\u00e7\u00e3o (SEDUC) e da Secretaria Municipal de Desenvolvimento e Assist\u00eancia Social (SEDAS).&nbsp; E para celebrar o m\u00eas dedicado \u00e0 garotada, a programa\u00e7\u00e3o [&hellip;]<\/p>\n","protected":false},"author":6,"featured_media":19112,"comment_status":"open","ping_status":"open","sticky":false,"template":"","format":"standard","meta":{"_jetpack_newsletter_access":"","_jetpack_dont_email_post_to_subs":false,"_jetpack_newsletter_tier_id":0,"_jetpack_memberships_contains_paywalled_content":false,"_jetpack_memberships_contains_paid_content":false,"footnotes":""},"categories":[6,2,4,1],"tags":[162,22,124,106,163],"class_list":["post-19077","post","type-post","status-publish","format-standard","has-post-thumbnail","hentry","category-cultura","category-destaque","category-educacao","category-noticias","tag-dia-das-criancas-semana-da-crianca","tag-prefeitura-do-paudalho","tag-secretaria-de-desenvolvimento-e-assistencia-social","tag-secretaria-de-educacao","tag-semana-da-crianca"],"jetpack_featured_media_url":"https:\/\/www.paudalho.pe.gov.br\/portal\/wp-content\/uploads\/2021\/10\/WhatsApp-Image-2021-10-08-at-12.59.30-2.jpeg","jetpack_sharing_enabled":true,"jetpack_shortlink":"https:\/\/wp.me\/p98mS2-4XH","_links":{"self":[{"href":"https:\/\/www.paudalho.pe.gov.br\/portal\/wp-json\/wp\/v2\/posts\/19077","targetHints":{"allow":["GET"]}}],"collection":[{"href":"https:\/\/www.paudalho.pe.gov.br\/portal\/wp-json\/wp\/v2\/posts"}],"about":[{"href":"https:\/\/www.paudalho.pe.gov.br\/portal\/wp-json\/wp\/v2\/types\/post"}],"author":[{"embeddable":true,"href":"https:\/\/www.paudalho.pe.gov.br\/portal\/wp-json\/wp\/v2\/users\/6"}],"replies":[{"embeddable":true,"href":"https:\/\/www.paudalho.pe.gov.br\/portal\/wp-json\/wp\/v2\/comments?post=19077"}],"version-history":[{"count":30,"href":"https:\/\/www.paudalho.pe.gov.br\/portal\/wp-json\/wp\/v2\/posts\/19077\/revisions"}],"predecessor-version":[{"id":19143,"href":"https:\/\/www.paudalho.pe.gov.br\/portal\/wp-json\/wp\/v2\/posts\/19077\/revisions\/19143"}],"wp:featuredmedia":[{"embeddable":true,"href":"https:\/\/www.paudalho.pe.gov.br\/portal\/wp-json\/wp\/v2\/media\/19112"}],"wp:attachment":[{"href":"https:\/\/www.paudalho.pe.gov.br\/portal\/wp-json\/wp\/v2\/media?parent=19077"}],"wp:term":[{"taxonomy":"category","embeddable":true,"href":"https:\/\/www.paudalho.pe.gov.br\/portal\/wp-json\/wp\/v2\/categories?post=19077"},{"taxonomy":"post_tag","embeddable":true,"href":"https:\/\/www.paudalho.pe.gov.br\/portal\/wp-json\/wp\/v2\/tags?post=19077"}],"curies":[{"name":"wp","href":"https:\/\/api.w.org\/{rel}","templated":true}]}}