{"id":18919,"date":"2021-10-04T11:21:42","date_gmt":"2021-10-04T14:21:42","guid":{"rendered":"https:\/\/www.paudalho.pe.gov.br\/portal\/?p=18919"},"modified":"2025-01-08T00:39:24","modified_gmt":"2025-01-08T03:39:24","slug":"paudalho-inicia-aplicacao-da-dose-de-reforco-da-vacina-contra-a-covid-19-em-idosos-com-60-anos-ou-mais-e-profissionais-da-area-de-saude","status":"publish","type":"post","link":"https:\/\/www.paudalho.pe.gov.br\/portal\/paudalho-inicia-aplicacao-da-dose-de-reforco-da-vacina-contra-a-covid-19-em-idosos-com-60-anos-ou-mais-e-profissionais-da-area-de-saude\/","title":{"rendered":"Paudalho inicia aplica\u00e7\u00e3o da dose de refor\u00e7o da vacina contra a covid-19 em idosos com 60 anos ou mais e profissionais da \u00e1rea de sa\u00fade"},"content":{"rendered":"\n<p>Nesta segunda-feira (04), a Prefeitura do Paudalho, por meio de sua Secretaria Municipal de Sa\u00fade, vai iniciar a aplica\u00e7\u00e3o da dose de refor\u00e7o das vacinas contra a covid-19 em pessoas com 60 anos ou mais e profissionais da \u00e1rea de sa\u00fade. O imunizante ser\u00e1 destinado para os integrantes desses grupos que tenham recebido a segunda dose h\u00e1 pelo menos seis meses.<\/p>\n\n\n\n<p>A dose de refor\u00e7o \u00e9 essencial para a garantia da prote\u00e7\u00e3o completa contra a doen\u00e7a. Para ter acesso ao imunizante \u00e9 necess\u00e1rio que o cidad\u00e3o realize o pr\u00e9-cadastro por meio do <a rel=\"noreferrer noopener\" href=\"https:\/\/paudalho.basemunicipal.com\/saude\/covid\/vacinacao\/pre-cadastro\" target=\"_blank\"><strong>formul\u00e1rio<\/strong><\/a> dispon\u00edvel no portal da Prefeitura. No dia do atendimento, ser\u00e1 preciso que o mun\u00edcipe apresente um documento de identifica\u00e7\u00e3o original com foto, o RG, o CPF e um comprovante de vacina\u00e7\u00e3o.<\/p>\n\n\n\n<p><strong><a rel=\"noreferrer noopener\" href=\"https:\/\/paudalho.basemunicipal.com\/saude\/covid\/vacinacao\/pre-cadastro\" target=\"_blank\">REALIZE O SEU PR\u00c9-CADASTRO AQUI!<\/a><\/strong><\/p>\n\n\n\n<p>A vacina\u00e7\u00e3o segue ocorrendo no ponto drive-thru localizado na Pra\u00e7a Pedro Coutinho, no centro da cidade. A parada funciona de segunda a s\u00e1bado, das 8h \u00e0s 16h, com exce\u00e7\u00e3o para as quintas e ter\u00e7as-feiras, dias em que o hor\u00e1rio \u00e9 estendido at\u00e9 \u00e0s 20h.<\/p>\n\n\n\n<figure class=\"wp-block-gallery columns-1 is-cropped wp-block-gallery-1 is-layout-flex wp-block-gallery-is-layout-flex\"><ul class=\"blocks-gallery-grid\"><li class=\"blocks-gallery-item\"><figure><img loading=\"lazy\" decoding=\"async\" width=\"800\" height=\"450\" data-attachment-id=\"18942\" data-permalink=\"https:\/\/www.paudalho.pe.gov.br\/portal\/paudalho-inicia-aplicacao-da-dose-de-reforco-da-vacina-contra-a-covid-19-em-idosos-com-60-anos-ou-mais-e-profissionais-da-area-de-saude\/h5a9848\/\" data-orig-file=\"https:\/\/www.paudalho.pe.gov.br\/portal\/wp-content\/uploads\/2021\/10\/H5A9848-scaled.jpg\" data-orig-size=\"2560,1707\" data-comments-opened=\"1\" data-image-meta=\"{&quot;aperture&quot;:&quot;0&quot;,&quot;credit&quot;:&quot;&quot;,&quot;camera&quot;:&quot;&quot;,&quot;caption&quot;:&quot;&quot;,&quot;created_timestamp&quot;:&quot;0&quot;,&quot;copyright&quot;:&quot;CHARLES JOHNSON 81 986016133&quot;,&quot;focal_length&quot;:&quot;0&quot;,&quot;iso&quot;:&quot;0&quot;,&quot;shutter_speed&quot;:&quot;0&quot;,&quot;title&quot;:&quot;&quot;,&quot;orientation&quot;:&quot;0&quot;}\" data-image-title=\"H5A9848\" data-image-description=\"\" data-image-caption=\"\" data-medium-file=\"https:\/\/www.paudalho.pe.gov.br\/portal\/wp-content\/uploads\/2021\/10\/H5A9848-350x230.jpg\" data-large-file=\"https:\/\/www.paudalho.pe.gov.br\/portal\/wp-content\/uploads\/2021\/10\/H5A9848-800x450.jpg\" src=\"https:\/\/www.paudalho.pe.gov.br\/portal\/wp-content\/uploads\/2021\/10\/H5A9848-800x450.jpg\" alt=\"\" data-id=\"18942\" data-full-url=\"https:\/\/www.paudalho.pe.gov.br\/portal\/wp-content\/uploads\/2021\/10\/H5A9848-scaled.jpg\" data-link=\"https:\/\/www.paudalho.pe.gov.br\/portal\/?attachment_id=18942\" class=\"wp-image-18942\"\/><\/figure><\/li><\/ul><\/figure>\n\n\n\n<h3 class=\"wp-block-heading\"><strong>Campanha de Vacina\u00e7\u00e3o<\/strong><\/h3>\n\n\n\n<p>Atualmente, a aplica\u00e7\u00e3o da primeira dose da vacina contra a covid-19 est\u00e1 sendo realizada em paudalhenses a partir dos 12 anos de idade. Para receber o imunizante, o p\u00fablico menor de 18 anos deve realizar o pr\u00e9-cadastro e ir at\u00e9 o ponto de vacina\u00e7\u00e3o drive-thru acompanhado de um respons\u00e1vel. Tamb\u00e9m ser\u00e1 necess\u00e1rio levar um documento com foto, o RG, o CPF e um comprovante de resid\u00eancia. <\/p>\n\n\n\n<p>Al\u00e9m da vacina\u00e7\u00e3o, a Prefeitura do Paudalho vem realizando a\u00e7\u00f5es de testagem r\u00e1pida de ant\u00edgeno para covid-19 com o objetivo de assegurar o controle da pandemia no munic\u00edpio. O atendimento est\u00e1 sendo realizado de forma itinerante em pontos diferentes da cidade.   <\/p>\n\n\n\n<p>De acordo com dados divulgados pela Secretaria Municipal de Sa\u00fade atrav\u00e9s da ferramenta on-line <strong><a href=\"https:\/\/paudalho.basemunicipal.com\/saude\/vacinometro\" target=\"_blank\" rel=\"noreferrer noopener\">Vacin\u00f4metro<\/a><\/strong>, do in\u00edcio da campanha, em janeiro de 2021, at\u00e9 esta segunda (04), 56.501 doses dos imunizantes j\u00e1 foram aplicadas. Desse total, 38.496 (68.1%) foram da primeira dose e 17.443 (30.9%) da segunda.<\/p>\n\n\n\n<p><em>Em caso de d\u00favidas, a Secretaria de Sa\u00fade disponibiliza o telefone 3636-3165 para mais informa\u00e7\u00f5es.<\/em><\/p>\n","protected":false},"excerpt":{"rendered":"<p>Nesta segunda-feira (04), a Prefeitura do Paudalho, por meio de sua Secretaria Municipal de Sa\u00fade, vai iniciar a aplica\u00e7\u00e3o da dose de refor\u00e7o das vacinas contra a covid-19 em pessoas com 60 anos ou mais e profissionais da \u00e1rea de sa\u00fade. O imunizante ser\u00e1 destinado para os integrantes desses grupos que tenham recebido a segunda [&hellip;]<\/p>\n","protected":false},"author":6,"featured_media":18940,"comment_status":"open","ping_status":"open","sticky":false,"template":"","format":"standard","meta":{"_jetpack_newsletter_access":"","_jetpack_dont_email_post_to_subs":false,"_jetpack_newsletter_tier_id":0,"_jetpack_memberships_contains_paywalled_content":false,"_jetpack_memberships_contains_paid_content":false,"footnotes":""},"categories":[732,2,1,3],"tags":[621,711,22,168,738],"class_list":["post-18919","post","type-post","status-publish","format-standard","has-post-thumbnail","hentry","category-covid-19","category-destaque","category-noticias","category-saude","tag-coronavirus","tag-covid19","tag-prefeitura-do-paudalho","tag-secretaria-de-saude","tag-vacinacao-contra-a-covid-19"],"jetpack_featured_media_url":"https:\/\/www.paudalho.pe.gov.br\/portal\/wp-content\/uploads\/2021\/10\/H5A9833-scaled.jpg","jetpack_sharing_enabled":true,"jetpack_shortlink":"https:\/\/wp.me\/p98mS2-4V9","_links":{"self":[{"href":"https:\/\/www.paudalho.pe.gov.br\/portal\/wp-json\/wp\/v2\/posts\/18919","targetHints":{"allow":["GET"]}}],"collection":[{"href":"https:\/\/www.paudalho.pe.gov.br\/portal\/wp-json\/wp\/v2\/posts"}],"about":[{"href":"https:\/\/www.paudalho.pe.gov.br\/portal\/wp-json\/wp\/v2\/types\/post"}],"author":[{"embeddable":true,"href":"https:\/\/www.paudalho.pe.gov.br\/portal\/wp-json\/wp\/v2\/users\/6"}],"replies":[{"embeddable":true,"href":"https:\/\/www.paudalho.pe.gov.br\/portal\/wp-json\/wp\/v2\/comments?post=18919"}],"version-history":[{"count":26,"href":"https:\/\/www.paudalho.pe.gov.br\/portal\/wp-json\/wp\/v2\/posts\/18919\/revisions"}],"predecessor-version":[{"id":18948,"href":"https:\/\/www.paudalho.pe.gov.br\/portal\/wp-json\/wp\/v2\/posts\/18919\/revisions\/18948"}],"wp:featuredmedia":[{"embeddable":true,"href":"https:\/\/www.paudalho.pe.gov.br\/portal\/wp-json\/wp\/v2\/media\/18940"}],"wp:attachment":[{"href":"https:\/\/www.paudalho.pe.gov.br\/portal\/wp-json\/wp\/v2\/media?parent=18919"}],"wp:term":[{"taxonomy":"category","embeddable":true,"href":"https:\/\/www.paudalho.pe.gov.br\/portal\/wp-json\/wp\/v2\/categories?post=18919"},{"taxonomy":"post_tag","embeddable":true,"href":"https:\/\/www.paudalho.pe.gov.br\/portal\/wp-json\/wp\/v2\/tags?post=18919"}],"curies":[{"name":"wp","href":"https:\/\/api.w.org\/{rel}","templated":true}]}}