{"id":18809,"date":"2021-10-06T20:49:05","date_gmt":"2021-10-06T23:49:05","guid":{"rendered":"https:\/\/www.paudalho.pe.gov.br\/portal\/?p=18809"},"modified":"2025-01-08T00:39:23","modified_gmt":"2025-01-08T03:39:23","slug":"secretaria-municipal-de-educacao-participa-de-evento-forum-de-gestores-promovido-pelo-redec","status":"publish","type":"post","link":"https:\/\/www.paudalho.pe.gov.br\/portal\/secretaria-municipal-de-educacao-participa-de-evento-forum-de-gestores-promovido-pelo-redec\/","title":{"rendered":"Secretaria Municipal de Educa\u00e7\u00e3o participa de evento F\u00f3rum de Gestores promovido pelo ReDEC"},"content":{"rendered":"\n<p>Na \u00faltima quinta-feira (30), a Prefeitura do Paudalho, por meio da Secretaria Municipal de Educa\u00e7\u00e3o (SEDUC), participou do <strong>F\u00f3rum de Gestores<\/strong>, evento promovido junto ao Programa de Extens\u00e3o Resid\u00eancia Docente nas Ci\u00eancias &#8211; ReDEC da Universidade Federal de Pernambuco (UFPE). O encontro teve como tem\u00e1tica &#8220;A gest\u00e3o em movimento: idas e vindas dentro e fora da escola&#8221;. <\/p>\n\n\n\n<p>A programa\u00e7\u00e3o foi iniciada \u00e0s 8h e prosseguiu at\u00e9 o fim do dia. O hor\u00e1rio da manh\u00e3 foi destinado para uma reuni\u00e3o com os representantes da Ger\u00eancia de Desenvolvimento da Educa\u00e7\u00e3o (GDE) da SEDUC. Durante o momento, os residentes do ReDEC fizeram uma apresenta\u00e7\u00e3o sobre os desafios e as potencialidades das escolas em que atuam dentro do munic\u00edpio. O local de realiza\u00e7\u00e3o foi o pr\u00e9dio anexo da Secretaria, pr\u00f3ximo a Pra\u00e7a Pedro Coutinho, no Centro.<\/p>\n\n\n\n<figure class=\"wp-block-gallery columns-1 is-cropped wp-block-gallery-1 is-layout-flex wp-block-gallery-is-layout-flex\"><ul class=\"blocks-gallery-grid\"><li class=\"blocks-gallery-item\"><figure><img loading=\"lazy\" decoding=\"async\" width=\"800\" height=\"450\" data-attachment-id=\"18909\" data-permalink=\"https:\/\/www.paudalho.pe.gov.br\/portal\/secretaria-municipal-de-educacao-participa-de-evento-forum-de-gestores-promovido-pelo-redec\/whatsapp-image-2021-10-01-at-15-32-31-5\/\" data-orig-file=\"https:\/\/www.paudalho.pe.gov.br\/portal\/wp-content\/uploads\/2021\/10\/WhatsApp-Image-2021-10-01-at-15.32.31-5.jpeg\" data-orig-size=\"1600,1066\" data-comments-opened=\"1\" data-image-meta=\"{&quot;aperture&quot;:&quot;0&quot;,&quot;credit&quot;:&quot;&quot;,&quot;camera&quot;:&quot;&quot;,&quot;caption&quot;:&quot;&quot;,&quot;created_timestamp&quot;:&quot;0&quot;,&quot;copyright&quot;:&quot;&quot;,&quot;focal_length&quot;:&quot;0&quot;,&quot;iso&quot;:&quot;0&quot;,&quot;shutter_speed&quot;:&quot;0&quot;,&quot;title&quot;:&quot;&quot;,&quot;orientation&quot;:&quot;0&quot;}\" data-image-title=\"WhatsApp Image 2021-10-01 at 15.32.31 (5)\" data-image-description=\"\" data-image-caption=\"&lt;p&gt;Foto: Josu\u00e9 J\u00fanior\/PMP.&lt;\/p&gt;\n\" data-medium-file=\"https:\/\/www.paudalho.pe.gov.br\/portal\/wp-content\/uploads\/2021\/10\/WhatsApp-Image-2021-10-01-at-15.32.31-5-350x230.jpeg\" data-large-file=\"https:\/\/www.paudalho.pe.gov.br\/portal\/wp-content\/uploads\/2021\/10\/WhatsApp-Image-2021-10-01-at-15.32.31-5-800x450.jpeg\" src=\"https:\/\/www.paudalho.pe.gov.br\/portal\/wp-content\/uploads\/2021\/10\/WhatsApp-Image-2021-10-01-at-15.32.31-5-800x450.jpeg\" alt=\"\" data-id=\"18909\" data-full-url=\"https:\/\/www.paudalho.pe.gov.br\/portal\/wp-content\/uploads\/2021\/10\/WhatsApp-Image-2021-10-01-at-15.32.31-5.jpeg\" data-link=\"https:\/\/www.paudalho.pe.gov.br\/portal\/?attachment_id=18909\" class=\"wp-image-18909\"\/><figcaption class=\"blocks-gallery-item__caption\"><em>A secret\u00e1ria municipal de Educa\u00e7\u00e3o, Paula Frassinette, durante seu discurso no F\u00f3rum para Gestores promovido pelo ReDEC. Foto: Josu\u00e9 J\u00fanior\/PMP.<\/em><\/figcaption><\/figure><\/li><\/ul><\/figure>\n\n\n\n<p>J\u00e1 o per\u00edodo da tarde foi reservado para uma roda de conversa com os gestores das unidades escolares. O objetivo do debate foi compartilhar experi\u00eancias e alinhar o planejamento de a\u00e7\u00f5es e projetos pedag\u00f3gicos para os meses de outubro, novembro e dezembro. O encontro ocorreu no edif\u00edcio Acervo P\u00fablico de Paudalho, localizado na Antiga Esta\u00e7\u00e3o de Trem. <\/p>\n\n\n\n<p>Essa foi a primeira reuni\u00e3o presencial realizada entre a Secretaria e o ReDEC. &#8220;A gente vinha em um contato remoto com os residentes, mas faltava isso, esse olho no olho. E foi muito bom esse f\u00f3rum presencial, para corrigir as falhas e melhorar o que j\u00e1 est\u00e1 bom. N\u00f3s j\u00e1 temos uma equipe pedag\u00f3gica muito eficiente, comprometida e com foco, e o ReDEC veio somar a isso.&#8221;, pontuou a secret\u00e1ria municipal de Educa\u00e7\u00e3o, Paula Frassinette.<\/p>\n\n\n\n<p>O evento proporcionou um contato direto entre os membros das duas institui\u00e7\u00f5es. \u201cO f\u00f3rum foi realizado com o intuito dos residentes do ReDEC conhecerem os gestores de suas escolas, nessas idas e vindas da Educa\u00e7\u00e3o. Foi um momento lindo onde eles foram acolhidos aqui na Esta\u00e7\u00e3o.\u201d, declarou a coordenadora do programa, Dalvaneide Ara\u00fajo.<\/p>\n\n\n\n<figure class=\"wp-block-gallery columns-2 is-cropped wp-block-gallery-2 is-layout-flex wp-block-gallery-is-layout-flex\"><ul class=\"blocks-gallery-grid\"><li class=\"blocks-gallery-item\"><figure><img loading=\"lazy\" decoding=\"async\" width=\"800\" height=\"450\" data-attachment-id=\"19044\" data-permalink=\"https:\/\/www.paudalho.pe.gov.br\/portal\/secretaria-municipal-de-educacao-participa-de-evento-forum-de-gestores-promovido-pelo-redec\/whatsapp-image-2021-10-01-at-15-32-43-1-2\/\" data-orig-file=\"https:\/\/www.paudalho.pe.gov.br\/portal\/wp-content\/uploads\/2021\/10\/WhatsApp-Image-2021-10-01-at-15.32.43-1-1.jpeg\" data-orig-size=\"1600,1066\" data-comments-opened=\"1\" data-image-meta=\"{&quot;aperture&quot;:&quot;0&quot;,&quot;credit&quot;:&quot;&quot;,&quot;camera&quot;:&quot;&quot;,&quot;caption&quot;:&quot;&quot;,&quot;created_timestamp&quot;:&quot;0&quot;,&quot;copyright&quot;:&quot;&quot;,&quot;focal_length&quot;:&quot;0&quot;,&quot;iso&quot;:&quot;0&quot;,&quot;shutter_speed&quot;:&quot;0&quot;,&quot;title&quot;:&quot;&quot;,&quot;orientation&quot;:&quot;0&quot;}\" data-image-title=\"Representantes da Secretaria Municipal de Educa\u00e7\u00e3o, do ReDEC e da Secretaria de Cultura, Turismo, Lazer, Esporte e Juventude, em frente ao  Acervo P\u00fablico de Paudalho. Foto: Josu\u00e9 J\u00fanior\/PMP.\" data-image-description=\"\" data-image-caption=\"&lt;p&gt;Representantes da Secretaria Municipal de Educa\u00e7\u00e3o, do ReDEC e da Secretaria de Cultura, Turismo, Lazer, Esporte e Juventude, em frente ao  Acervo P\u00fablico de Paudalho. Foto: Josu\u00e9 J\u00fanior\/PMP.&lt;\/p&gt;\n\" data-medium-file=\"https:\/\/www.paudalho.pe.gov.br\/portal\/wp-content\/uploads\/2021\/10\/WhatsApp-Image-2021-10-01-at-15.32.43-1-1-350x230.jpeg\" data-large-file=\"https:\/\/www.paudalho.pe.gov.br\/portal\/wp-content\/uploads\/2021\/10\/WhatsApp-Image-2021-10-01-at-15.32.43-1-1-800x450.jpeg\" src=\"https:\/\/www.paudalho.pe.gov.br\/portal\/wp-content\/uploads\/2021\/10\/WhatsApp-Image-2021-10-01-at-15.32.43-1-1-800x450.jpeg\" alt=\"\" data-id=\"19044\" data-full-url=\"https:\/\/www.paudalho.pe.gov.br\/portal\/wp-content\/uploads\/2021\/10\/WhatsApp-Image-2021-10-01-at-15.32.43-1-1.jpeg\" data-link=\"https:\/\/www.paudalho.pe.gov.br\/portal\/?attachment_id=19044\" class=\"wp-image-19044\"\/><figcaption class=\"blocks-gallery-item__caption\"><em>Representantes da Secretaria Municipal de Educa\u00e7\u00e3o, do ReDEC e da Secretaria de Cultura, Turismo, Lazer, Esporte e Juventude, em frente ao  Acervo P\u00fablico de Paudalho. Foto: Josu\u00e9 J\u00fanior\/PMP.<\/em><\/figcaption><\/figure><\/li><li class=\"blocks-gallery-item\"><figure><img loading=\"lazy\" decoding=\"async\" width=\"768\" height=\"450\" data-attachment-id=\"19043\" data-permalink=\"https:\/\/www.paudalho.pe.gov.br\/portal\/secretaria-municipal-de-educacao-participa-de-evento-forum-de-gestores-promovido-pelo-redec\/redec-em-frente-a-igreja-2\/\" data-orig-file=\"https:\/\/www.paudalho.pe.gov.br\/portal\/wp-content\/uploads\/2021\/10\/REDEC-em-frente-a-Igreja-1.jpeg\" data-orig-size=\"768,1024\" data-comments-opened=\"1\" data-image-meta=\"{&quot;aperture&quot;:&quot;0&quot;,&quot;credit&quot;:&quot;&quot;,&quot;camera&quot;:&quot;&quot;,&quot;caption&quot;:&quot;&quot;,&quot;created_timestamp&quot;:&quot;0&quot;,&quot;copyright&quot;:&quot;&quot;,&quot;focal_length&quot;:&quot;0&quot;,&quot;iso&quot;:&quot;0&quot;,&quot;shutter_speed&quot;:&quot;0&quot;,&quot;title&quot;:&quot;&quot;,&quot;orientation&quot;:&quot;0&quot;}\" data-image-title=\"Durante a presen\u00e7a em Paudalho, os participantes do ReDEC puderam conhecer a Igreja de S\u00e3o Severino do Ramos. Foto: Ana Alice Barros\/ReDEC.\" data-image-description=\"\" data-image-caption=\"&lt;p&gt;Durante a presen\u00e7a em Paudalho, os participantes do ReDEC puderam conhecer a Igreja de S\u00e3o Severino do Ramos. Foto: Ana Alice Barros\/ReDEC.  &lt;\/p&gt;\n\" data-medium-file=\"https:\/\/www.paudalho.pe.gov.br\/portal\/wp-content\/uploads\/2021\/10\/REDEC-em-frente-a-Igreja-1-350x230.jpeg\" data-large-file=\"https:\/\/www.paudalho.pe.gov.br\/portal\/wp-content\/uploads\/2021\/10\/REDEC-em-frente-a-Igreja-1-768x450.jpeg\" src=\"https:\/\/www.paudalho.pe.gov.br\/portal\/wp-content\/uploads\/2021\/10\/REDEC-em-frente-a-Igreja-1-768x450.jpeg\" alt=\"Durante a presen\u00e7a em Paudalho, os participantes do ReDEC puderam conhecer a Igreja de S\u00e3o Severino do Ramos. Foto: Ana Alice Barros\/ReDEC.  \" data-id=\"19043\" data-full-url=\"https:\/\/www.paudalho.pe.gov.br\/portal\/wp-content\/uploads\/2021\/10\/REDEC-em-frente-a-Igreja-1.jpeg\" data-link=\"https:\/\/www.paudalho.pe.gov.br\/portal\/?attachment_id=19043\" class=\"wp-image-19043\"\/><figcaption class=\"blocks-gallery-item__caption\"><em>Durante a presen\u00e7a em Paudalho, os participantes do ReDEC puderam conhecer a Igreja de S\u00e3o Severino do Ramos. Foto: Ana Alice Barros\/ReDEC.  <\/em><\/figcaption><\/figure><\/li><\/ul><\/figure>\n\n\n\n<p>A gestora ainda refor\u00e7ou a import\u00e2ncia da parceria com a Prefeitura. &#8220;A gente est\u00e1 construindo juntos, de m\u00e3os dadas com a GDE, uma Educa\u00e7\u00e3o linda nesse munic\u00edpio para que ele seja cada vez melhor no \u00e2mbito regional e qui\u00e7\u00e1 no nacional.&#8221;, pontuou. <\/p>\n\n\n\n<p>Com o apoio da Secretaria Municipal de Cultura, Turismo, Lazer, Esporte e Juventude, o grupo p\u00f4de conhecer alguns pontos tur\u00edsticos da cidade, como a Igreja de S\u00e3o Severino do Ramos, al\u00e9m de prestigiar a apresenta\u00e7\u00e3o cultural da Orquestra 100% Frevo e do Boi Bole Bole. <\/p>\n\n\n\n<p>Ao fim do evento, tamb\u00e9m foram sorteados exemplares do Passaporte Pernambuco, documento sem validade oficial criado e distribu\u00eddo pela Secretaria de Turismo do Estado para incentivar as viagens dentro de Pernambuco.<\/p>\n\n\n\n<h3 class=\"wp-block-heading\"><strong>Juntos por uma Educa\u00e7\u00e3o de qualidade<\/strong><\/h3>\n\n\n\n<p>A parceria da Prefeitura do Paudalho com o Programa de Extens\u00e3o Resid\u00eancia Docente nas Ci\u00eancias &#8211; ReDEC teve in\u00edcio de forma remota durante o m\u00eas de abril de 2021. A iniciativa tem como finalidade a capacita\u00e7\u00e3o de mais de 8 mil alunos e 276 professores da Rede Municipal de Ensino. <\/p>\n\n\n\n<p>A colabora\u00e7\u00e3o surgiu em meio aos desafios ocasionados pela pandemia da covid-19, onde as atividades escolares foram temporariamente suspensas. &#8220;Em 2020, com o advento da pandemia, a gente teve que entrar em uma expertise que ainda n\u00e3o dominava, que era o uso da tecnologia diante da Educa\u00e7\u00e3o. O ReDEC veio trazer novos caminhos para darmos uma roupagem renovada para as aulas.&#8221; declarou Paula Frassinette.<\/p>\n\n\n\n<p><strong>Confira mais registros do evento F\u00f3rum de Gestores abaixo:<\/strong><\/p>\n\n\n\n<figure class=\"wp-block-gallery columns-3 is-cropped wp-block-gallery-3 is-layout-flex wp-block-gallery-is-layout-flex\"><ul class=\"blocks-gallery-grid\"><li class=\"blocks-gallery-item\"><figure><img loading=\"lazy\" decoding=\"async\" width=\"800\" height=\"450\" data-attachment-id=\"18906\" data-permalink=\"https:\/\/www.paudalho.pe.gov.br\/portal\/secretaria-municipal-de-educacao-participa-de-evento-forum-de-gestores-promovido-pelo-redec\/whatsapp-image-2021-10-01-at-15-32-32-2\/\" data-orig-file=\"https:\/\/www.paudalho.pe.gov.br\/portal\/wp-content\/uploads\/2021\/10\/WhatsApp-Image-2021-10-01-at-15.32.32-2.jpeg\" data-orig-size=\"1600,1066\" data-comments-opened=\"1\" data-image-meta=\"{&quot;aperture&quot;:&quot;0&quot;,&quot;credit&quot;:&quot;&quot;,&quot;camera&quot;:&quot;&quot;,&quot;caption&quot;:&quot;&quot;,&quot;created_timestamp&quot;:&quot;0&quot;,&quot;copyright&quot;:&quot;&quot;,&quot;focal_length&quot;:&quot;0&quot;,&quot;iso&quot;:&quot;0&quot;,&quot;shutter_speed&quot;:&quot;0&quot;,&quot;title&quot;:&quot;&quot;,&quot;orientation&quot;:&quot;0&quot;}\" data-image-title=\"WhatsApp Image 2021-10-01 at 15.32.32 (2)\" data-image-description=\"\" data-image-caption=\"\" data-medium-file=\"https:\/\/www.paudalho.pe.gov.br\/portal\/wp-content\/uploads\/2021\/10\/WhatsApp-Image-2021-10-01-at-15.32.32-2-350x230.jpeg\" data-large-file=\"https:\/\/www.paudalho.pe.gov.br\/portal\/wp-content\/uploads\/2021\/10\/WhatsApp-Image-2021-10-01-at-15.32.32-2-800x450.jpeg\" src=\"https:\/\/www.paudalho.pe.gov.br\/portal\/wp-content\/uploads\/2021\/10\/WhatsApp-Image-2021-10-01-at-15.32.32-2-800x450.jpeg\" alt=\"\" data-id=\"18906\" data-full-url=\"https:\/\/www.paudalho.pe.gov.br\/portal\/wp-content\/uploads\/2021\/10\/WhatsApp-Image-2021-10-01-at-15.32.32-2.jpeg\" data-link=\"https:\/\/www.paudalho.pe.gov.br\/portal\/?attachment_id=18906\" class=\"wp-image-18906\"\/><figcaption class=\"blocks-gallery-item__caption\"> <em>Foto: Josu\u00e9 Junior\/PMP.<\/em> <\/figcaption><\/figure><\/li><li class=\"blocks-gallery-item\"><figure><img loading=\"lazy\" decoding=\"async\" width=\"800\" height=\"450\" data-attachment-id=\"18893\" data-permalink=\"https:\/\/www.paudalho.pe.gov.br\/portal\/secretaria-municipal-de-educacao-participa-de-evento-forum-de-gestores-promovido-pelo-redec\/whatsapp-image-2021-10-01-at-15-32-45-2\/\" data-orig-file=\"https:\/\/www.paudalho.pe.gov.br\/portal\/wp-content\/uploads\/2021\/10\/WhatsApp-Image-2021-10-01-at-15.32.45-2.jpeg\" data-orig-size=\"1600,1066\" data-comments-opened=\"1\" data-image-meta=\"{&quot;aperture&quot;:&quot;0&quot;,&quot;credit&quot;:&quot;&quot;,&quot;camera&quot;:&quot;&quot;,&quot;caption&quot;:&quot;&quot;,&quot;created_timestamp&quot;:&quot;0&quot;,&quot;copyright&quot;:&quot;&quot;,&quot;focal_length&quot;:&quot;0&quot;,&quot;iso&quot;:&quot;0&quot;,&quot;shutter_speed&quot;:&quot;0&quot;,&quot;title&quot;:&quot;&quot;,&quot;orientation&quot;:&quot;0&quot;}\" data-image-title=\"WhatsApp Image 2021-10-01 at 15.32.45 (2)\" data-image-description=\"\" data-image-caption=\"\" data-medium-file=\"https:\/\/www.paudalho.pe.gov.br\/portal\/wp-content\/uploads\/2021\/10\/WhatsApp-Image-2021-10-01-at-15.32.45-2-350x230.jpeg\" data-large-file=\"https:\/\/www.paudalho.pe.gov.br\/portal\/wp-content\/uploads\/2021\/10\/WhatsApp-Image-2021-10-01-at-15.32.45-2-800x450.jpeg\" src=\"https:\/\/www.paudalho.pe.gov.br\/portal\/wp-content\/uploads\/2021\/10\/WhatsApp-Image-2021-10-01-at-15.32.45-2-800x450.jpeg\" alt=\"\" data-id=\"18893\" data-full-url=\"https:\/\/www.paudalho.pe.gov.br\/portal\/wp-content\/uploads\/2021\/10\/WhatsApp-Image-2021-10-01-at-15.32.45-2.jpeg\" data-link=\"https:\/\/www.paudalho.pe.gov.br\/portal\/?attachment_id=18893\" class=\"wp-image-18893\"\/><figcaption class=\"blocks-gallery-item__caption\"><em>Foto: Josu\u00e9 Junior\/PMP.<\/em><\/figcaption><\/figure><\/li><li class=\"blocks-gallery-item\"><figure><img loading=\"lazy\" decoding=\"async\" width=\"800\" height=\"450\" data-attachment-id=\"18894\" data-permalink=\"https:\/\/www.paudalho.pe.gov.br\/portal\/secretaria-municipal-de-educacao-participa-de-evento-forum-de-gestores-promovido-pelo-redec\/whatsapp-image-2021-10-01-at-15-32-45-1\/\" data-orig-file=\"https:\/\/www.paudalho.pe.gov.br\/portal\/wp-content\/uploads\/2021\/10\/WhatsApp-Image-2021-10-01-at-15.32.45-1.jpeg\" data-orig-size=\"1600,1066\" data-comments-opened=\"1\" data-image-meta=\"{&quot;aperture&quot;:&quot;0&quot;,&quot;credit&quot;:&quot;&quot;,&quot;camera&quot;:&quot;&quot;,&quot;caption&quot;:&quot;&quot;,&quot;created_timestamp&quot;:&quot;0&quot;,&quot;copyright&quot;:&quot;&quot;,&quot;focal_length&quot;:&quot;0&quot;,&quot;iso&quot;:&quot;0&quot;,&quot;shutter_speed&quot;:&quot;0&quot;,&quot;title&quot;:&quot;&quot;,&quot;orientation&quot;:&quot;0&quot;}\" data-image-title=\"WhatsApp Image 2021-10-01 at 15.32.45 (1)\" data-image-description=\"\" data-image-caption=\"\" data-medium-file=\"https:\/\/www.paudalho.pe.gov.br\/portal\/wp-content\/uploads\/2021\/10\/WhatsApp-Image-2021-10-01-at-15.32.45-1-350x230.jpeg\" data-large-file=\"https:\/\/www.paudalho.pe.gov.br\/portal\/wp-content\/uploads\/2021\/10\/WhatsApp-Image-2021-10-01-at-15.32.45-1-800x450.jpeg\" src=\"https:\/\/www.paudalho.pe.gov.br\/portal\/wp-content\/uploads\/2021\/10\/WhatsApp-Image-2021-10-01-at-15.32.45-1-800x450.jpeg\" alt=\"\" data-id=\"18894\" data-full-url=\"https:\/\/www.paudalho.pe.gov.br\/portal\/wp-content\/uploads\/2021\/10\/WhatsApp-Image-2021-10-01-at-15.32.45-1.jpeg\" data-link=\"https:\/\/www.paudalho.pe.gov.br\/portal\/?attachment_id=18894\" class=\"wp-image-18894\"\/><figcaption class=\"blocks-gallery-item__caption\"> <em>Foto: Josu\u00e9 Junior\/PMP.<\/em> <\/figcaption><\/figure><\/li><li class=\"blocks-gallery-item\"><figure><img loading=\"lazy\" decoding=\"async\" width=\"800\" height=\"450\" data-attachment-id=\"18895\" data-permalink=\"https:\/\/www.paudalho.pe.gov.br\/portal\/secretaria-municipal-de-educacao-participa-de-evento-forum-de-gestores-promovido-pelo-redec\/whatsapp-image-2021-10-01-at-15-32-45\/\" data-orig-file=\"https:\/\/www.paudalho.pe.gov.br\/portal\/wp-content\/uploads\/2021\/10\/WhatsApp-Image-2021-10-01-at-15.32.45.jpeg\" data-orig-size=\"1600,1066\" data-comments-opened=\"1\" data-image-meta=\"{&quot;aperture&quot;:&quot;0&quot;,&quot;credit&quot;:&quot;&quot;,&quot;camera&quot;:&quot;&quot;,&quot;caption&quot;:&quot;&quot;,&quot;created_timestamp&quot;:&quot;0&quot;,&quot;copyright&quot;:&quot;&quot;,&quot;focal_length&quot;:&quot;0&quot;,&quot;iso&quot;:&quot;0&quot;,&quot;shutter_speed&quot;:&quot;0&quot;,&quot;title&quot;:&quot;&quot;,&quot;orientation&quot;:&quot;0&quot;}\" data-image-title=\"WhatsApp Image 2021-10-01 at 15.32.45\" data-image-description=\"\" data-image-caption=\"\" data-medium-file=\"https:\/\/www.paudalho.pe.gov.br\/portal\/wp-content\/uploads\/2021\/10\/WhatsApp-Image-2021-10-01-at-15.32.45-350x230.jpeg\" data-large-file=\"https:\/\/www.paudalho.pe.gov.br\/portal\/wp-content\/uploads\/2021\/10\/WhatsApp-Image-2021-10-01-at-15.32.45-800x450.jpeg\" src=\"https:\/\/www.paudalho.pe.gov.br\/portal\/wp-content\/uploads\/2021\/10\/WhatsApp-Image-2021-10-01-at-15.32.45-800x450.jpeg\" alt=\"\" data-id=\"18895\" data-full-url=\"https:\/\/www.paudalho.pe.gov.br\/portal\/wp-content\/uploads\/2021\/10\/WhatsApp-Image-2021-10-01-at-15.32.45.jpeg\" data-link=\"https:\/\/www.paudalho.pe.gov.br\/portal\/?attachment_id=18895\" class=\"wp-image-18895\"\/><figcaption class=\"blocks-gallery-item__caption\"> <em>Foto: Josu\u00e9 Junior\/PMP.<\/em> <\/figcaption><\/figure><\/li><li class=\"blocks-gallery-item\"><figure><img loading=\"lazy\" decoding=\"async\" width=\"800\" height=\"450\" data-attachment-id=\"18896\" data-permalink=\"https:\/\/www.paudalho.pe.gov.br\/portal\/secretaria-municipal-de-educacao-participa-de-evento-forum-de-gestores-promovido-pelo-redec\/whatsapp-image-2021-10-01-at-15-32-44-3\/\" data-orig-file=\"https:\/\/www.paudalho.pe.gov.br\/portal\/wp-content\/uploads\/2021\/10\/WhatsApp-Image-2021-10-01-at-15.32.44-3.jpeg\" data-orig-size=\"1600,1066\" data-comments-opened=\"1\" data-image-meta=\"{&quot;aperture&quot;:&quot;0&quot;,&quot;credit&quot;:&quot;&quot;,&quot;camera&quot;:&quot;&quot;,&quot;caption&quot;:&quot;&quot;,&quot;created_timestamp&quot;:&quot;0&quot;,&quot;copyright&quot;:&quot;&quot;,&quot;focal_length&quot;:&quot;0&quot;,&quot;iso&quot;:&quot;0&quot;,&quot;shutter_speed&quot;:&quot;0&quot;,&quot;title&quot;:&quot;&quot;,&quot;orientation&quot;:&quot;0&quot;}\" data-image-title=\"WhatsApp Image 2021-10-01 at 15.32.44 (3)\" data-image-description=\"\" data-image-caption=\"\" data-medium-file=\"https:\/\/www.paudalho.pe.gov.br\/portal\/wp-content\/uploads\/2021\/10\/WhatsApp-Image-2021-10-01-at-15.32.44-3-350x230.jpeg\" data-large-file=\"https:\/\/www.paudalho.pe.gov.br\/portal\/wp-content\/uploads\/2021\/10\/WhatsApp-Image-2021-10-01-at-15.32.44-3-800x450.jpeg\" src=\"https:\/\/www.paudalho.pe.gov.br\/portal\/wp-content\/uploads\/2021\/10\/WhatsApp-Image-2021-10-01-at-15.32.44-3-800x450.jpeg\" alt=\"\" data-id=\"18896\" data-full-url=\"https:\/\/www.paudalho.pe.gov.br\/portal\/wp-content\/uploads\/2021\/10\/WhatsApp-Image-2021-10-01-at-15.32.44-3.jpeg\" data-link=\"https:\/\/www.paudalho.pe.gov.br\/portal\/?attachment_id=18896\" class=\"wp-image-18896\"\/><figcaption class=\"blocks-gallery-item__caption\"> <em>Foto: Josu\u00e9 Junior\/PMP.<\/em> <\/figcaption><\/figure><\/li><li class=\"blocks-gallery-item\"><figure><img loading=\"lazy\" decoding=\"async\" width=\"800\" height=\"450\" data-attachment-id=\"18897\" data-permalink=\"https:\/\/www.paudalho.pe.gov.br\/portal\/secretaria-municipal-de-educacao-participa-de-evento-forum-de-gestores-promovido-pelo-redec\/whatsapp-image-2021-10-01-at-15-32-44-2\/\" data-orig-file=\"https:\/\/www.paudalho.pe.gov.br\/portal\/wp-content\/uploads\/2021\/10\/WhatsApp-Image-2021-10-01-at-15.32.44-2.jpeg\" data-orig-size=\"1600,1066\" data-comments-opened=\"1\" data-image-meta=\"{&quot;aperture&quot;:&quot;0&quot;,&quot;credit&quot;:&quot;&quot;,&quot;camera&quot;:&quot;&quot;,&quot;caption&quot;:&quot;&quot;,&quot;created_timestamp&quot;:&quot;0&quot;,&quot;copyright&quot;:&quot;&quot;,&quot;focal_length&quot;:&quot;0&quot;,&quot;iso&quot;:&quot;0&quot;,&quot;shutter_speed&quot;:&quot;0&quot;,&quot;title&quot;:&quot;&quot;,&quot;orientation&quot;:&quot;0&quot;}\" data-image-title=\"WhatsApp Image 2021-10-01 at 15.32.44 (2)\" data-image-description=\"\" data-image-caption=\"\" data-medium-file=\"https:\/\/www.paudalho.pe.gov.br\/portal\/wp-content\/uploads\/2021\/10\/WhatsApp-Image-2021-10-01-at-15.32.44-2-350x230.jpeg\" data-large-file=\"https:\/\/www.paudalho.pe.gov.br\/portal\/wp-content\/uploads\/2021\/10\/WhatsApp-Image-2021-10-01-at-15.32.44-2-800x450.jpeg\" src=\"https:\/\/www.paudalho.pe.gov.br\/portal\/wp-content\/uploads\/2021\/10\/WhatsApp-Image-2021-10-01-at-15.32.44-2-800x450.jpeg\" alt=\"\" data-id=\"18897\" data-full-url=\"https:\/\/www.paudalho.pe.gov.br\/portal\/wp-content\/uploads\/2021\/10\/WhatsApp-Image-2021-10-01-at-15.32.44-2.jpeg\" data-link=\"https:\/\/www.paudalho.pe.gov.br\/portal\/?attachment_id=18897\" class=\"wp-image-18897\"\/><figcaption class=\"blocks-gallery-item__caption\"> <em>Foto: Josu\u00e9 Junior\/PMP.<\/em> <\/figcaption><\/figure><\/li><li class=\"blocks-gallery-item\"><figure><img loading=\"lazy\" decoding=\"async\" width=\"800\" height=\"450\" data-attachment-id=\"18898\" data-permalink=\"https:\/\/www.paudalho.pe.gov.br\/portal\/secretaria-municipal-de-educacao-participa-de-evento-forum-de-gestores-promovido-pelo-redec\/whatsapp-image-2021-10-01-at-15-32-44-1\/\" data-orig-file=\"https:\/\/www.paudalho.pe.gov.br\/portal\/wp-content\/uploads\/2021\/10\/WhatsApp-Image-2021-10-01-at-15.32.44-1.jpeg\" data-orig-size=\"1600,1066\" data-comments-opened=\"1\" data-image-meta=\"{&quot;aperture&quot;:&quot;0&quot;,&quot;credit&quot;:&quot;&quot;,&quot;camera&quot;:&quot;&quot;,&quot;caption&quot;:&quot;&quot;,&quot;created_timestamp&quot;:&quot;0&quot;,&quot;copyright&quot;:&quot;&quot;,&quot;focal_length&quot;:&quot;0&quot;,&quot;iso&quot;:&quot;0&quot;,&quot;shutter_speed&quot;:&quot;0&quot;,&quot;title&quot;:&quot;&quot;,&quot;orientation&quot;:&quot;0&quot;}\" data-image-title=\"WhatsApp Image 2021-10-01 at 15.32.44 (1)\" data-image-description=\"\" data-image-caption=\"\" data-medium-file=\"https:\/\/www.paudalho.pe.gov.br\/portal\/wp-content\/uploads\/2021\/10\/WhatsApp-Image-2021-10-01-at-15.32.44-1-350x230.jpeg\" data-large-file=\"https:\/\/www.paudalho.pe.gov.br\/portal\/wp-content\/uploads\/2021\/10\/WhatsApp-Image-2021-10-01-at-15.32.44-1-800x450.jpeg\" src=\"https:\/\/www.paudalho.pe.gov.br\/portal\/wp-content\/uploads\/2021\/10\/WhatsApp-Image-2021-10-01-at-15.32.44-1-800x450.jpeg\" alt=\"\" data-id=\"18898\" data-full-url=\"https:\/\/www.paudalho.pe.gov.br\/portal\/wp-content\/uploads\/2021\/10\/WhatsApp-Image-2021-10-01-at-15.32.44-1.jpeg\" data-link=\"https:\/\/www.paudalho.pe.gov.br\/portal\/?attachment_id=18898\" class=\"wp-image-18898\"\/><figcaption class=\"blocks-gallery-item__caption\"> <em>Foto: Josu\u00e9 Junior\/PMP.<\/em> <\/figcaption><\/figure><\/li><li class=\"blocks-gallery-item\"><figure><img loading=\"lazy\" decoding=\"async\" width=\"800\" height=\"450\" data-attachment-id=\"18899\" data-permalink=\"https:\/\/www.paudalho.pe.gov.br\/portal\/secretaria-municipal-de-educacao-participa-de-evento-forum-de-gestores-promovido-pelo-redec\/whatsapp-image-2021-10-01-at-15-32-44\/\" data-orig-file=\"https:\/\/www.paudalho.pe.gov.br\/portal\/wp-content\/uploads\/2021\/10\/WhatsApp-Image-2021-10-01-at-15.32.44.jpeg\" data-orig-size=\"1600,1066\" data-comments-opened=\"1\" data-image-meta=\"{&quot;aperture&quot;:&quot;0&quot;,&quot;credit&quot;:&quot;&quot;,&quot;camera&quot;:&quot;&quot;,&quot;caption&quot;:&quot;&quot;,&quot;created_timestamp&quot;:&quot;0&quot;,&quot;copyright&quot;:&quot;&quot;,&quot;focal_length&quot;:&quot;0&quot;,&quot;iso&quot;:&quot;0&quot;,&quot;shutter_speed&quot;:&quot;0&quot;,&quot;title&quot;:&quot;&quot;,&quot;orientation&quot;:&quot;0&quot;}\" data-image-title=\"WhatsApp Image 2021-10-01 at 15.32.44\" data-image-description=\"\" data-image-caption=\"\" data-medium-file=\"https:\/\/www.paudalho.pe.gov.br\/portal\/wp-content\/uploads\/2021\/10\/WhatsApp-Image-2021-10-01-at-15.32.44-350x230.jpeg\" data-large-file=\"https:\/\/www.paudalho.pe.gov.br\/portal\/wp-content\/uploads\/2021\/10\/WhatsApp-Image-2021-10-01-at-15.32.44-800x450.jpeg\" src=\"https:\/\/www.paudalho.pe.gov.br\/portal\/wp-content\/uploads\/2021\/10\/WhatsApp-Image-2021-10-01-at-15.32.44-800x450.jpeg\" alt=\"\" data-id=\"18899\" data-full-url=\"https:\/\/www.paudalho.pe.gov.br\/portal\/wp-content\/uploads\/2021\/10\/WhatsApp-Image-2021-10-01-at-15.32.44.jpeg\" data-link=\"https:\/\/www.paudalho.pe.gov.br\/portal\/?attachment_id=18899\" class=\"wp-image-18899\"\/><figcaption class=\"blocks-gallery-item__caption\"> <em>Foto: Josu\u00e9 Junior\/PMP.<\/em> <\/figcaption><\/figure><\/li><li class=\"blocks-gallery-item\"><figure><img loading=\"lazy\" decoding=\"async\" width=\"800\" height=\"450\" data-attachment-id=\"18900\" data-permalink=\"https:\/\/www.paudalho.pe.gov.br\/portal\/secretaria-municipal-de-educacao-participa-de-evento-forum-de-gestores-promovido-pelo-redec\/whatsapp-image-2021-10-01-at-15-32-43-3\/\" data-orig-file=\"https:\/\/www.paudalho.pe.gov.br\/portal\/wp-content\/uploads\/2021\/10\/WhatsApp-Image-2021-10-01-at-15.32.43-3.jpeg\" data-orig-size=\"1600,1066\" data-comments-opened=\"1\" data-image-meta=\"{&quot;aperture&quot;:&quot;0&quot;,&quot;credit&quot;:&quot;&quot;,&quot;camera&quot;:&quot;&quot;,&quot;caption&quot;:&quot;&quot;,&quot;created_timestamp&quot;:&quot;0&quot;,&quot;copyright&quot;:&quot;&quot;,&quot;focal_length&quot;:&quot;0&quot;,&quot;iso&quot;:&quot;0&quot;,&quot;shutter_speed&quot;:&quot;0&quot;,&quot;title&quot;:&quot;&quot;,&quot;orientation&quot;:&quot;0&quot;}\" data-image-title=\"WhatsApp Image 2021-10-01 at 15.32.43 (3)\" data-image-description=\"\" data-image-caption=\"\" data-medium-file=\"https:\/\/www.paudalho.pe.gov.br\/portal\/wp-content\/uploads\/2021\/10\/WhatsApp-Image-2021-10-01-at-15.32.43-3-350x230.jpeg\" data-large-file=\"https:\/\/www.paudalho.pe.gov.br\/portal\/wp-content\/uploads\/2021\/10\/WhatsApp-Image-2021-10-01-at-15.32.43-3-800x450.jpeg\" src=\"https:\/\/www.paudalho.pe.gov.br\/portal\/wp-content\/uploads\/2021\/10\/WhatsApp-Image-2021-10-01-at-15.32.43-3-800x450.jpeg\" alt=\"\" data-id=\"18900\" data-full-url=\"https:\/\/www.paudalho.pe.gov.br\/portal\/wp-content\/uploads\/2021\/10\/WhatsApp-Image-2021-10-01-at-15.32.43-3.jpeg\" data-link=\"https:\/\/www.paudalho.pe.gov.br\/portal\/?attachment_id=18900\" class=\"wp-image-18900\"\/><figcaption class=\"blocks-gallery-item__caption\"> <em>Foto: Josu\u00e9 Junior\/PMP.<\/em> <\/figcaption><\/figure><\/li><li class=\"blocks-gallery-item\"><figure><img loading=\"lazy\" decoding=\"async\" width=\"800\" height=\"450\" data-attachment-id=\"18901\" data-permalink=\"https:\/\/www.paudalho.pe.gov.br\/portal\/secretaria-municipal-de-educacao-participa-de-evento-forum-de-gestores-promovido-pelo-redec\/whatsapp-image-2021-10-01-at-15-32-43-2\/\" data-orig-file=\"https:\/\/www.paudalho.pe.gov.br\/portal\/wp-content\/uploads\/2021\/10\/WhatsApp-Image-2021-10-01-at-15.32.43-2.jpeg\" data-orig-size=\"1600,1066\" data-comments-opened=\"1\" data-image-meta=\"{&quot;aperture&quot;:&quot;0&quot;,&quot;credit&quot;:&quot;&quot;,&quot;camera&quot;:&quot;&quot;,&quot;caption&quot;:&quot;&quot;,&quot;created_timestamp&quot;:&quot;0&quot;,&quot;copyright&quot;:&quot;&quot;,&quot;focal_length&quot;:&quot;0&quot;,&quot;iso&quot;:&quot;0&quot;,&quot;shutter_speed&quot;:&quot;0&quot;,&quot;title&quot;:&quot;&quot;,&quot;orientation&quot;:&quot;0&quot;}\" data-image-title=\"WhatsApp Image 2021-10-01 at 15.32.43 (2)\" data-image-description=\"\" data-image-caption=\"\" data-medium-file=\"https:\/\/www.paudalho.pe.gov.br\/portal\/wp-content\/uploads\/2021\/10\/WhatsApp-Image-2021-10-01-at-15.32.43-2-350x230.jpeg\" data-large-file=\"https:\/\/www.paudalho.pe.gov.br\/portal\/wp-content\/uploads\/2021\/10\/WhatsApp-Image-2021-10-01-at-15.32.43-2-800x450.jpeg\" src=\"https:\/\/www.paudalho.pe.gov.br\/portal\/wp-content\/uploads\/2021\/10\/WhatsApp-Image-2021-10-01-at-15.32.43-2-800x450.jpeg\" alt=\"\" data-id=\"18901\" data-full-url=\"https:\/\/www.paudalho.pe.gov.br\/portal\/wp-content\/uploads\/2021\/10\/WhatsApp-Image-2021-10-01-at-15.32.43-2.jpeg\" data-link=\"https:\/\/www.paudalho.pe.gov.br\/portal\/?attachment_id=18901\" class=\"wp-image-18901\"\/><figcaption class=\"blocks-gallery-item__caption\"> <em>Foto: Josu\u00e9 Junior\/PMP.<\/em> <\/figcaption><\/figure><\/li><li class=\"blocks-gallery-item\"><figure><img loading=\"lazy\" decoding=\"async\" width=\"800\" height=\"450\" data-attachment-id=\"18903\" data-permalink=\"https:\/\/www.paudalho.pe.gov.br\/portal\/secretaria-municipal-de-educacao-participa-de-evento-forum-de-gestores-promovido-pelo-redec\/whatsapp-image-2021-10-01-at-15-32-43\/\" data-orig-file=\"https:\/\/www.paudalho.pe.gov.br\/portal\/wp-content\/uploads\/2021\/10\/WhatsApp-Image-2021-10-01-at-15.32.43.jpeg\" data-orig-size=\"1600,1066\" data-comments-opened=\"1\" data-image-meta=\"{&quot;aperture&quot;:&quot;0&quot;,&quot;credit&quot;:&quot;&quot;,&quot;camera&quot;:&quot;&quot;,&quot;caption&quot;:&quot;&quot;,&quot;created_timestamp&quot;:&quot;0&quot;,&quot;copyright&quot;:&quot;&quot;,&quot;focal_length&quot;:&quot;0&quot;,&quot;iso&quot;:&quot;0&quot;,&quot;shutter_speed&quot;:&quot;0&quot;,&quot;title&quot;:&quot;&quot;,&quot;orientation&quot;:&quot;0&quot;}\" data-image-title=\"WhatsApp Image 2021-10-01 at 15.32.43\" data-image-description=\"\" data-image-caption=\"\" data-medium-file=\"https:\/\/www.paudalho.pe.gov.br\/portal\/wp-content\/uploads\/2021\/10\/WhatsApp-Image-2021-10-01-at-15.32.43-350x230.jpeg\" data-large-file=\"https:\/\/www.paudalho.pe.gov.br\/portal\/wp-content\/uploads\/2021\/10\/WhatsApp-Image-2021-10-01-at-15.32.43-800x450.jpeg\" src=\"https:\/\/www.paudalho.pe.gov.br\/portal\/wp-content\/uploads\/2021\/10\/WhatsApp-Image-2021-10-01-at-15.32.43-800x450.jpeg\" alt=\"\" data-id=\"18903\" data-full-url=\"https:\/\/www.paudalho.pe.gov.br\/portal\/wp-content\/uploads\/2021\/10\/WhatsApp-Image-2021-10-01-at-15.32.43.jpeg\" data-link=\"https:\/\/www.paudalho.pe.gov.br\/portal\/?attachment_id=18903\" class=\"wp-image-18903\"\/><figcaption class=\"blocks-gallery-item__caption\"> <em>Foto: Josu\u00e9 Junior\/PMP.<\/em> <\/figcaption><\/figure><\/li><li class=\"blocks-gallery-item\"><figure><img loading=\"lazy\" decoding=\"async\" width=\"800\" height=\"450\" data-attachment-id=\"18904\" data-permalink=\"https:\/\/www.paudalho.pe.gov.br\/portal\/secretaria-municipal-de-educacao-participa-de-evento-forum-de-gestores-promovido-pelo-redec\/whatsapp-image-2021-10-01-at-15-32-32-4\/\" data-orig-file=\"https:\/\/www.paudalho.pe.gov.br\/portal\/wp-content\/uploads\/2021\/10\/WhatsApp-Image-2021-10-01-at-15.32.32-4.jpeg\" data-orig-size=\"1600,1066\" data-comments-opened=\"1\" data-image-meta=\"{&quot;aperture&quot;:&quot;0&quot;,&quot;credit&quot;:&quot;&quot;,&quot;camera&quot;:&quot;&quot;,&quot;caption&quot;:&quot;&quot;,&quot;created_timestamp&quot;:&quot;0&quot;,&quot;copyright&quot;:&quot;&quot;,&quot;focal_length&quot;:&quot;0&quot;,&quot;iso&quot;:&quot;0&quot;,&quot;shutter_speed&quot;:&quot;0&quot;,&quot;title&quot;:&quot;&quot;,&quot;orientation&quot;:&quot;0&quot;}\" data-image-title=\"WhatsApp Image 2021-10-01 at 15.32.32 (4)\" data-image-description=\"\" data-image-caption=\"\" data-medium-file=\"https:\/\/www.paudalho.pe.gov.br\/portal\/wp-content\/uploads\/2021\/10\/WhatsApp-Image-2021-10-01-at-15.32.32-4-350x230.jpeg\" data-large-file=\"https:\/\/www.paudalho.pe.gov.br\/portal\/wp-content\/uploads\/2021\/10\/WhatsApp-Image-2021-10-01-at-15.32.32-4-800x450.jpeg\" src=\"https:\/\/www.paudalho.pe.gov.br\/portal\/wp-content\/uploads\/2021\/10\/WhatsApp-Image-2021-10-01-at-15.32.32-4-800x450.jpeg\" alt=\"\" data-id=\"18904\" data-full-url=\"https:\/\/www.paudalho.pe.gov.br\/portal\/wp-content\/uploads\/2021\/10\/WhatsApp-Image-2021-10-01-at-15.32.32-4.jpeg\" data-link=\"https:\/\/www.paudalho.pe.gov.br\/portal\/?attachment_id=18904\" class=\"wp-image-18904\"\/><figcaption class=\"blocks-gallery-item__caption\"> <em>Foto: Josu\u00e9 Junior\/PMP.<\/em> <\/figcaption><\/figure><\/li><li class=\"blocks-gallery-item\"><figure><img loading=\"lazy\" decoding=\"async\" width=\"800\" height=\"450\" data-attachment-id=\"18905\" data-permalink=\"https:\/\/www.paudalho.pe.gov.br\/portal\/secretaria-municipal-de-educacao-participa-de-evento-forum-de-gestores-promovido-pelo-redec\/whatsapp-image-2021-10-01-at-15-32-32-3\/\" data-orig-file=\"https:\/\/www.paudalho.pe.gov.br\/portal\/wp-content\/uploads\/2021\/10\/WhatsApp-Image-2021-10-01-at-15.32.32-3.jpeg\" data-orig-size=\"1600,1066\" data-comments-opened=\"1\" data-image-meta=\"{&quot;aperture&quot;:&quot;0&quot;,&quot;credit&quot;:&quot;&quot;,&quot;camera&quot;:&quot;&quot;,&quot;caption&quot;:&quot;&quot;,&quot;created_timestamp&quot;:&quot;0&quot;,&quot;copyright&quot;:&quot;&quot;,&quot;focal_length&quot;:&quot;0&quot;,&quot;iso&quot;:&quot;0&quot;,&quot;shutter_speed&quot;:&quot;0&quot;,&quot;title&quot;:&quot;&quot;,&quot;orientation&quot;:&quot;0&quot;}\" data-image-title=\"WhatsApp Image 2021-10-01 at 15.32.32 (3)\" data-image-description=\"\" data-image-caption=\"\" data-medium-file=\"https:\/\/www.paudalho.pe.gov.br\/portal\/wp-content\/uploads\/2021\/10\/WhatsApp-Image-2021-10-01-at-15.32.32-3-350x230.jpeg\" data-large-file=\"https:\/\/www.paudalho.pe.gov.br\/portal\/wp-content\/uploads\/2021\/10\/WhatsApp-Image-2021-10-01-at-15.32.32-3-800x450.jpeg\" src=\"https:\/\/www.paudalho.pe.gov.br\/portal\/wp-content\/uploads\/2021\/10\/WhatsApp-Image-2021-10-01-at-15.32.32-3-800x450.jpeg\" alt=\"\" data-id=\"18905\" data-full-url=\"https:\/\/www.paudalho.pe.gov.br\/portal\/wp-content\/uploads\/2021\/10\/WhatsApp-Image-2021-10-01-at-15.32.32-3.jpeg\" data-link=\"https:\/\/www.paudalho.pe.gov.br\/portal\/?attachment_id=18905\" class=\"wp-image-18905\"\/><figcaption class=\"blocks-gallery-item__caption\"> <em>Foto: Josu\u00e9 Junior\/PMP.<\/em> <\/figcaption><\/figure><\/li><li class=\"blocks-gallery-item\"><figure><img loading=\"lazy\" decoding=\"async\" width=\"800\" height=\"450\" data-attachment-id=\"18907\" data-permalink=\"https:\/\/www.paudalho.pe.gov.br\/portal\/secretaria-municipal-de-educacao-participa-de-evento-forum-de-gestores-promovido-pelo-redec\/whatsapp-image-2021-10-01-at-15-32-32-1\/\" data-orig-file=\"https:\/\/www.paudalho.pe.gov.br\/portal\/wp-content\/uploads\/2021\/10\/WhatsApp-Image-2021-10-01-at-15.32.32-1.jpeg\" data-orig-size=\"1600,1066\" data-comments-opened=\"1\" data-image-meta=\"{&quot;aperture&quot;:&quot;0&quot;,&quot;credit&quot;:&quot;&quot;,&quot;camera&quot;:&quot;&quot;,&quot;caption&quot;:&quot;&quot;,&quot;created_timestamp&quot;:&quot;0&quot;,&quot;copyright&quot;:&quot;&quot;,&quot;focal_length&quot;:&quot;0&quot;,&quot;iso&quot;:&quot;0&quot;,&quot;shutter_speed&quot;:&quot;0&quot;,&quot;title&quot;:&quot;&quot;,&quot;orientation&quot;:&quot;0&quot;}\" data-image-title=\"WhatsApp Image 2021-10-01 at 15.32.32 (1)\" data-image-description=\"\" data-image-caption=\"\" data-medium-file=\"https:\/\/www.paudalho.pe.gov.br\/portal\/wp-content\/uploads\/2021\/10\/WhatsApp-Image-2021-10-01-at-15.32.32-1-350x230.jpeg\" data-large-file=\"https:\/\/www.paudalho.pe.gov.br\/portal\/wp-content\/uploads\/2021\/10\/WhatsApp-Image-2021-10-01-at-15.32.32-1-800x450.jpeg\" src=\"https:\/\/www.paudalho.pe.gov.br\/portal\/wp-content\/uploads\/2021\/10\/WhatsApp-Image-2021-10-01-at-15.32.32-1-800x450.jpeg\" alt=\"\" data-id=\"18907\" data-full-url=\"https:\/\/www.paudalho.pe.gov.br\/portal\/wp-content\/uploads\/2021\/10\/WhatsApp-Image-2021-10-01-at-15.32.32-1.jpeg\" data-link=\"https:\/\/www.paudalho.pe.gov.br\/portal\/?attachment_id=18907\" class=\"wp-image-18907\"\/><figcaption class=\"blocks-gallery-item__caption\"> <em>Foto: Josu\u00e9 Junior\/PMP.<\/em> <\/figcaption><\/figure><\/li><li class=\"blocks-gallery-item\"><figure><img loading=\"lazy\" decoding=\"async\" width=\"800\" height=\"450\" data-attachment-id=\"18908\" data-permalink=\"https:\/\/www.paudalho.pe.gov.br\/portal\/secretaria-municipal-de-educacao-participa-de-evento-forum-de-gestores-promovido-pelo-redec\/whatsapp-image-2021-10-01-at-15-32-32\/\" data-orig-file=\"https:\/\/www.paudalho.pe.gov.br\/portal\/wp-content\/uploads\/2021\/10\/WhatsApp-Image-2021-10-01-at-15.32.32.jpeg\" data-orig-size=\"1600,1066\" data-comments-opened=\"1\" data-image-meta=\"{&quot;aperture&quot;:&quot;0&quot;,&quot;credit&quot;:&quot;&quot;,&quot;camera&quot;:&quot;&quot;,&quot;caption&quot;:&quot;&quot;,&quot;created_timestamp&quot;:&quot;0&quot;,&quot;copyright&quot;:&quot;&quot;,&quot;focal_length&quot;:&quot;0&quot;,&quot;iso&quot;:&quot;0&quot;,&quot;shutter_speed&quot;:&quot;0&quot;,&quot;title&quot;:&quot;&quot;,&quot;orientation&quot;:&quot;0&quot;}\" data-image-title=\"WhatsApp Image 2021-10-01 at 15.32.32\" data-image-description=\"\" data-image-caption=\"\" data-medium-file=\"https:\/\/www.paudalho.pe.gov.br\/portal\/wp-content\/uploads\/2021\/10\/WhatsApp-Image-2021-10-01-at-15.32.32-350x230.jpeg\" data-large-file=\"https:\/\/www.paudalho.pe.gov.br\/portal\/wp-content\/uploads\/2021\/10\/WhatsApp-Image-2021-10-01-at-15.32.32-800x450.jpeg\" src=\"https:\/\/www.paudalho.pe.gov.br\/portal\/wp-content\/uploads\/2021\/10\/WhatsApp-Image-2021-10-01-at-15.32.32-800x450.jpeg\" alt=\"\" data-id=\"18908\" data-full-url=\"https:\/\/www.paudalho.pe.gov.br\/portal\/wp-content\/uploads\/2021\/10\/WhatsApp-Image-2021-10-01-at-15.32.32.jpeg\" data-link=\"https:\/\/www.paudalho.pe.gov.br\/portal\/?attachment_id=18908\" class=\"wp-image-18908\"\/><figcaption class=\"blocks-gallery-item__caption\"> <em>Foto: Josu\u00e9 Junior\/PMP.<\/em> <\/figcaption><\/figure><\/li><li class=\"blocks-gallery-item\"><figure><img loading=\"lazy\" decoding=\"async\" width=\"800\" height=\"450\" data-attachment-id=\"18910\" data-permalink=\"https:\/\/www.paudalho.pe.gov.br\/portal\/secretaria-municipal-de-educacao-participa-de-evento-forum-de-gestores-promovido-pelo-redec\/whatsapp-image-2021-10-01-at-15-32-31-4\/\" data-orig-file=\"https:\/\/www.paudalho.pe.gov.br\/portal\/wp-content\/uploads\/2021\/10\/WhatsApp-Image-2021-10-01-at-15.32.31-4.jpeg\" data-orig-size=\"1600,1066\" data-comments-opened=\"1\" data-image-meta=\"{&quot;aperture&quot;:&quot;0&quot;,&quot;credit&quot;:&quot;&quot;,&quot;camera&quot;:&quot;&quot;,&quot;caption&quot;:&quot;&quot;,&quot;created_timestamp&quot;:&quot;0&quot;,&quot;copyright&quot;:&quot;&quot;,&quot;focal_length&quot;:&quot;0&quot;,&quot;iso&quot;:&quot;0&quot;,&quot;shutter_speed&quot;:&quot;0&quot;,&quot;title&quot;:&quot;&quot;,&quot;orientation&quot;:&quot;0&quot;}\" data-image-title=\"WhatsApp Image 2021-10-01 at 15.32.31 (4)\" data-image-description=\"\" data-image-caption=\"\" data-medium-file=\"https:\/\/www.paudalho.pe.gov.br\/portal\/wp-content\/uploads\/2021\/10\/WhatsApp-Image-2021-10-01-at-15.32.31-4-350x230.jpeg\" data-large-file=\"https:\/\/www.paudalho.pe.gov.br\/portal\/wp-content\/uploads\/2021\/10\/WhatsApp-Image-2021-10-01-at-15.32.31-4-800x450.jpeg\" src=\"https:\/\/www.paudalho.pe.gov.br\/portal\/wp-content\/uploads\/2021\/10\/WhatsApp-Image-2021-10-01-at-15.32.31-4-800x450.jpeg\" alt=\"\" data-id=\"18910\" data-full-url=\"https:\/\/www.paudalho.pe.gov.br\/portal\/wp-content\/uploads\/2021\/10\/WhatsApp-Image-2021-10-01-at-15.32.31-4.jpeg\" data-link=\"https:\/\/www.paudalho.pe.gov.br\/portal\/?attachment_id=18910\" class=\"wp-image-18910\"\/><figcaption class=\"blocks-gallery-item__caption\"> <em>Foto: Josu\u00e9 Junior\/PMP.<\/em> <\/figcaption><\/figure><\/li><li class=\"blocks-gallery-item\"><figure><img loading=\"lazy\" decoding=\"async\" width=\"800\" height=\"450\" data-attachment-id=\"18911\" data-permalink=\"https:\/\/www.paudalho.pe.gov.br\/portal\/secretaria-municipal-de-educacao-participa-de-evento-forum-de-gestores-promovido-pelo-redec\/whatsapp-image-2021-10-01-at-15-32-31-3\/\" data-orig-file=\"https:\/\/www.paudalho.pe.gov.br\/portal\/wp-content\/uploads\/2021\/10\/WhatsApp-Image-2021-10-01-at-15.32.31-3.jpeg\" data-orig-size=\"1600,1066\" data-comments-opened=\"1\" data-image-meta=\"{&quot;aperture&quot;:&quot;0&quot;,&quot;credit&quot;:&quot;&quot;,&quot;camera&quot;:&quot;&quot;,&quot;caption&quot;:&quot;&quot;,&quot;created_timestamp&quot;:&quot;0&quot;,&quot;copyright&quot;:&quot;&quot;,&quot;focal_length&quot;:&quot;0&quot;,&quot;iso&quot;:&quot;0&quot;,&quot;shutter_speed&quot;:&quot;0&quot;,&quot;title&quot;:&quot;&quot;,&quot;orientation&quot;:&quot;0&quot;}\" data-image-title=\"WhatsApp Image 2021-10-01 at 15.32.31 (3)\" data-image-description=\"\" data-image-caption=\"\" data-medium-file=\"https:\/\/www.paudalho.pe.gov.br\/portal\/wp-content\/uploads\/2021\/10\/WhatsApp-Image-2021-10-01-at-15.32.31-3-350x230.jpeg\" data-large-file=\"https:\/\/www.paudalho.pe.gov.br\/portal\/wp-content\/uploads\/2021\/10\/WhatsApp-Image-2021-10-01-at-15.32.31-3-800x450.jpeg\" src=\"https:\/\/www.paudalho.pe.gov.br\/portal\/wp-content\/uploads\/2021\/10\/WhatsApp-Image-2021-10-01-at-15.32.31-3-800x450.jpeg\" alt=\"\" data-id=\"18911\" data-full-url=\"https:\/\/www.paudalho.pe.gov.br\/portal\/wp-content\/uploads\/2021\/10\/WhatsApp-Image-2021-10-01-at-15.32.31-3.jpeg\" data-link=\"https:\/\/www.paudalho.pe.gov.br\/portal\/?attachment_id=18911\" class=\"wp-image-18911\"\/><figcaption class=\"blocks-gallery-item__caption\"> <em>Foto: Josu\u00e9 Junior\/PMP.<\/em> <\/figcaption><\/figure><\/li><li class=\"blocks-gallery-item\"><figure><img loading=\"lazy\" decoding=\"async\" width=\"800\" height=\"450\" data-attachment-id=\"18912\" data-permalink=\"https:\/\/www.paudalho.pe.gov.br\/portal\/secretaria-municipal-de-educacao-participa-de-evento-forum-de-gestores-promovido-pelo-redec\/whatsapp-image-2021-10-01-at-15-32-31-2\/\" data-orig-file=\"https:\/\/www.paudalho.pe.gov.br\/portal\/wp-content\/uploads\/2021\/10\/WhatsApp-Image-2021-10-01-at-15.32.31-2.jpeg\" data-orig-size=\"1600,1066\" data-comments-opened=\"1\" data-image-meta=\"{&quot;aperture&quot;:&quot;0&quot;,&quot;credit&quot;:&quot;&quot;,&quot;camera&quot;:&quot;&quot;,&quot;caption&quot;:&quot;&quot;,&quot;created_timestamp&quot;:&quot;0&quot;,&quot;copyright&quot;:&quot;&quot;,&quot;focal_length&quot;:&quot;0&quot;,&quot;iso&quot;:&quot;0&quot;,&quot;shutter_speed&quot;:&quot;0&quot;,&quot;title&quot;:&quot;&quot;,&quot;orientation&quot;:&quot;0&quot;}\" data-image-title=\"WhatsApp Image 2021-10-01 at 15.32.31 (2)\" data-image-description=\"\" data-image-caption=\"\" data-medium-file=\"https:\/\/www.paudalho.pe.gov.br\/portal\/wp-content\/uploads\/2021\/10\/WhatsApp-Image-2021-10-01-at-15.32.31-2-350x230.jpeg\" data-large-file=\"https:\/\/www.paudalho.pe.gov.br\/portal\/wp-content\/uploads\/2021\/10\/WhatsApp-Image-2021-10-01-at-15.32.31-2-800x450.jpeg\" src=\"https:\/\/www.paudalho.pe.gov.br\/portal\/wp-content\/uploads\/2021\/10\/WhatsApp-Image-2021-10-01-at-15.32.31-2-800x450.jpeg\" alt=\"\" data-id=\"18912\" data-full-url=\"https:\/\/www.paudalho.pe.gov.br\/portal\/wp-content\/uploads\/2021\/10\/WhatsApp-Image-2021-10-01-at-15.32.31-2.jpeg\" data-link=\"https:\/\/www.paudalho.pe.gov.br\/portal\/?attachment_id=18912\" class=\"wp-image-18912\"\/><figcaption class=\"blocks-gallery-item__caption\"> <em>Foto: Josu\u00e9 Junior\/PMP.<\/em> <\/figcaption><\/figure><\/li><li class=\"blocks-gallery-item\"><figure><img loading=\"lazy\" decoding=\"async\" width=\"800\" height=\"450\" data-attachment-id=\"18913\" data-permalink=\"https:\/\/www.paudalho.pe.gov.br\/portal\/secretaria-municipal-de-educacao-participa-de-evento-forum-de-gestores-promovido-pelo-redec\/whatsapp-image-2021-10-01-at-15-32-31-1\/\" data-orig-file=\"https:\/\/www.paudalho.pe.gov.br\/portal\/wp-content\/uploads\/2021\/10\/WhatsApp-Image-2021-10-01-at-15.32.31-1.jpeg\" data-orig-size=\"1600,1066\" data-comments-opened=\"1\" data-image-meta=\"{&quot;aperture&quot;:&quot;0&quot;,&quot;credit&quot;:&quot;&quot;,&quot;camera&quot;:&quot;&quot;,&quot;caption&quot;:&quot;&quot;,&quot;created_timestamp&quot;:&quot;0&quot;,&quot;copyright&quot;:&quot;&quot;,&quot;focal_length&quot;:&quot;0&quot;,&quot;iso&quot;:&quot;0&quot;,&quot;shutter_speed&quot;:&quot;0&quot;,&quot;title&quot;:&quot;&quot;,&quot;orientation&quot;:&quot;0&quot;}\" data-image-title=\"WhatsApp Image 2021-10-01 at 15.32.31 (1)\" data-image-description=\"\" data-image-caption=\"\" data-medium-file=\"https:\/\/www.paudalho.pe.gov.br\/portal\/wp-content\/uploads\/2021\/10\/WhatsApp-Image-2021-10-01-at-15.32.31-1-350x230.jpeg\" data-large-file=\"https:\/\/www.paudalho.pe.gov.br\/portal\/wp-content\/uploads\/2021\/10\/WhatsApp-Image-2021-10-01-at-15.32.31-1-800x450.jpeg\" src=\"https:\/\/www.paudalho.pe.gov.br\/portal\/wp-content\/uploads\/2021\/10\/WhatsApp-Image-2021-10-01-at-15.32.31-1-800x450.jpeg\" alt=\"\" data-id=\"18913\" data-full-url=\"https:\/\/www.paudalho.pe.gov.br\/portal\/wp-content\/uploads\/2021\/10\/WhatsApp-Image-2021-10-01-at-15.32.31-1.jpeg\" data-link=\"https:\/\/www.paudalho.pe.gov.br\/portal\/?attachment_id=18913\" class=\"wp-image-18913\"\/><figcaption class=\"blocks-gallery-item__caption\"> <em>Foto: Josu\u00e9 Junior\/PMP.<\/em> <\/figcaption><\/figure><\/li><li class=\"blocks-gallery-item\"><figure><img loading=\"lazy\" decoding=\"async\" width=\"800\" height=\"450\" data-attachment-id=\"18914\" data-permalink=\"https:\/\/www.paudalho.pe.gov.br\/portal\/secretaria-municipal-de-educacao-participa-de-evento-forum-de-gestores-promovido-pelo-redec\/whatsapp-image-2021-10-01-at-15-32-31\/\" data-orig-file=\"https:\/\/www.paudalho.pe.gov.br\/portal\/wp-content\/uploads\/2021\/10\/WhatsApp-Image-2021-10-01-at-15.32.31.jpeg\" data-orig-size=\"1600,1066\" data-comments-opened=\"1\" data-image-meta=\"{&quot;aperture&quot;:&quot;0&quot;,&quot;credit&quot;:&quot;&quot;,&quot;camera&quot;:&quot;&quot;,&quot;caption&quot;:&quot;&quot;,&quot;created_timestamp&quot;:&quot;0&quot;,&quot;copyright&quot;:&quot;&quot;,&quot;focal_length&quot;:&quot;0&quot;,&quot;iso&quot;:&quot;0&quot;,&quot;shutter_speed&quot;:&quot;0&quot;,&quot;title&quot;:&quot;&quot;,&quot;orientation&quot;:&quot;0&quot;}\" data-image-title=\"WhatsApp Image 2021-10-01 at 15.32.31\" data-image-description=\"\" data-image-caption=\"\" data-medium-file=\"https:\/\/www.paudalho.pe.gov.br\/portal\/wp-content\/uploads\/2021\/10\/WhatsApp-Image-2021-10-01-at-15.32.31-350x230.jpeg\" data-large-file=\"https:\/\/www.paudalho.pe.gov.br\/portal\/wp-content\/uploads\/2021\/10\/WhatsApp-Image-2021-10-01-at-15.32.31-800x450.jpeg\" src=\"https:\/\/www.paudalho.pe.gov.br\/portal\/wp-content\/uploads\/2021\/10\/WhatsApp-Image-2021-10-01-at-15.32.31-800x450.jpeg\" alt=\"\" data-id=\"18914\" data-full-url=\"https:\/\/www.paudalho.pe.gov.br\/portal\/wp-content\/uploads\/2021\/10\/WhatsApp-Image-2021-10-01-at-15.32.31.jpeg\" data-link=\"https:\/\/www.paudalho.pe.gov.br\/portal\/?attachment_id=18914\" class=\"wp-image-18914\"\/><figcaption class=\"blocks-gallery-item__caption\"> <em>Foto: Josu\u00e9 Junior\/PMP.<\/em> <\/figcaption><\/figure><\/li><li class=\"blocks-gallery-item\"><figure><img loading=\"lazy\" decoding=\"async\" width=\"800\" height=\"450\" data-attachment-id=\"18915\" data-permalink=\"https:\/\/www.paudalho.pe.gov.br\/portal\/secretaria-municipal-de-educacao-participa-de-evento-forum-de-gestores-promovido-pelo-redec\/whatsapp-image-2021-10-01-at-15-32-30\/\" data-orig-file=\"https:\/\/www.paudalho.pe.gov.br\/portal\/wp-content\/uploads\/2021\/10\/WhatsApp-Image-2021-10-01-at-15.32.30.jpeg\" data-orig-size=\"1600,1066\" data-comments-opened=\"1\" data-image-meta=\"{&quot;aperture&quot;:&quot;0&quot;,&quot;credit&quot;:&quot;&quot;,&quot;camera&quot;:&quot;&quot;,&quot;caption&quot;:&quot;&quot;,&quot;created_timestamp&quot;:&quot;0&quot;,&quot;copyright&quot;:&quot;&quot;,&quot;focal_length&quot;:&quot;0&quot;,&quot;iso&quot;:&quot;0&quot;,&quot;shutter_speed&quot;:&quot;0&quot;,&quot;title&quot;:&quot;&quot;,&quot;orientation&quot;:&quot;0&quot;}\" data-image-title=\"WhatsApp Image 2021-10-01 at 15.32.30\" data-image-description=\"\" data-image-caption=\"\" data-medium-file=\"https:\/\/www.paudalho.pe.gov.br\/portal\/wp-content\/uploads\/2021\/10\/WhatsApp-Image-2021-10-01-at-15.32.30-350x230.jpeg\" data-large-file=\"https:\/\/www.paudalho.pe.gov.br\/portal\/wp-content\/uploads\/2021\/10\/WhatsApp-Image-2021-10-01-at-15.32.30-800x450.jpeg\" src=\"https:\/\/www.paudalho.pe.gov.br\/portal\/wp-content\/uploads\/2021\/10\/WhatsApp-Image-2021-10-01-at-15.32.30-800x450.jpeg\" alt=\"\" data-id=\"18915\" data-full-url=\"https:\/\/www.paudalho.pe.gov.br\/portal\/wp-content\/uploads\/2021\/10\/WhatsApp-Image-2021-10-01-at-15.32.30.jpeg\" data-link=\"https:\/\/www.paudalho.pe.gov.br\/portal\/?attachment_id=18915\" class=\"wp-image-18915\"\/><figcaption class=\"blocks-gallery-item__caption\"> <em>Foto: Josu\u00e9 Junior\/PMP.<\/em> <\/figcaption><\/figure><\/li><\/ul><\/figure>\n\n\n\n<p><\/p>\n","protected":false},"excerpt":{"rendered":"<p>Na \u00faltima quinta-feira (30), a Prefeitura do Paudalho, por meio da Secretaria Municipal de Educa\u00e7\u00e3o (SEDUC), participou do F\u00f3rum de Gestores, evento promovido junto ao Programa de Extens\u00e3o Resid\u00eancia Docente nas Ci\u00eancias &#8211; ReDEC da Universidade Federal de Pernambuco (UFPE). O encontro teve como tem\u00e1tica &#8220;A gest\u00e3o em movimento: idas e vindas dentro e fora [&hellip;]<\/p>\n","protected":false},"author":6,"featured_media":19008,"comment_status":"open","ping_status":"open","sticky":false,"template":"","format":"standard","meta":{"_jetpack_newsletter_access":"","_jetpack_dont_email_post_to_subs":false,"_jetpack_newsletter_tier_id":0,"_jetpack_memberships_contains_paywalled_content":false,"_jetpack_memberships_contains_paid_content":false,"footnotes":""},"categories":[2,520,1],"tags":[22,763,762],"class_list":["post-18809","post","type-post","status-publish","format-standard","has-post-thumbnail","hentry","category-destaque","category-educacao-2","category-noticias","tag-prefeitura-do-paudalho","tag-redec","tag-secretaria-municipal-de-educacao"],"jetpack_featured_media_url":"https:\/\/www.paudalho.pe.gov.br\/portal\/wp-content\/uploads\/2021\/10\/WhatsApp-Image-2021-10-01-at-15.32.31-3-1.jpeg","jetpack_sharing_enabled":true,"jetpack_shortlink":"https:\/\/wp.me\/p98mS2-4Tn","_links":{"self":[{"href":"https:\/\/www.paudalho.pe.gov.br\/portal\/wp-json\/wp\/v2\/posts\/18809","targetHints":{"allow":["GET"]}}],"collection":[{"href":"https:\/\/www.paudalho.pe.gov.br\/portal\/wp-json\/wp\/v2\/posts"}],"about":[{"href":"https:\/\/www.paudalho.pe.gov.br\/portal\/wp-json\/wp\/v2\/types\/post"}],"author":[{"embeddable":true,"href":"https:\/\/www.paudalho.pe.gov.br\/portal\/wp-json\/wp\/v2\/users\/6"}],"replies":[{"embeddable":true,"href":"https:\/\/www.paudalho.pe.gov.br\/portal\/wp-json\/wp\/v2\/comments?post=18809"}],"version-history":[{"count":61,"href":"https:\/\/www.paudalho.pe.gov.br\/portal\/wp-json\/wp\/v2\/posts\/18809\/revisions"}],"predecessor-version":[{"id":19062,"href":"https:\/\/www.paudalho.pe.gov.br\/portal\/wp-json\/wp\/v2\/posts\/18809\/revisions\/19062"}],"wp:featuredmedia":[{"embeddable":true,"href":"https:\/\/www.paudalho.pe.gov.br\/portal\/wp-json\/wp\/v2\/media\/19008"}],"wp:attachment":[{"href":"https:\/\/www.paudalho.pe.gov.br\/portal\/wp-json\/wp\/v2\/media?parent=18809"}],"wp:term":[{"taxonomy":"category","embeddable":true,"href":"https:\/\/www.paudalho.pe.gov.br\/portal\/wp-json\/wp\/v2\/categories?post=18809"},{"taxonomy":"post_tag","embeddable":true,"href":"https:\/\/www.paudalho.pe.gov.br\/portal\/wp-json\/wp\/v2\/tags?post=18809"}],"curies":[{"name":"wp","href":"https:\/\/api.w.org\/{rel}","templated":true}]}}