{"id":1876,"date":"2017-11-09T00:01:29","date_gmt":"2017-11-09T03:01:29","guid":{"rendered":"http:\/\/www.paudalho.pe.gov.br\/portal\/?p=1876"},"modified":"2017-11-09T00:15:15","modified_gmt":"2017-11-09T03:15:15","slug":"obras-do-cmg-creche-e-centro-de-parto-humanizado-seguem-a-todo-o-vapor","status":"publish","type":"post","link":"https:\/\/www.paudalho.pe.gov.br\/portal\/obras-do-cmg-creche-e-centro-de-parto-humanizado-seguem-a-todo-o-vapor\/","title":{"rendered":"Obras do CMG, Creche e Centro de Parto Humanizado seguem a todo o vapor"},"content":{"rendered":"<p>As obras de unidades p\u00fablicas no munic\u00edpio seguem a todo o vapor. A Prefeitura do Paudalho por meio da Secret\u00e1ria de Obras e servi\u00e7os p\u00fablicos continua transformando a realidade dos cidad\u00e3os do munic\u00edpio. O Col\u00e9gio Municipal de Guadalajara (CMG), que leva o nome da comunidade, est\u00e1 com 90% das obras conclu\u00eddas. Desde 2014 que a unidade de ensino estava fechada por motivo de falta de seguran\u00e7a e estrutura. Quase 700 alunos tiveram que ser transferidos para um anexo sem condi\u00e7\u00f5es, que comprometia o rendimento dos estudantes. Com a reforma, mais quatro salas, al\u00e9m de refeit\u00f3rio e outros espa\u00e7os foram constru\u00eddas. Todos os espa\u00e7os de aula foram climatizados, foram colocadas cer\u00e2micas, mudada toda a parte el\u00e9trica, entre outras transforma\u00e7\u00f5es.\u00a0 A professora Wandilma Cristina estudou no CMG e ficou impressionada com a obra que \u00e9 vista pela popula\u00e7\u00e3o como de \u201cprimeiro mundo\u201d.<br \/>\n<strong>Veja na mat\u00e9ria especial:<\/strong><br \/>\n<iframe loading=\"lazy\" src=\"https:\/\/www.facebook.com\/plugins\/video.php?href=https%3A%2F%2Fwww.facebook.com%2FPrefeituraPaudalho%2Fvideos%2F817249045065513%2F&#038;show_text=0&#038;width=560\" width=\"560\" height=\"315\" style=\"border:none;overflow:hidden\" scrolling=\"no\" frameborder=\"0\" allowTransparency=\"true\" allowFullScreen=\"true\"><\/iframe><\/p>\n<h2><strong>Mais transforma\u00e7\u00e3o<\/strong><\/h2>\n<p>Tamb\u00e9m em Guadalajara, as obras de uma creche foram retomadas e est\u00e3o a todo o vapor. O espa\u00e7o vai atender centenas de crian\u00e7as e tem o objetivo de proporcionar o bem-estar dos pequenos e de seus familiares. Outra obra que mostra o compromisso da gest\u00e3o com a popula\u00e7\u00e3o \u00e9 o Centro de Parto Humanizado, no Alto do Hospital, que est\u00e1 bem avan\u00e7ado e vai devolver a cidad\u00e3os o direito de ter filhos no munic\u00edpio. O secret\u00e1rio de Obras e Servi\u00e7os P\u00fablicos, Gustavo Gouveia, destacou a import\u00e2ncia da constru\u00e7\u00e3o para a popula\u00e7\u00e3o. \u201cA mulher paudalhanse vai poder voltar a ter filho em Paudalho. N\u00e3o vai ter que sair \u00e0 noite, nas pressas, para ir a um hospital fora\u2026o paudalhense vai voltar a ser filho de Paudalho\u201d, disse.<\/p>\n<p><strong>Veja as fotos do Centro de Parto Humanizado que vai ter apartamentos individuais para cada m\u00e3e:<\/strong><\/p>\n<div id=\"attachment_1879\" style=\"width: 310px\" class=\"wp-caption alignnone\"><img loading=\"lazy\" decoding=\"async\" aria-describedby=\"caption-attachment-1879\" data-attachment-id=\"1879\" data-permalink=\"https:\/\/www.paudalho.pe.gov.br\/portal\/obras-do-cmg-creche-e-centro-de-parto-humanizado-seguem-a-todo-o-vapor\/82b3c33e-521f-4ac6-b112-e195ecf7473a\/\" data-orig-file=\"https:\/\/www.paudalho.pe.gov.br\/portal\/wp-content\/uploads\/2017\/11\/82b3c33e-521f-4ac6-b112-e195ecf7473a.jpg\" data-orig-size=\"1280,853\" data-comments-opened=\"1\" data-image-meta=\"{&quot;aperture&quot;:&quot;0&quot;,&quot;credit&quot;:&quot;&quot;,&quot;camera&quot;:&quot;&quot;,&quot;caption&quot;:&quot;&quot;,&quot;created_timestamp&quot;:&quot;0&quot;,&quot;copyright&quot;:&quot;&quot;,&quot;focal_length&quot;:&quot;0&quot;,&quot;iso&quot;:&quot;0&quot;,&quot;shutter_speed&quot;:&quot;0&quot;,&quot;title&quot;:&quot;&quot;,&quot;orientation&quot;:&quot;0&quot;}\" data-image-title=\"82b3c33e-521f-4ac6-b112-e195ecf7473a\" data-image-description=\"\" data-image-caption=\"&lt;p&gt;Foto: Isak de Castro\/Comunica\u00e7\u00e3oPrefeituradoPaudalho&lt;\/p&gt;\n\" data-medium-file=\"https:\/\/www.paudalho.pe.gov.br\/portal\/wp-content\/uploads\/2017\/11\/82b3c33e-521f-4ac6-b112-e195ecf7473a-350x230.jpg\" data-large-file=\"https:\/\/www.paudalho.pe.gov.br\/portal\/wp-content\/uploads\/2017\/11\/82b3c33e-521f-4ac6-b112-e195ecf7473a-800x450.jpg\" class=\"size-medium wp-image-1879\" src=\"http:\/\/www.paudalho.pe.gov.br\/portal\/wp-content\/uploads\/2017\/11\/82b3c33e-521f-4ac6-b112-e195ecf7473a-350x230.jpg\" alt=\"\" width=\"300\" height=\"197\" \/><p id=\"caption-attachment-1879\" class=\"wp-caption-text\">Foto: Isak de Castro\/Comunica\u00e7\u00e3oPrefeituradoPaudalho<\/p><\/div>\n<div id=\"attachment_1878\" style=\"width: 310px\" class=\"wp-caption alignnone\"><img loading=\"lazy\" decoding=\"async\" aria-describedby=\"caption-attachment-1878\" data-attachment-id=\"1878\" data-permalink=\"https:\/\/www.paudalho.pe.gov.br\/portal\/obras-do-cmg-creche-e-centro-de-parto-humanizado-seguem-a-todo-o-vapor\/8d0c1f56-8d45-4f1e-baa5-5b85fd7bca14\/\" data-orig-file=\"https:\/\/www.paudalho.pe.gov.br\/portal\/wp-content\/uploads\/2017\/11\/8d0c1f56-8d45-4f1e-baa5-5b85fd7bca14.jpg\" data-orig-size=\"1280,853\" data-comments-opened=\"1\" data-image-meta=\"{&quot;aperture&quot;:&quot;0&quot;,&quot;credit&quot;:&quot;&quot;,&quot;camera&quot;:&quot;&quot;,&quot;caption&quot;:&quot;&quot;,&quot;created_timestamp&quot;:&quot;0&quot;,&quot;copyright&quot;:&quot;&quot;,&quot;focal_length&quot;:&quot;0&quot;,&quot;iso&quot;:&quot;0&quot;,&quot;shutter_speed&quot;:&quot;0&quot;,&quot;title&quot;:&quot;&quot;,&quot;orientation&quot;:&quot;0&quot;}\" data-image-title=\"8d0c1f56-8d45-4f1e-baa5-5b85fd7bca14\" data-image-description=\"\" data-image-caption=\"&lt;p&gt;Foto: Isak de Castro\/Comunica\u00e7\u00e3oPrefeituradoPaudalho&lt;\/p&gt;\n\" data-medium-file=\"https:\/\/www.paudalho.pe.gov.br\/portal\/wp-content\/uploads\/2017\/11\/8d0c1f56-8d45-4f1e-baa5-5b85fd7bca14-350x230.jpg\" data-large-file=\"https:\/\/www.paudalho.pe.gov.br\/portal\/wp-content\/uploads\/2017\/11\/8d0c1f56-8d45-4f1e-baa5-5b85fd7bca14-800x450.jpg\" class=\"size-medium wp-image-1878\" src=\"http:\/\/www.paudalho.pe.gov.br\/portal\/wp-content\/uploads\/2017\/11\/8d0c1f56-8d45-4f1e-baa5-5b85fd7bca14-350x230.jpg\" alt=\"\" width=\"300\" height=\"197\" \/><p id=\"caption-attachment-1878\" class=\"wp-caption-text\">Foto: Isak de Castro\/Comunica\u00e7\u00e3oPrefeituradoPaudalho<\/p><\/div>\n<p><strong>Confira as fotos da Creche que ser\u00e1 inaugurada em Guadalajara:<\/strong><\/p>\n<div id=\"attachment_1884\" style=\"width: 310px\" class=\"wp-caption alignnone\"><img loading=\"lazy\" decoding=\"async\" aria-describedby=\"caption-attachment-1884\" data-attachment-id=\"1884\" data-permalink=\"https:\/\/www.paudalho.pe.gov.br\/portal\/obras-do-cmg-creche-e-centro-de-parto-humanizado-seguem-a-todo-o-vapor\/f05856d1-1168-4acf-be58-0942e82112cd\/\" data-orig-file=\"https:\/\/www.paudalho.pe.gov.br\/portal\/wp-content\/uploads\/2017\/11\/f05856d1-1168-4acf-be58-0942e82112cd.jpg\" data-orig-size=\"1280,853\" data-comments-opened=\"1\" data-image-meta=\"{&quot;aperture&quot;:&quot;0&quot;,&quot;credit&quot;:&quot;&quot;,&quot;camera&quot;:&quot;&quot;,&quot;caption&quot;:&quot;&quot;,&quot;created_timestamp&quot;:&quot;0&quot;,&quot;copyright&quot;:&quot;&quot;,&quot;focal_length&quot;:&quot;0&quot;,&quot;iso&quot;:&quot;0&quot;,&quot;shutter_speed&quot;:&quot;0&quot;,&quot;title&quot;:&quot;&quot;,&quot;orientation&quot;:&quot;0&quot;}\" data-image-title=\"f05856d1-1168-4acf-be58-0942e82112cd\" data-image-description=\"\" data-image-caption=\"&lt;p&gt;Foto: Isak de Castro\/Comunica\u00e7\u00e3oPrefeituradoPaudalho&lt;\/p&gt;\n\" data-medium-file=\"https:\/\/www.paudalho.pe.gov.br\/portal\/wp-content\/uploads\/2017\/11\/f05856d1-1168-4acf-be58-0942e82112cd-350x230.jpg\" data-large-file=\"https:\/\/www.paudalho.pe.gov.br\/portal\/wp-content\/uploads\/2017\/11\/f05856d1-1168-4acf-be58-0942e82112cd-800x450.jpg\" class=\"size-medium wp-image-1884\" src=\"http:\/\/www.paudalho.pe.gov.br\/portal\/wp-content\/uploads\/2017\/11\/f05856d1-1168-4acf-be58-0942e82112cd-350x230.jpg\" alt=\"\" width=\"300\" height=\"197\" \/><p id=\"caption-attachment-1884\" class=\"wp-caption-text\">Foto: Isak de Castro\/Comunica\u00e7\u00e3oPrefeituradoPaudalho<\/p><\/div>\n<div id=\"attachment_1883\" style=\"width: 310px\" class=\"wp-caption alignnone\"><img loading=\"lazy\" decoding=\"async\" aria-describedby=\"caption-attachment-1883\" data-attachment-id=\"1883\" data-permalink=\"https:\/\/www.paudalho.pe.gov.br\/portal\/obras-do-cmg-creche-e-centro-de-parto-humanizado-seguem-a-todo-o-vapor\/fa879af3-194a-4210-901c-b80a2b3adab4-1\/\" data-orig-file=\"https:\/\/www.paudalho.pe.gov.br\/portal\/wp-content\/uploads\/2017\/11\/fa879af3-194a-4210-901c-b80a2b3adab4-1.jpg\" data-orig-size=\"1280,853\" data-comments-opened=\"1\" data-image-meta=\"{&quot;aperture&quot;:&quot;0&quot;,&quot;credit&quot;:&quot;&quot;,&quot;camera&quot;:&quot;&quot;,&quot;caption&quot;:&quot;&quot;,&quot;created_timestamp&quot;:&quot;0&quot;,&quot;copyright&quot;:&quot;&quot;,&quot;focal_length&quot;:&quot;0&quot;,&quot;iso&quot;:&quot;0&quot;,&quot;shutter_speed&quot;:&quot;0&quot;,&quot;title&quot;:&quot;&quot;,&quot;orientation&quot;:&quot;0&quot;}\" data-image-title=\"fa879af3-194a-4210-901c-b80a2b3adab4 (1)\" data-image-description=\"\" data-image-caption=\"&lt;p&gt;Foto: Isak de Castro\/Comunica\u00e7\u00e3oPrefeituradoPaudalho&lt;\/p&gt;\n\" data-medium-file=\"https:\/\/www.paudalho.pe.gov.br\/portal\/wp-content\/uploads\/2017\/11\/fa879af3-194a-4210-901c-b80a2b3adab4-1-350x230.jpg\" data-large-file=\"https:\/\/www.paudalho.pe.gov.br\/portal\/wp-content\/uploads\/2017\/11\/fa879af3-194a-4210-901c-b80a2b3adab4-1-800x450.jpg\" class=\"size-medium wp-image-1883\" src=\"http:\/\/www.paudalho.pe.gov.br\/portal\/wp-content\/uploads\/2017\/11\/fa879af3-194a-4210-901c-b80a2b3adab4-1-350x230.jpg\" alt=\"\" width=\"300\" height=\"197\" \/><p id=\"caption-attachment-1883\" class=\"wp-caption-text\">Foto: Isak de Castro\/Comunica\u00e7\u00e3oPrefeituradoPaudalho<\/p><\/div>\n<div id=\"attachment_1882\" style=\"width: 310px\" class=\"wp-caption alignnone\"><img loading=\"lazy\" decoding=\"async\" aria-describedby=\"caption-attachment-1882\" data-attachment-id=\"1882\" data-permalink=\"https:\/\/www.paudalho.pe.gov.br\/portal\/obras-do-cmg-creche-e-centro-de-parto-humanizado-seguem-a-todo-o-vapor\/801ef9ec-488e-44ee-93b6-f75329f7c932-1\/\" data-orig-file=\"https:\/\/www.paudalho.pe.gov.br\/portal\/wp-content\/uploads\/2017\/11\/801ef9ec-488e-44ee-93b6-f75329f7c932-1.jpg\" data-orig-size=\"1280,853\" data-comments-opened=\"1\" data-image-meta=\"{&quot;aperture&quot;:&quot;0&quot;,&quot;credit&quot;:&quot;&quot;,&quot;camera&quot;:&quot;&quot;,&quot;caption&quot;:&quot;&quot;,&quot;created_timestamp&quot;:&quot;0&quot;,&quot;copyright&quot;:&quot;&quot;,&quot;focal_length&quot;:&quot;0&quot;,&quot;iso&quot;:&quot;0&quot;,&quot;shutter_speed&quot;:&quot;0&quot;,&quot;title&quot;:&quot;&quot;,&quot;orientation&quot;:&quot;0&quot;}\" data-image-title=\"801ef9ec-488e-44ee-93b6-f75329f7c932 (1)\" data-image-description=\"\" data-image-caption=\"&lt;p&gt;Foto: Isak de Castro\/Comunica\u00e7\u00e3oPrefeituradoPaudalho&lt;\/p&gt;\n\" data-medium-file=\"https:\/\/www.paudalho.pe.gov.br\/portal\/wp-content\/uploads\/2017\/11\/801ef9ec-488e-44ee-93b6-f75329f7c932-1-350x230.jpg\" data-large-file=\"https:\/\/www.paudalho.pe.gov.br\/portal\/wp-content\/uploads\/2017\/11\/801ef9ec-488e-44ee-93b6-f75329f7c932-1-800x450.jpg\" class=\"size-medium wp-image-1882\" src=\"http:\/\/www.paudalho.pe.gov.br\/portal\/wp-content\/uploads\/2017\/11\/801ef9ec-488e-44ee-93b6-f75329f7c932-1-350x230.jpg\" alt=\"\" width=\"300\" height=\"197\" \/><p id=\"caption-attachment-1882\" class=\"wp-caption-text\">Foto: Isak de Castro\/Comunica\u00e7\u00e3oPrefeituradoPaudalho<\/p><\/div>\n<div id=\"attachment_1880\" style=\"width: 310px\" class=\"wp-caption alignnone\"><img loading=\"lazy\" decoding=\"async\" aria-describedby=\"caption-attachment-1880\" data-attachment-id=\"1880\" data-permalink=\"https:\/\/www.paudalho.pe.gov.br\/portal\/obras-do-cmg-creche-e-centro-de-parto-humanizado-seguem-a-todo-o-vapor\/d0fbb445-ce50-4a37-8f4e-0492b0a8ee82\/\" data-orig-file=\"https:\/\/www.paudalho.pe.gov.br\/portal\/wp-content\/uploads\/2017\/11\/d0fbb445-ce50-4a37-8f4e-0492b0a8ee82.jpg\" data-orig-size=\"1280,853\" data-comments-opened=\"1\" data-image-meta=\"{&quot;aperture&quot;:&quot;0&quot;,&quot;credit&quot;:&quot;&quot;,&quot;camera&quot;:&quot;&quot;,&quot;caption&quot;:&quot;&quot;,&quot;created_timestamp&quot;:&quot;0&quot;,&quot;copyright&quot;:&quot;&quot;,&quot;focal_length&quot;:&quot;0&quot;,&quot;iso&quot;:&quot;0&quot;,&quot;shutter_speed&quot;:&quot;0&quot;,&quot;title&quot;:&quot;&quot;,&quot;orientation&quot;:&quot;0&quot;}\" data-image-title=\"d0fbb445-ce50-4a37-8f4e-0492b0a8ee82\" data-image-description=\"\" data-image-caption=\"&lt;p&gt;Foto: Isak de Castro\/Comunica\u00e7\u00e3oPrefeituradoPaudalho&lt;\/p&gt;\n\" data-medium-file=\"https:\/\/www.paudalho.pe.gov.br\/portal\/wp-content\/uploads\/2017\/11\/d0fbb445-ce50-4a37-8f4e-0492b0a8ee82-350x230.jpg\" data-large-file=\"https:\/\/www.paudalho.pe.gov.br\/portal\/wp-content\/uploads\/2017\/11\/d0fbb445-ce50-4a37-8f4e-0492b0a8ee82-800x450.jpg\" class=\"size-medium wp-image-1880\" src=\"http:\/\/www.paudalho.pe.gov.br\/portal\/wp-content\/uploads\/2017\/11\/d0fbb445-ce50-4a37-8f4e-0492b0a8ee82-350x230.jpg\" alt=\"\" width=\"300\" height=\"197\" \/><p id=\"caption-attachment-1880\" class=\"wp-caption-text\">Foto: Isak de Castro\/Comunica\u00e7\u00e3oPrefeituradoPaudalho<\/p><\/div>\n<div id=\"attachment_1877\" style=\"width: 310px\" class=\"wp-caption alignnone\"><img loading=\"lazy\" decoding=\"async\" aria-describedby=\"caption-attachment-1877\" data-attachment-id=\"1877\" data-permalink=\"https:\/\/www.paudalho.pe.gov.br\/portal\/obras-do-cmg-creche-e-centro-de-parto-humanizado-seguem-a-todo-o-vapor\/creche\/\" data-orig-file=\"https:\/\/www.paudalho.pe.gov.br\/portal\/wp-content\/uploads\/2017\/11\/creche.jpeg\" data-orig-size=\"1280,853\" data-comments-opened=\"1\" data-image-meta=\"{&quot;aperture&quot;:&quot;0&quot;,&quot;credit&quot;:&quot;&quot;,&quot;camera&quot;:&quot;&quot;,&quot;caption&quot;:&quot;&quot;,&quot;created_timestamp&quot;:&quot;0&quot;,&quot;copyright&quot;:&quot;&quot;,&quot;focal_length&quot;:&quot;0&quot;,&quot;iso&quot;:&quot;0&quot;,&quot;shutter_speed&quot;:&quot;0&quot;,&quot;title&quot;:&quot;&quot;,&quot;orientation&quot;:&quot;0&quot;}\" data-image-title=\"\" data-image-description=\"&lt;p&gt;Foto da Creche que ser\u00e1 inaugurada em Guadalajara&lt;\/p&gt;\n\" data-image-caption=\"&lt;p&gt;Foto: Isak de Castro\/Comunica\u00e7\u00e3oPrefeituradoPaudalho&lt;\/p&gt;\n\" data-medium-file=\"https:\/\/www.paudalho.pe.gov.br\/portal\/wp-content\/uploads\/2017\/11\/creche-350x230.jpeg\" data-large-file=\"https:\/\/www.paudalho.pe.gov.br\/portal\/wp-content\/uploads\/2017\/11\/creche-800x450.jpeg\" class=\"size-medium wp-image-1877\" src=\"http:\/\/www.paudalho.pe.gov.br\/portal\/wp-content\/uploads\/2017\/11\/creche-350x230.jpeg\" alt=\"\" width=\"300\" height=\"197\" \/><p id=\"caption-attachment-1877\" class=\"wp-caption-text\">Foto: Isak de Castro\/Comunica\u00e7\u00e3oPrefeituradoPaudalho<\/p><\/div>\n<h2><strong>Cumprindo com a palavra<\/strong><\/h2>\n<p>E mostrando que a Prefeitura cumpre o que diz, em setembro deste ano foi entregue \u00e0 popula\u00e7\u00e3o a Escola Municipal de Guadalajara totalmente reestruturada. O Casar\u00e3o estava h\u00e1 quase 12 anos sem uma a\u00e7\u00e3o da Prefeitura do Paudalho, com estrutura defasada e isso comprometia o rendimento dos alunos e o bem-estar da popula\u00e7\u00e3o. Essa realidade, no entanto, mudou.<\/p>\n<div id=\"attachment_1881\" style=\"width: 310px\" class=\"wp-caption alignnone\"><img loading=\"lazy\" decoding=\"async\" aria-describedby=\"caption-attachment-1881\" data-attachment-id=\"1881\" data-permalink=\"https:\/\/www.paudalho.pe.gov.br\/portal\/obras-do-cmg-creche-e-centro-de-parto-humanizado-seguem-a-todo-o-vapor\/whatsapp-image-2017-09-06-at-11-58-02-am-2\/\" data-orig-file=\"https:\/\/www.paudalho.pe.gov.br\/portal\/wp-content\/uploads\/2017\/11\/WhatsApp-Image-2017-09-06-at-11.58.02-AM.jpeg\" data-orig-size=\"1024,683\" data-comments-opened=\"1\" data-image-meta=\"{&quot;aperture&quot;:&quot;0&quot;,&quot;credit&quot;:&quot;&quot;,&quot;camera&quot;:&quot;&quot;,&quot;caption&quot;:&quot;&quot;,&quot;created_timestamp&quot;:&quot;0&quot;,&quot;copyright&quot;:&quot;&quot;,&quot;focal_length&quot;:&quot;0&quot;,&quot;iso&quot;:&quot;0&quot;,&quot;shutter_speed&quot;:&quot;0&quot;,&quot;title&quot;:&quot;&quot;,&quot;orientation&quot;:&quot;0&quot;}\" data-image-title=\"WhatsApp-Image-2017-09-06-at-11.58.02-AM\" data-image-description=\"\" data-image-caption=\"&lt;p&gt;Foto: Isak de Castro\/Comunica\u00e7\u00e3oPrefeituradoPaudalho&lt;\/p&gt;\n\" data-medium-file=\"https:\/\/www.paudalho.pe.gov.br\/portal\/wp-content\/uploads\/2017\/11\/WhatsApp-Image-2017-09-06-at-11.58.02-AM-350x230.jpeg\" data-large-file=\"https:\/\/www.paudalho.pe.gov.br\/portal\/wp-content\/uploads\/2017\/11\/WhatsApp-Image-2017-09-06-at-11.58.02-AM-800x450.jpeg\" class=\"size-medium wp-image-1881\" src=\"http:\/\/www.paudalho.pe.gov.br\/portal\/wp-content\/uploads\/2017\/11\/WhatsApp-Image-2017-09-06-at-11.58.02-AM-350x230.jpeg\" alt=\"\" width=\"300\" height=\"197\" \/><p id=\"caption-attachment-1881\" class=\"wp-caption-text\">Foto: Isak de Castro\/Comunica\u00e7\u00e3oPrefeituradoPaudalho<\/p><\/div>\n<p>Sobre a reforma, o secret\u00e1rio de Obras e Servi\u00e7os P\u00fablicos, Gustavo Gouveia, comentou que o objetivo \u00e9 d\u00e1 mais qualidade de vida a popula\u00e7\u00e3o. \u201cHoje o que n\u00f3s fizemos aqui, a maior parte foi uma amplia\u00e7\u00e3o de tr\u00eas salas. Aqui existia um anexo, que na gest\u00e3o passada ficava a mais de 2 km de dist\u00e2ncia da escola, nisso a gente ampliou as tr\u00eas salas e reformou dando mais qualidade de vida para os alunos e para os professores\u201d, disse.<\/p>\n<p><strong>Veja o momento da reinaugura\u00e7\u00e3o no v\u00eddeo:<\/strong><br \/>\n<span class=\"embed-youtube\" style=\"text-align:center; display: block;\"><iframe loading=\"lazy\" class=\"youtube-player\" width=\"560\" height=\"315\" src=\"https:\/\/www.youtube.com\/embed\/5Vsr6awi0Wo?version=3&#038;rel=1&#038;showsearch=0&#038;showinfo=1&#038;iv_load_policy=1&#038;fs=1&#038;hl=pt-BR&#038;autohide=2&#038;wmode=transparent\" allowfullscreen=\"true\" style=\"border:0;\" sandbox=\"allow-scripts allow-same-origin allow-popups allow-presentation allow-popups-to-escape-sandbox\"><\/iframe><\/span><\/p>\n","protected":false},"excerpt":{"rendered":"<p>As obras de unidades p\u00fablicas no munic\u00edpio seguem a todo o vapor. A Prefeitura do Paudalho por meio da Secret\u00e1ria de Obras e servi\u00e7os p\u00fablicos continua transformando a realidade dos cidad\u00e3os do munic\u00edpio. O Col\u00e9gio Municipal de Guadalajara (CMG), que leva o nome da comunidade, est\u00e1 com 90% das obras conclu\u00eddas. Desde 2014 que a [&hellip;]<\/p>\n","protected":false},"author":4,"featured_media":1885,"comment_status":"open","ping_status":"open","sticky":false,"template":"","format":"standard","meta":{"_jetpack_newsletter_access":"","_jetpack_dont_email_post_to_subs":false,"_jetpack_newsletter_tier_id":0,"_jetpack_memberships_contains_paywalled_content":false,"_jetpack_memberships_contains_paid_content":false,"footnotes":""},"categories":[2,4,35],"tags":[61,189,36,16],"class_list":["post-1876","post","type-post","status-publish","format-standard","has-post-thumbnail","hentry","category-destaque","category-educacao","category-obras","tag-colegio-municipal-de-guadalajara","tag-creche","tag-obras","tag-saude"],"jetpack_featured_media_url":"https:\/\/www.paudalho.pe.gov.br\/portal\/wp-content\/uploads\/2017\/11\/creche.jpg","jetpack_sharing_enabled":true,"jetpack_shortlink":"https:\/\/wp.me\/p98mS2-ug","_links":{"self":[{"href":"https:\/\/www.paudalho.pe.gov.br\/portal\/wp-json\/wp\/v2\/posts\/1876","targetHints":{"allow":["GET"]}}],"collection":[{"href":"https:\/\/www.paudalho.pe.gov.br\/portal\/wp-json\/wp\/v2\/posts"}],"about":[{"href":"https:\/\/www.paudalho.pe.gov.br\/portal\/wp-json\/wp\/v2\/types\/post"}],"author":[{"embeddable":true,"href":"https:\/\/www.paudalho.pe.gov.br\/portal\/wp-json\/wp\/v2\/users\/4"}],"replies":[{"embeddable":true,"href":"https:\/\/www.paudalho.pe.gov.br\/portal\/wp-json\/wp\/v2\/comments?post=1876"}],"version-history":[{"count":3,"href":"https:\/\/www.paudalho.pe.gov.br\/portal\/wp-json\/wp\/v2\/posts\/1876\/revisions"}],"predecessor-version":[{"id":1890,"href":"https:\/\/www.paudalho.pe.gov.br\/portal\/wp-json\/wp\/v2\/posts\/1876\/revisions\/1890"}],"wp:featuredmedia":[{"embeddable":true,"href":"https:\/\/www.paudalho.pe.gov.br\/portal\/wp-json\/wp\/v2\/media\/1885"}],"wp:attachment":[{"href":"https:\/\/www.paudalho.pe.gov.br\/portal\/wp-json\/wp\/v2\/media?parent=1876"}],"wp:term":[{"taxonomy":"category","embeddable":true,"href":"https:\/\/www.paudalho.pe.gov.br\/portal\/wp-json\/wp\/v2\/categories?post=1876"},{"taxonomy":"post_tag","embeddable":true,"href":"https:\/\/www.paudalho.pe.gov.br\/portal\/wp-json\/wp\/v2\/tags?post=1876"}],"curies":[{"name":"wp","href":"https:\/\/api.w.org\/{rel}","templated":true}]}}