{"id":18649,"date":"2021-10-01T10:40:55","date_gmt":"2021-10-01T13:40:55","guid":{"rendered":"https:\/\/www.paudalho.pe.gov.br\/portal\/?p=18649"},"modified":"2025-01-08T00:39:24","modified_gmt":"2025-01-08T03:39:24","slug":"como-forma-de-incentivar-a-economia-criativa-paudalho-realizara-1a-feira-multicultural-do-municipio","status":"publish","type":"post","link":"https:\/\/www.paudalho.pe.gov.br\/portal\/como-forma-de-incentivar-a-economia-criativa-paudalho-realizara-1a-feira-multicultural-do-municipio\/","title":{"rendered":"Como forma de incentivar a economia criativa, Paudalho realizar\u00e1 1\u00aa Feira Multicultural do munic\u00edpio"},"content":{"rendered":"\n<p>A Prefeitura do Paudalho, atrav\u00e9s de sua Secretaria Municipal de Cultura, Turismo, Lazer, Esporte e Juventude, realizar\u00e1 a <strong>1\u00aa Feira Multicultural do Paudalho &#8211; Incentivando a Economia Criativa<\/strong>. A mostra ter\u00e1 in\u00edcio neste s\u00e1bado (02) e prosseguir\u00e1 at\u00e9 o dia 09 de outubro. Aberta ao p\u00fablico, a feira ser\u00e1 realizada no cal\u00e7ad\u00e3o do Parque de Eventos Beira Rio, no Centro, no hor\u00e1rio das 17h \u00e0s 22h.<\/p>\n\n\n\n<p>A iniciativa busca incentivar a economia criativa, que \u00e9 uma forma de desenvolvimento que tem como base o capital intelectual e cultural, al\u00e9m da criatividade. O principal objetivo do projeto \u00e9 contribuir para a organiza\u00e7\u00e3o e o fortalecimento da cultura local, gerando assim mais oportunidades para os artes\u00e3os, artistas pl\u00e1sticos e grupos culturais da cidade.<\/p>\n\n\n\n<p>Na mostra ser\u00e3o disponibilizados produtos de diferentes segmentos, alocados em 40 barracas distribu\u00eddas em seis grupos: artesanato e artes, flores e mudas, alimentos e alimenta\u00e7\u00e3o, confec\u00e7\u00e3o e vestu\u00e1rio, ambienta\u00e7\u00e3o e m\u00f3veis. O evento tamb\u00e9m ser\u00e1 animado com oficinas e apresenta\u00e7\u00f5es art\u00edsticas teatrais, musicais, de dan\u00e7as, entre outras manifesta\u00e7\u00f5es.<\/p>\n\n\n\n<p>A secret\u00e1ria de Cultura, Turismo, Lazer, Esporte e Juventude, Carolina Ferraz, fala sobre o significado do projeto: \u201cEssa feira ser\u00e1 de extrema import\u00e2ncia para a cultura do nosso munic\u00edpio. A nossa iniciativa visa dar um incentivo aos produtores de artesanato, mostrar o nosso potencial e a nossa identidade. A identidade de um povo \u00e9 reconhecida nas feiras livres. A ideia \u00e9 envolver atividades que guardam rela\u00e7\u00e3o com a cria\u00e7\u00e3o, a produ\u00e7\u00e3o e a distribui\u00e7\u00e3o de bens e servi\u00e7os criativos\u201d. De acordo com a pasta, essa ser\u00e1 uma a\u00e7\u00e3o de longo prazo e seguir\u00e1 ocorrendo a cada bimestre.<\/p>\n\n\n\n<p><\/p>\n","protected":false},"excerpt":{"rendered":"<p>A Prefeitura do Paudalho, atrav\u00e9s de sua Secretaria Municipal de Cultura, Turismo, Lazer, Esporte e Juventude, realizar\u00e1 a 1\u00aa Feira Multicultural do Paudalho &#8211; Incentivando a Economia Criativa. A mostra ter\u00e1 in\u00edcio neste s\u00e1bado (02) e prosseguir\u00e1 at\u00e9 o dia 09 de outubro. Aberta ao p\u00fablico, a feira ser\u00e1 realizada no cal\u00e7ad\u00e3o do Parque de [&hellip;]<\/p>\n","protected":false},"author":6,"featured_media":18882,"comment_status":"open","ping_status":"open","sticky":false,"template":"","format":"standard","meta":{"_jetpack_newsletter_access":"","_jetpack_dont_email_post_to_subs":false,"_jetpack_newsletter_tier_id":0,"_jetpack_memberships_contains_paywalled_content":false,"_jetpack_memberships_contains_paid_content":false,"footnotes":""},"categories":[6,2,1],"tags":[347,68,140,22],"class_list":["post-18649","post","type-post","status-publish","format-standard","has-post-thumbnail","hentry","category-cultura","category-destaque","category-noticias","tag-artesanato","tag-cultura","tag-empreendedorismo","tag-prefeitura-do-paudalho"],"jetpack_featured_media_url":"https:\/\/www.paudalho.pe.gov.br\/portal\/wp-content\/uploads\/2021\/10\/Bordados-de-Tenerife.jpg","jetpack_sharing_enabled":true,"jetpack_shortlink":"https:\/\/wp.me\/p98mS2-4QN","_links":{"self":[{"href":"https:\/\/www.paudalho.pe.gov.br\/portal\/wp-json\/wp\/v2\/posts\/18649","targetHints":{"allow":["GET"]}}],"collection":[{"href":"https:\/\/www.paudalho.pe.gov.br\/portal\/wp-json\/wp\/v2\/posts"}],"about":[{"href":"https:\/\/www.paudalho.pe.gov.br\/portal\/wp-json\/wp\/v2\/types\/post"}],"author":[{"embeddable":true,"href":"https:\/\/www.paudalho.pe.gov.br\/portal\/wp-json\/wp\/v2\/users\/6"}],"replies":[{"embeddable":true,"href":"https:\/\/www.paudalho.pe.gov.br\/portal\/wp-json\/wp\/v2\/comments?post=18649"}],"version-history":[{"count":52,"href":"https:\/\/www.paudalho.pe.gov.br\/portal\/wp-json\/wp\/v2\/posts\/18649\/revisions"}],"predecessor-version":[{"id":18883,"href":"https:\/\/www.paudalho.pe.gov.br\/portal\/wp-json\/wp\/v2\/posts\/18649\/revisions\/18883"}],"wp:featuredmedia":[{"embeddable":true,"href":"https:\/\/www.paudalho.pe.gov.br\/portal\/wp-json\/wp\/v2\/media\/18882"}],"wp:attachment":[{"href":"https:\/\/www.paudalho.pe.gov.br\/portal\/wp-json\/wp\/v2\/media?parent=18649"}],"wp:term":[{"taxonomy":"category","embeddable":true,"href":"https:\/\/www.paudalho.pe.gov.br\/portal\/wp-json\/wp\/v2\/categories?post=18649"},{"taxonomy":"post_tag","embeddable":true,"href":"https:\/\/www.paudalho.pe.gov.br\/portal\/wp-json\/wp\/v2\/tags?post=18649"}],"curies":[{"name":"wp","href":"https:\/\/api.w.org\/{rel}","templated":true}]}}