{"id":1860,"date":"2017-11-06T11:47:04","date_gmt":"2017-11-06T14:47:04","guid":{"rendered":"http:\/\/www.paudalho.pe.gov.br\/portal\/?p=1860"},"modified":"2017-11-06T11:56:21","modified_gmt":"2017-11-06T14:56:21","slug":"candidatos-ensaiam-para-a-2o-fase-do-canta-paudalho","status":"publish","type":"post","link":"https:\/\/www.paudalho.pe.gov.br\/portal\/candidatos-ensaiam-para-a-2o-fase-do-canta-paudalho\/","title":{"rendered":"Candidatos ensaiam para a 2\u00ba fase do Canta Paudalho"},"content":{"rendered":"<p>Com o objetivo de aumentar ainda mais a qualidade das apresenta\u00e7\u00f5es do Canta Paudalho, a Prefeitura do munic\u00edpio, por meio da Secretaria de Cultura, vai realizar ensaios com os selecionados para a segunda fase da disputa que vai ocorrer entre os dias 18 e 19 de novembro.<\/p>\n<p>Os ensaios v\u00e3o ser na segunda-feira (13) e na ter\u00e7a-feira (14) e os candidatos ter\u00e3o uma hora cada.\u00a0Com o objetivo de aumentar ainda mais a qualidade das apresenta\u00e7\u00f5es do Canta Paudalho, a Prefeitura do munic\u00edpio, por meio da Secretaria de Cultura, vai realizar ensaios com os selecionados para a segunda fase da disputa que vai ocorrer entre os dias 18 e 19 de novembro. Os ensaios v\u00e3o ser na segunda-feira (13) e na ter\u00e7a-feira (14) e os candidatos ter\u00e3o uma hora cada.<\/p>\n<p>&nbsp;<\/p>\n<p><strong>Confira a sequ\u00eancia na \u00edntegra:<\/strong><\/p>\n<p>13 \u00e0s 14\u00a0\u00a0\u00a0\u00a0\u00a0\u00a0\u00a0\u00a0\u00a0\u00a0\u00a0\u00a0\u00a0\u00a0\u00a0 Laury dos Santos<\/p>\n<p>14 \u00e0s 15\u00a0\u00a0\u00a0\u00a0\u00a0\u00a0\u00a0\u00a0\u00a0\u00a0\u00a0\u00a0\u00a0\u00a0\u00a0 Douglas dos Santos<\/p>\n<p>15 \u00e0s 16\u00a0\u00a0\u00a0\u00a0\u00a0\u00a0\u00a0\u00a0\u00a0\u00a0\u00a0\u00a0\u00a0\u00a0\u00a0 Eduardo Ant\u00f4nio do Ros\u00e1rio<\/p>\n<p>16 \u00e0s 17\u00a0\u00a0\u00a0\u00a0\u00a0\u00a0\u00a0\u00a0\u00a0\u00a0\u00a0\u00a0\u00a0\u00a0\u00a0 Robert da Silva Nunes<\/p>\n<p>17 \u00e0s 18 \u00a0\u00a0\u00a0\u00a0\u00a0\u00a0\u00a0\u00a0\u00a0\u00a0\u00a0\u00a0\u00a0\u00a0 Luiz Rodrigo Santos de Freitas<\/p>\n<p>19 \u00e0s 20\u00a0\u00a0\u00a0\u00a0\u00a0\u00a0\u00a0\u00a0\u00a0\u00a0\u00a0\u00a0\u00a0\u00a0\u00a0 Antenor Aguiar dos Santos e Wellington<\/p>\n<p>20 \u00e0s 21\u00a0\u00a0\u00a0\u00a0\u00a0\u00a0\u00a0\u00a0\u00a0\u00a0\u00a0\u00a0\u00a0\u00a0\u00a0 Jose Marcio de Santana<\/p>\n<p>&nbsp;<\/p>\n<p>13 \u00e0s 14\u00a0\u00a0\u00a0\u00a0\u00a0\u00a0\u00a0\u00a0\u00a0\u00a0\u00a0\u00a0\u00a0\u00a0\u00a0 Jose Roque de Souza Junior<\/p>\n<p>14 \u00e0s 15\u00a0\u00a0\u00a0\u00a0\u00a0\u00a0\u00a0\u00a0\u00a0\u00a0\u00a0\u00a0\u00a0\u00a0\u00a0 Jo\u00e3o Vitor Pereira de Lima<\/p>\n<p>15 \u00e0s 16\u00a0\u00a0\u00a0\u00a0\u00a0\u00a0\u00a0\u00a0\u00a0\u00a0\u00a0\u00a0\u00a0\u00a0\u00a0 Deni\u00eare Martins<\/p>\n<p>16 \u00e0s 17\u00a0\u00a0\u00a0\u00a0\u00a0\u00a0\u00a0\u00a0\u00a0\u00a0\u00a0\u00a0\u00a0\u00a0\u00a0 Jos\u00e9 Luiz Rosa Henrique<\/p>\n<p>17 \u00e0s 18\u00a0\u00a0\u00a0\u00a0\u00a0\u00a0\u00a0\u00a0\u00a0\u00a0\u00a0\u00a0\u00a0\u00a0\u00a0 Yuri Jos\u00e9 Silva Santos<\/p>\n<p>19 \u00e0s 20\u00a0\u00a0\u00a0\u00a0\u00a0\u00a0\u00a0\u00a0\u00a0\u00a0\u00a0\u00a0\u00a0\u00a0\u00a0 Mario Sergio da Silva Filho<\/p>\n<p>20 \u00e0s 21\u00a0\u00a0\u00a0\u00a0\u00a0\u00a0\u00a0\u00a0\u00a0\u00a0\u00a0\u00a0\u00a0\u00a0\u00a0 Valdemir Miranda da Rocha Filho<\/p>\n<p>&nbsp;<\/p>\n<h2><strong>Primeira eliminat\u00f3ria\u00a0<\/strong><\/h2>\n<p>A primeira eliminat\u00f3ria ocorreu entre os dias 20 e 22 de novembro, em um palco montado no Parque de Eventos Beira-Rio no centro da cidade. O show de calouros, realizado pela Prefeitura do Paudalho, por meio da Secretaria de Cultura, Esporte e Turismo, contou com mais de 40 candidatos se apresentando nos mais diversos estilos musicais como: Pop Rock, Brega, MPB, Forr\u00f3, entre outros.<\/p>\n<p>Na plateia, pessoas de todas as idades acompanhavam tudo de perto reagindo a cada impulso dos calouros. A aposentada Jaci Ferreira, de 59 anos e Lindalva Cavalcanti, de 63, n\u00e3o perderam nenhum dos tr\u00eas dias e elogiaram o show: \u201cEu achei muito criativo e bem divertido. Eu e minha vizinha estamos aqui h\u00e1 tr\u00eas dias\u2026 A\u00ed n\u00f3s descobrimos o talento que cada um tem\u2026nota 10! Se eu pudesse daria 11\u201d, disse Lindalva.<\/p>\n<p><strong>Veja algumas fotos da primeira eliminat\u00f3ria do concurso:\u00a0<\/strong><\/p>\n<div id=\"attachment_1680\" style=\"width: 310px\" class=\"wp-caption alignnone\"><img loading=\"lazy\" decoding=\"async\" aria-describedby=\"caption-attachment-1680\" data-attachment-id=\"1680\" data-permalink=\"https:\/\/www.paudalho.pe.gov.br\/portal\/1o-eliminatoria-do-canta-paudalho-reune-centenas-de-pessoas-no-parque-de-eventos-beira-rio\/22552326_805243789599372_7697995592014052284_n\/\" data-orig-file=\"https:\/\/www.paudalho.pe.gov.br\/portal\/wp-content\/uploads\/2017\/10\/22552326_805243789599372_7697995592014052284_n.jpg\" data-orig-size=\"960,640\" data-comments-opened=\"1\" data-image-meta=\"{&quot;aperture&quot;:&quot;0&quot;,&quot;credit&quot;:&quot;&quot;,&quot;camera&quot;:&quot;&quot;,&quot;caption&quot;:&quot;&quot;,&quot;created_timestamp&quot;:&quot;0&quot;,&quot;copyright&quot;:&quot;&quot;,&quot;focal_length&quot;:&quot;0&quot;,&quot;iso&quot;:&quot;0&quot;,&quot;shutter_speed&quot;:&quot;0&quot;,&quot;title&quot;:&quot;&quot;,&quot;orientation&quot;:&quot;0&quot;}\" data-image-title=\"22552326_805243789599372_7697995592014052284_n\" data-image-description=\"\" data-image-caption=\"&lt;p&gt;Foto:  Thales K\u00edrion\/Comunica\u00e7\u00e3oPrefeituradoPaudalho&lt;\/p&gt;\n\" data-medium-file=\"https:\/\/www.paudalho.pe.gov.br\/portal\/wp-content\/uploads\/2017\/10\/22552326_805243789599372_7697995592014052284_n-350x230.jpg\" data-large-file=\"https:\/\/www.paudalho.pe.gov.br\/portal\/wp-content\/uploads\/2017\/10\/22552326_805243789599372_7697995592014052284_n-800x450.jpg\" class=\"size-medium wp-image-1680\" src=\"http:\/\/www.paudalho.pe.gov.br\/portal\/wp-content\/uploads\/2017\/10\/22552326_805243789599372_7697995592014052284_n-350x230.jpg\" alt=\"\" width=\"300\" height=\"197\" \/><p id=\"caption-attachment-1680\" class=\"wp-caption-text\">Foto: Thales K\u00edrion\/Comunica\u00e7\u00e3oPrefeituradoPaudalho<\/p><\/div>\n<p><img loading=\"lazy\" decoding=\"async\" data-attachment-id=\"1684\" data-permalink=\"https:\/\/www.paudalho.pe.gov.br\/portal\/1o-eliminatoria-do-canta-paudalho-reune-centenas-de-pessoas-no-parque-de-eventos-beira-rio\/22554817_805243452932739_7800202548195931689_n\/\" data-orig-file=\"https:\/\/www.paudalho.pe.gov.br\/portal\/wp-content\/uploads\/2017\/10\/22554817_805243452932739_7800202548195931689_n.jpg\" data-orig-size=\"960,640\" data-comments-opened=\"1\" data-image-meta=\"{&quot;aperture&quot;:&quot;0&quot;,&quot;credit&quot;:&quot;&quot;,&quot;camera&quot;:&quot;&quot;,&quot;caption&quot;:&quot;&quot;,&quot;created_timestamp&quot;:&quot;0&quot;,&quot;copyright&quot;:&quot;&quot;,&quot;focal_length&quot;:&quot;0&quot;,&quot;iso&quot;:&quot;0&quot;,&quot;shutter_speed&quot;:&quot;0&quot;,&quot;title&quot;:&quot;&quot;,&quot;orientation&quot;:&quot;0&quot;}\" data-image-title=\"22554817_805243452932739_7800202548195931689_n\" data-image-description=\"\" data-image-caption=\"\" data-medium-file=\"https:\/\/www.paudalho.pe.gov.br\/portal\/wp-content\/uploads\/2017\/10\/22554817_805243452932739_7800202548195931689_n-350x230.jpg\" data-large-file=\"https:\/\/www.paudalho.pe.gov.br\/portal\/wp-content\/uploads\/2017\/10\/22554817_805243452932739_7800202548195931689_n-800x450.jpg\" class=\"alignnone size-medium wp-image-1684\" src=\"http:\/\/www.paudalho.pe.gov.br\/portal\/wp-content\/uploads\/2017\/10\/22554817_805243452932739_7800202548195931689_n-350x230.jpg\" alt=\"\" width=\"300\" height=\"197\" \/><\/p>\n<div id=\"attachment_1682\" style=\"width: 310px\" class=\"wp-caption alignnone\"><img loading=\"lazy\" decoding=\"async\" aria-describedby=\"caption-attachment-1682\" data-attachment-id=\"1682\" data-permalink=\"https:\/\/www.paudalho.pe.gov.br\/portal\/1o-eliminatoria-do-canta-paudalho-reune-centenas-de-pessoas-no-parque-de-eventos-beira-rio\/22539994_805243016266116_5147765875790924322_n\/\" data-orig-file=\"https:\/\/www.paudalho.pe.gov.br\/portal\/wp-content\/uploads\/2017\/10\/22539994_805243016266116_5147765875790924322_n.jpg\" data-orig-size=\"960,640\" data-comments-opened=\"1\" data-image-meta=\"{&quot;aperture&quot;:&quot;0&quot;,&quot;credit&quot;:&quot;&quot;,&quot;camera&quot;:&quot;&quot;,&quot;caption&quot;:&quot;&quot;,&quot;created_timestamp&quot;:&quot;0&quot;,&quot;copyright&quot;:&quot;&quot;,&quot;focal_length&quot;:&quot;0&quot;,&quot;iso&quot;:&quot;0&quot;,&quot;shutter_speed&quot;:&quot;0&quot;,&quot;title&quot;:&quot;&quot;,&quot;orientation&quot;:&quot;0&quot;}\" data-image-title=\"22539994_805243016266116_5147765875790924322_n\" data-image-description=\"\" data-image-caption=\"&lt;p&gt;Foto:  Thales K\u00edrion\/Comunica\u00e7\u00e3oPrefeituradoPaudalho&lt;\/p&gt;\n\" data-medium-file=\"https:\/\/www.paudalho.pe.gov.br\/portal\/wp-content\/uploads\/2017\/10\/22539994_805243016266116_5147765875790924322_n-350x230.jpg\" data-large-file=\"https:\/\/www.paudalho.pe.gov.br\/portal\/wp-content\/uploads\/2017\/10\/22539994_805243016266116_5147765875790924322_n-800x450.jpg\" class=\"size-medium wp-image-1682\" src=\"http:\/\/www.paudalho.pe.gov.br\/portal\/wp-content\/uploads\/2017\/10\/22539994_805243016266116_5147765875790924322_n-350x230.jpg\" alt=\"\" width=\"300\" height=\"197\" \/><p id=\"caption-attachment-1682\" class=\"wp-caption-text\">Foto: Thales K\u00edrion\/Comunica\u00e7\u00e3oPrefeituradoPaudalho<\/p><\/div>\n<div id=\"attachment_1683\" style=\"width: 310px\" class=\"wp-caption alignnone\"><img loading=\"lazy\" decoding=\"async\" aria-describedby=\"caption-attachment-1683\" data-attachment-id=\"1683\" data-permalink=\"https:\/\/www.paudalho.pe.gov.br\/portal\/1o-eliminatoria-do-canta-paudalho-reune-centenas-de-pessoas-no-parque-de-eventos-beira-rio\/22549651_805243672932717_3516718453186643348_n\/\" data-orig-file=\"https:\/\/www.paudalho.pe.gov.br\/portal\/wp-content\/uploads\/2017\/10\/22549651_805243672932717_3516718453186643348_n.jpg\" data-orig-size=\"960,640\" data-comments-opened=\"1\" data-image-meta=\"{&quot;aperture&quot;:&quot;0&quot;,&quot;credit&quot;:&quot;&quot;,&quot;camera&quot;:&quot;&quot;,&quot;caption&quot;:&quot;&quot;,&quot;created_timestamp&quot;:&quot;0&quot;,&quot;copyright&quot;:&quot;&quot;,&quot;focal_length&quot;:&quot;0&quot;,&quot;iso&quot;:&quot;0&quot;,&quot;shutter_speed&quot;:&quot;0&quot;,&quot;title&quot;:&quot;&quot;,&quot;orientation&quot;:&quot;0&quot;}\" data-image-title=\"22549651_805243672932717_3516718453186643348_n\" data-image-description=\"\" data-image-caption=\"&lt;p&gt;Foto:  Thales K\u00edrion\/Comunica\u00e7\u00e3oPrefeituradoPaudalho&lt;\/p&gt;\n\" data-medium-file=\"https:\/\/www.paudalho.pe.gov.br\/portal\/wp-content\/uploads\/2017\/10\/22549651_805243672932717_3516718453186643348_n-350x230.jpg\" data-large-file=\"https:\/\/www.paudalho.pe.gov.br\/portal\/wp-content\/uploads\/2017\/10\/22549651_805243672932717_3516718453186643348_n-800x450.jpg\" class=\"size-medium wp-image-1683\" src=\"http:\/\/www.paudalho.pe.gov.br\/portal\/wp-content\/uploads\/2017\/10\/22549651_805243672932717_3516718453186643348_n-350x230.jpg\" alt=\"\" width=\"300\" height=\"197\" \/><p id=\"caption-attachment-1683\" class=\"wp-caption-text\">Foto: Thales K\u00edrion\/Comunica\u00e7\u00e3oPrefeituradoPaudalho<\/p><\/div>\n<p><img loading=\"lazy\" decoding=\"async\" data-attachment-id=\"1679\" data-permalink=\"https:\/\/www.paudalho.pe.gov.br\/portal\/1o-eliminatoria-do-canta-paudalho-reune-centenas-de-pessoas-no-parque-de-eventos-beira-rio\/1-4\/\" data-orig-file=\"https:\/\/www.paudalho.pe.gov.br\/portal\/wp-content\/uploads\/2017\/10\/1.jpg\" data-orig-size=\"960,640\" data-comments-opened=\"1\" data-image-meta=\"{&quot;aperture&quot;:&quot;0&quot;,&quot;credit&quot;:&quot;&quot;,&quot;camera&quot;:&quot;&quot;,&quot;caption&quot;:&quot;&quot;,&quot;created_timestamp&quot;:&quot;0&quot;,&quot;copyright&quot;:&quot;&quot;,&quot;focal_length&quot;:&quot;0&quot;,&quot;iso&quot;:&quot;0&quot;,&quot;shutter_speed&quot;:&quot;0&quot;,&quot;title&quot;:&quot;&quot;,&quot;orientation&quot;:&quot;0&quot;}\" data-image-title=\"1\" data-image-description=\"\" data-image-caption=\"\" data-medium-file=\"https:\/\/www.paudalho.pe.gov.br\/portal\/wp-content\/uploads\/2017\/10\/1-350x230.jpg\" data-large-file=\"https:\/\/www.paudalho.pe.gov.br\/portal\/wp-content\/uploads\/2017\/10\/1-800x450.jpg\" class=\"alignnone size-medium wp-image-1679\" src=\"http:\/\/www.paudalho.pe.gov.br\/portal\/wp-content\/uploads\/2017\/10\/1-350x230.jpg\" alt=\"\" width=\"300\" height=\"197\" \/><\/p>\n","protected":false},"excerpt":{"rendered":"<p>Com o objetivo de aumentar ainda mais a qualidade das apresenta\u00e7\u00f5es do Canta Paudalho, a Prefeitura do munic\u00edpio, por meio da Secretaria de Cultura, vai realizar ensaios com os selecionados para a segunda fase da disputa que vai ocorrer entre os dias 18 e 19 de novembro. Os ensaios v\u00e3o ser na segunda-feira (13) e [&hellip;]<\/p>\n","protected":false},"author":4,"featured_media":1861,"comment_status":"open","ping_status":"open","sticky":false,"template":"","format":"standard","meta":{"_jetpack_newsletter_access":"","_jetpack_dont_email_post_to_subs":false,"_jetpack_newsletter_tier_id":0,"_jetpack_memberships_contains_paywalled_content":false,"_jetpack_memberships_contains_paid_content":false,"footnotes":""},"categories":[6,2],"tags":[85,144,22],"class_list":["post-1860","post","type-post","status-publish","format-standard","has-post-thumbnail","hentry","category-cultura","category-destaque","tag-agricultura","tag-canta-paudalho","tag-prefeitura-do-paudalho"],"jetpack_featured_media_url":"https:\/\/www.paudalho.pe.gov.br\/portal\/wp-content\/uploads\/2017\/11\/essa-canta.jpg","jetpack_sharing_enabled":true,"jetpack_shortlink":"https:\/\/wp.me\/p98mS2-u0","_links":{"self":[{"href":"https:\/\/www.paudalho.pe.gov.br\/portal\/wp-json\/wp\/v2\/posts\/1860","targetHints":{"allow":["GET"]}}],"collection":[{"href":"https:\/\/www.paudalho.pe.gov.br\/portal\/wp-json\/wp\/v2\/posts"}],"about":[{"href":"https:\/\/www.paudalho.pe.gov.br\/portal\/wp-json\/wp\/v2\/types\/post"}],"author":[{"embeddable":true,"href":"https:\/\/www.paudalho.pe.gov.br\/portal\/wp-json\/wp\/v2\/users\/4"}],"replies":[{"embeddable":true,"href":"https:\/\/www.paudalho.pe.gov.br\/portal\/wp-json\/wp\/v2\/comments?post=1860"}],"version-history":[{"count":4,"href":"https:\/\/www.paudalho.pe.gov.br\/portal\/wp-json\/wp\/v2\/posts\/1860\/revisions"}],"predecessor-version":[{"id":1865,"href":"https:\/\/www.paudalho.pe.gov.br\/portal\/wp-json\/wp\/v2\/posts\/1860\/revisions\/1865"}],"wp:featuredmedia":[{"embeddable":true,"href":"https:\/\/www.paudalho.pe.gov.br\/portal\/wp-json\/wp\/v2\/media\/1861"}],"wp:attachment":[{"href":"https:\/\/www.paudalho.pe.gov.br\/portal\/wp-json\/wp\/v2\/media?parent=1860"}],"wp:term":[{"taxonomy":"category","embeddable":true,"href":"https:\/\/www.paudalho.pe.gov.br\/portal\/wp-json\/wp\/v2\/categories?post=1860"},{"taxonomy":"post_tag","embeddable":true,"href":"https:\/\/www.paudalho.pe.gov.br\/portal\/wp-json\/wp\/v2\/tags?post=1860"}],"curies":[{"name":"wp","href":"https:\/\/api.w.org\/{rel}","templated":true}]}}