{"id":18591,"date":"2021-09-23T11:35:47","date_gmt":"2021-09-23T14:35:47","guid":{"rendered":"https:\/\/www.paudalho.pe.gov.br\/portal\/?p=18591"},"modified":"2025-01-08T00:39:24","modified_gmt":"2025-01-08T03:39:24","slug":"prefeitura-do-paudalho-realiza-semana-em-comemoracao-ao-dia-mundial-do-turismo","status":"publish","type":"post","link":"https:\/\/www.paudalho.pe.gov.br\/portal\/prefeitura-do-paudalho-realiza-semana-em-comemoracao-ao-dia-mundial-do-turismo\/","title":{"rendered":"Prefeitura do Paudalho realiza semana em comemora\u00e7\u00e3o ao Dia Mundial do Turismo"},"content":{"rendered":"\n<p>Entre os dias 27 e 03 de outubro, a Prefeitura do Paudalho, por meio da Secretaria Municipal de Cultura, Turismo, Lazer, Esporte e Juventude realiza uma s\u00e9rie de oficinas e palestras que promovem o turismo e a criatividade, fomentando e dando visibilidade ao setor. Dentre as a\u00e7\u00f5es que marcaram a comemora\u00e7\u00e3o da data, est\u00e3o a inaugura\u00e7\u00e3o do Centro de Atendimento ao Turista (CAT) M\u00f3vel.<\/p>\n\n\n\n<p>A primeira atividade do dia ser\u00e1 a inaugura\u00e7\u00e3o do Centro de atendimento ao Turista (CAT) M\u00f3vel em frente a&nbsp;Esta\u00e7\u00e3o Ferrovi\u00e1ria, S\/N, junto a Pra\u00e7a Santa Tereza, \u00e0s 9h. &nbsp;Em seguida,  a equipe da Secretaria ir\u00e1 iniciar as oficinas e palestras em comemora\u00e7\u00e3o.    <\/p>\n\n\n\n<p>Entre as atividades que ser\u00e3o oferecidas para o p\u00fablico, oficinas e palestras. Os interessados em participar dessa a\u00e7\u00e3o devem efetuar o cadastro de forma presencial, na sede da Secretaria, localizada no endere\u00e7o Esta\u00e7\u00e3o Ferrovi\u00e1ria, S\/N, junto a Pra\u00e7a Santa Tereza. O atendimento estar\u00e1 dispon\u00edvel de segunda a sexta, das 08h \u00e0s 16h.<\/p>\n\n\n\n<p><\/p>\n\n\n\n<h2 class=\"wp-block-heading\"><strong> Dia Mundial do Turismo <\/strong><\/h2>\n\n\n\n<p> Comemorado no dia 27 de setembro, o Dia Mundial do Turismo foi criado para destacar uma das mais importantes atividades econ\u00f4micas da atualidade, pertencente ao setor terci\u00e1rio da economia. A data foi oficialmente estabelecida pela Organiza\u00e7\u00e3o Mundial do Turismo (OMT) no ano de 1980. O Dia Nacional do Turismo \u00e9 celebrado em 02 de mar\u00e7o. <\/p>\n\n\n\n<h3 class=\"wp-block-heading\">Confira abaixo a programa\u00e7\u00e3o completa:<\/h3>\n\n\n\n<p><strong>Segunda-feira 27\/09<\/strong><\/p>\n\n\n\n<p>09h: Inaugura\u00e7\u00e3o do Centro de Atendimento ao Turista (CAT) m\u00f3vel (retirada de passaporte)                                 14h30: Oficina: Condutor tur\u00edstico- cultura ecoturismo e roteiro                                                                                         18h: Oficina:&nbsp; Turismo como oportunidade de neg\u00f3cios                                                                                                    18h: Oficina: Inova\u00e7\u00e3o que aumenta as vendas e d\u00e3o resultados<\/p>\n\n\n\n<p><strong>Ter\u00e7a-feira 28\/09<\/strong><\/p>\n\n\n\n<p>18h: Oficina: Instagram para neg\u00f3cios (avan\u00e7ado); como turistas e vender mais.                                                            18h: Palestra: Qualidade de atendimento ao turista<\/p>\n\n\n\n<p><strong>Quarta-feira 29\/09<\/strong><\/p>\n\n\n\n<p>18h: Oficina: Turismo criativo- Uma estrat\u00e9gia de neg\u00f3cio na cadeia de valor do turismo                                             18h: Palestra: Turismo sustentabilidade- Criando oportunidades<\/p>\n\n\n\n<p><strong>Quinta-feira 30\/09<\/strong><\/p>\n\n\n\n<p>18h: Oficina: estrat\u00e9gias de marketing digital voltado para o turismo.                                                                                20h: Mesa redonda: Turismo em Paudalho \u00e9 poss\u00edvel?  (Participa\u00e7\u00e3o de Renato Sertos)<\/p>\n\n\n\n<p><strong>Sexta-feira 01\/10<\/strong><\/p>\n\n\n\n<p>18h: Oficina: WhatsApp business como ferramenta de vendas.                                                                                                            18h: Palestra: O fant\u00e1stico mundo do turismo criativo-oportunidade de neg\u00f3cio.<\/p>\n\n\n\n<p><strong>Domingo 03\/10<\/strong><\/p>\n\n\n\n<p>13h: Centro de atendimento ao turista (CAT) m\u00f3vel (retirada de passaporte)                                                                      15h: Roteiro descubra Paudalho (a p\u00e9 ou de bike)                                                                                                                     15h30: Entrega dos banners e carimbos aos equipamentos tur\u00edsticos e apresenta\u00e7\u00e3o cultural<\/p>\n\n\n\n<figure class=\"wp-block-gallery columns-0 is-cropped wp-block-gallery-1 is-layout-flex wp-block-gallery-is-layout-flex\"><ul class=\"blocks-gallery-grid\"><\/ul><\/figure>\n\n\n\n<p><\/p>\n\n\n\n<p><\/p>\n\n\n\n<p><\/p>\n","protected":false},"excerpt":{"rendered":"<p>Entre os dias 27 e 03 de outubro, a Prefeitura do Paudalho, por meio da Secretaria Municipal de Cultura, Turismo, Lazer, Esporte e Juventude realiza uma s\u00e9rie de oficinas e palestras que promovem o turismo e a criatividade, fomentando e dando visibilidade ao setor. Dentre as a\u00e7\u00f5es que marcaram a comemora\u00e7\u00e3o da data, est\u00e3o a [&hellip;]<\/p>\n","protected":false},"author":2,"featured_media":15502,"comment_status":"open","ping_status":"open","sticky":false,"template":"","format":"standard","meta":{"_jetpack_newsletter_access":"","_jetpack_dont_email_post_to_subs":false,"_jetpack_newsletter_tier_id":0,"_jetpack_memberships_contains_paywalled_content":false,"_jetpack_memberships_contains_paid_content":false,"footnotes":""},"categories":[2,1,753],"tags":[68,14,22],"class_list":["post-18591","post","type-post","status-publish","format-standard","has-post-thumbnail","hentry","category-destaque","category-noticias","category-qualificacao-profissional","tag-cultura","tag-paudalho","tag-prefeitura-do-paudalho"],"jetpack_featured_media_url":"https:\/\/www.paudalho.pe.gov.br\/portal\/wp-content\/uploads\/2021\/06\/WhatsApp-Image-2021-06-10-at-09.29.36.jpeg","jetpack_sharing_enabled":true,"jetpack_shortlink":"https:\/\/wp.me\/p98mS2-4PR","_links":{"self":[{"href":"https:\/\/www.paudalho.pe.gov.br\/portal\/wp-json\/wp\/v2\/posts\/18591","targetHints":{"allow":["GET"]}}],"collection":[{"href":"https:\/\/www.paudalho.pe.gov.br\/portal\/wp-json\/wp\/v2\/posts"}],"about":[{"href":"https:\/\/www.paudalho.pe.gov.br\/portal\/wp-json\/wp\/v2\/types\/post"}],"author":[{"embeddable":true,"href":"https:\/\/www.paudalho.pe.gov.br\/portal\/wp-json\/wp\/v2\/users\/2"}],"replies":[{"embeddable":true,"href":"https:\/\/www.paudalho.pe.gov.br\/portal\/wp-json\/wp\/v2\/comments?post=18591"}],"version-history":[{"count":8,"href":"https:\/\/www.paudalho.pe.gov.br\/portal\/wp-json\/wp\/v2\/posts\/18591\/revisions"}],"predecessor-version":[{"id":18604,"href":"https:\/\/www.paudalho.pe.gov.br\/portal\/wp-json\/wp\/v2\/posts\/18591\/revisions\/18604"}],"wp:featuredmedia":[{"embeddable":true,"href":"https:\/\/www.paudalho.pe.gov.br\/portal\/wp-json\/wp\/v2\/media\/15502"}],"wp:attachment":[{"href":"https:\/\/www.paudalho.pe.gov.br\/portal\/wp-json\/wp\/v2\/media?parent=18591"}],"wp:term":[{"taxonomy":"category","embeddable":true,"href":"https:\/\/www.paudalho.pe.gov.br\/portal\/wp-json\/wp\/v2\/categories?post=18591"},{"taxonomy":"post_tag","embeddable":true,"href":"https:\/\/www.paudalho.pe.gov.br\/portal\/wp-json\/wp\/v2\/tags?post=18591"}],"curies":[{"name":"wp","href":"https:\/\/api.w.org\/{rel}","templated":true}]}}