{"id":18518,"date":"2021-09-29T10:32:26","date_gmt":"2021-09-29T13:32:26","guid":{"rendered":"https:\/\/www.paudalho.pe.gov.br\/portal\/?p=18518"},"modified":"2025-01-08T00:39:24","modified_gmt":"2025-01-08T03:39:24","slug":"prefeitura-do-paudalho-realiza-i-amostra-de-seguranca-alimentar-e-nutricional-do-municipio","status":"publish","type":"post","link":"https:\/\/www.paudalho.pe.gov.br\/portal\/prefeitura-do-paudalho-realiza-i-amostra-de-seguranca-alimentar-e-nutricional-do-municipio\/","title":{"rendered":"Prefeitura do Paudalho realiza I Amostra de Seguran\u00e7a Alimentar e Nutricional do Munic\u00edpio"},"content":{"rendered":"\n<p>A Prefeitura do Paudalho, por meio da Secretaria de Desenvolvimento  e  Assist\u00eancia Social (SEDAS) em parceria com o Conselho Municipal de Seguran\u00e7a Alimentar e Nutricional (COMSEA) e a C\u00e2mara Intersecretarias de Seguran\u00e7a Alimentar e Nutricional (CAISAN), realizar\u00e1 nesta quinta-feira (30), a 1\u00b0 Amostra de Seguran\u00e7a Alimentar e Nutricional do Munic\u00edpio de Paudalho, em alus\u00e3o ao Dia Estadual de Seguran\u00e7a Alimentar e Nutricional, comemorado no m\u00eas de setembro. O evento ser\u00e1 realizado no P\u00e1tio de Feira livre da cidade, no Centro, com in\u00edcio \u00e0s 8h at\u00e9 \u00e0s 12h. O evento ser\u00e1 aberto ao p\u00fablico.  Durante o momento ser\u00e1 apresentado comidas feitas com carne de jaca. A oficina \u00e9 realizada pela Secretaria de Cultura, Turismo, Esporte, Juventude e Lazer com as mulheres do munic\u00edpio e busca a economia criativa na cidade.<\/p>\n\n\n\n<h3 class=\"wp-block-heading\"><strong>Carne de Jaca<\/strong><\/h3>\n\n\n\n<p>A carne de jaca\u00a0\u00e9 feita com a jaca ainda verde, ou seja, com os gomos firmes e sem o aroma frutado.\u00a0A parte da fruta que geralmente sobra depois da retirada das sementes e bagos, onde essa \u201csobra\u201d \u00e9 retirada para fazer uma vers\u00e3o de carne desfiada, mas\u00a0sem produtos de origem animal. \u00a0Essa t\u00e9cnica garante que a \u201ccarne\u201d n\u00e3o fique com o sabor da fruta, e \u00e9 muito vers\u00e1til para recheios de salgados ou pratos que levem carne, se mostrando como uma alternativa para variar as tradicionais carnes de boi ou frango.<\/p>\n\n\n\n<figure class=\"wp-block-gallery columns-3 is-cropped wp-block-gallery-1 is-layout-flex wp-block-gallery-is-layout-flex\"><ul class=\"blocks-gallery-grid\"><li class=\"blocks-gallery-item\"><figure><img loading=\"lazy\" decoding=\"async\" width=\"800\" height=\"450\" data-attachment-id=\"18710\" data-permalink=\"https:\/\/www.paudalho.pe.gov.br\/portal\/prefeitura-do-paudalho-realiza-i-amostra-de-seguranca-alimentar-e-nutricional-do-municipio\/whatsapp-image-2021-09-28-at-16-20-50\/\" data-orig-file=\"https:\/\/www.paudalho.pe.gov.br\/portal\/wp-content\/uploads\/2021\/09\/WhatsApp-Image-2021-09-28-at-16.20.50.jpeg\" data-orig-size=\"1000,750\" data-comments-opened=\"1\" data-image-meta=\"{&quot;aperture&quot;:&quot;0&quot;,&quot;credit&quot;:&quot;&quot;,&quot;camera&quot;:&quot;&quot;,&quot;caption&quot;:&quot;&quot;,&quot;created_timestamp&quot;:&quot;0&quot;,&quot;copyright&quot;:&quot;&quot;,&quot;focal_length&quot;:&quot;0&quot;,&quot;iso&quot;:&quot;0&quot;,&quot;shutter_speed&quot;:&quot;0&quot;,&quot;title&quot;:&quot;&quot;,&quot;orientation&quot;:&quot;0&quot;}\" data-image-title=\"WhatsApp-Image-2021-09-28-at-16.20.50\" data-image-description=\"\" data-image-caption=\"\" data-medium-file=\"https:\/\/www.paudalho.pe.gov.br\/portal\/wp-content\/uploads\/2021\/09\/WhatsApp-Image-2021-09-28-at-16.20.50-350x230.jpeg\" data-large-file=\"https:\/\/www.paudalho.pe.gov.br\/portal\/wp-content\/uploads\/2021\/09\/WhatsApp-Image-2021-09-28-at-16.20.50-800x450.jpeg\" src=\"https:\/\/www.paudalho.pe.gov.br\/portal\/wp-content\/uploads\/2021\/09\/WhatsApp-Image-2021-09-28-at-16.20.50-800x450.jpeg\" alt=\"\" data-id=\"18710\" data-full-url=\"https:\/\/www.paudalho.pe.gov.br\/portal\/wp-content\/uploads\/2021\/09\/WhatsApp-Image-2021-09-28-at-16.20.50.jpeg\" data-link=\"https:\/\/www.paudalho.pe.gov.br\/portal\/?attachment_id=18710\" class=\"wp-image-18710\"\/><\/figure><\/li><li class=\"blocks-gallery-item\"><figure><img loading=\"lazy\" decoding=\"async\" width=\"800\" height=\"450\" data-attachment-id=\"18711\" data-permalink=\"https:\/\/www.paudalho.pe.gov.br\/portal\/prefeitura-do-paudalho-realiza-i-amostra-de-seguranca-alimentar-e-nutricional-do-municipio\/whatsapp-image-2021-09-28-at-16-20-49\/\" data-orig-file=\"https:\/\/www.paudalho.pe.gov.br\/portal\/wp-content\/uploads\/2021\/09\/WhatsApp-Image-2021-09-28-at-16.20.49.jpeg\" data-orig-size=\"1000,750\" data-comments-opened=\"1\" data-image-meta=\"{&quot;aperture&quot;:&quot;0&quot;,&quot;credit&quot;:&quot;&quot;,&quot;camera&quot;:&quot;&quot;,&quot;caption&quot;:&quot;&quot;,&quot;created_timestamp&quot;:&quot;0&quot;,&quot;copyright&quot;:&quot;&quot;,&quot;focal_length&quot;:&quot;0&quot;,&quot;iso&quot;:&quot;0&quot;,&quot;shutter_speed&quot;:&quot;0&quot;,&quot;title&quot;:&quot;&quot;,&quot;orientation&quot;:&quot;0&quot;}\" data-image-title=\"WhatsApp-Image-2021-09-28-at-16.20.49\" data-image-description=\"\" data-image-caption=\"\" data-medium-file=\"https:\/\/www.paudalho.pe.gov.br\/portal\/wp-content\/uploads\/2021\/09\/WhatsApp-Image-2021-09-28-at-16.20.49-350x230.jpeg\" data-large-file=\"https:\/\/www.paudalho.pe.gov.br\/portal\/wp-content\/uploads\/2021\/09\/WhatsApp-Image-2021-09-28-at-16.20.49-800x450.jpeg\" src=\"https:\/\/www.paudalho.pe.gov.br\/portal\/wp-content\/uploads\/2021\/09\/WhatsApp-Image-2021-09-28-at-16.20.49-800x450.jpeg\" alt=\"\" data-id=\"18711\" data-full-url=\"https:\/\/www.paudalho.pe.gov.br\/portal\/wp-content\/uploads\/2021\/09\/WhatsApp-Image-2021-09-28-at-16.20.49.jpeg\" data-link=\"https:\/\/www.paudalho.pe.gov.br\/portal\/?attachment_id=18711\" class=\"wp-image-18711\"\/><\/figure><\/li><li class=\"blocks-gallery-item\"><figure><img loading=\"lazy\" decoding=\"async\" width=\"800\" height=\"450\" data-attachment-id=\"18712\" data-permalink=\"https:\/\/www.paudalho.pe.gov.br\/portal\/prefeitura-do-paudalho-realiza-i-amostra-de-seguranca-alimentar-e-nutricional-do-municipio\/whatsapp-image-2021-09-28-at-16-20-51\/\" data-orig-file=\"https:\/\/www.paudalho.pe.gov.br\/portal\/wp-content\/uploads\/2021\/09\/WhatsApp-Image-2021-09-28-at-16.20.51.jpeg\" data-orig-size=\"1000,750\" data-comments-opened=\"1\" data-image-meta=\"{&quot;aperture&quot;:&quot;0&quot;,&quot;credit&quot;:&quot;&quot;,&quot;camera&quot;:&quot;&quot;,&quot;caption&quot;:&quot;&quot;,&quot;created_timestamp&quot;:&quot;0&quot;,&quot;copyright&quot;:&quot;&quot;,&quot;focal_length&quot;:&quot;0&quot;,&quot;iso&quot;:&quot;0&quot;,&quot;shutter_speed&quot;:&quot;0&quot;,&quot;title&quot;:&quot;&quot;,&quot;orientation&quot;:&quot;0&quot;}\" data-image-title=\"WhatsApp-Image-2021-09-28-at-16.20.51\" data-image-description=\"\" data-image-caption=\"\" data-medium-file=\"https:\/\/www.paudalho.pe.gov.br\/portal\/wp-content\/uploads\/2021\/09\/WhatsApp-Image-2021-09-28-at-16.20.51-350x230.jpeg\" data-large-file=\"https:\/\/www.paudalho.pe.gov.br\/portal\/wp-content\/uploads\/2021\/09\/WhatsApp-Image-2021-09-28-at-16.20.51-800x450.jpeg\" src=\"https:\/\/www.paudalho.pe.gov.br\/portal\/wp-content\/uploads\/2021\/09\/WhatsApp-Image-2021-09-28-at-16.20.51-800x450.jpeg\" alt=\"\" data-id=\"18712\" data-full-url=\"https:\/\/www.paudalho.pe.gov.br\/portal\/wp-content\/uploads\/2021\/09\/WhatsApp-Image-2021-09-28-at-16.20.51.jpeg\" data-link=\"https:\/\/www.paudalho.pe.gov.br\/portal\/?attachment_id=18712\" class=\"wp-image-18712\"\/><\/figure><\/li><\/ul><\/figure>\n\n\n\n<h3 class=\"wp-block-heading\">Seguran\u00e7a Alimentar e Nutricional<\/h3>\n\n\n\n<p>Seguran\u00e7a Alimentar e Nutricional \u2013 SAN entende-se a realiza\u00e7\u00e3o do direito de todos ao acesso regular e permanente a alimentos de qualidade, em quantidade suficiente, sem comprometer o acesso a outras necessidades essenciais, tendo como base pr\u00e1ticas alimentares promotoras de sa\u00fade que respeitem a diversidade cultural e que sejam ambiental, cultural, econ\u00f4mica e socialmente sustent\u00e1veis.<\/p>\n\n\n\n<p><\/p>\n\n\n\n<p> <\/p>\n","protected":false},"excerpt":{"rendered":"<p>A Prefeitura do Paudalho, por meio da Secretaria de Desenvolvimento e Assist\u00eancia Social (SEDAS) em parceria com o Conselho Municipal de Seguran\u00e7a Alimentar e Nutricional (COMSEA) e a C\u00e2mara Intersecretarias de Seguran\u00e7a Alimentar e Nutricional (CAISAN), realizar\u00e1 nesta quinta-feira (30), a 1\u00b0 Amostra de Seguran\u00e7a Alimentar e Nutricional do Munic\u00edpio de Paudalho, em alus\u00e3o ao [&hellip;]<\/p>\n","protected":false},"author":2,"featured_media":18706,"comment_status":"open","ping_status":"open","sticky":false,"template":"","format":"standard","meta":{"_jetpack_newsletter_access":"","_jetpack_dont_email_post_to_subs":false,"_jetpack_newsletter_tier_id":0,"_jetpack_memberships_contains_paywalled_content":false,"_jetpack_memberships_contains_paid_content":false,"footnotes":""},"categories":[2,1],"tags":[14,22,16],"class_list":["post-18518","post","type-post","status-publish","format-standard","has-post-thumbnail","hentry","category-destaque","category-noticias","tag-paudalho","tag-prefeitura-do-paudalho","tag-saude"],"jetpack_featured_media_url":"https:\/\/www.paudalho.pe.gov.br\/portal\/wp-content\/uploads\/2021\/09\/foto.jpg","jetpack_sharing_enabled":true,"jetpack_shortlink":"https:\/\/wp.me\/p98mS2-4OG","_links":{"self":[{"href":"https:\/\/www.paudalho.pe.gov.br\/portal\/wp-json\/wp\/v2\/posts\/18518","targetHints":{"allow":["GET"]}}],"collection":[{"href":"https:\/\/www.paudalho.pe.gov.br\/portal\/wp-json\/wp\/v2\/posts"}],"about":[{"href":"https:\/\/www.paudalho.pe.gov.br\/portal\/wp-json\/wp\/v2\/types\/post"}],"author":[{"embeddable":true,"href":"https:\/\/www.paudalho.pe.gov.br\/portal\/wp-json\/wp\/v2\/users\/2"}],"replies":[{"embeddable":true,"href":"https:\/\/www.paudalho.pe.gov.br\/portal\/wp-json\/wp\/v2\/comments?post=18518"}],"version-history":[{"count":8,"href":"https:\/\/www.paudalho.pe.gov.br\/portal\/wp-json\/wp\/v2\/posts\/18518\/revisions"}],"predecessor-version":[{"id":18728,"href":"https:\/\/www.paudalho.pe.gov.br\/portal\/wp-json\/wp\/v2\/posts\/18518\/revisions\/18728"}],"wp:featuredmedia":[{"embeddable":true,"href":"https:\/\/www.paudalho.pe.gov.br\/portal\/wp-json\/wp\/v2\/media\/18706"}],"wp:attachment":[{"href":"https:\/\/www.paudalho.pe.gov.br\/portal\/wp-json\/wp\/v2\/media?parent=18518"}],"wp:term":[{"taxonomy":"category","embeddable":true,"href":"https:\/\/www.paudalho.pe.gov.br\/portal\/wp-json\/wp\/v2\/categories?post=18518"},{"taxonomy":"post_tag","embeddable":true,"href":"https:\/\/www.paudalho.pe.gov.br\/portal\/wp-json\/wp\/v2\/tags?post=18518"}],"curies":[{"name":"wp","href":"https:\/\/api.w.org\/{rel}","templated":true}]}}