{"id":18401,"date":"2021-09-18T15:36:57","date_gmt":"2021-09-18T18:36:57","guid":{"rendered":"https:\/\/www.paudalho.pe.gov.br\/portal\/?p=18401"},"modified":"2025-01-08T00:39:25","modified_gmt":"2025-01-08T03:39:25","slug":"casa-das-juventudes-mailson-francisco-da-silva-realiza-pre-inscricao-para-cursos-e-oficinas","status":"publish","type":"post","link":"https:\/\/www.paudalho.pe.gov.br\/portal\/casa-das-juventudes-mailson-francisco-da-silva-realiza-pre-inscricao-para-cursos-e-oficinas\/","title":{"rendered":"Casa das Juventudes Mailson Francisco da Silva realiza pr\u00e9-inscri\u00e7\u00e3o para cursos e oficinas"},"content":{"rendered":"\n<p>A Prefeitura do Paudalho, por meio de sua Secretaria Municipal de Cultura, Turismo, Lazer, Esporte e Juventude, lan\u00e7ou nos \u00faltimos dias, o link de pr\u00e9-inscri\u00e7\u00e3o para os cursos e oficinas da Casa das Juventudes Ma\u00edlson Francisco da Silva. O local ir\u00e1 disponibilizar curso de fotografia, dic\u00e7\u00e3o e orat\u00f3ria, atendimento ao p\u00fablico e administra\u00e7\u00e3o ao tempo, tamb\u00e9m iremos oferta oficinas de ballet e hip hop.<br>A pr\u00e9-inscri\u00e7\u00e3o \u00e9 realizada, atrav\u00e9s de um formul\u00e1rio on-line e pode ser feita dentro de poucos minutos. O question\u00e1rio ficar\u00e1 aberto. Por meio da a\u00e7\u00e3o, paudalhenses a partir de 14 anos de idade poder\u00e3o ter acesso aos cursos e oficinas com certificados. O objetivo \u00e9 contribuir ainda mais com a educa\u00e7\u00e3o para esta parte da popula\u00e7\u00e3o.<\/p>\n\n\n\n<figure class=\"wp-block-image size-large\"><img loading=\"lazy\" decoding=\"async\" width=\"800\" height=\"450\" data-attachment-id=\"18182\" data-permalink=\"https:\/\/www.paudalho.pe.gov.br\/portal\/com-foco-na-populacao-jovem-paudalho-entregara-casa-das-juventudes-mailson-francisco-da-silva-nesta-sexta-feira-10\/whatsapp-image-2021-09-08-at-16-32-48\/\" data-orig-file=\"https:\/\/www.paudalho.pe.gov.br\/portal\/wp-content\/uploads\/2021\/09\/WhatsApp-Image-2021-09-08-at-16.32.48.jpeg\" data-orig-size=\"1600,1066\" data-comments-opened=\"1\" data-image-meta=\"{&quot;aperture&quot;:&quot;0&quot;,&quot;credit&quot;:&quot;&quot;,&quot;camera&quot;:&quot;&quot;,&quot;caption&quot;:&quot;&quot;,&quot;created_timestamp&quot;:&quot;0&quot;,&quot;copyright&quot;:&quot;&quot;,&quot;focal_length&quot;:&quot;0&quot;,&quot;iso&quot;:&quot;0&quot;,&quot;shutter_speed&quot;:&quot;0&quot;,&quot;title&quot;:&quot;&quot;,&quot;orientation&quot;:&quot;0&quot;}\" data-image-title=\"WhatsApp Image 2021-09-08 at 16.32.48\" data-image-description=\"\" data-image-caption=\"&lt;p&gt;Foto: Josu\u00e9 J\u00fanior\/PMP.&lt;\/p&gt;\n\" data-medium-file=\"https:\/\/www.paudalho.pe.gov.br\/portal\/wp-content\/uploads\/2021\/09\/WhatsApp-Image-2021-09-08-at-16.32.48-350x230.jpeg\" data-large-file=\"https:\/\/www.paudalho.pe.gov.br\/portal\/wp-content\/uploads\/2021\/09\/WhatsApp-Image-2021-09-08-at-16.32.48-800x450.jpeg\" src=\"https:\/\/www.paudalho.pe.gov.br\/portal\/wp-content\/uploads\/2021\/09\/WhatsApp-Image-2021-09-08-at-16.32.48-800x450.jpeg\" alt=\"\" class=\"wp-image-18182\"\/><figcaption>Foto: Josu\u00e9 J\u00fanior\/PMP.<\/figcaption><\/figure>\n\n\n\n<p>  O coordenador \u00c9derson Luiz, comenta sobre a casa. &#8220;A casa das juventudes, \u00e9 um espa\u00e7o de grande import\u00e2ncia na forma\u00e7\u00e3o da juventude paudalhense, tanto como pessoa, quanto no \u00e2mbito profissional. Um local de acolhimento e oportunidades, para que os jovens aflorem as boas qualidades e consigam transformar suas realidades e formar uma sociedade melhor.&#8221; <\/p>\n\n\n\n<p>O assessor t\u00e9cnico Devid Fran\u00e7a, comenta da import\u00e2ncia. &#8220;A casa das Juventudes \u00e9 um espa\u00e7o para os nossos jovens paudalhenses, onde eles podem participar das oficinas e cursos ofertados. Sabemos que a educa\u00e7\u00e3o \u00e9 a pe\u00e7a principal para o futuro da juventude.&#8221;<\/p>\n\n\n\n<p><\/p>\n\n\n\n<p><strong><a href=\"https:\/\/docs.google.com\/forms\/d\/e\/1FAIpQLSdwog-QmwsIhn4dXDusz-BCVAXLL1qsqGDjlULyCA_0Fa55Vg\/alreadyresponded\">Lin<\/a><\/strong><a href=\"https:\/\/docs.google.com\/forms\/d\/e\/1FAIpQLSdwog-QmwsIhn4dXDusz-BCVAXLL1qsqGDjlULyCA_0Fa55Vg\/alreadyresponded\"><strong>k para a pr\u00e9-inscri\u00e7\u00e3o:<\/strong><\/a><\/p>\n","protected":false},"excerpt":{"rendered":"<p>A Prefeitura do Paudalho, por meio de sua Secretaria Municipal de Cultura, Turismo, Lazer, Esporte e Juventude, lan\u00e7ou nos \u00faltimos dias, o link de pr\u00e9-inscri\u00e7\u00e3o para os cursos e oficinas da Casa das Juventudes Ma\u00edlson Francisco da Silva. O local ir\u00e1 disponibilizar curso de fotografia, dic\u00e7\u00e3o e orat\u00f3ria, atendimento ao p\u00fablico e administra\u00e7\u00e3o ao tempo, [&hellip;]<\/p>\n","protected":false},"author":2,"featured_media":18178,"comment_status":"open","ping_status":"open","sticky":false,"template":"","format":"standard","meta":{"_jetpack_newsletter_access":"","_jetpack_dont_email_post_to_subs":false,"_jetpack_newsletter_tier_id":0,"_jetpack_memberships_contains_paywalled_content":false,"_jetpack_memberships_contains_paid_content":false,"footnotes":""},"categories":[2,793,1],"tags":[433,796,14,22,713],"class_list":["post-18401","post","type-post","status-publish","format-standard","has-post-thumbnail","hentry","category-destaque","category-juventudes","category-noticias","tag-juventude","tag-juventudes","tag-paudalho","tag-prefeitura-do-paudalho","tag-secretaria-municipal-de-cultura-esporte-juventude-turismo-e-lazer"],"jetpack_featured_media_url":"https:\/\/www.paudalho.pe.gov.br\/portal\/wp-content\/uploads\/2021\/09\/WhatsApp-Image-2021-09-08-at-16.32.46-2.jpeg","jetpack_sharing_enabled":true,"jetpack_shortlink":"https:\/\/wp.me\/p98mS2-4MN","_links":{"self":[{"href":"https:\/\/www.paudalho.pe.gov.br\/portal\/wp-json\/wp\/v2\/posts\/18401","targetHints":{"allow":["GET"]}}],"collection":[{"href":"https:\/\/www.paudalho.pe.gov.br\/portal\/wp-json\/wp\/v2\/posts"}],"about":[{"href":"https:\/\/www.paudalho.pe.gov.br\/portal\/wp-json\/wp\/v2\/types\/post"}],"author":[{"embeddable":true,"href":"https:\/\/www.paudalho.pe.gov.br\/portal\/wp-json\/wp\/v2\/users\/2"}],"replies":[{"embeddable":true,"href":"https:\/\/www.paudalho.pe.gov.br\/portal\/wp-json\/wp\/v2\/comments?post=18401"}],"version-history":[{"count":11,"href":"https:\/\/www.paudalho.pe.gov.br\/portal\/wp-json\/wp\/v2\/posts\/18401\/revisions"}],"predecessor-version":[{"id":18484,"href":"https:\/\/www.paudalho.pe.gov.br\/portal\/wp-json\/wp\/v2\/posts\/18401\/revisions\/18484"}],"wp:featuredmedia":[{"embeddable":true,"href":"https:\/\/www.paudalho.pe.gov.br\/portal\/wp-json\/wp\/v2\/media\/18178"}],"wp:attachment":[{"href":"https:\/\/www.paudalho.pe.gov.br\/portal\/wp-json\/wp\/v2\/media?parent=18401"}],"wp:term":[{"taxonomy":"category","embeddable":true,"href":"https:\/\/www.paudalho.pe.gov.br\/portal\/wp-json\/wp\/v2\/categories?post=18401"},{"taxonomy":"post_tag","embeddable":true,"href":"https:\/\/www.paudalho.pe.gov.br\/portal\/wp-json\/wp\/v2\/tags?post=18401"}],"curies":[{"name":"wp","href":"https:\/\/api.w.org\/{rel}","templated":true}]}}