{"id":18398,"date":"2021-09-16T08:22:17","date_gmt":"2021-09-16T11:22:17","guid":{"rendered":"https:\/\/www.paudalho.pe.gov.br\/portal\/?p=18398"},"modified":"2025-01-08T00:39:25","modified_gmt":"2025-01-08T03:39:25","slug":"paudalho-inicia-aplicacao-de-dose-reforco-nesta-quarta-feira-15","status":"publish","type":"post","link":"https:\/\/www.paudalho.pe.gov.br\/portal\/paudalho-inicia-aplicacao-de-dose-reforco-nesta-quarta-feira-15\/","title":{"rendered":"Paudalho inicia aplica\u00e7\u00e3o de dose refor\u00e7o nesta quarta-feira (15)"},"content":{"rendered":"\n<p>A Prefeitura do Paudalho, por meio da Secretaria Municipal de Sa\u00fade iniciou na \u00faltima quarta-feira (15), a aplica\u00e7\u00e3o do refor\u00e7o da vacina\u00e7\u00e3o em idosos com mais de 70 anos que tenham recebido a segunda dose h\u00e1 pelo menos seis meses. Os documentos necess\u00e1rios s\u00e3o RG, CPF e o comprovante de vacina\u00e7\u00e3o.<\/p>\n\n\n\n<p> O atendimento continua sendo realizado no drive-thru que funciona de segunda a s\u00e1bado, das 8h \u00e0s 16h, com exce\u00e7\u00e3o para as quintas e ter\u00e7as-feiras, dias em que o hor\u00e1rio \u00e9 estendido at\u00e9 \u00e0s 20h. Durante o atendimento, o idoso dever\u00e1 apresentar um documento com foto, o CPF e o cart\u00e3o de vacina.<br>A dose de refor\u00e7o consiste em uma dose extra de uma vacina j\u00e1 recebida por um indiv\u00edduo, mantendo a imunidade contra a covid-19.<\/p>\n\n\n\n<h3 class=\"wp-block-heading\">Campanha de vacina\u00e7\u00e3o<\/h3>\n\n\n\n<p>O munic\u00edpio avan\u00e7a e j\u00e1 conta com mais de 49 mil doses aplicadas em sua popula\u00e7\u00e3o. Atualmente, os jovens a partir dos 12 anos j\u00e1 podem tomar sua dose do imunizante, basta ir at\u00e9 o ponto de vacina\u00e7\u00e3o drive-thru, com os documentos necess\u00e1rios RG, CPF e acompanhado de um respons\u00e1vel.<br>De acordo com dados divulgados pela Secretaria Municipal de Sa\u00fade atrav\u00e9s da ferramenta on-line Vacin\u00f4metro, do in\u00edcio da campanha, em janeiro de 2021, at\u00e9 a \u00faltima quarta-feira (15), 49.074 doses dos imunizantes j\u00e1 foram aplicadas. Desse total, 34.901 (71.1%) foram da primeira dose, 13.625 (27.8%) da segunda e 548 (1,1%) foram de imunizantes em dose \u00fanica.<\/p>\n\n\n\n<p><\/p>\n","protected":false},"excerpt":{"rendered":"<p>A Prefeitura do Paudalho, por meio da Secretaria Municipal de Sa\u00fade iniciou na \u00faltima quarta-feira (15), a aplica\u00e7\u00e3o do refor\u00e7o da vacina\u00e7\u00e3o em idosos com mais de 70 anos que tenham recebido a segunda dose h\u00e1 pelo menos seis meses. Os documentos necess\u00e1rios s\u00e3o RG, CPF e o comprovante de vacina\u00e7\u00e3o. O atendimento continua sendo [&hellip;]<\/p>\n","protected":false},"author":2,"featured_media":18400,"comment_status":"open","ping_status":"open","sticky":false,"template":"","format":"standard","meta":{"_jetpack_newsletter_access":"","_jetpack_dont_email_post_to_subs":false,"_jetpack_newsletter_tier_id":0,"_jetpack_memberships_contains_paywalled_content":false,"_jetpack_memberships_contains_paid_content":false,"footnotes":""},"categories":[2,1,3],"tags":[14,22,16],"class_list":["post-18398","post","type-post","status-publish","format-standard","has-post-thumbnail","hentry","category-destaque","category-noticias","category-saude","tag-paudalho","tag-prefeitura-do-paudalho","tag-saude"],"jetpack_featured_media_url":"https:\/\/www.paudalho.pe.gov.br\/portal\/wp-content\/uploads\/2021\/09\/WhatsApp-Image-2021-09-15-at-09.32.01.jpeg","jetpack_sharing_enabled":true,"jetpack_shortlink":"https:\/\/wp.me\/p98mS2-4MK","_links":{"self":[{"href":"https:\/\/www.paudalho.pe.gov.br\/portal\/wp-json\/wp\/v2\/posts\/18398","targetHints":{"allow":["GET"]}}],"collection":[{"href":"https:\/\/www.paudalho.pe.gov.br\/portal\/wp-json\/wp\/v2\/posts"}],"about":[{"href":"https:\/\/www.paudalho.pe.gov.br\/portal\/wp-json\/wp\/v2\/types\/post"}],"author":[{"embeddable":true,"href":"https:\/\/www.paudalho.pe.gov.br\/portal\/wp-json\/wp\/v2\/users\/2"}],"replies":[{"embeddable":true,"href":"https:\/\/www.paudalho.pe.gov.br\/portal\/wp-json\/wp\/v2\/comments?post=18398"}],"version-history":[{"count":8,"href":"https:\/\/www.paudalho.pe.gov.br\/portal\/wp-json\/wp\/v2\/posts\/18398\/revisions"}],"predecessor-version":[{"id":18412,"href":"https:\/\/www.paudalho.pe.gov.br\/portal\/wp-json\/wp\/v2\/posts\/18398\/revisions\/18412"}],"wp:featuredmedia":[{"embeddable":true,"href":"https:\/\/www.paudalho.pe.gov.br\/portal\/wp-json\/wp\/v2\/media\/18400"}],"wp:attachment":[{"href":"https:\/\/www.paudalho.pe.gov.br\/portal\/wp-json\/wp\/v2\/media?parent=18398"}],"wp:term":[{"taxonomy":"category","embeddable":true,"href":"https:\/\/www.paudalho.pe.gov.br\/portal\/wp-json\/wp\/v2\/categories?post=18398"},{"taxonomy":"post_tag","embeddable":true,"href":"https:\/\/www.paudalho.pe.gov.br\/portal\/wp-json\/wp\/v2\/tags?post=18398"}],"curies":[{"name":"wp","href":"https:\/\/api.w.org\/{rel}","templated":true}]}}