{"id":18342,"date":"2021-09-13T14:09:46","date_gmt":"2021-09-13T17:09:46","guid":{"rendered":"https:\/\/www.paudalho.pe.gov.br\/portal\/?p=18342"},"modified":"2025-01-08T00:39:25","modified_gmt":"2025-01-08T03:39:25","slug":"prefeitura-do-paudalho-realizou-audiencia-publica-para-discursao-e-elaboracao-da-lei-orcamentaria-anual-loa","status":"publish","type":"post","link":"https:\/\/www.paudalho.pe.gov.br\/portal\/prefeitura-do-paudalho-realizou-audiencia-publica-para-discursao-e-elaboracao-da-lei-orcamentaria-anual-loa\/","title":{"rendered":"Prefeitura do Paudalho realizou audi\u00eancia p\u00fablica para discurs\u00e3o e elabora\u00e7\u00e3o da Lei Or\u00e7ament\u00e1ria Anual (LOA)"},"content":{"rendered":"\n<p>A Prefeitura do Paudalho realizou na manh\u00e3 desta segunda-feira (13), audi\u00eancia p\u00fablica para discurs\u00e3o e elabora\u00e7\u00e3o da Lei Or\u00e7ament\u00e1ria Anual (LOA), do ano de 2022 e atualiza\u00e7\u00e3o do Plano Plurianual (PPA).  A reuni\u00e3o teve inicio \u00e0s 10h, na C\u00e2mara Municipal do Paudalho com transmiss\u00e3o ao vivo na pagina da Prefeitura Municipal. O PPA prev\u00ea todas as receitas e despesas que o munic\u00edpio pretende executar nos pr\u00f3ximos anos. Sobre o or\u00e7amento para este ano, o documento segue, agora para vota\u00e7\u00e3o na C\u00e2mara dos Vereadores.<\/p>\n\n\n\n<figure class=\"wp-block-gallery columns-3 is-cropped wp-block-gallery-1 is-layout-flex wp-block-gallery-is-layout-flex\"><ul class=\"blocks-gallery-grid\"><li class=\"blocks-gallery-item\"><figure><img loading=\"lazy\" decoding=\"async\" width=\"800\" height=\"450\" data-attachment-id=\"18351\" data-permalink=\"https:\/\/www.paudalho.pe.gov.br\/portal\/prefeitura-do-paudalho-realizou-audiencia-publica-para-discursao-e-elaboracao-da-lei-orcamentaria-anual-loa\/whatsapp-image-2021-09-13-at-12-56-06-2\/\" data-orig-file=\"https:\/\/www.paudalho.pe.gov.br\/portal\/wp-content\/uploads\/2021\/09\/WhatsApp-Image-2021-09-13-at-12.56.06-2.jpeg\" data-orig-size=\"1600,1200\" data-comments-opened=\"1\" data-image-meta=\"{&quot;aperture&quot;:&quot;0&quot;,&quot;credit&quot;:&quot;&quot;,&quot;camera&quot;:&quot;&quot;,&quot;caption&quot;:&quot;&quot;,&quot;created_timestamp&quot;:&quot;0&quot;,&quot;copyright&quot;:&quot;&quot;,&quot;focal_length&quot;:&quot;0&quot;,&quot;iso&quot;:&quot;0&quot;,&quot;shutter_speed&quot;:&quot;0&quot;,&quot;title&quot;:&quot;&quot;,&quot;orientation&quot;:&quot;0&quot;}\" data-image-title=\"WhatsApp-Image-2021-09-13-at-12.56.06-2\" data-image-description=\"\" data-image-caption=\"\" data-medium-file=\"https:\/\/www.paudalho.pe.gov.br\/portal\/wp-content\/uploads\/2021\/09\/WhatsApp-Image-2021-09-13-at-12.56.06-2-350x230.jpeg\" data-large-file=\"https:\/\/www.paudalho.pe.gov.br\/portal\/wp-content\/uploads\/2021\/09\/WhatsApp-Image-2021-09-13-at-12.56.06-2-800x450.jpeg\" src=\"https:\/\/www.paudalho.pe.gov.br\/portal\/wp-content\/uploads\/2021\/09\/WhatsApp-Image-2021-09-13-at-12.56.06-2-800x450.jpeg\" alt=\"\" data-id=\"18351\" data-full-url=\"https:\/\/www.paudalho.pe.gov.br\/portal\/wp-content\/uploads\/2021\/09\/WhatsApp-Image-2021-09-13-at-12.56.06-2.jpeg\" data-link=\"https:\/\/www.paudalho.pe.gov.br\/portal\/?attachment_id=18351\" class=\"wp-image-18351\"\/><figcaption class=\"blocks-gallery-item__caption\">Audi\u00eancia p\u00fablica <br>Foto: Guilherme Ricardo\/PMP<\/figcaption><\/figure><\/li><li class=\"blocks-gallery-item\"><figure><img loading=\"lazy\" decoding=\"async\" width=\"800\" height=\"450\" data-attachment-id=\"18352\" data-permalink=\"https:\/\/www.paudalho.pe.gov.br\/portal\/prefeitura-do-paudalho-realizou-audiencia-publica-para-discursao-e-elaboracao-da-lei-orcamentaria-anual-loa\/whatsapp-image-2021-09-13-at-12-56-02-1-2\/\" data-orig-file=\"https:\/\/www.paudalho.pe.gov.br\/portal\/wp-content\/uploads\/2021\/09\/WhatsApp-Image-2021-09-13-at-12.56.02-1-2.jpeg\" data-orig-size=\"1600,1200\" data-comments-opened=\"1\" data-image-meta=\"{&quot;aperture&quot;:&quot;0&quot;,&quot;credit&quot;:&quot;&quot;,&quot;camera&quot;:&quot;&quot;,&quot;caption&quot;:&quot;&quot;,&quot;created_timestamp&quot;:&quot;0&quot;,&quot;copyright&quot;:&quot;&quot;,&quot;focal_length&quot;:&quot;0&quot;,&quot;iso&quot;:&quot;0&quot;,&quot;shutter_speed&quot;:&quot;0&quot;,&quot;title&quot;:&quot;&quot;,&quot;orientation&quot;:&quot;0&quot;}\" data-image-title=\"WhatsApp-Image-2021-09-13-at-12.56.02-1-2\" data-image-description=\"\" data-image-caption=\"\" data-medium-file=\"https:\/\/www.paudalho.pe.gov.br\/portal\/wp-content\/uploads\/2021\/09\/WhatsApp-Image-2021-09-13-at-12.56.02-1-2-350x230.jpeg\" data-large-file=\"https:\/\/www.paudalho.pe.gov.br\/portal\/wp-content\/uploads\/2021\/09\/WhatsApp-Image-2021-09-13-at-12.56.02-1-2-800x450.jpeg\" src=\"https:\/\/www.paudalho.pe.gov.br\/portal\/wp-content\/uploads\/2021\/09\/WhatsApp-Image-2021-09-13-at-12.56.02-1-2-800x450.jpeg\" alt=\"\" data-id=\"18352\" data-full-url=\"https:\/\/www.paudalho.pe.gov.br\/portal\/wp-content\/uploads\/2021\/09\/WhatsApp-Image-2021-09-13-at-12.56.02-1-2.jpeg\" data-link=\"https:\/\/www.paudalho.pe.gov.br\/portal\/?attachment_id=18352\" class=\"wp-image-18352\"\/><figcaption class=\"blocks-gallery-item__caption\"> Audi\u00eancia p\u00fablica <br>Foto: Guilherme Ricardo\/PMP <\/figcaption><\/figure><\/li><li class=\"blocks-gallery-item\"><figure><img loading=\"lazy\" decoding=\"async\" width=\"800\" height=\"450\" data-attachment-id=\"18353\" data-permalink=\"https:\/\/www.paudalho.pe.gov.br\/portal\/prefeitura-do-paudalho-realizou-audiencia-publica-para-discursao-e-elaboracao-da-lei-orcamentaria-anual-loa\/whatsapp-image-2021-09-13-at-12-56-01-1\/\" data-orig-file=\"https:\/\/www.paudalho.pe.gov.br\/portal\/wp-content\/uploads\/2021\/09\/WhatsApp-Image-2021-09-13-at-12.56.01-1.jpeg\" data-orig-size=\"1600,1200\" data-comments-opened=\"1\" data-image-meta=\"{&quot;aperture&quot;:&quot;0&quot;,&quot;credit&quot;:&quot;&quot;,&quot;camera&quot;:&quot;&quot;,&quot;caption&quot;:&quot;&quot;,&quot;created_timestamp&quot;:&quot;0&quot;,&quot;copyright&quot;:&quot;&quot;,&quot;focal_length&quot;:&quot;0&quot;,&quot;iso&quot;:&quot;0&quot;,&quot;shutter_speed&quot;:&quot;0&quot;,&quot;title&quot;:&quot;&quot;,&quot;orientation&quot;:&quot;0&quot;}\" data-image-title=\"WhatsApp-Image-2021-09-13-at-12.56.01-1\" data-image-description=\"\" data-image-caption=\"\" data-medium-file=\"https:\/\/www.paudalho.pe.gov.br\/portal\/wp-content\/uploads\/2021\/09\/WhatsApp-Image-2021-09-13-at-12.56.01-1-350x230.jpeg\" data-large-file=\"https:\/\/www.paudalho.pe.gov.br\/portal\/wp-content\/uploads\/2021\/09\/WhatsApp-Image-2021-09-13-at-12.56.01-1-800x450.jpeg\" src=\"https:\/\/www.paudalho.pe.gov.br\/portal\/wp-content\/uploads\/2021\/09\/WhatsApp-Image-2021-09-13-at-12.56.01-1-800x450.jpeg\" alt=\"\" data-id=\"18353\" data-full-url=\"https:\/\/www.paudalho.pe.gov.br\/portal\/wp-content\/uploads\/2021\/09\/WhatsApp-Image-2021-09-13-at-12.56.01-1.jpeg\" data-link=\"https:\/\/www.paudalho.pe.gov.br\/portal\/?attachment_id=18353\" class=\"wp-image-18353\"\/><figcaption class=\"blocks-gallery-item__caption\"> Audi\u00eancia p\u00fablica <br>Foto: Guilherme Ricardo\/PMP <\/figcaption><\/figure><\/li><\/ul><\/figure>\n\n\n\n<h2 class=\"wp-block-heading\">Entendendo o processo<\/h2>\n\n\n\n<p>O or\u00e7amento agora segue para a c\u00e2mara de vereadores para ser analisado e votado pelos Vereadores da cidade.  Em seguida, ele ser\u00e1 sancionado pelo executivo.\u00a0A Lei de Responsabilidade fiscal estabelece que o or\u00e7amento tenha legitimidade e antes que venha para a C\u00e2mara para vota\u00e7\u00e3o, se fa\u00e7a uma audi\u00eancia p\u00fablica juntamente com a popula\u00e7\u00e3o, para que se possa fazer uma apresenta\u00e7\u00e3o dos n\u00fameros e demonstrar para popula\u00e7\u00e3o quanto o Munic\u00edpio tem arrecadado.\u00a0Por isso que \u00e9 importante a participa\u00e7\u00e3o popular que pode neste momento opinar sobre os investimentos<\/p>\n","protected":false},"excerpt":{"rendered":"<p>A Prefeitura do Paudalho realizou na manh\u00e3 desta segunda-feira (13), audi\u00eancia p\u00fablica para discurs\u00e3o e elabora\u00e7\u00e3o da Lei Or\u00e7ament\u00e1ria Anual (LOA), do ano de 2022 e atualiza\u00e7\u00e3o do Plano Plurianual (PPA). A reuni\u00e3o teve inicio \u00e0s 10h, na C\u00e2mara Municipal do Paudalho com transmiss\u00e3o ao vivo na pagina da Prefeitura Municipal. O PPA prev\u00ea todas [&hellip;]<\/p>\n","protected":false},"author":2,"featured_media":18345,"comment_status":"open","ping_status":"open","sticky":false,"template":"","format":"standard","meta":{"_jetpack_newsletter_access":"","_jetpack_dont_email_post_to_subs":false,"_jetpack_newsletter_tier_id":0,"_jetpack_memberships_contains_paywalled_content":false,"_jetpack_memberships_contains_paid_content":false,"footnotes":""},"categories":[43,2,1],"tags":[45,14,22],"class_list":["post-18342","post","type-post","status-publish","format-standard","has-post-thumbnail","hentry","category-audiencia-publica","category-destaque","category-noticias","tag-audiencia-publica","tag-paudalho","tag-prefeitura-do-paudalho"],"jetpack_featured_media_url":"https:\/\/www.paudalho.pe.gov.br\/portal\/wp-content\/uploads\/2021\/09\/WhatsApp-Image-2021-09-13-at-12.56.03.jpeg","jetpack_sharing_enabled":true,"jetpack_shortlink":"https:\/\/wp.me\/p98mS2-4LQ","_links":{"self":[{"href":"https:\/\/www.paudalho.pe.gov.br\/portal\/wp-json\/wp\/v2\/posts\/18342","targetHints":{"allow":["GET"]}}],"collection":[{"href":"https:\/\/www.paudalho.pe.gov.br\/portal\/wp-json\/wp\/v2\/posts"}],"about":[{"href":"https:\/\/www.paudalho.pe.gov.br\/portal\/wp-json\/wp\/v2\/types\/post"}],"author":[{"embeddable":true,"href":"https:\/\/www.paudalho.pe.gov.br\/portal\/wp-json\/wp\/v2\/users\/2"}],"replies":[{"embeddable":true,"href":"https:\/\/www.paudalho.pe.gov.br\/portal\/wp-json\/wp\/v2\/comments?post=18342"}],"version-history":[{"count":7,"href":"https:\/\/www.paudalho.pe.gov.br\/portal\/wp-json\/wp\/v2\/posts\/18342\/revisions"}],"predecessor-version":[{"id":18359,"href":"https:\/\/www.paudalho.pe.gov.br\/portal\/wp-json\/wp\/v2\/posts\/18342\/revisions\/18359"}],"wp:featuredmedia":[{"embeddable":true,"href":"https:\/\/www.paudalho.pe.gov.br\/portal\/wp-json\/wp\/v2\/media\/18345"}],"wp:attachment":[{"href":"https:\/\/www.paudalho.pe.gov.br\/portal\/wp-json\/wp\/v2\/media?parent=18342"}],"wp:term":[{"taxonomy":"category","embeddable":true,"href":"https:\/\/www.paudalho.pe.gov.br\/portal\/wp-json\/wp\/v2\/categories?post=18342"},{"taxonomy":"post_tag","embeddable":true,"href":"https:\/\/www.paudalho.pe.gov.br\/portal\/wp-json\/wp\/v2\/tags?post=18342"}],"curies":[{"name":"wp","href":"https:\/\/api.w.org\/{rel}","templated":true}]}}