{"id":18270,"date":"2021-09-10T16:40:30","date_gmt":"2021-09-10T19:40:30","guid":{"rendered":"https:\/\/www.paudalho.pe.gov.br\/portal\/?p=18270"},"modified":"2025-01-08T00:39:26","modified_gmt":"2025-01-08T03:39:26","slug":"prefeitura-do-paudalho-assinara-ordem-de-servico-para-construcao-de-praca-na-comunidade-asa-branca","status":"publish","type":"post","link":"https:\/\/www.paudalho.pe.gov.br\/portal\/prefeitura-do-paudalho-assinara-ordem-de-servico-para-construcao-de-praca-na-comunidade-asa-branca\/","title":{"rendered":"Prefeitura do Paudalho assinar\u00e1 Ordem de Servi\u00e7o para constru\u00e7\u00e3o de pra\u00e7a na comunidade Asa Branca"},"content":{"rendered":"\n<p>A popula\u00e7\u00e3o paudalhense ser\u00e1 contemplada com mais um novo espa\u00e7o voltado para o seu lazer. Na segunda-feira (13), a Prefeitura do Paudalho, atrav\u00e9s de sua Secretaria Municipal de Desenvolvimento Urbano e Agr\u00e1rio, realizar\u00e1 uma solenidade para a <strong>Assinatura da Ordem de Servi\u00e7o da Pra\u00e7a Monte da F\u00e9<\/strong>. <\/p>\n\n\n\n<p>O evento vai ser aberto ao p\u00fablico e ocorrer\u00e1 \u00e0s 16h, no local popularmente conhecido como Monte da F\u00e9, na comunidade Asa Branca. O Monte recebe esse nome por ser o lugar onde anualmente \u00e9 realizado o espet\u00e1culo religioso Paix\u00e3o de Cristo, evento que ocorre durante o per\u00edodo de celebra\u00e7\u00e3o da P\u00e1scoa.<\/p>\n\n\n\n<p>A pra\u00e7a ser\u00e1 um empreendimento que apresentar\u00e1 uma \u00e1rea ampla de 2.918,65 m\u00b2. O espa\u00e7o vai ser um local arborizado com esp\u00e9cies nativas da Mata Atl\u00e2ntica, bioma predominante na cidade. A obra contar\u00e1 com piso pavimentado, boa ilumina\u00e7\u00e3o, bancos, um parque de recrea\u00e7\u00e3o para crian\u00e7as e mesas de concreto com tabuleiro para jogos. <\/p>\n\n\n\n<p>Os cuidados com a sa\u00fade tamb\u00e9m ser\u00e3o incentivados no local. Para estimular a pr\u00e1tica de exerc\u00edcios f\u00edsicos, a pra\u00e7a ser\u00e1 equipada com equipamentos de gin\u00e1stica e apresentar\u00e1 uma pista para caminhada. <\/p>\n\n\n\n<figure class=\"wp-block-gallery columns-2 is-cropped wp-block-gallery-1 is-layout-flex wp-block-gallery-is-layout-flex\"><ul class=\"blocks-gallery-grid\"><li class=\"blocks-gallery-item\"><figure><img loading=\"lazy\" decoding=\"async\" width=\"800\" height=\"450\" data-attachment-id=\"18320\" data-permalink=\"https:\/\/www.paudalho.pe.gov.br\/portal\/prefeitura-do-paudalho-assinara-ordem-de-servico-para-construcao-de-praca-na-comunidade-asa-branca\/whatsapp-image-2021-09-09-at-15-59-37-2-2\/\" data-orig-file=\"https:\/\/www.paudalho.pe.gov.br\/portal\/wp-content\/uploads\/2021\/09\/WhatsApp-Image-2021-09-09-at-15.59.37-2-1.jpeg\" data-orig-size=\"1280,720\" data-comments-opened=\"1\" data-image-meta=\"{&quot;aperture&quot;:&quot;0&quot;,&quot;credit&quot;:&quot;&quot;,&quot;camera&quot;:&quot;&quot;,&quot;caption&quot;:&quot;&quot;,&quot;created_timestamp&quot;:&quot;0&quot;,&quot;copyright&quot;:&quot;&quot;,&quot;focal_length&quot;:&quot;0&quot;,&quot;iso&quot;:&quot;0&quot;,&quot;shutter_speed&quot;:&quot;0&quot;,&quot;title&quot;:&quot;&quot;,&quot;orientation&quot;:&quot;0&quot;}\" data-image-title=\"WhatsApp Image 2021-09-09 at 15.59.37 (2)\" data-image-description=\"\" data-image-caption=\"&lt;p&gt;Imagem: Divulga\u00e7\u00e3o\/PMP.&lt;\/p&gt;\n\" data-medium-file=\"https:\/\/www.paudalho.pe.gov.br\/portal\/wp-content\/uploads\/2021\/09\/WhatsApp-Image-2021-09-09-at-15.59.37-2-1-350x230.jpeg\" data-large-file=\"https:\/\/www.paudalho.pe.gov.br\/portal\/wp-content\/uploads\/2021\/09\/WhatsApp-Image-2021-09-09-at-15.59.37-2-1-800x450.jpeg\" src=\"https:\/\/www.paudalho.pe.gov.br\/portal\/wp-content\/uploads\/2021\/09\/WhatsApp-Image-2021-09-09-at-15.59.37-2-1-800x450.jpeg\" alt=\"\" data-id=\"18320\" data-full-url=\"https:\/\/www.paudalho.pe.gov.br\/portal\/wp-content\/uploads\/2021\/09\/WhatsApp-Image-2021-09-09-at-15.59.37-2-1.jpeg\" data-link=\"https:\/\/www.paudalho.pe.gov.br\/portal\/?attachment_id=18320\" class=\"wp-image-18320\" srcset=\"https:\/\/www.paudalho.pe.gov.br\/portal\/wp-content\/uploads\/2021\/09\/WhatsApp-Image-2021-09-09-at-15.59.37-2-1-800x450.jpeg 800w, https:\/\/www.paudalho.pe.gov.br\/portal\/wp-content\/uploads\/2021\/09\/WhatsApp-Image-2021-09-09-at-15.59.37-2-1-768x432.jpeg 768w, https:\/\/www.paudalho.pe.gov.br\/portal\/wp-content\/uploads\/2021\/09\/WhatsApp-Image-2021-09-09-at-15.59.37-2-1.jpeg 1280w\" sizes=\"auto, (max-width: 800px) 100vw, 800px\" \/><figcaption class=\"blocks-gallery-item__caption\"><em>Imagem: Divulga\u00e7\u00e3o\/PMP.<\/em><\/figcaption><\/figure><\/li><li class=\"blocks-gallery-item\"><figure><img loading=\"lazy\" decoding=\"async\" width=\"800\" height=\"450\" data-attachment-id=\"18321\" data-permalink=\"https:\/\/www.paudalho.pe.gov.br\/portal\/prefeitura-do-paudalho-assinara-ordem-de-servico-para-construcao-de-praca-na-comunidade-asa-branca\/whatsapp-image-2021-09-09-at-15-59-35-3\/\" data-orig-file=\"https:\/\/www.paudalho.pe.gov.br\/portal\/wp-content\/uploads\/2021\/09\/WhatsApp-Image-2021-09-09-at-15.59.35-3.jpeg\" data-orig-size=\"1280,720\" data-comments-opened=\"1\" data-image-meta=\"{&quot;aperture&quot;:&quot;0&quot;,&quot;credit&quot;:&quot;&quot;,&quot;camera&quot;:&quot;&quot;,&quot;caption&quot;:&quot;&quot;,&quot;created_timestamp&quot;:&quot;0&quot;,&quot;copyright&quot;:&quot;&quot;,&quot;focal_length&quot;:&quot;0&quot;,&quot;iso&quot;:&quot;0&quot;,&quot;shutter_speed&quot;:&quot;0&quot;,&quot;title&quot;:&quot;&quot;,&quot;orientation&quot;:&quot;0&quot;}\" data-image-title=\"WhatsApp Image 2021-09-09 at 15.59.35\" data-image-description=\"\" data-image-caption=\"&lt;p&gt;Imagem: Divulga\u00e7\u00e3o\/PMP.&lt;\/p&gt;\n\" data-medium-file=\"https:\/\/www.paudalho.pe.gov.br\/portal\/wp-content\/uploads\/2021\/09\/WhatsApp-Image-2021-09-09-at-15.59.35-3-350x230.jpeg\" data-large-file=\"https:\/\/www.paudalho.pe.gov.br\/portal\/wp-content\/uploads\/2021\/09\/WhatsApp-Image-2021-09-09-at-15.59.35-3-800x450.jpeg\" src=\"https:\/\/www.paudalho.pe.gov.br\/portal\/wp-content\/uploads\/2021\/09\/WhatsApp-Image-2021-09-09-at-15.59.35-3-800x450.jpeg\" alt=\"\" data-id=\"18321\" data-full-url=\"https:\/\/www.paudalho.pe.gov.br\/portal\/wp-content\/uploads\/2021\/09\/WhatsApp-Image-2021-09-09-at-15.59.35-3.jpeg\" data-link=\"https:\/\/www.paudalho.pe.gov.br\/portal\/?attachment_id=18321\" class=\"wp-image-18321\" srcset=\"https:\/\/www.paudalho.pe.gov.br\/portal\/wp-content\/uploads\/2021\/09\/WhatsApp-Image-2021-09-09-at-15.59.35-3-800x450.jpeg 800w, https:\/\/www.paudalho.pe.gov.br\/portal\/wp-content\/uploads\/2021\/09\/WhatsApp-Image-2021-09-09-at-15.59.35-3-768x432.jpeg 768w, https:\/\/www.paudalho.pe.gov.br\/portal\/wp-content\/uploads\/2021\/09\/WhatsApp-Image-2021-09-09-at-15.59.35-3.jpeg 1280w\" sizes=\"auto, (max-width: 800px) 100vw, 800px\" \/><figcaption class=\"blocks-gallery-item__caption\"><em>Imagem: Divulga\u00e7\u00e3o\/PMP.<\/em><\/figcaption><\/figure><\/li><\/ul><\/figure>\n\n\n\n<p>A pra\u00e7a \u00e9 um empreendimento sonhado durante anos pela popula\u00e7\u00e3o local. A professora Tha\u00ednes Recila mora na comunidade Asa Branca h\u00e1 20 anos, ela recebeu a not\u00edcia da constru\u00e7\u00e3o da Pra\u00e7a com alegria. &#8220;Fiquei muito feliz, a gente j\u00e1 estava esperando porque aquele espa\u00e7o realmente pode ser muito bem aproveitado e quando a gente us\u00e1-lo como uma pra\u00e7a veremos que vai garantir tamb\u00e9m a ilumina\u00e7\u00e3o, vai gerar mais seguran\u00e7a e vai fazer com que as pessoas tenham mais liberdade de poder usar o espa\u00e7o.&#8221;<\/p>\n\n\n\n<p>A obra tamb\u00e9m vai gerar oportunidade de trabalho para os paudalhenses. De acordo com a Secretaria Municipal de Desenvolvimento Urbano e Agr\u00e1rio, assim como em outros projetos, ser\u00e1 contratada m\u00e3o de obra local para a constru\u00e7\u00e3o da pra\u00e7a. O prazo de execu\u00e7\u00e3o do servi\u00e7o \u00e9 de 180 dias, podendo ser estendido.<\/p>\n\n\n\n<p><strong>Confira algumas imagens do planejamento da Pra\u00e7a Monte da F\u00e9: <\/strong><\/p>\n\n\n\n<figure class=\"wp-block-gallery columns-3 is-cropped wp-block-gallery-2 is-layout-flex wp-block-gallery-is-layout-flex\"><ul class=\"blocks-gallery-grid\"><li class=\"blocks-gallery-item\"><figure><img loading=\"lazy\" decoding=\"async\" width=\"800\" height=\"450\" data-attachment-id=\"18302\" data-permalink=\"https:\/\/www.paudalho.pe.gov.br\/portal\/prefeitura-do-paudalho-assinara-ordem-de-servico-para-construcao-de-praca-na-comunidade-asa-branca\/whatsapp-image-2021-09-09-at-15-59-34-2\/\" data-orig-file=\"https:\/\/www.paudalho.pe.gov.br\/portal\/wp-content\/uploads\/2021\/09\/WhatsApp-Image-2021-09-09-at-15.59.34-2.jpeg\" data-orig-size=\"1280,720\" data-comments-opened=\"1\" data-image-meta=\"{&quot;aperture&quot;:&quot;0&quot;,&quot;credit&quot;:&quot;&quot;,&quot;camera&quot;:&quot;&quot;,&quot;caption&quot;:&quot;&quot;,&quot;created_timestamp&quot;:&quot;0&quot;,&quot;copyright&quot;:&quot;&quot;,&quot;focal_length&quot;:&quot;0&quot;,&quot;iso&quot;:&quot;0&quot;,&quot;shutter_speed&quot;:&quot;0&quot;,&quot;title&quot;:&quot;&quot;,&quot;orientation&quot;:&quot;0&quot;}\" data-image-title=\"WhatsApp Image 2021-09-09 at 15.59.34 (2)\" data-image-description=\"\" data-image-caption=\"\" data-medium-file=\"https:\/\/www.paudalho.pe.gov.br\/portal\/wp-content\/uploads\/2021\/09\/WhatsApp-Image-2021-09-09-at-15.59.34-2-350x230.jpeg\" data-large-file=\"https:\/\/www.paudalho.pe.gov.br\/portal\/wp-content\/uploads\/2021\/09\/WhatsApp-Image-2021-09-09-at-15.59.34-2-800x450.jpeg\" src=\"https:\/\/www.paudalho.pe.gov.br\/portal\/wp-content\/uploads\/2021\/09\/WhatsApp-Image-2021-09-09-at-15.59.34-2-800x450.jpeg\" alt=\"\" data-id=\"18302\" data-full-url=\"https:\/\/www.paudalho.pe.gov.br\/portal\/wp-content\/uploads\/2021\/09\/WhatsApp-Image-2021-09-09-at-15.59.34-2.jpeg\" data-link=\"https:\/\/www.paudalho.pe.gov.br\/portal\/?attachment_id=18302\" class=\"wp-image-18302\" srcset=\"https:\/\/www.paudalho.pe.gov.br\/portal\/wp-content\/uploads\/2021\/09\/WhatsApp-Image-2021-09-09-at-15.59.34-2-800x450.jpeg 800w, https:\/\/www.paudalho.pe.gov.br\/portal\/wp-content\/uploads\/2021\/09\/WhatsApp-Image-2021-09-09-at-15.59.34-2-768x432.jpeg 768w, https:\/\/www.paudalho.pe.gov.br\/portal\/wp-content\/uploads\/2021\/09\/WhatsApp-Image-2021-09-09-at-15.59.34-2.jpeg 1280w\" sizes=\"auto, (max-width: 800px) 100vw, 800px\" \/><\/figure><\/li><li class=\"blocks-gallery-item\"><figure><img loading=\"lazy\" decoding=\"async\" width=\"800\" height=\"450\" data-attachment-id=\"18303\" data-permalink=\"https:\/\/www.paudalho.pe.gov.br\/portal\/prefeitura-do-paudalho-assinara-ordem-de-servico-para-construcao-de-praca-na-comunidade-asa-branca\/whatsapp-image-2021-09-09-at-15-59-34-1\/\" data-orig-file=\"https:\/\/www.paudalho.pe.gov.br\/portal\/wp-content\/uploads\/2021\/09\/WhatsApp-Image-2021-09-09-at-15.59.34-1.jpeg\" data-orig-size=\"1280,720\" data-comments-opened=\"1\" data-image-meta=\"{&quot;aperture&quot;:&quot;0&quot;,&quot;credit&quot;:&quot;&quot;,&quot;camera&quot;:&quot;&quot;,&quot;caption&quot;:&quot;&quot;,&quot;created_timestamp&quot;:&quot;0&quot;,&quot;copyright&quot;:&quot;&quot;,&quot;focal_length&quot;:&quot;0&quot;,&quot;iso&quot;:&quot;0&quot;,&quot;shutter_speed&quot;:&quot;0&quot;,&quot;title&quot;:&quot;&quot;,&quot;orientation&quot;:&quot;0&quot;}\" data-image-title=\"WhatsApp Image 2021-09-09 at 15.59.34 (1)\" data-image-description=\"\" data-image-caption=\"\" data-medium-file=\"https:\/\/www.paudalho.pe.gov.br\/portal\/wp-content\/uploads\/2021\/09\/WhatsApp-Image-2021-09-09-at-15.59.34-1-350x230.jpeg\" data-large-file=\"https:\/\/www.paudalho.pe.gov.br\/portal\/wp-content\/uploads\/2021\/09\/WhatsApp-Image-2021-09-09-at-15.59.34-1-800x450.jpeg\" src=\"https:\/\/www.paudalho.pe.gov.br\/portal\/wp-content\/uploads\/2021\/09\/WhatsApp-Image-2021-09-09-at-15.59.34-1-800x450.jpeg\" alt=\"\" data-id=\"18303\" data-full-url=\"https:\/\/www.paudalho.pe.gov.br\/portal\/wp-content\/uploads\/2021\/09\/WhatsApp-Image-2021-09-09-at-15.59.34-1.jpeg\" data-link=\"https:\/\/www.paudalho.pe.gov.br\/portal\/?attachment_id=18303\" class=\"wp-image-18303\" srcset=\"https:\/\/www.paudalho.pe.gov.br\/portal\/wp-content\/uploads\/2021\/09\/WhatsApp-Image-2021-09-09-at-15.59.34-1-800x450.jpeg 800w, https:\/\/www.paudalho.pe.gov.br\/portal\/wp-content\/uploads\/2021\/09\/WhatsApp-Image-2021-09-09-at-15.59.34-1-768x432.jpeg 768w, https:\/\/www.paudalho.pe.gov.br\/portal\/wp-content\/uploads\/2021\/09\/WhatsApp-Image-2021-09-09-at-15.59.34-1.jpeg 1280w\" sizes=\"auto, (max-width: 800px) 100vw, 800px\" \/><\/figure><\/li><li class=\"blocks-gallery-item\"><figure><img loading=\"lazy\" decoding=\"async\" width=\"800\" height=\"450\" data-attachment-id=\"18304\" data-permalink=\"https:\/\/www.paudalho.pe.gov.br\/portal\/prefeitura-do-paudalho-assinara-ordem-de-servico-para-construcao-de-praca-na-comunidade-asa-branca\/whatsapp-image-2021-09-09-at-15-59-34\/\" data-orig-file=\"https:\/\/www.paudalho.pe.gov.br\/portal\/wp-content\/uploads\/2021\/09\/WhatsApp-Image-2021-09-09-at-15.59.34.jpeg\" data-orig-size=\"1280,720\" data-comments-opened=\"1\" data-image-meta=\"{&quot;aperture&quot;:&quot;0&quot;,&quot;credit&quot;:&quot;&quot;,&quot;camera&quot;:&quot;&quot;,&quot;caption&quot;:&quot;&quot;,&quot;created_timestamp&quot;:&quot;0&quot;,&quot;copyright&quot;:&quot;&quot;,&quot;focal_length&quot;:&quot;0&quot;,&quot;iso&quot;:&quot;0&quot;,&quot;shutter_speed&quot;:&quot;0&quot;,&quot;title&quot;:&quot;&quot;,&quot;orientation&quot;:&quot;0&quot;}\" data-image-title=\"WhatsApp Image 2021-09-09 at 15.59.34\" data-image-description=\"\" data-image-caption=\"\" data-medium-file=\"https:\/\/www.paudalho.pe.gov.br\/portal\/wp-content\/uploads\/2021\/09\/WhatsApp-Image-2021-09-09-at-15.59.34-350x230.jpeg\" data-large-file=\"https:\/\/www.paudalho.pe.gov.br\/portal\/wp-content\/uploads\/2021\/09\/WhatsApp-Image-2021-09-09-at-15.59.34-800x450.jpeg\" src=\"https:\/\/www.paudalho.pe.gov.br\/portal\/wp-content\/uploads\/2021\/09\/WhatsApp-Image-2021-09-09-at-15.59.34-800x450.jpeg\" alt=\"\" data-id=\"18304\" data-full-url=\"https:\/\/www.paudalho.pe.gov.br\/portal\/wp-content\/uploads\/2021\/09\/WhatsApp-Image-2021-09-09-at-15.59.34.jpeg\" data-link=\"https:\/\/www.paudalho.pe.gov.br\/portal\/?attachment_id=18304\" class=\"wp-image-18304\" srcset=\"https:\/\/www.paudalho.pe.gov.br\/portal\/wp-content\/uploads\/2021\/09\/WhatsApp-Image-2021-09-09-at-15.59.34-800x450.jpeg 800w, https:\/\/www.paudalho.pe.gov.br\/portal\/wp-content\/uploads\/2021\/09\/WhatsApp-Image-2021-09-09-at-15.59.34-768x432.jpeg 768w, https:\/\/www.paudalho.pe.gov.br\/portal\/wp-content\/uploads\/2021\/09\/WhatsApp-Image-2021-09-09-at-15.59.34.jpeg 1280w\" sizes=\"auto, (max-width: 800px) 100vw, 800px\" \/><\/figure><\/li><li class=\"blocks-gallery-item\"><figure><img loading=\"lazy\" decoding=\"async\" width=\"800\" height=\"450\" data-attachment-id=\"18305\" data-permalink=\"https:\/\/www.paudalho.pe.gov.br\/portal\/prefeitura-do-paudalho-assinara-ordem-de-servico-para-construcao-de-praca-na-comunidade-asa-branca\/whatsapp-image-2021-09-09-at-15-59-35-2\/\" data-orig-file=\"https:\/\/www.paudalho.pe.gov.br\/portal\/wp-content\/uploads\/2021\/09\/WhatsApp-Image-2021-09-09-at-15.59.35-2.jpeg\" data-orig-size=\"1280,720\" data-comments-opened=\"1\" data-image-meta=\"{&quot;aperture&quot;:&quot;0&quot;,&quot;credit&quot;:&quot;&quot;,&quot;camera&quot;:&quot;&quot;,&quot;caption&quot;:&quot;&quot;,&quot;created_timestamp&quot;:&quot;0&quot;,&quot;copyright&quot;:&quot;&quot;,&quot;focal_length&quot;:&quot;0&quot;,&quot;iso&quot;:&quot;0&quot;,&quot;shutter_speed&quot;:&quot;0&quot;,&quot;title&quot;:&quot;&quot;,&quot;orientation&quot;:&quot;0&quot;}\" data-image-title=\"WhatsApp Image 2021-09-09 at 15.59.35 (2)\" data-image-description=\"\" data-image-caption=\"\" data-medium-file=\"https:\/\/www.paudalho.pe.gov.br\/portal\/wp-content\/uploads\/2021\/09\/WhatsApp-Image-2021-09-09-at-15.59.35-2-350x230.jpeg\" data-large-file=\"https:\/\/www.paudalho.pe.gov.br\/portal\/wp-content\/uploads\/2021\/09\/WhatsApp-Image-2021-09-09-at-15.59.35-2-800x450.jpeg\" src=\"https:\/\/www.paudalho.pe.gov.br\/portal\/wp-content\/uploads\/2021\/09\/WhatsApp-Image-2021-09-09-at-15.59.35-2-800x450.jpeg\" alt=\"\" data-id=\"18305\" data-full-url=\"https:\/\/www.paudalho.pe.gov.br\/portal\/wp-content\/uploads\/2021\/09\/WhatsApp-Image-2021-09-09-at-15.59.35-2.jpeg\" data-link=\"https:\/\/www.paudalho.pe.gov.br\/portal\/?attachment_id=18305\" class=\"wp-image-18305\" srcset=\"https:\/\/www.paudalho.pe.gov.br\/portal\/wp-content\/uploads\/2021\/09\/WhatsApp-Image-2021-09-09-at-15.59.35-2-800x450.jpeg 800w, https:\/\/www.paudalho.pe.gov.br\/portal\/wp-content\/uploads\/2021\/09\/WhatsApp-Image-2021-09-09-at-15.59.35-2-768x432.jpeg 768w, https:\/\/www.paudalho.pe.gov.br\/portal\/wp-content\/uploads\/2021\/09\/WhatsApp-Image-2021-09-09-at-15.59.35-2.jpeg 1280w\" sizes=\"auto, (max-width: 800px) 100vw, 800px\" \/><\/figure><\/li><li class=\"blocks-gallery-item\"><figure><img loading=\"lazy\" decoding=\"async\" width=\"800\" height=\"450\" data-attachment-id=\"18306\" data-permalink=\"https:\/\/www.paudalho.pe.gov.br\/portal\/prefeitura-do-paudalho-assinara-ordem-de-servico-para-construcao-de-praca-na-comunidade-asa-branca\/whatsapp-image-2021-09-09-at-15-59-35-1\/\" data-orig-file=\"https:\/\/www.paudalho.pe.gov.br\/portal\/wp-content\/uploads\/2021\/09\/WhatsApp-Image-2021-09-09-at-15.59.35-1.jpeg\" data-orig-size=\"1280,720\" data-comments-opened=\"1\" data-image-meta=\"{&quot;aperture&quot;:&quot;0&quot;,&quot;credit&quot;:&quot;&quot;,&quot;camera&quot;:&quot;&quot;,&quot;caption&quot;:&quot;&quot;,&quot;created_timestamp&quot;:&quot;0&quot;,&quot;copyright&quot;:&quot;&quot;,&quot;focal_length&quot;:&quot;0&quot;,&quot;iso&quot;:&quot;0&quot;,&quot;shutter_speed&quot;:&quot;0&quot;,&quot;title&quot;:&quot;&quot;,&quot;orientation&quot;:&quot;0&quot;}\" data-image-title=\"WhatsApp Image 2021-09-09 at 15.59.35 (1)\" data-image-description=\"\" data-image-caption=\"\" data-medium-file=\"https:\/\/www.paudalho.pe.gov.br\/portal\/wp-content\/uploads\/2021\/09\/WhatsApp-Image-2021-09-09-at-15.59.35-1-350x230.jpeg\" data-large-file=\"https:\/\/www.paudalho.pe.gov.br\/portal\/wp-content\/uploads\/2021\/09\/WhatsApp-Image-2021-09-09-at-15.59.35-1-800x450.jpeg\" src=\"https:\/\/www.paudalho.pe.gov.br\/portal\/wp-content\/uploads\/2021\/09\/WhatsApp-Image-2021-09-09-at-15.59.35-1-800x450.jpeg\" alt=\"\" data-id=\"18306\" data-full-url=\"https:\/\/www.paudalho.pe.gov.br\/portal\/wp-content\/uploads\/2021\/09\/WhatsApp-Image-2021-09-09-at-15.59.35-1.jpeg\" data-link=\"https:\/\/www.paudalho.pe.gov.br\/portal\/?attachment_id=18306\" class=\"wp-image-18306\" srcset=\"https:\/\/www.paudalho.pe.gov.br\/portal\/wp-content\/uploads\/2021\/09\/WhatsApp-Image-2021-09-09-at-15.59.35-1-800x450.jpeg 800w, https:\/\/www.paudalho.pe.gov.br\/portal\/wp-content\/uploads\/2021\/09\/WhatsApp-Image-2021-09-09-at-15.59.35-1-768x432.jpeg 768w, https:\/\/www.paudalho.pe.gov.br\/portal\/wp-content\/uploads\/2021\/09\/WhatsApp-Image-2021-09-09-at-15.59.35-1.jpeg 1280w\" sizes=\"auto, (max-width: 800px) 100vw, 800px\" \/><\/figure><\/li><li class=\"blocks-gallery-item\"><figure><img loading=\"lazy\" decoding=\"async\" width=\"800\" height=\"450\" data-attachment-id=\"18307\" data-permalink=\"https:\/\/www.paudalho.pe.gov.br\/portal\/prefeitura-do-paudalho-assinara-ordem-de-servico-para-construcao-de-praca-na-comunidade-asa-branca\/whatsapp-image-2021-09-09-at-15-59-35\/\" data-orig-file=\"https:\/\/www.paudalho.pe.gov.br\/portal\/wp-content\/uploads\/2021\/09\/WhatsApp-Image-2021-09-09-at-15.59.35.jpeg\" data-orig-size=\"1280,720\" data-comments-opened=\"1\" data-image-meta=\"{&quot;aperture&quot;:&quot;0&quot;,&quot;credit&quot;:&quot;&quot;,&quot;camera&quot;:&quot;&quot;,&quot;caption&quot;:&quot;&quot;,&quot;created_timestamp&quot;:&quot;0&quot;,&quot;copyright&quot;:&quot;&quot;,&quot;focal_length&quot;:&quot;0&quot;,&quot;iso&quot;:&quot;0&quot;,&quot;shutter_speed&quot;:&quot;0&quot;,&quot;title&quot;:&quot;&quot;,&quot;orientation&quot;:&quot;0&quot;}\" data-image-title=\"WhatsApp Image 2021-09-09 at 15.59.35\" data-image-description=\"\" data-image-caption=\"\" data-medium-file=\"https:\/\/www.paudalho.pe.gov.br\/portal\/wp-content\/uploads\/2021\/09\/WhatsApp-Image-2021-09-09-at-15.59.35-350x230.jpeg\" data-large-file=\"https:\/\/www.paudalho.pe.gov.br\/portal\/wp-content\/uploads\/2021\/09\/WhatsApp-Image-2021-09-09-at-15.59.35-800x450.jpeg\" src=\"https:\/\/www.paudalho.pe.gov.br\/portal\/wp-content\/uploads\/2021\/09\/WhatsApp-Image-2021-09-09-at-15.59.35-800x450.jpeg\" alt=\"\" data-id=\"18307\" data-full-url=\"https:\/\/www.paudalho.pe.gov.br\/portal\/wp-content\/uploads\/2021\/09\/WhatsApp-Image-2021-09-09-at-15.59.35.jpeg\" data-link=\"https:\/\/www.paudalho.pe.gov.br\/portal\/?attachment_id=18307\" class=\"wp-image-18307\" srcset=\"https:\/\/www.paudalho.pe.gov.br\/portal\/wp-content\/uploads\/2021\/09\/WhatsApp-Image-2021-09-09-at-15.59.35-800x450.jpeg 800w, https:\/\/www.paudalho.pe.gov.br\/portal\/wp-content\/uploads\/2021\/09\/WhatsApp-Image-2021-09-09-at-15.59.35-768x432.jpeg 768w, https:\/\/www.paudalho.pe.gov.br\/portal\/wp-content\/uploads\/2021\/09\/WhatsApp-Image-2021-09-09-at-15.59.35.jpeg 1280w\" sizes=\"auto, (max-width: 800px) 100vw, 800px\" \/><\/figure><\/li><li class=\"blocks-gallery-item\"><figure><img loading=\"lazy\" decoding=\"async\" width=\"800\" height=\"450\" data-attachment-id=\"18308\" data-permalink=\"https:\/\/www.paudalho.pe.gov.br\/portal\/prefeitura-do-paudalho-assinara-ordem-de-servico-para-construcao-de-praca-na-comunidade-asa-branca\/whatsapp-image-2021-09-09-at-15-59-36-2\/\" data-orig-file=\"https:\/\/www.paudalho.pe.gov.br\/portal\/wp-content\/uploads\/2021\/09\/WhatsApp-Image-2021-09-09-at-15.59.36-2.jpeg\" data-orig-size=\"1280,720\" data-comments-opened=\"1\" data-image-meta=\"{&quot;aperture&quot;:&quot;0&quot;,&quot;credit&quot;:&quot;&quot;,&quot;camera&quot;:&quot;&quot;,&quot;caption&quot;:&quot;&quot;,&quot;created_timestamp&quot;:&quot;0&quot;,&quot;copyright&quot;:&quot;&quot;,&quot;focal_length&quot;:&quot;0&quot;,&quot;iso&quot;:&quot;0&quot;,&quot;shutter_speed&quot;:&quot;0&quot;,&quot;title&quot;:&quot;&quot;,&quot;orientation&quot;:&quot;0&quot;}\" data-image-title=\"WhatsApp Image 2021-09-09 at 15.59.36 (2)\" data-image-description=\"\" data-image-caption=\"\" data-medium-file=\"https:\/\/www.paudalho.pe.gov.br\/portal\/wp-content\/uploads\/2021\/09\/WhatsApp-Image-2021-09-09-at-15.59.36-2-350x230.jpeg\" data-large-file=\"https:\/\/www.paudalho.pe.gov.br\/portal\/wp-content\/uploads\/2021\/09\/WhatsApp-Image-2021-09-09-at-15.59.36-2-800x450.jpeg\" src=\"https:\/\/www.paudalho.pe.gov.br\/portal\/wp-content\/uploads\/2021\/09\/WhatsApp-Image-2021-09-09-at-15.59.36-2-800x450.jpeg\" alt=\"\" data-id=\"18308\" data-full-url=\"https:\/\/www.paudalho.pe.gov.br\/portal\/wp-content\/uploads\/2021\/09\/WhatsApp-Image-2021-09-09-at-15.59.36-2.jpeg\" data-link=\"https:\/\/www.paudalho.pe.gov.br\/portal\/?attachment_id=18308\" class=\"wp-image-18308\" srcset=\"https:\/\/www.paudalho.pe.gov.br\/portal\/wp-content\/uploads\/2021\/09\/WhatsApp-Image-2021-09-09-at-15.59.36-2-800x450.jpeg 800w, https:\/\/www.paudalho.pe.gov.br\/portal\/wp-content\/uploads\/2021\/09\/WhatsApp-Image-2021-09-09-at-15.59.36-2-768x432.jpeg 768w, https:\/\/www.paudalho.pe.gov.br\/portal\/wp-content\/uploads\/2021\/09\/WhatsApp-Image-2021-09-09-at-15.59.36-2.jpeg 1280w\" sizes=\"auto, (max-width: 800px) 100vw, 800px\" \/><\/figure><\/li><li class=\"blocks-gallery-item\"><figure><img loading=\"lazy\" decoding=\"async\" width=\"800\" height=\"450\" data-attachment-id=\"18309\" data-permalink=\"https:\/\/www.paudalho.pe.gov.br\/portal\/prefeitura-do-paudalho-assinara-ordem-de-servico-para-construcao-de-praca-na-comunidade-asa-branca\/whatsapp-image-2021-09-09-at-15-59-36-1\/\" data-orig-file=\"https:\/\/www.paudalho.pe.gov.br\/portal\/wp-content\/uploads\/2021\/09\/WhatsApp-Image-2021-09-09-at-15.59.36-1.jpeg\" data-orig-size=\"1280,720\" data-comments-opened=\"1\" data-image-meta=\"{&quot;aperture&quot;:&quot;0&quot;,&quot;credit&quot;:&quot;&quot;,&quot;camera&quot;:&quot;&quot;,&quot;caption&quot;:&quot;&quot;,&quot;created_timestamp&quot;:&quot;0&quot;,&quot;copyright&quot;:&quot;&quot;,&quot;focal_length&quot;:&quot;0&quot;,&quot;iso&quot;:&quot;0&quot;,&quot;shutter_speed&quot;:&quot;0&quot;,&quot;title&quot;:&quot;&quot;,&quot;orientation&quot;:&quot;0&quot;}\" data-image-title=\"WhatsApp Image 2021-09-09 at 15.59.36 (1)\" data-image-description=\"\" data-image-caption=\"\" data-medium-file=\"https:\/\/www.paudalho.pe.gov.br\/portal\/wp-content\/uploads\/2021\/09\/WhatsApp-Image-2021-09-09-at-15.59.36-1-350x230.jpeg\" data-large-file=\"https:\/\/www.paudalho.pe.gov.br\/portal\/wp-content\/uploads\/2021\/09\/WhatsApp-Image-2021-09-09-at-15.59.36-1-800x450.jpeg\" src=\"https:\/\/www.paudalho.pe.gov.br\/portal\/wp-content\/uploads\/2021\/09\/WhatsApp-Image-2021-09-09-at-15.59.36-1-800x450.jpeg\" alt=\"\" data-id=\"18309\" data-full-url=\"https:\/\/www.paudalho.pe.gov.br\/portal\/wp-content\/uploads\/2021\/09\/WhatsApp-Image-2021-09-09-at-15.59.36-1.jpeg\" data-link=\"https:\/\/www.paudalho.pe.gov.br\/portal\/?attachment_id=18309\" class=\"wp-image-18309\" srcset=\"https:\/\/www.paudalho.pe.gov.br\/portal\/wp-content\/uploads\/2021\/09\/WhatsApp-Image-2021-09-09-at-15.59.36-1-800x450.jpeg 800w, https:\/\/www.paudalho.pe.gov.br\/portal\/wp-content\/uploads\/2021\/09\/WhatsApp-Image-2021-09-09-at-15.59.36-1-768x432.jpeg 768w, https:\/\/www.paudalho.pe.gov.br\/portal\/wp-content\/uploads\/2021\/09\/WhatsApp-Image-2021-09-09-at-15.59.36-1.jpeg 1280w\" sizes=\"auto, (max-width: 800px) 100vw, 800px\" \/><\/figure><\/li><li class=\"blocks-gallery-item\"><figure><img loading=\"lazy\" decoding=\"async\" width=\"800\" height=\"450\" data-attachment-id=\"18310\" data-permalink=\"https:\/\/www.paudalho.pe.gov.br\/portal\/prefeitura-do-paudalho-assinara-ordem-de-servico-para-construcao-de-praca-na-comunidade-asa-branca\/whatsapp-image-2021-09-09-at-15-59-36\/\" data-orig-file=\"https:\/\/www.paudalho.pe.gov.br\/portal\/wp-content\/uploads\/2021\/09\/WhatsApp-Image-2021-09-09-at-15.59.36.jpeg\" data-orig-size=\"1280,720\" data-comments-opened=\"1\" data-image-meta=\"{&quot;aperture&quot;:&quot;0&quot;,&quot;credit&quot;:&quot;&quot;,&quot;camera&quot;:&quot;&quot;,&quot;caption&quot;:&quot;&quot;,&quot;created_timestamp&quot;:&quot;0&quot;,&quot;copyright&quot;:&quot;&quot;,&quot;focal_length&quot;:&quot;0&quot;,&quot;iso&quot;:&quot;0&quot;,&quot;shutter_speed&quot;:&quot;0&quot;,&quot;title&quot;:&quot;&quot;,&quot;orientation&quot;:&quot;0&quot;}\" data-image-title=\"WhatsApp Image 2021-09-09 at 15.59.36\" data-image-description=\"\" data-image-caption=\"\" data-medium-file=\"https:\/\/www.paudalho.pe.gov.br\/portal\/wp-content\/uploads\/2021\/09\/WhatsApp-Image-2021-09-09-at-15.59.36-350x230.jpeg\" data-large-file=\"https:\/\/www.paudalho.pe.gov.br\/portal\/wp-content\/uploads\/2021\/09\/WhatsApp-Image-2021-09-09-at-15.59.36-800x450.jpeg\" src=\"https:\/\/www.paudalho.pe.gov.br\/portal\/wp-content\/uploads\/2021\/09\/WhatsApp-Image-2021-09-09-at-15.59.36-800x450.jpeg\" alt=\"\" data-id=\"18310\" data-full-url=\"https:\/\/www.paudalho.pe.gov.br\/portal\/wp-content\/uploads\/2021\/09\/WhatsApp-Image-2021-09-09-at-15.59.36.jpeg\" data-link=\"https:\/\/www.paudalho.pe.gov.br\/portal\/?attachment_id=18310\" class=\"wp-image-18310\" srcset=\"https:\/\/www.paudalho.pe.gov.br\/portal\/wp-content\/uploads\/2021\/09\/WhatsApp-Image-2021-09-09-at-15.59.36-800x450.jpeg 800w, https:\/\/www.paudalho.pe.gov.br\/portal\/wp-content\/uploads\/2021\/09\/WhatsApp-Image-2021-09-09-at-15.59.36-768x432.jpeg 768w, https:\/\/www.paudalho.pe.gov.br\/portal\/wp-content\/uploads\/2021\/09\/WhatsApp-Image-2021-09-09-at-15.59.36.jpeg 1280w\" sizes=\"auto, (max-width: 800px) 100vw, 800px\" \/><\/figure><\/li><li class=\"blocks-gallery-item\"><figure><img loading=\"lazy\" decoding=\"async\" width=\"800\" height=\"450\" data-attachment-id=\"18311\" data-permalink=\"https:\/\/www.paudalho.pe.gov.br\/portal\/prefeitura-do-paudalho-assinara-ordem-de-servico-para-construcao-de-praca-na-comunidade-asa-branca\/whatsapp-image-2021-09-09-at-15-59-37-3\/\" data-orig-file=\"https:\/\/www.paudalho.pe.gov.br\/portal\/wp-content\/uploads\/2021\/09\/WhatsApp-Image-2021-09-09-at-15.59.37-3.jpeg\" data-orig-size=\"1280,720\" data-comments-opened=\"1\" data-image-meta=\"{&quot;aperture&quot;:&quot;0&quot;,&quot;credit&quot;:&quot;&quot;,&quot;camera&quot;:&quot;&quot;,&quot;caption&quot;:&quot;&quot;,&quot;created_timestamp&quot;:&quot;0&quot;,&quot;copyright&quot;:&quot;&quot;,&quot;focal_length&quot;:&quot;0&quot;,&quot;iso&quot;:&quot;0&quot;,&quot;shutter_speed&quot;:&quot;0&quot;,&quot;title&quot;:&quot;&quot;,&quot;orientation&quot;:&quot;0&quot;}\" data-image-title=\"WhatsApp Image 2021-09-09 at 15.59.37 (3)\" data-image-description=\"\" data-image-caption=\"\" data-medium-file=\"https:\/\/www.paudalho.pe.gov.br\/portal\/wp-content\/uploads\/2021\/09\/WhatsApp-Image-2021-09-09-at-15.59.37-3-350x230.jpeg\" data-large-file=\"https:\/\/www.paudalho.pe.gov.br\/portal\/wp-content\/uploads\/2021\/09\/WhatsApp-Image-2021-09-09-at-15.59.37-3-800x450.jpeg\" src=\"https:\/\/www.paudalho.pe.gov.br\/portal\/wp-content\/uploads\/2021\/09\/WhatsApp-Image-2021-09-09-at-15.59.37-3-800x450.jpeg\" alt=\"\" data-id=\"18311\" data-full-url=\"https:\/\/www.paudalho.pe.gov.br\/portal\/wp-content\/uploads\/2021\/09\/WhatsApp-Image-2021-09-09-at-15.59.37-3.jpeg\" data-link=\"https:\/\/www.paudalho.pe.gov.br\/portal\/?attachment_id=18311\" class=\"wp-image-18311\" srcset=\"https:\/\/www.paudalho.pe.gov.br\/portal\/wp-content\/uploads\/2021\/09\/WhatsApp-Image-2021-09-09-at-15.59.37-3-800x450.jpeg 800w, https:\/\/www.paudalho.pe.gov.br\/portal\/wp-content\/uploads\/2021\/09\/WhatsApp-Image-2021-09-09-at-15.59.37-3-768x432.jpeg 768w, https:\/\/www.paudalho.pe.gov.br\/portal\/wp-content\/uploads\/2021\/09\/WhatsApp-Image-2021-09-09-at-15.59.37-3.jpeg 1280w\" sizes=\"auto, (max-width: 800px) 100vw, 800px\" \/><\/figure><\/li><li class=\"blocks-gallery-item\"><figure><img loading=\"lazy\" decoding=\"async\" width=\"800\" height=\"450\" data-attachment-id=\"18312\" data-permalink=\"https:\/\/www.paudalho.pe.gov.br\/portal\/prefeitura-do-paudalho-assinara-ordem-de-servico-para-construcao-de-praca-na-comunidade-asa-branca\/whatsapp-image-2021-09-09-at-15-59-37-2\/\" data-orig-file=\"https:\/\/www.paudalho.pe.gov.br\/portal\/wp-content\/uploads\/2021\/09\/WhatsApp-Image-2021-09-09-at-15.59.37-2.jpeg\" data-orig-size=\"1280,720\" data-comments-opened=\"1\" data-image-meta=\"{&quot;aperture&quot;:&quot;0&quot;,&quot;credit&quot;:&quot;&quot;,&quot;camera&quot;:&quot;&quot;,&quot;caption&quot;:&quot;&quot;,&quot;created_timestamp&quot;:&quot;0&quot;,&quot;copyright&quot;:&quot;&quot;,&quot;focal_length&quot;:&quot;0&quot;,&quot;iso&quot;:&quot;0&quot;,&quot;shutter_speed&quot;:&quot;0&quot;,&quot;title&quot;:&quot;&quot;,&quot;orientation&quot;:&quot;0&quot;}\" data-image-title=\"WhatsApp Image 2021-09-09 at 15.59.37 (2)\" data-image-description=\"\" data-image-caption=\"\" data-medium-file=\"https:\/\/www.paudalho.pe.gov.br\/portal\/wp-content\/uploads\/2021\/09\/WhatsApp-Image-2021-09-09-at-15.59.37-2-350x230.jpeg\" data-large-file=\"https:\/\/www.paudalho.pe.gov.br\/portal\/wp-content\/uploads\/2021\/09\/WhatsApp-Image-2021-09-09-at-15.59.37-2-800x450.jpeg\" src=\"https:\/\/www.paudalho.pe.gov.br\/portal\/wp-content\/uploads\/2021\/09\/WhatsApp-Image-2021-09-09-at-15.59.37-2-800x450.jpeg\" alt=\"\" data-id=\"18312\" data-full-url=\"https:\/\/www.paudalho.pe.gov.br\/portal\/wp-content\/uploads\/2021\/09\/WhatsApp-Image-2021-09-09-at-15.59.37-2.jpeg\" data-link=\"https:\/\/www.paudalho.pe.gov.br\/portal\/?attachment_id=18312\" class=\"wp-image-18312\" srcset=\"https:\/\/www.paudalho.pe.gov.br\/portal\/wp-content\/uploads\/2021\/09\/WhatsApp-Image-2021-09-09-at-15.59.37-2-800x450.jpeg 800w, https:\/\/www.paudalho.pe.gov.br\/portal\/wp-content\/uploads\/2021\/09\/WhatsApp-Image-2021-09-09-at-15.59.37-2-768x432.jpeg 768w, https:\/\/www.paudalho.pe.gov.br\/portal\/wp-content\/uploads\/2021\/09\/WhatsApp-Image-2021-09-09-at-15.59.37-2.jpeg 1280w\" sizes=\"auto, (max-width: 800px) 100vw, 800px\" \/><\/figure><\/li><li class=\"blocks-gallery-item\"><figure><img loading=\"lazy\" decoding=\"async\" width=\"800\" height=\"450\" data-attachment-id=\"18313\" data-permalink=\"https:\/\/www.paudalho.pe.gov.br\/portal\/prefeitura-do-paudalho-assinara-ordem-de-servico-para-construcao-de-praca-na-comunidade-asa-branca\/planejamento-praca-do-monte-da-fe-em-paudalho-2\/\" data-orig-file=\"https:\/\/www.paudalho.pe.gov.br\/portal\/wp-content\/uploads\/2021\/09\/Planejamento-Praca-do-Monte-da-Fe-em-Paudalho-1.jpeg\" data-orig-size=\"1280,720\" data-comments-opened=\"1\" data-image-meta=\"{&quot;aperture&quot;:&quot;0&quot;,&quot;credit&quot;:&quot;&quot;,&quot;camera&quot;:&quot;&quot;,&quot;caption&quot;:&quot;&quot;,&quot;created_timestamp&quot;:&quot;0&quot;,&quot;copyright&quot;:&quot;&quot;,&quot;focal_length&quot;:&quot;0&quot;,&quot;iso&quot;:&quot;0&quot;,&quot;shutter_speed&quot;:&quot;0&quot;,&quot;title&quot;:&quot;&quot;,&quot;orientation&quot;:&quot;0&quot;}\" data-image-title=\"Planejamento &#8211; Pra\u00e7a do Monte da F\u00e9 em Paudalho\" data-image-description=\"\" data-image-caption=\"\" data-medium-file=\"https:\/\/www.paudalho.pe.gov.br\/portal\/wp-content\/uploads\/2021\/09\/Planejamento-Praca-do-Monte-da-Fe-em-Paudalho-1-350x230.jpeg\" data-large-file=\"https:\/\/www.paudalho.pe.gov.br\/portal\/wp-content\/uploads\/2021\/09\/Planejamento-Praca-do-Monte-da-Fe-em-Paudalho-1-800x450.jpeg\" src=\"https:\/\/www.paudalho.pe.gov.br\/portal\/wp-content\/uploads\/2021\/09\/Planejamento-Praca-do-Monte-da-Fe-em-Paudalho-1-800x450.jpeg\" alt=\"\" data-id=\"18313\" data-full-url=\"https:\/\/www.paudalho.pe.gov.br\/portal\/wp-content\/uploads\/2021\/09\/Planejamento-Praca-do-Monte-da-Fe-em-Paudalho-1.jpeg\" data-link=\"https:\/\/www.paudalho.pe.gov.br\/portal\/?attachment_id=18313\" class=\"wp-image-18313\" srcset=\"https:\/\/www.paudalho.pe.gov.br\/portal\/wp-content\/uploads\/2021\/09\/Planejamento-Praca-do-Monte-da-Fe-em-Paudalho-1-800x450.jpeg 800w, https:\/\/www.paudalho.pe.gov.br\/portal\/wp-content\/uploads\/2021\/09\/Planejamento-Praca-do-Monte-da-Fe-em-Paudalho-1-768x432.jpeg 768w, https:\/\/www.paudalho.pe.gov.br\/portal\/wp-content\/uploads\/2021\/09\/Planejamento-Praca-do-Monte-da-Fe-em-Paudalho-1.jpeg 1280w\" sizes=\"auto, (max-width: 800px) 100vw, 800px\" \/><\/figure><\/li><li class=\"blocks-gallery-item\"><figure><img loading=\"lazy\" decoding=\"async\" width=\"800\" height=\"450\" data-attachment-id=\"18314\" data-permalink=\"https:\/\/www.paudalho.pe.gov.br\/portal\/prefeitura-do-paudalho-assinara-ordem-de-servico-para-construcao-de-praca-na-comunidade-asa-branca\/whatsapp-image-2021-09-09-at-15-59-37\/\" data-orig-file=\"https:\/\/www.paudalho.pe.gov.br\/portal\/wp-content\/uploads\/2021\/09\/WhatsApp-Image-2021-09-09-at-15.59.37.jpeg\" data-orig-size=\"1280,720\" data-comments-opened=\"1\" data-image-meta=\"{&quot;aperture&quot;:&quot;0&quot;,&quot;credit&quot;:&quot;&quot;,&quot;camera&quot;:&quot;&quot;,&quot;caption&quot;:&quot;&quot;,&quot;created_timestamp&quot;:&quot;0&quot;,&quot;copyright&quot;:&quot;&quot;,&quot;focal_length&quot;:&quot;0&quot;,&quot;iso&quot;:&quot;0&quot;,&quot;shutter_speed&quot;:&quot;0&quot;,&quot;title&quot;:&quot;&quot;,&quot;orientation&quot;:&quot;0&quot;}\" data-image-title=\"WhatsApp Image 2021-09-09 at 15.59.37\" data-image-description=\"\" data-image-caption=\"\" data-medium-file=\"https:\/\/www.paudalho.pe.gov.br\/portal\/wp-content\/uploads\/2021\/09\/WhatsApp-Image-2021-09-09-at-15.59.37-350x230.jpeg\" data-large-file=\"https:\/\/www.paudalho.pe.gov.br\/portal\/wp-content\/uploads\/2021\/09\/WhatsApp-Image-2021-09-09-at-15.59.37-800x450.jpeg\" src=\"https:\/\/www.paudalho.pe.gov.br\/portal\/wp-content\/uploads\/2021\/09\/WhatsApp-Image-2021-09-09-at-15.59.37-800x450.jpeg\" alt=\"\" data-id=\"18314\" data-full-url=\"https:\/\/www.paudalho.pe.gov.br\/portal\/wp-content\/uploads\/2021\/09\/WhatsApp-Image-2021-09-09-at-15.59.37.jpeg\" data-link=\"https:\/\/www.paudalho.pe.gov.br\/portal\/?attachment_id=18314\" class=\"wp-image-18314\" srcset=\"https:\/\/www.paudalho.pe.gov.br\/portal\/wp-content\/uploads\/2021\/09\/WhatsApp-Image-2021-09-09-at-15.59.37-800x450.jpeg 800w, https:\/\/www.paudalho.pe.gov.br\/portal\/wp-content\/uploads\/2021\/09\/WhatsApp-Image-2021-09-09-at-15.59.37-768x432.jpeg 768w, https:\/\/www.paudalho.pe.gov.br\/portal\/wp-content\/uploads\/2021\/09\/WhatsApp-Image-2021-09-09-at-15.59.37.jpeg 1280w\" sizes=\"auto, (max-width: 800px) 100vw, 800px\" \/><\/figure><\/li><li class=\"blocks-gallery-item\"><figure><img loading=\"lazy\" decoding=\"async\" width=\"800\" height=\"450\" data-attachment-id=\"18315\" data-permalink=\"https:\/\/www.paudalho.pe.gov.br\/portal\/prefeitura-do-paudalho-assinara-ordem-de-servico-para-construcao-de-praca-na-comunidade-asa-branca\/whatsapp-image-2021-09-09-at-15-59-38-3\/\" data-orig-file=\"https:\/\/www.paudalho.pe.gov.br\/portal\/wp-content\/uploads\/2021\/09\/WhatsApp-Image-2021-09-09-at-15.59.38-3.jpeg\" data-orig-size=\"1280,720\" data-comments-opened=\"1\" data-image-meta=\"{&quot;aperture&quot;:&quot;0&quot;,&quot;credit&quot;:&quot;&quot;,&quot;camera&quot;:&quot;&quot;,&quot;caption&quot;:&quot;&quot;,&quot;created_timestamp&quot;:&quot;0&quot;,&quot;copyright&quot;:&quot;&quot;,&quot;focal_length&quot;:&quot;0&quot;,&quot;iso&quot;:&quot;0&quot;,&quot;shutter_speed&quot;:&quot;0&quot;,&quot;title&quot;:&quot;&quot;,&quot;orientation&quot;:&quot;0&quot;}\" data-image-title=\"WhatsApp Image 2021-09-09 at 15.59.38 (3)\" data-image-description=\"\" data-image-caption=\"\" data-medium-file=\"https:\/\/www.paudalho.pe.gov.br\/portal\/wp-content\/uploads\/2021\/09\/WhatsApp-Image-2021-09-09-at-15.59.38-3-350x230.jpeg\" data-large-file=\"https:\/\/www.paudalho.pe.gov.br\/portal\/wp-content\/uploads\/2021\/09\/WhatsApp-Image-2021-09-09-at-15.59.38-3-800x450.jpeg\" src=\"https:\/\/www.paudalho.pe.gov.br\/portal\/wp-content\/uploads\/2021\/09\/WhatsApp-Image-2021-09-09-at-15.59.38-3-800x450.jpeg\" alt=\"\" data-id=\"18315\" data-full-url=\"https:\/\/www.paudalho.pe.gov.br\/portal\/wp-content\/uploads\/2021\/09\/WhatsApp-Image-2021-09-09-at-15.59.38-3.jpeg\" data-link=\"https:\/\/www.paudalho.pe.gov.br\/portal\/?attachment_id=18315\" class=\"wp-image-18315\" srcset=\"https:\/\/www.paudalho.pe.gov.br\/portal\/wp-content\/uploads\/2021\/09\/WhatsApp-Image-2021-09-09-at-15.59.38-3-800x450.jpeg 800w, https:\/\/www.paudalho.pe.gov.br\/portal\/wp-content\/uploads\/2021\/09\/WhatsApp-Image-2021-09-09-at-15.59.38-3-768x432.jpeg 768w, https:\/\/www.paudalho.pe.gov.br\/portal\/wp-content\/uploads\/2021\/09\/WhatsApp-Image-2021-09-09-at-15.59.38-3.jpeg 1280w\" sizes=\"auto, (max-width: 800px) 100vw, 800px\" \/><\/figure><\/li><li class=\"blocks-gallery-item\"><figure><img loading=\"lazy\" decoding=\"async\" width=\"800\" height=\"450\" data-attachment-id=\"18316\" data-permalink=\"https:\/\/www.paudalho.pe.gov.br\/portal\/prefeitura-do-paudalho-assinara-ordem-de-servico-para-construcao-de-praca-na-comunidade-asa-branca\/whatsapp-image-2021-09-09-at-15-59-38-2\/\" data-orig-file=\"https:\/\/www.paudalho.pe.gov.br\/portal\/wp-content\/uploads\/2021\/09\/WhatsApp-Image-2021-09-09-at-15.59.38-2.jpeg\" data-orig-size=\"1280,720\" data-comments-opened=\"1\" data-image-meta=\"{&quot;aperture&quot;:&quot;0&quot;,&quot;credit&quot;:&quot;&quot;,&quot;camera&quot;:&quot;&quot;,&quot;caption&quot;:&quot;&quot;,&quot;created_timestamp&quot;:&quot;0&quot;,&quot;copyright&quot;:&quot;&quot;,&quot;focal_length&quot;:&quot;0&quot;,&quot;iso&quot;:&quot;0&quot;,&quot;shutter_speed&quot;:&quot;0&quot;,&quot;title&quot;:&quot;&quot;,&quot;orientation&quot;:&quot;0&quot;}\" data-image-title=\"WhatsApp Image 2021-09-09 at 15.59.38 (2)\" data-image-description=\"\" data-image-caption=\"\" data-medium-file=\"https:\/\/www.paudalho.pe.gov.br\/portal\/wp-content\/uploads\/2021\/09\/WhatsApp-Image-2021-09-09-at-15.59.38-2-350x230.jpeg\" data-large-file=\"https:\/\/www.paudalho.pe.gov.br\/portal\/wp-content\/uploads\/2021\/09\/WhatsApp-Image-2021-09-09-at-15.59.38-2-800x450.jpeg\" src=\"https:\/\/www.paudalho.pe.gov.br\/portal\/wp-content\/uploads\/2021\/09\/WhatsApp-Image-2021-09-09-at-15.59.38-2-800x450.jpeg\" alt=\"\" data-id=\"18316\" data-full-url=\"https:\/\/www.paudalho.pe.gov.br\/portal\/wp-content\/uploads\/2021\/09\/WhatsApp-Image-2021-09-09-at-15.59.38-2.jpeg\" data-link=\"https:\/\/www.paudalho.pe.gov.br\/portal\/?attachment_id=18316\" class=\"wp-image-18316\" srcset=\"https:\/\/www.paudalho.pe.gov.br\/portal\/wp-content\/uploads\/2021\/09\/WhatsApp-Image-2021-09-09-at-15.59.38-2-800x450.jpeg 800w, https:\/\/www.paudalho.pe.gov.br\/portal\/wp-content\/uploads\/2021\/09\/WhatsApp-Image-2021-09-09-at-15.59.38-2-768x432.jpeg 768w, https:\/\/www.paudalho.pe.gov.br\/portal\/wp-content\/uploads\/2021\/09\/WhatsApp-Image-2021-09-09-at-15.59.38-2.jpeg 1280w\" sizes=\"auto, (max-width: 800px) 100vw, 800px\" \/><\/figure><\/li><li class=\"blocks-gallery-item\"><figure><img loading=\"lazy\" decoding=\"async\" width=\"800\" height=\"450\" data-attachment-id=\"18317\" data-permalink=\"https:\/\/www.paudalho.pe.gov.br\/portal\/prefeitura-do-paudalho-assinara-ordem-de-servico-para-construcao-de-praca-na-comunidade-asa-branca\/whatsapp-image-2021-09-09-at-15-59-38-1\/\" data-orig-file=\"https:\/\/www.paudalho.pe.gov.br\/portal\/wp-content\/uploads\/2021\/09\/WhatsApp-Image-2021-09-09-at-15.59.38-1.jpeg\" data-orig-size=\"1280,720\" data-comments-opened=\"1\" data-image-meta=\"{&quot;aperture&quot;:&quot;0&quot;,&quot;credit&quot;:&quot;&quot;,&quot;camera&quot;:&quot;&quot;,&quot;caption&quot;:&quot;&quot;,&quot;created_timestamp&quot;:&quot;0&quot;,&quot;copyright&quot;:&quot;&quot;,&quot;focal_length&quot;:&quot;0&quot;,&quot;iso&quot;:&quot;0&quot;,&quot;shutter_speed&quot;:&quot;0&quot;,&quot;title&quot;:&quot;&quot;,&quot;orientation&quot;:&quot;0&quot;}\" data-image-title=\"WhatsApp Image 2021-09-09 at 15.59.38 (1)\" data-image-description=\"\" data-image-caption=\"\" data-medium-file=\"https:\/\/www.paudalho.pe.gov.br\/portal\/wp-content\/uploads\/2021\/09\/WhatsApp-Image-2021-09-09-at-15.59.38-1-350x230.jpeg\" data-large-file=\"https:\/\/www.paudalho.pe.gov.br\/portal\/wp-content\/uploads\/2021\/09\/WhatsApp-Image-2021-09-09-at-15.59.38-1-800x450.jpeg\" src=\"https:\/\/www.paudalho.pe.gov.br\/portal\/wp-content\/uploads\/2021\/09\/WhatsApp-Image-2021-09-09-at-15.59.38-1-800x450.jpeg\" alt=\"\" data-id=\"18317\" data-full-url=\"https:\/\/www.paudalho.pe.gov.br\/portal\/wp-content\/uploads\/2021\/09\/WhatsApp-Image-2021-09-09-at-15.59.38-1.jpeg\" data-link=\"https:\/\/www.paudalho.pe.gov.br\/portal\/?attachment_id=18317\" class=\"wp-image-18317\" srcset=\"https:\/\/www.paudalho.pe.gov.br\/portal\/wp-content\/uploads\/2021\/09\/WhatsApp-Image-2021-09-09-at-15.59.38-1-800x450.jpeg 800w, https:\/\/www.paudalho.pe.gov.br\/portal\/wp-content\/uploads\/2021\/09\/WhatsApp-Image-2021-09-09-at-15.59.38-1-768x432.jpeg 768w, https:\/\/www.paudalho.pe.gov.br\/portal\/wp-content\/uploads\/2021\/09\/WhatsApp-Image-2021-09-09-at-15.59.38-1.jpeg 1280w\" sizes=\"auto, (max-width: 800px) 100vw, 800px\" \/><\/figure><\/li><li class=\"blocks-gallery-item\"><figure><img loading=\"lazy\" decoding=\"async\" width=\"800\" height=\"450\" data-attachment-id=\"18318\" data-permalink=\"https:\/\/www.paudalho.pe.gov.br\/portal\/prefeitura-do-paudalho-assinara-ordem-de-servico-para-construcao-de-praca-na-comunidade-asa-branca\/whatsapp-image-2021-09-09-at-15-59-38\/\" data-orig-file=\"https:\/\/www.paudalho.pe.gov.br\/portal\/wp-content\/uploads\/2021\/09\/WhatsApp-Image-2021-09-09-at-15.59.38.jpeg\" data-orig-size=\"1280,720\" data-comments-opened=\"1\" data-image-meta=\"{&quot;aperture&quot;:&quot;0&quot;,&quot;credit&quot;:&quot;&quot;,&quot;camera&quot;:&quot;&quot;,&quot;caption&quot;:&quot;&quot;,&quot;created_timestamp&quot;:&quot;0&quot;,&quot;copyright&quot;:&quot;&quot;,&quot;focal_length&quot;:&quot;0&quot;,&quot;iso&quot;:&quot;0&quot;,&quot;shutter_speed&quot;:&quot;0&quot;,&quot;title&quot;:&quot;&quot;,&quot;orientation&quot;:&quot;0&quot;}\" data-image-title=\"WhatsApp Image 2021-09-09 at 15.59.38\" data-image-description=\"\" data-image-caption=\"\" data-medium-file=\"https:\/\/www.paudalho.pe.gov.br\/portal\/wp-content\/uploads\/2021\/09\/WhatsApp-Image-2021-09-09-at-15.59.38-350x230.jpeg\" data-large-file=\"https:\/\/www.paudalho.pe.gov.br\/portal\/wp-content\/uploads\/2021\/09\/WhatsApp-Image-2021-09-09-at-15.59.38-800x450.jpeg\" src=\"https:\/\/www.paudalho.pe.gov.br\/portal\/wp-content\/uploads\/2021\/09\/WhatsApp-Image-2021-09-09-at-15.59.38-800x450.jpeg\" alt=\"\" data-id=\"18318\" data-full-url=\"https:\/\/www.paudalho.pe.gov.br\/portal\/wp-content\/uploads\/2021\/09\/WhatsApp-Image-2021-09-09-at-15.59.38.jpeg\" data-link=\"https:\/\/www.paudalho.pe.gov.br\/portal\/?attachment_id=18318\" class=\"wp-image-18318\" srcset=\"https:\/\/www.paudalho.pe.gov.br\/portal\/wp-content\/uploads\/2021\/09\/WhatsApp-Image-2021-09-09-at-15.59.38-800x450.jpeg 800w, https:\/\/www.paudalho.pe.gov.br\/portal\/wp-content\/uploads\/2021\/09\/WhatsApp-Image-2021-09-09-at-15.59.38-768x432.jpeg 768w, https:\/\/www.paudalho.pe.gov.br\/portal\/wp-content\/uploads\/2021\/09\/WhatsApp-Image-2021-09-09-at-15.59.38.jpeg 1280w\" sizes=\"auto, (max-width: 800px) 100vw, 800px\" \/><\/figure><\/li><li class=\"blocks-gallery-item\"><figure><img loading=\"lazy\" decoding=\"async\" width=\"800\" height=\"450\" data-attachment-id=\"18319\" data-permalink=\"https:\/\/www.paudalho.pe.gov.br\/portal\/prefeitura-do-paudalho-assinara-ordem-de-servico-para-construcao-de-praca-na-comunidade-asa-branca\/whatsapp-image-2021-09-09-at-15-59-39\/\" data-orig-file=\"https:\/\/www.paudalho.pe.gov.br\/portal\/wp-content\/uploads\/2021\/09\/WhatsApp-Image-2021-09-09-at-15.59.39.jpeg\" data-orig-size=\"1280,720\" data-comments-opened=\"1\" data-image-meta=\"{&quot;aperture&quot;:&quot;0&quot;,&quot;credit&quot;:&quot;&quot;,&quot;camera&quot;:&quot;&quot;,&quot;caption&quot;:&quot;&quot;,&quot;created_timestamp&quot;:&quot;0&quot;,&quot;copyright&quot;:&quot;&quot;,&quot;focal_length&quot;:&quot;0&quot;,&quot;iso&quot;:&quot;0&quot;,&quot;shutter_speed&quot;:&quot;0&quot;,&quot;title&quot;:&quot;&quot;,&quot;orientation&quot;:&quot;0&quot;}\" data-image-title=\"WhatsApp Image 2021-09-09 at 15.59.39\" data-image-description=\"\" data-image-caption=\"\" data-medium-file=\"https:\/\/www.paudalho.pe.gov.br\/portal\/wp-content\/uploads\/2021\/09\/WhatsApp-Image-2021-09-09-at-15.59.39-350x230.jpeg\" data-large-file=\"https:\/\/www.paudalho.pe.gov.br\/portal\/wp-content\/uploads\/2021\/09\/WhatsApp-Image-2021-09-09-at-15.59.39-800x450.jpeg\" src=\"https:\/\/www.paudalho.pe.gov.br\/portal\/wp-content\/uploads\/2021\/09\/WhatsApp-Image-2021-09-09-at-15.59.39-800x450.jpeg\" alt=\"\" data-id=\"18319\" data-full-url=\"https:\/\/www.paudalho.pe.gov.br\/portal\/wp-content\/uploads\/2021\/09\/WhatsApp-Image-2021-09-09-at-15.59.39.jpeg\" data-link=\"https:\/\/www.paudalho.pe.gov.br\/portal\/?attachment_id=18319\" class=\"wp-image-18319\" srcset=\"https:\/\/www.paudalho.pe.gov.br\/portal\/wp-content\/uploads\/2021\/09\/WhatsApp-Image-2021-09-09-at-15.59.39-800x450.jpeg 800w, https:\/\/www.paudalho.pe.gov.br\/portal\/wp-content\/uploads\/2021\/09\/WhatsApp-Image-2021-09-09-at-15.59.39-768x432.jpeg 768w, https:\/\/www.paudalho.pe.gov.br\/portal\/wp-content\/uploads\/2021\/09\/WhatsApp-Image-2021-09-09-at-15.59.39.jpeg 1280w\" sizes=\"auto, (max-width: 800px) 100vw, 800px\" \/><\/figure><\/li><\/ul><\/figure>\n\n\n\n<p><\/p>\n","protected":false},"excerpt":{"rendered":"<p>A popula\u00e7\u00e3o paudalhense ser\u00e1 contemplada com mais um novo espa\u00e7o voltado para o seu lazer. Na segunda-feira (13), a Prefeitura do Paudalho, atrav\u00e9s de sua Secretaria Municipal de Desenvolvimento Urbano e Agr\u00e1rio, realizar\u00e1 uma solenidade para a Assinatura da Ordem de Servi\u00e7o da Pra\u00e7a Monte da F\u00e9. O evento vai ser aberto ao p\u00fablico e [&hellip;]<\/p>\n","protected":false},"author":6,"featured_media":18288,"comment_status":"open","ping_status":"open","sticky":false,"template":"","format":"standard","meta":{"_jetpack_newsletter_access":"","_jetpack_dont_email_post_to_subs":false,"_jetpack_newsletter_tier_id":0,"_jetpack_memberships_contains_paywalled_content":false,"_jetpack_memberships_contains_paid_content":false,"footnotes":""},"categories":[2,1,35],"tags":[449,36,22],"class_list":["post-18270","post","type-post","status-publish","format-standard","has-post-thumbnail","hentry","category-destaque","category-noticias","category-obras","tag-asa-branca","tag-obras","tag-prefeitura-do-paudalho"],"jetpack_featured_media_url":"https:\/\/www.paudalho.pe.gov.br\/portal\/wp-content\/uploads\/2021\/09\/Planejamento-Praca-do-Monte-da-Fe-em-Paudalho.jpeg","jetpack_sharing_enabled":true,"jetpack_shortlink":"https:\/\/wp.me\/p98mS2-4KG","_links":{"self":[{"href":"https:\/\/www.paudalho.pe.gov.br\/portal\/wp-json\/wp\/v2\/posts\/18270","targetHints":{"allow":["GET"]}}],"collection":[{"href":"https:\/\/www.paudalho.pe.gov.br\/portal\/wp-json\/wp\/v2\/posts"}],"about":[{"href":"https:\/\/www.paudalho.pe.gov.br\/portal\/wp-json\/wp\/v2\/types\/post"}],"author":[{"embeddable":true,"href":"https:\/\/www.paudalho.pe.gov.br\/portal\/wp-json\/wp\/v2\/users\/6"}],"replies":[{"embeddable":true,"href":"https:\/\/www.paudalho.pe.gov.br\/portal\/wp-json\/wp\/v2\/comments?post=18270"}],"version-history":[{"count":27,"href":"https:\/\/www.paudalho.pe.gov.br\/portal\/wp-json\/wp\/v2\/posts\/18270\/revisions"}],"predecessor-version":[{"id":18330,"href":"https:\/\/www.paudalho.pe.gov.br\/portal\/wp-json\/wp\/v2\/posts\/18270\/revisions\/18330"}],"wp:featuredmedia":[{"embeddable":true,"href":"https:\/\/www.paudalho.pe.gov.br\/portal\/wp-json\/wp\/v2\/media\/18288"}],"wp:attachment":[{"href":"https:\/\/www.paudalho.pe.gov.br\/portal\/wp-json\/wp\/v2\/media?parent=18270"}],"wp:term":[{"taxonomy":"category","embeddable":true,"href":"https:\/\/www.paudalho.pe.gov.br\/portal\/wp-json\/wp\/v2\/categories?post=18270"},{"taxonomy":"post_tag","embeddable":true,"href":"https:\/\/www.paudalho.pe.gov.br\/portal\/wp-json\/wp\/v2\/tags?post=18270"}],"curies":[{"name":"wp","href":"https:\/\/api.w.org\/{rel}","templated":true}]}}