{"id":1813,"date":"2017-11-01T12:26:23","date_gmt":"2017-11-01T15:26:23","guid":{"rendered":"http:\/\/www.paudalho.pe.gov.br\/portal\/?p=1813"},"modified":"2017-11-02T00:05:38","modified_gmt":"2017-11-02T03:05:38","slug":"a-favor-das-criancas-e-dos-adolescentes-membros-do-comdica-sao-empossados","status":"publish","type":"post","link":"https:\/\/www.paudalho.pe.gov.br\/portal\/a-favor-das-criancas-e-dos-adolescentes-membros-do-comdica-sao-empossados\/","title":{"rendered":"A favor das crian\u00e7as e dos adolescentes, membros do COMDICA s\u00e3o empossados"},"content":{"rendered":"<p>A Prefeitura do Paudalho empossou nesta ter\u00e7a-feira (31) os membros do Conselho Municipal de Direito da Crian\u00e7a e do Adolescente (COMDICA), em uma solenidade na sede do poder municipal. Foram empossados: \u00c2ngela Maria Evaristo, Taciana Andrea da Silva, Ana Paula Ferreira Batisttela, \u00c2ngela Maria David, Silvia Maria de Alc\u00e2ntara, C\u00e9sar Ramos de Souza, Jair Silva de Lima, Jos\u00e9 Ricardo Cavalcante, Jackson Oliveira, Joselma da Silva Lopes e Damares Elias de Queiroz.<\/p>\n<div id=\"attachment_1815\" style=\"width: 310px\" class=\"wp-caption alignnone\"><img loading=\"lazy\" decoding=\"async\" aria-describedby=\"caption-attachment-1815\" data-attachment-id=\"1815\" data-permalink=\"https:\/\/www.paudalho.pe.gov.br\/portal\/a-favor-das-criancas-e-dos-adolescentes-membros-do-comdica-sao-empossados\/e1345a87-397e-4f41-8abf-d4e95a5ff3fa\/\" data-orig-file=\"https:\/\/www.paudalho.pe.gov.br\/portal\/wp-content\/uploads\/2017\/11\/e1345a87-397e-4f41-8abf-d4e95a5ff3fa.jpg\" data-orig-size=\"1280,576\" data-comments-opened=\"1\" data-image-meta=\"{&quot;aperture&quot;:&quot;0&quot;,&quot;credit&quot;:&quot;&quot;,&quot;camera&quot;:&quot;&quot;,&quot;caption&quot;:&quot;&quot;,&quot;created_timestamp&quot;:&quot;0&quot;,&quot;copyright&quot;:&quot;&quot;,&quot;focal_length&quot;:&quot;0&quot;,&quot;iso&quot;:&quot;0&quot;,&quot;shutter_speed&quot;:&quot;0&quot;,&quot;title&quot;:&quot;&quot;,&quot;orientation&quot;:&quot;0&quot;}\" data-image-title=\"e1345a87-397e-4f41-8abf-d4e95a5ff3fa\" data-image-description=\"\" data-image-caption=\"&lt;p&gt;Foto: Isak de Castro\/Comunica\u00e7\u00e3oPrefeituradoPaudalho&lt;\/p&gt;\n\" data-medium-file=\"https:\/\/www.paudalho.pe.gov.br\/portal\/wp-content\/uploads\/2017\/11\/e1345a87-397e-4f41-8abf-d4e95a5ff3fa-350x230.jpg\" data-large-file=\"https:\/\/www.paudalho.pe.gov.br\/portal\/wp-content\/uploads\/2017\/11\/e1345a87-397e-4f41-8abf-d4e95a5ff3fa-800x450.jpg\" class=\"size-medium wp-image-1815\" src=\"http:\/\/www.paudalho.pe.gov.br\/portal\/wp-content\/uploads\/2017\/11\/e1345a87-397e-4f41-8abf-d4e95a5ff3fa-350x230.jpg\" alt=\"\" width=\"300\" height=\"197\" \/><p id=\"caption-attachment-1815\" class=\"wp-caption-text\">Foto: Isak de Castro\/Comunica\u00e7\u00e3oPrefeituradoPaudalho<\/p><\/div>\n<p>A secret\u00e1ria de Desenvolvimento e Assist\u00eancia Social, Valqu\u00edria Marinho, disse que estava muito feliz com a conquista: \u201cN\u00e3o existia composi\u00e7\u00e3o do COMDICA e foi um desafio muito grande..N\u00f3s corremos atr\u00e1s\u2026 Foi um trabalho muito dif\u00edcil, \u00e1rduo, mas hoje n\u00f3s podemos dizer que um grande passo foi dado\u2026Eu queria deixar claro tamb\u00e9m o compromisso que essa gest\u00e3o tem com o controle social. J\u00e1 ficou claro em outras falas e no momento que a gente fez a entrega \u00e0 popula\u00e7\u00e3o de Paudalho de um Casa dos Conselhos\u201d, comentou.<\/p>\n<div id=\"attachment_1816\" style=\"width: 310px\" class=\"wp-caption alignnone\"><img loading=\"lazy\" decoding=\"async\" aria-describedby=\"caption-attachment-1816\" data-attachment-id=\"1816\" data-permalink=\"https:\/\/www.paudalho.pe.gov.br\/portal\/a-favor-das-criancas-e-dos-adolescentes-membros-do-comdica-sao-empossados\/6d3fe9c5-da55-45b0-b9e4-7b1ce56facef\/\" data-orig-file=\"https:\/\/www.paudalho.pe.gov.br\/portal\/wp-content\/uploads\/2017\/11\/6d3fe9c5-da55-45b0-b9e4-7b1ce56facef.jpg\" data-orig-size=\"1280,994\" data-comments-opened=\"1\" data-image-meta=\"{&quot;aperture&quot;:&quot;0&quot;,&quot;credit&quot;:&quot;&quot;,&quot;camera&quot;:&quot;&quot;,&quot;caption&quot;:&quot;&quot;,&quot;created_timestamp&quot;:&quot;0&quot;,&quot;copyright&quot;:&quot;&quot;,&quot;focal_length&quot;:&quot;0&quot;,&quot;iso&quot;:&quot;0&quot;,&quot;shutter_speed&quot;:&quot;0&quot;,&quot;title&quot;:&quot;&quot;,&quot;orientation&quot;:&quot;0&quot;}\" data-image-title=\"6d3fe9c5-da55-45b0-b9e4-7b1ce56facef\" data-image-description=\"\" data-image-caption=\"&lt;p&gt;Foto: Isak de Castro\/Comunica\u00e7\u00e3oPrefeituradoPaudalho&lt;\/p&gt;\n\" data-medium-file=\"https:\/\/www.paudalho.pe.gov.br\/portal\/wp-content\/uploads\/2017\/11\/6d3fe9c5-da55-45b0-b9e4-7b1ce56facef-350x230.jpg\" data-large-file=\"https:\/\/www.paudalho.pe.gov.br\/portal\/wp-content\/uploads\/2017\/11\/6d3fe9c5-da55-45b0-b9e4-7b1ce56facef-800x450.jpg\" class=\"size-medium wp-image-1816\" src=\"http:\/\/www.paudalho.pe.gov.br\/portal\/wp-content\/uploads\/2017\/11\/6d3fe9c5-da55-45b0-b9e4-7b1ce56facef-350x230.jpg\" alt=\"\" width=\"300\" height=\"197\" \/><p id=\"caption-attachment-1816\" class=\"wp-caption-text\">Foto: Isak de Castro\/Comunica\u00e7\u00e3oPrefeituradoPaudalho<\/p><\/div>\n<h2><strong>O que \u00e9 o COMDICA?<\/strong><\/h2>\n<p>&nbsp;<\/p>\n<p>\u00c9 um canal de participa\u00e7\u00e3o social dos cidad\u00e3os que tem como objetivo fazer com que suas demandas e prioridades orientem as pol\u00edticas p\u00fablicas de atendimento \u00e0 inf\u00e2ncia e juventude no Munic\u00edpio.<\/p>\n<p>A presidente do COMDICA, Damares Elias de Queiroz, ressaltou que existe muito a fazer, mas com o trabalho em grupo o munic\u00edpio vai continuar avan\u00e7ando: \u201cSei que \u00e9 um trabalho \u00e1rduo, temos muito a a fazer, mas estamos juntos, estamos de m\u00e3os dadas e temos que lutar muito pelas nossas crian\u00e7as e adolescentes\u2026 Queremos juntar for\u00e7as e fazer a diferen\u00e7a nessa cidade\u201d, detalhou.<\/p>\n<div id=\"attachment_1817\" style=\"width: 310px\" class=\"wp-caption alignnone\"><img loading=\"lazy\" decoding=\"async\" aria-describedby=\"caption-attachment-1817\" data-attachment-id=\"1817\" data-permalink=\"https:\/\/www.paudalho.pe.gov.br\/portal\/a-favor-das-criancas-e-dos-adolescentes-membros-do-comdica-sao-empossados\/d250c873-8a9d-4e26-92a8-0edda00d8990\/\" data-orig-file=\"https:\/\/www.paudalho.pe.gov.br\/portal\/wp-content\/uploads\/2017\/11\/d250c873-8a9d-4e26-92a8-0edda00d8990.jpg\" data-orig-size=\"1280,907\" data-comments-opened=\"1\" data-image-meta=\"{&quot;aperture&quot;:&quot;0&quot;,&quot;credit&quot;:&quot;&quot;,&quot;camera&quot;:&quot;&quot;,&quot;caption&quot;:&quot;&quot;,&quot;created_timestamp&quot;:&quot;0&quot;,&quot;copyright&quot;:&quot;&quot;,&quot;focal_length&quot;:&quot;0&quot;,&quot;iso&quot;:&quot;0&quot;,&quot;shutter_speed&quot;:&quot;0&quot;,&quot;title&quot;:&quot;&quot;,&quot;orientation&quot;:&quot;0&quot;}\" data-image-title=\"d250c873-8a9d-4e26-92a8-0edda00d8990\" data-image-description=\"\" data-image-caption=\"&lt;p&gt;Foto: Isak de Castro\/Comunica\u00e7\u00e3oPrefeituradoPaudalho&lt;\/p&gt;\n\" data-medium-file=\"https:\/\/www.paudalho.pe.gov.br\/portal\/wp-content\/uploads\/2017\/11\/d250c873-8a9d-4e26-92a8-0edda00d8990-350x230.jpg\" data-large-file=\"https:\/\/www.paudalho.pe.gov.br\/portal\/wp-content\/uploads\/2017\/11\/d250c873-8a9d-4e26-92a8-0edda00d8990-800x450.jpg\" class=\"size-medium wp-image-1817\" src=\"http:\/\/www.paudalho.pe.gov.br\/portal\/wp-content\/uploads\/2017\/11\/d250c873-8a9d-4e26-92a8-0edda00d8990-350x230.jpg\" alt=\"\" width=\"300\" height=\"197\" \/><p id=\"caption-attachment-1817\" class=\"wp-caption-text\">Foto: Isak de Castro\/Comunica\u00e7\u00e3oPrefeituradoPaudalho<\/p><\/div>\n<h2><strong>Crian\u00e7as em risco<\/strong><\/h2>\n<p>De acordo com dados do Cen\u00e1rio da Inf\u00e2ncia e da Adolesc\u00eancia no Brasil, lan\u00e7ado neste ano pela Funda\u00e7\u00e3o Abrinq, cerca de 17,3 milh\u00f5es de crian\u00e7as e adolescentes at\u00e9 14 anos vivem em domic\u00edlios de baixa renda. Isso representa 40,2% da popula\u00e7\u00e3o nessa faixa et\u00e1ria. Desse total, 5,8 milh\u00f5es (13,5%) vivem em situa\u00e7\u00e3o de extrema pobreza.<\/p>\n<p>Segundo a Funda\u00e7\u00e3o das Na\u00e7\u00f5es Unidas para a Inf\u00e2ncia (Unicef), a cada dia, em m\u00e9dia 129 casos de viol\u00eancia psicol\u00f3gica e f\u00edsica, incluindo a sexual e neglig\u00eancia s\u00e3o reportados ao Disque Den\u00fancia 100. Os n\u00fameros dizem que a cada hora, cinco casos de viol\u00eancia contra meninas e meninos s\u00e3o registrados no pa\u00eds.<\/p>\n<p>A gest\u00e3o segue comprometida e preocupada com o bem-estar da popula\u00e7\u00e3o juvenil. O prefeito Marcelo Gouveia falou sobre a satisfa\u00e7\u00e3o de tirar do papel as pol\u00edticas p\u00fablicas voltadas para crian\u00e7as e adolescentes: \u201cPara mim \u00e9 uma satisfa\u00e7\u00e3o a gente tirar do papel as pol\u00edticas p\u00fablicas do que diz respeito \u00e0s crian\u00e7as e os adolescentes. Eu queria parabenizar essa nova equipe que vai estar a frente do COMDICA\u2026E dizer que voc\u00eas contam com nosso apoio, compreens\u00e3o, carinho e todo esfor\u00e7o poss\u00edvel\u201d, finalizou.<\/p>\n<div id=\"attachment_1818\" style=\"width: 310px\" class=\"wp-caption alignnone\"><img loading=\"lazy\" decoding=\"async\" aria-describedby=\"caption-attachment-1818\" data-attachment-id=\"1818\" data-permalink=\"https:\/\/www.paudalho.pe.gov.br\/portal\/a-favor-das-criancas-e-dos-adolescentes-membros-do-comdica-sao-empossados\/0377b1ef-a0c4-4772-bf5c-507506c8e93b\/\" data-orig-file=\"https:\/\/www.paudalho.pe.gov.br\/portal\/wp-content\/uploads\/2017\/11\/0377b1ef-a0c4-4772-bf5c-507506c8e93b.jpg\" data-orig-size=\"1280,853\" data-comments-opened=\"1\" data-image-meta=\"{&quot;aperture&quot;:&quot;0&quot;,&quot;credit&quot;:&quot;&quot;,&quot;camera&quot;:&quot;&quot;,&quot;caption&quot;:&quot;&quot;,&quot;created_timestamp&quot;:&quot;0&quot;,&quot;copyright&quot;:&quot;&quot;,&quot;focal_length&quot;:&quot;0&quot;,&quot;iso&quot;:&quot;0&quot;,&quot;shutter_speed&quot;:&quot;0&quot;,&quot;title&quot;:&quot;&quot;,&quot;orientation&quot;:&quot;0&quot;}\" data-image-title=\"0377b1ef-a0c4-4772-bf5c-507506c8e93b\" data-image-description=\"\" data-image-caption=\"&lt;p&gt;Foto: Isak de Castro\/Comunica\u00e7\u00e3oPrefeituradoPaudalho&lt;\/p&gt;\n\" data-medium-file=\"https:\/\/www.paudalho.pe.gov.br\/portal\/wp-content\/uploads\/2017\/11\/0377b1ef-a0c4-4772-bf5c-507506c8e93b-350x230.jpg\" data-large-file=\"https:\/\/www.paudalho.pe.gov.br\/portal\/wp-content\/uploads\/2017\/11\/0377b1ef-a0c4-4772-bf5c-507506c8e93b-800x450.jpg\" class=\"size-medium wp-image-1818\" src=\"http:\/\/www.paudalho.pe.gov.br\/portal\/wp-content\/uploads\/2017\/11\/0377b1ef-a0c4-4772-bf5c-507506c8e93b-350x230.jpg\" alt=\"\" width=\"300\" height=\"197\" \/><p id=\"caption-attachment-1818\" class=\"wp-caption-text\">Foto: Isak de Castro\/Comunica\u00e7\u00e3oPrefeituradoPaudalho<\/p><\/div>\n<p><!--more--><\/p>\n<h3><strong>Leia mais:<\/strong><\/h3>\n<p><a href=\"http:\/\/www.paudalho.pe.gov.br\/portal\/laboratorio-municipal-oferece-exame-preventivo-de-prostata\/\">Laborat\u00f3rio Municipal oferece exame preventivo de pr\u00f3stata<\/a><\/p>\n","protected":false},"excerpt":{"rendered":"<p>A Prefeitura do Paudalho empossou nesta ter\u00e7a-feira (31) os membros do Conselho Municipal de Direito da Crian\u00e7a e do Adolescente (COMDICA), em uma solenidade na sede do poder municipal. Foram empossados: \u00c2ngela Maria Evaristo, Taciana Andrea da Silva, Ana Paula Ferreira Batisttela, \u00c2ngela Maria David, Silvia Maria de Alc\u00e2ntara, C\u00e9sar Ramos de Souza, Jair Silva [&hellip;]<\/p>\n","protected":false},"author":4,"featured_media":1814,"comment_status":"open","ping_status":"open","sticky":false,"template":"","format":"standard","meta":{"_jetpack_newsletter_access":"","_jetpack_dont_email_post_to_subs":false,"_jetpack_newsletter_tier_id":0,"_jetpack_memberships_contains_paywalled_content":false,"_jetpack_memberships_contains_paid_content":false,"footnotes":""},"categories":[2,1],"tags":[180,181,22],"class_list":["post-1813","post","type-post","status-publish","format-standard","has-post-thumbnail","hentry","category-destaque","category-noticias","tag-comdica","tag-posse","tag-prefeitura-do-paudalho"],"jetpack_featured_media_url":"https:\/\/www.paudalho.pe.gov.br\/portal\/wp-content\/uploads\/2017\/11\/d994ecb5-a1eb-4edf-b619-9379d0071a1f.jpg","jetpack_sharing_enabled":true,"jetpack_shortlink":"https:\/\/wp.me\/p98mS2-tf","_links":{"self":[{"href":"https:\/\/www.paudalho.pe.gov.br\/portal\/wp-json\/wp\/v2\/posts\/1813","targetHints":{"allow":["GET"]}}],"collection":[{"href":"https:\/\/www.paudalho.pe.gov.br\/portal\/wp-json\/wp\/v2\/posts"}],"about":[{"href":"https:\/\/www.paudalho.pe.gov.br\/portal\/wp-json\/wp\/v2\/types\/post"}],"author":[{"embeddable":true,"href":"https:\/\/www.paudalho.pe.gov.br\/portal\/wp-json\/wp\/v2\/users\/4"}],"replies":[{"embeddable":true,"href":"https:\/\/www.paudalho.pe.gov.br\/portal\/wp-json\/wp\/v2\/comments?post=1813"}],"version-history":[{"count":11,"href":"https:\/\/www.paudalho.pe.gov.br\/portal\/wp-json\/wp\/v2\/posts\/1813\/revisions"}],"predecessor-version":[{"id":1841,"href":"https:\/\/www.paudalho.pe.gov.br\/portal\/wp-json\/wp\/v2\/posts\/1813\/revisions\/1841"}],"wp:featuredmedia":[{"embeddable":true,"href":"https:\/\/www.paudalho.pe.gov.br\/portal\/wp-json\/wp\/v2\/media\/1814"}],"wp:attachment":[{"href":"https:\/\/www.paudalho.pe.gov.br\/portal\/wp-json\/wp\/v2\/media?parent=1813"}],"wp:term":[{"taxonomy":"category","embeddable":true,"href":"https:\/\/www.paudalho.pe.gov.br\/portal\/wp-json\/wp\/v2\/categories?post=1813"},{"taxonomy":"post_tag","embeddable":true,"href":"https:\/\/www.paudalho.pe.gov.br\/portal\/wp-json\/wp\/v2\/tags?post=1813"}],"curies":[{"name":"wp","href":"https:\/\/api.w.org\/{rel}","templated":true}]}}