{"id":18047,"date":"2021-09-08T22:20:18","date_gmt":"2021-09-09T01:20:18","guid":{"rendered":"https:\/\/www.paudalho.pe.gov.br\/portal\/?p=18047"},"modified":"2025-01-08T00:39:26","modified_gmt":"2025-01-08T03:39:26","slug":"iniciativa-prefeitura-nos-bairros-traz-revitalizacao-para-comunidades-do-paudalho","status":"publish","type":"post","link":"https:\/\/www.paudalho.pe.gov.br\/portal\/iniciativa-prefeitura-nos-bairros-traz-revitalizacao-para-comunidades-do-paudalho\/","title":{"rendered":"Iniciativa Prefeitura nos Bairros traz revitaliza\u00e7\u00e3o para comunidades do Paudalho"},"content":{"rendered":"\n<p>Com o objetivo de trazer melhoria na qualidade de vida da popula\u00e7\u00e3o paudalhense, a Prefeitura do Paudalho, atrav\u00e9s de sua Secretaria Municipal de Desenvolvimento Urbano e Meio Ambiente, iniciou nesta quarta-feira (08) as atividades do projeto <strong>Prefeitura nos Bairros<\/strong>. Atrav\u00e9s da iniciativa, uma s\u00e9rie de a\u00e7\u00f5es ser\u00e3o realizadas para a manuten\u00e7\u00e3o de espa\u00e7os p\u00fablicos do munic\u00edpio. <\/p>\n\n\n\n<p>Por meio do projeto ser\u00e3o efetuados servi\u00e7os como capina\u00e7\u00e3o, pintura de meio fio, manuten\u00e7\u00e3o de vias, limpeza de canais, recupera\u00e7\u00e3o de estradas e manuten\u00e7\u00e3o da ilumina\u00e7\u00e3o p\u00fablica em v\u00e1rios distritos da cidade. A primeira parada do Prefeitura em Obras ocorreu hoje (08) na comunidade de Bel\u00e9m. As a\u00e7\u00f5es nesse local prosseguir\u00e3o at\u00e9 sexta-feira (10). Al\u00e9m desse bairro, a revitaliza\u00e7\u00e3o ocorrer\u00e1 na Vila Asa Branca, na Vila Santa M\u00f4nica e em Ch\u00e3 Alegre. <\/p>\n\n\n\n<figure class=\"wp-block-gallery columns-2 is-cropped wp-block-gallery-1 is-layout-flex wp-block-gallery-is-layout-flex\"><ul class=\"blocks-gallery-grid\"><li class=\"blocks-gallery-item\"><figure><img loading=\"lazy\" decoding=\"async\" width=\"800\" height=\"450\" data-attachment-id=\"18147\" data-permalink=\"https:\/\/www.paudalho.pe.gov.br\/portal\/iniciativa-prefeitura-nos-bairros-traz-revitalizacao-para-comunidades-do-paudalho\/241313480_550300782854503_6421999432555776965_n\/\" data-orig-file=\"https:\/\/www.paudalho.pe.gov.br\/portal\/wp-content\/uploads\/2021\/09\/241313480_550300782854503_6421999432555776965_n.jpg\" data-orig-size=\"853,568\" data-comments-opened=\"1\" data-image-meta=\"{&quot;aperture&quot;:&quot;0&quot;,&quot;credit&quot;:&quot;&quot;,&quot;camera&quot;:&quot;&quot;,&quot;caption&quot;:&quot;&quot;,&quot;created_timestamp&quot;:&quot;0&quot;,&quot;copyright&quot;:&quot;&quot;,&quot;focal_length&quot;:&quot;0&quot;,&quot;iso&quot;:&quot;0&quot;,&quot;shutter_speed&quot;:&quot;0&quot;,&quot;title&quot;:&quot;&quot;,&quot;orientation&quot;:&quot;0&quot;}\" data-image-title=\"241313480_550300782854503_6421999432555776965_n\" data-image-description=\"\" data-image-caption=\"&lt;p&gt;Foto: Cristov\u00e3o Neto.&lt;\/p&gt;\n\" data-medium-file=\"https:\/\/www.paudalho.pe.gov.br\/portal\/wp-content\/uploads\/2021\/09\/241313480_550300782854503_6421999432555776965_n-350x230.jpg\" data-large-file=\"https:\/\/www.paudalho.pe.gov.br\/portal\/wp-content\/uploads\/2021\/09\/241313480_550300782854503_6421999432555776965_n-800x450.jpg\" src=\"https:\/\/www.paudalho.pe.gov.br\/portal\/wp-content\/uploads\/2021\/09\/241313480_550300782854503_6421999432555776965_n-800x450.jpg\" alt=\"\" data-id=\"18147\" data-full-url=\"https:\/\/www.paudalho.pe.gov.br\/portal\/wp-content\/uploads\/2021\/09\/241313480_550300782854503_6421999432555776965_n.jpg\" data-link=\"https:\/\/www.paudalho.pe.gov.br\/portal\/?attachment_id=18147\" class=\"wp-image-18147\"\/><figcaption class=\"blocks-gallery-item__caption\"><em>Foto: Cristov\u00e3o Neto.<\/em><\/figcaption><\/figure><\/li><li class=\"blocks-gallery-item\"><figure><img loading=\"lazy\" decoding=\"async\" width=\"800\" height=\"450\" data-attachment-id=\"18148\" data-permalink=\"https:\/\/www.paudalho.pe.gov.br\/portal\/iniciativa-prefeitura-nos-bairros-traz-revitalizacao-para-comunidades-do-paudalho\/241345664_369587374870573_5823575482557291096_n-2\/\" data-orig-file=\"https:\/\/www.paudalho.pe.gov.br\/portal\/wp-content\/uploads\/2021\/09\/241345664_369587374870573_5823575482557291096_n-1.jpg\" data-orig-size=\"853,568\" data-comments-opened=\"1\" data-image-meta=\"{&quot;aperture&quot;:&quot;0&quot;,&quot;credit&quot;:&quot;&quot;,&quot;camera&quot;:&quot;&quot;,&quot;caption&quot;:&quot;&quot;,&quot;created_timestamp&quot;:&quot;0&quot;,&quot;copyright&quot;:&quot;&quot;,&quot;focal_length&quot;:&quot;0&quot;,&quot;iso&quot;:&quot;0&quot;,&quot;shutter_speed&quot;:&quot;0&quot;,&quot;title&quot;:&quot;&quot;,&quot;orientation&quot;:&quot;0&quot;}\" data-image-title=\"241345664_369587374870573_5823575482557291096_n\" data-image-description=\"\" data-image-caption=\"&lt;p&gt;Foto: Crist\u00f3v\u00e3o Neto.&lt;\/p&gt;\n\" data-medium-file=\"https:\/\/www.paudalho.pe.gov.br\/portal\/wp-content\/uploads\/2021\/09\/241345664_369587374870573_5823575482557291096_n-1-350x230.jpg\" data-large-file=\"https:\/\/www.paudalho.pe.gov.br\/portal\/wp-content\/uploads\/2021\/09\/241345664_369587374870573_5823575482557291096_n-1-800x450.jpg\" src=\"https:\/\/www.paudalho.pe.gov.br\/portal\/wp-content\/uploads\/2021\/09\/241345664_369587374870573_5823575482557291096_n-1-800x450.jpg\" alt=\"\" data-id=\"18148\" data-full-url=\"https:\/\/www.paudalho.pe.gov.br\/portal\/wp-content\/uploads\/2021\/09\/241345664_369587374870573_5823575482557291096_n-1.jpg\" data-link=\"https:\/\/www.paudalho.pe.gov.br\/portal\/?attachment_id=18148\" class=\"wp-image-18148\"\/><figcaption class=\"blocks-gallery-item__caption\"><em>Foto: Crist\u00f3v\u00e3o Neto.<\/em><\/figcaption><\/figure><\/li><\/ul><\/figure>\n\n\n\n<p>De acordo com o secret\u00e1rio da pasta, Andr\u00e9 Luiz, durante o inverno as obras desenvolvidas pela Prefeitura tiveram uma pausa devido \u00e0s fortes chuvas. Com o in\u00edcio do ver\u00e3o, os servi\u00e7os est\u00e3o sendo intensificados. &#8220;Com a parada das chuvas a vegeta\u00e7\u00e3o cresce menos e temos mais tempo de limpar e de manter. Vamos deixar a cidade do jeito que o povo merece&#8221;, declarou. Durante o m\u00eas de setembro, as atividades ser\u00e3o realizadas at\u00e9 o dia 22.<\/p>\n\n\n\n<p><\/p>\n\n\n\n<p><strong>Confira abaixo o cronograma da iniciativa Prefeitura nos Bairros: <\/strong><\/p>\n\n\n\n<figure class=\"wp-block-table is-style-stripes\"><table><tbody><tr><td><strong>DATA (SETEMBRO)<\/strong><\/td><td><strong>BAIRRO<\/strong><\/td><td><strong>SERVI\u00c7OS<\/strong><\/td><\/tr><tr><td>8, 9 e 10 <\/td><td>Bel\u00e9m<\/td><td>Capina\u00e7\u00e3o, pintura de meio fio, manuten\u00e7\u00e3o de vias, limpeza de canal e manuten\u00e7\u00e3o de ilumina\u00e7\u00e3o p\u00fablica.<\/td><\/tr><tr><td>13, 14 e 15 <\/td><td>Vila Asa Branca<\/td><td>Capina\u00e7\u00e3o, limpeza de canal, pintura de meio fio e manuten\u00e7\u00e3o de ilumina\u00e7\u00e3o p\u00fablica<\/td><\/tr><tr><td>16 e 17 <\/td><td>Vila Santa M\u00f4nica<\/td><td>Capina\u00e7\u00e3o, limpeza de canal, pintura de meio fio e manuten\u00e7\u00e3o de ilumina\u00e7\u00e3o p\u00fablica<\/td><\/tr><tr><td>20, 21 e 22<\/td><td>Ch\u00e3 Alegre<\/td><td>Capina\u00e7\u00e3o, pintura de meio fio, manuten\u00e7\u00e3o de vias, limpeza de canal, manuten\u00e7\u00e3o de ilumina\u00e7\u00e3o p\u00fablica e recupera\u00e7\u00e3o de estradas.<\/td><\/tr><\/tbody><\/table><\/figure>\n","protected":false},"excerpt":{"rendered":"<p>Com o objetivo de trazer melhoria na qualidade de vida da popula\u00e7\u00e3o paudalhense, a Prefeitura do Paudalho, atrav\u00e9s de sua Secretaria Municipal de Desenvolvimento Urbano e Meio Ambiente, iniciou nesta quarta-feira (08) as atividades do projeto Prefeitura nos Bairros. Atrav\u00e9s da iniciativa, uma s\u00e9rie de a\u00e7\u00f5es ser\u00e3o realizadas para a manuten\u00e7\u00e3o de espa\u00e7os p\u00fablicos do [&hellip;]<\/p>\n","protected":false},"author":6,"featured_media":18149,"comment_status":"closed","ping_status":"closed","sticky":false,"template":"","format":"standard","meta":{"_jetpack_newsletter_access":"","_jetpack_dont_email_post_to_subs":false,"_jetpack_newsletter_tier_id":0,"_jetpack_memberships_contains_paywalled_content":false,"_jetpack_memberships_contains_paid_content":false,"footnotes":""},"categories":[2,1,35],"tags":[36,22,792],"class_list":["post-18047","post","type-post","status-publish","format-standard","has-post-thumbnail","hentry","category-destaque","category-noticias","category-obras","tag-obras","tag-prefeitura-do-paudalho","tag-secretaria-de-desenvolvimento-urbano-e-meio-ambiente"],"jetpack_featured_media_url":"https:\/\/www.paudalho.pe.gov.br\/portal\/wp-content\/uploads\/2021\/09\/241313551_6041650835907948_6624895547751202161_n.jpg","jetpack_sharing_enabled":true,"jetpack_shortlink":"https:\/\/wp.me\/p98mS2-4H5","_links":{"self":[{"href":"https:\/\/www.paudalho.pe.gov.br\/portal\/wp-json\/wp\/v2\/posts\/18047","targetHints":{"allow":["GET"]}}],"collection":[{"href":"https:\/\/www.paudalho.pe.gov.br\/portal\/wp-json\/wp\/v2\/posts"}],"about":[{"href":"https:\/\/www.paudalho.pe.gov.br\/portal\/wp-json\/wp\/v2\/types\/post"}],"author":[{"embeddable":true,"href":"https:\/\/www.paudalho.pe.gov.br\/portal\/wp-json\/wp\/v2\/users\/6"}],"replies":[{"embeddable":true,"href":"https:\/\/www.paudalho.pe.gov.br\/portal\/wp-json\/wp\/v2\/comments?post=18047"}],"version-history":[{"count":22,"href":"https:\/\/www.paudalho.pe.gov.br\/portal\/wp-json\/wp\/v2\/posts\/18047\/revisions"}],"predecessor-version":[{"id":18158,"href":"https:\/\/www.paudalho.pe.gov.br\/portal\/wp-json\/wp\/v2\/posts\/18047\/revisions\/18158"}],"wp:featuredmedia":[{"embeddable":true,"href":"https:\/\/www.paudalho.pe.gov.br\/portal\/wp-json\/wp\/v2\/media\/18149"}],"wp:attachment":[{"href":"https:\/\/www.paudalho.pe.gov.br\/portal\/wp-json\/wp\/v2\/media?parent=18047"}],"wp:term":[{"taxonomy":"category","embeddable":true,"href":"https:\/\/www.paudalho.pe.gov.br\/portal\/wp-json\/wp\/v2\/categories?post=18047"},{"taxonomy":"post_tag","embeddable":true,"href":"https:\/\/www.paudalho.pe.gov.br\/portal\/wp-json\/wp\/v2\/tags?post=18047"}],"curies":[{"name":"wp","href":"https:\/\/api.w.org\/{rel}","templated":true}]}}