{"id":1792,"date":"2017-10-30T23:36:23","date_gmt":"2017-10-31T02:36:23","guid":{"rendered":"http:\/\/www.paudalho.pe.gov.br\/portal\/?p=1792"},"modified":"2017-10-30T23:54:37","modified_gmt":"2017-10-31T02:54:37","slug":"caminhada-encerra-programacao-do-outubro-rosa-na-cidade","status":"publish","type":"post","link":"https:\/\/www.paudalho.pe.gov.br\/portal\/caminhada-encerra-programacao-do-outubro-rosa-na-cidade\/","title":{"rendered":"Caminhada encerra programa\u00e7\u00e3o do Outubro Rosa na cidade"},"content":{"rendered":"<p>A Academia de Sa\u00fade realiza nesta ter\u00e7a-feira (31) a Caminhada Mais Sa\u00fade: a Favor da Vida com muita aer\u00f3bica, caminhada e dan\u00e7a. A programa\u00e7\u00e3o come\u00e7a \u00e0s seis da manh\u00e3 com concentra\u00e7\u00e3o na Academia de Sa\u00fade, no centro da cidade. O evento faz parte do encerramento do Outubro Rosa no munic\u00edpio.<\/p>\n<p>Na manh\u00e3 e tarde desta segunda-feira (30) a Academia promoveu uma programa\u00e7\u00e3o especial voltada em Guadalajara. Al\u00e9m do aul\u00e3o com gin\u00e1stica, foram disponibilizadas roda de conversa e palestras com fisioterapeuta do N\u00facleo de Apoio \u00e0 Sa\u00fade da Fam\u00edlia (NASF).\u00a0\u00c0 tarde, as atividades ocorreram no centro da cidade com a presen\u00e7a de m\u00e9dico, palestras e muita atividade f\u00edsica contra o c\u00e2ncer de mama e colo de \u00fatero.<\/p>\n<div id=\"attachment_1793\" style=\"width: 310px\" class=\"wp-caption alignnone\"><img loading=\"lazy\" decoding=\"async\" aria-describedby=\"caption-attachment-1793\" data-attachment-id=\"1793\" data-permalink=\"https:\/\/www.paudalho.pe.gov.br\/portal\/caminhada-encerra-programacao-do-outubro-rosa-na-cidade\/65150537-857a-4f29-896b-d27d288163da\/\" data-orig-file=\"https:\/\/www.paudalho.pe.gov.br\/portal\/wp-content\/uploads\/2017\/10\/65150537-857a-4f29-896b-d27d288163da.jpg\" data-orig-size=\"1280,721\" data-comments-opened=\"1\" data-image-meta=\"{&quot;aperture&quot;:&quot;0&quot;,&quot;credit&quot;:&quot;&quot;,&quot;camera&quot;:&quot;&quot;,&quot;caption&quot;:&quot;&quot;,&quot;created_timestamp&quot;:&quot;0&quot;,&quot;copyright&quot;:&quot;&quot;,&quot;focal_length&quot;:&quot;0&quot;,&quot;iso&quot;:&quot;0&quot;,&quot;shutter_speed&quot;:&quot;0&quot;,&quot;title&quot;:&quot;&quot;,&quot;orientation&quot;:&quot;0&quot;}\" data-image-title=\"65150537-857a-4f29-896b-d27d288163da\" data-image-description=\"\" data-image-caption=\"&lt;p&gt;Foto: Academia da Sa\u00fade&lt;\/p&gt;\n\" data-medium-file=\"https:\/\/www.paudalho.pe.gov.br\/portal\/wp-content\/uploads\/2017\/10\/65150537-857a-4f29-896b-d27d288163da-350x230.jpg\" data-large-file=\"https:\/\/www.paudalho.pe.gov.br\/portal\/wp-content\/uploads\/2017\/10\/65150537-857a-4f29-896b-d27d288163da-800x450.jpg\" class=\"size-medium wp-image-1793\" src=\"http:\/\/www.paudalho.pe.gov.br\/portal\/wp-content\/uploads\/2017\/10\/65150537-857a-4f29-896b-d27d288163da-350x230.jpg\" alt=\"\" width=\"300\" height=\"197\" \/><p id=\"caption-attachment-1793\" class=\"wp-caption-text\">Foto: Academia da Sa\u00fade<\/p><\/div>\n<div id=\"attachment_1794\" style=\"width: 310px\" class=\"wp-caption alignnone\"><img loading=\"lazy\" decoding=\"async\" aria-describedby=\"caption-attachment-1794\" data-attachment-id=\"1794\" data-permalink=\"https:\/\/www.paudalho.pe.gov.br\/portal\/caminhada-encerra-programacao-do-outubro-rosa-na-cidade\/47bb62bc-d8e0-4bc0-9e16-9eb2eff775c4\/\" data-orig-file=\"https:\/\/www.paudalho.pe.gov.br\/portal\/wp-content\/uploads\/2017\/10\/47bb62bc-d8e0-4bc0-9e16-9eb2eff775c4.jpg\" data-orig-size=\"1280,721\" data-comments-opened=\"1\" data-image-meta=\"{&quot;aperture&quot;:&quot;0&quot;,&quot;credit&quot;:&quot;&quot;,&quot;camera&quot;:&quot;&quot;,&quot;caption&quot;:&quot;&quot;,&quot;created_timestamp&quot;:&quot;0&quot;,&quot;copyright&quot;:&quot;&quot;,&quot;focal_length&quot;:&quot;0&quot;,&quot;iso&quot;:&quot;0&quot;,&quot;shutter_speed&quot;:&quot;0&quot;,&quot;title&quot;:&quot;&quot;,&quot;orientation&quot;:&quot;0&quot;}\" data-image-title=\"47bb62bc-d8e0-4bc0-9e16-9eb2eff775c4\" data-image-description=\"\" data-image-caption=\"&lt;p&gt;Foto: Academia da Sa\u00fade&lt;\/p&gt;\n\" data-medium-file=\"https:\/\/www.paudalho.pe.gov.br\/portal\/wp-content\/uploads\/2017\/10\/47bb62bc-d8e0-4bc0-9e16-9eb2eff775c4-350x230.jpg\" data-large-file=\"https:\/\/www.paudalho.pe.gov.br\/portal\/wp-content\/uploads\/2017\/10\/47bb62bc-d8e0-4bc0-9e16-9eb2eff775c4-800x450.jpg\" class=\"size-medium wp-image-1794\" src=\"http:\/\/www.paudalho.pe.gov.br\/portal\/wp-content\/uploads\/2017\/10\/47bb62bc-d8e0-4bc0-9e16-9eb2eff775c4-350x230.jpg\" alt=\"\" width=\"300\" height=\"197\" \/><p id=\"caption-attachment-1794\" class=\"wp-caption-text\">Foto: Academia da Sa\u00fade<\/p><\/div>\n<div id=\"attachment_1795\" style=\"width: 310px\" class=\"wp-caption alignnone\"><img loading=\"lazy\" decoding=\"async\" aria-describedby=\"caption-attachment-1795\" data-attachment-id=\"1795\" data-permalink=\"https:\/\/www.paudalho.pe.gov.br\/portal\/caminhada-encerra-programacao-do-outubro-rosa-na-cidade\/3c23d482-f81b-4a32-84df-d3b4da503962\/\" data-orig-file=\"https:\/\/www.paudalho.pe.gov.br\/portal\/wp-content\/uploads\/2017\/10\/3c23d482-f81b-4a32-84df-d3b4da503962.jpg\" data-orig-size=\"1280,721\" data-comments-opened=\"1\" data-image-meta=\"{&quot;aperture&quot;:&quot;0&quot;,&quot;credit&quot;:&quot;&quot;,&quot;camera&quot;:&quot;&quot;,&quot;caption&quot;:&quot;&quot;,&quot;created_timestamp&quot;:&quot;0&quot;,&quot;copyright&quot;:&quot;&quot;,&quot;focal_length&quot;:&quot;0&quot;,&quot;iso&quot;:&quot;0&quot;,&quot;shutter_speed&quot;:&quot;0&quot;,&quot;title&quot;:&quot;&quot;,&quot;orientation&quot;:&quot;0&quot;}\" data-image-title=\"3c23d482-f81b-4a32-84df-d3b4da503962\" data-image-description=\"\" data-image-caption=\"&lt;p&gt;Foto: Academia da Sa\u00fade&lt;\/p&gt;\n\" data-medium-file=\"https:\/\/www.paudalho.pe.gov.br\/portal\/wp-content\/uploads\/2017\/10\/3c23d482-f81b-4a32-84df-d3b4da503962-350x230.jpg\" data-large-file=\"https:\/\/www.paudalho.pe.gov.br\/portal\/wp-content\/uploads\/2017\/10\/3c23d482-f81b-4a32-84df-d3b4da503962-800x450.jpg\" class=\"size-medium wp-image-1795\" src=\"http:\/\/www.paudalho.pe.gov.br\/portal\/wp-content\/uploads\/2017\/10\/3c23d482-f81b-4a32-84df-d3b4da503962-350x230.jpg\" alt=\"\" width=\"300\" height=\"197\" \/><p id=\"caption-attachment-1795\" class=\"wp-caption-text\">Foto: Academia da Sa\u00fade<\/p><\/div>\n<p><strong>Confira no v\u00eddeo:<\/strong><\/p>\n<div style=\"width: 848px;\" class=\"wp-video\"><!--[if lt IE 9]><script>document.createElement('video');<\/script><![endif]-->\n<video class=\"wp-video-shortcode\" id=\"video-1792-1\" width=\"848\" height=\"480\" preload=\"metadata\" controls=\"controls\"><source type=\"video\/mp4\" src=\"http:\/\/www.paudalho.pe.gov.br\/portal\/wp-content\/uploads\/2017\/10\/WhatsApp-Video-2017-10-30-at-23.20.33-1.mp4?_=1\" \/><a href=\"http:\/\/www.paudalho.pe.gov.br\/portal\/wp-content\/uploads\/2017\/10\/WhatsApp-Video-2017-10-30-at-23.20.33-1.mp4\">http:\/\/www.paudalho.pe.gov.br\/portal\/wp-content\/uploads\/2017\/10\/WhatsApp-Video-2017-10-30-at-23.20.33-1.mp4<\/a><\/video><\/div>\n<h2><strong>C\u00e2ncer de mama mata mais de 17 mil pessoas<\/strong><\/h2>\n<p>Dados da Organiza\u00e7\u00e3o Mundial da Sa\u00fade (OMS) divulgados neste ano apontam que o n\u00famero de mortes no Brasil por conta de c\u00e2ncer aumentou 31% desde 2000 e chegou a 223,4 mil pessoas por ano no final de 2015. Segundo os dados, o tumor de mama provoca cerca de 18 mil mortes no Brasil.<\/p>\n<h2><strong>C\u00e2ncer de colo de \u00fatero<\/strong><\/h2>\n<p>Segundo dados do Instituto Nacional de C\u00e2ncer Jos\u00e9 Alencar Gomes da Silva (INCA), esse \u00e9 o terceiro tumor mais frequente na popula\u00e7\u00e3o feminina, atr\u00e1s do c\u00e2ncer de mama e do colorretal. Ele pode ser tratado se for detectado atrav\u00e9s do exame preventivo conhecido como Papanicolau. A preven\u00e7\u00e3o \u00e9 oferecida por todas as unidades de Sa\u00fade do munic\u00edpio.<\/p>\n<h2><strong>Prefeitura agindo<\/strong><\/h2>\n<p>O movimento internacional Outubro Rosa come\u00e7ou nos Estados Unidos, quando a \u201cFunda\u00e7\u00e3o Susan G. Komen For The Cure\u201d lan\u00e7ou o la\u00e7o cor-de-rosa, em 1991, e o distribuiu aos participantes da \u201cPrimeira Corrida Pela Cura\u201d realizada em Nova York. Em 1997 algumas entidades das cidades de Yuba e Lodi (EUA) come\u00e7aram a difundir a\u00e7\u00f5es voltadas a preven\u00e7\u00e3o do c\u00e2ncer de mama, surgindo da\u00ed o nome da campanha. No Brasil, em 2002, aconteceu o primeiro momento de simpatia pelo movimento, quando o \u201cMausol\u00e9u do Soldado Constitucionalista\u201d, tamb\u00e9m chamado de \u201cObelisco do Ibirapuera\u201d, em S\u00e3o Paulo, foi iluminado de rosa. Mas foi em outubro de 2008 que ele ganhou for\u00e7as e diversas cidades foram iluminadas. E a Prefeitura por meio da Secretaria de Educa\u00e7\u00e3o realizou diversas atividades nos postos de sa\u00fade da cidade, al\u00e9m de a\u00e7\u00f5es em diversos bairros do munic\u00edpio mostrando que se preocupa\u00e7\u00e3o com o bem-estar do paudalhense.<\/p>\n<p>&nbsp;<\/p>\n","protected":false},"excerpt":{"rendered":"<p>A Academia de Sa\u00fade realiza nesta ter\u00e7a-feira (31) a Caminhada Mais Sa\u00fade: a Favor da Vida com muita aer\u00f3bica, caminhada e dan\u00e7a. A programa\u00e7\u00e3o come\u00e7a \u00e0s seis da manh\u00e3 com concentra\u00e7\u00e3o na Academia de Sa\u00fade, no centro da cidade. O evento faz parte do encerramento do Outubro Rosa no munic\u00edpio. Na manh\u00e3 e tarde desta [&hellip;]<\/p>\n","protected":false},"author":4,"featured_media":1799,"comment_status":"open","ping_status":"open","sticky":false,"template":"","format":"standard","meta":{"_jetpack_newsletter_access":"","_jetpack_dont_email_post_to_subs":false,"_jetpack_newsletter_tier_id":0,"_jetpack_memberships_contains_paywalled_content":false,"_jetpack_memberships_contains_paid_content":false,"footnotes":""},"categories":[2,3],"tags":[178,167,22],"class_list":["post-1792","post","type-post","status-publish","format-standard","has-post-thumbnail","hentry","category-destaque","category-saude","tag-academia-da-saude","tag-outubro-rosa","tag-prefeitura-do-paudalho"],"jetpack_featured_media_url":"https:\/\/www.paudalho.pe.gov.br\/portal\/wp-content\/uploads\/2017\/10\/P\u00e1scoa-1.png","jetpack_sharing_enabled":true,"jetpack_shortlink":"https:\/\/wp.me\/p98mS2-sU","_links":{"self":[{"href":"https:\/\/www.paudalho.pe.gov.br\/portal\/wp-json\/wp\/v2\/posts\/1792","targetHints":{"allow":["GET"]}}],"collection":[{"href":"https:\/\/www.paudalho.pe.gov.br\/portal\/wp-json\/wp\/v2\/posts"}],"about":[{"href":"https:\/\/www.paudalho.pe.gov.br\/portal\/wp-json\/wp\/v2\/types\/post"}],"author":[{"embeddable":true,"href":"https:\/\/www.paudalho.pe.gov.br\/portal\/wp-json\/wp\/v2\/users\/4"}],"replies":[{"embeddable":true,"href":"https:\/\/www.paudalho.pe.gov.br\/portal\/wp-json\/wp\/v2\/comments?post=1792"}],"version-history":[{"count":7,"href":"https:\/\/www.paudalho.pe.gov.br\/portal\/wp-json\/wp\/v2\/posts\/1792\/revisions"}],"predecessor-version":[{"id":1805,"href":"https:\/\/www.paudalho.pe.gov.br\/portal\/wp-json\/wp\/v2\/posts\/1792\/revisions\/1805"}],"wp:featuredmedia":[{"embeddable":true,"href":"https:\/\/www.paudalho.pe.gov.br\/portal\/wp-json\/wp\/v2\/media\/1799"}],"wp:attachment":[{"href":"https:\/\/www.paudalho.pe.gov.br\/portal\/wp-json\/wp\/v2\/media?parent=1792"}],"wp:term":[{"taxonomy":"category","embeddable":true,"href":"https:\/\/www.paudalho.pe.gov.br\/portal\/wp-json\/wp\/v2\/categories?post=1792"},{"taxonomy":"post_tag","embeddable":true,"href":"https:\/\/www.paudalho.pe.gov.br\/portal\/wp-json\/wp\/v2\/tags?post=1792"}],"curies":[{"name":"wp","href":"https:\/\/api.w.org\/{rel}","templated":true}]}}