{"id":17902,"date":"2021-09-06T14:38:03","date_gmt":"2021-09-06T17:38:03","guid":{"rendered":"https:\/\/www.paudalho.pe.gov.br\/portal\/?p=17902"},"modified":"2025-01-08T00:39:27","modified_gmt":"2025-01-08T03:39:27","slug":"em-paudalho-semana-do-artesao-contou-com-capacitacoes-gratuitas-para-os-artistas-locais","status":"publish","type":"post","link":"https:\/\/www.paudalho.pe.gov.br\/portal\/em-paudalho-semana-do-artesao-contou-com-capacitacoes-gratuitas-para-os-artistas-locais\/","title":{"rendered":"Em Paudalho, Semana do Artes\u00e3o contou com capacita\u00e7\u00f5es gratuitas para os artistas locais"},"content":{"rendered":"\n<p>Entre os dias 30 de agosto e 03 de setembro, a Prefeitura do Paudalho, por meio da Secretaria Municipal de Cultura, Turismo, Lazer, Esporte e Juventude, realizou a <strong>Semana do Artes\u00e3o<\/strong>. O marco foi celebrado com uma programa\u00e7\u00e3o composta por capacita\u00e7\u00f5es gratuitas para os artistas manuais do munic\u00edpio. A a\u00e7\u00e3o foi feita em parceria com o Servi\u00e7o Brasileiro de Apoio \u00e0s Micro e Pequenas Empresas (SEBRAE).<\/p>\n\n\n\n<p>O artesanato, em especial o tenerife, \u00e9 uma express\u00e3o art\u00edstica marcante da cidade de Paudalho. A finalidade do evento foi prestar apoio aos artes\u00e3os paudalhenses atrav\u00e9s de cursos de empreendedorismo, para assim, por meio da troca de conhecimentos, incentivar o crescimento de seus neg\u00f3cios, trazer valoriza\u00e7\u00e3o \u00e0s suas pe\u00e7as e impulsionar suas vendas.<\/p>\n\n\n\n<p>No total, foram disponibilizados cinco cursos, sendo cada um deles oferecido em dias diferentes para turmas de at\u00e9 30 pessoas. As aulas foram ministradas por integrantes da Secretaria e consultores do SEBRAE. A lista de capacita\u00e7\u00f5es inclu\u00eda Log\u00edstica e Gest\u00e3o de Estoque, Fluxo de Caixa\/Forma\u00e7\u00e3o de Pre\u00e7o de Vendas, Aumente suas Vendas nas Redes Sociais, Atendimento ao Cliente e Qualidade na Produ\u00e7\u00e3o, todas com carga hor\u00e1ria de quatro horas. <\/p>\n\n\n\n<figure class=\"wp-block-gallery columns-2 is-cropped wp-block-gallery-1 is-layout-flex wp-block-gallery-is-layout-flex\"><ul class=\"blocks-gallery-grid\"><li class=\"blocks-gallery-item\"><figure><img loading=\"lazy\" decoding=\"async\" width=\"800\" height=\"450\" data-attachment-id=\"17957\" data-permalink=\"https:\/\/www.paudalho.pe.gov.br\/portal\/em-paudalho-semana-do-artesao-contou-com-capacitacoes-gratuitas-para-os-artistas-locais\/foto-de-maria-clara-carneiro-2\/\" data-orig-file=\"https:\/\/www.paudalho.pe.gov.br\/portal\/wp-content\/uploads\/2021\/09\/Foto-de-Maria-Clara-Carneiro.jpg\" data-orig-size=\"1600,1200\" data-comments-opened=\"1\" data-image-meta=\"{&quot;aperture&quot;:&quot;0&quot;,&quot;credit&quot;:&quot;&quot;,&quot;camera&quot;:&quot;&quot;,&quot;caption&quot;:&quot;&quot;,&quot;created_timestamp&quot;:&quot;0&quot;,&quot;copyright&quot;:&quot;&quot;,&quot;focal_length&quot;:&quot;0&quot;,&quot;iso&quot;:&quot;0&quot;,&quot;shutter_speed&quot;:&quot;0&quot;,&quot;title&quot;:&quot;&quot;,&quot;orientation&quot;:&quot;0&quot;}\" data-image-title=\"Foto de Maria Clara Carneiro\" data-image-description=\"\" data-image-caption=\"\" data-medium-file=\"https:\/\/www.paudalho.pe.gov.br\/portal\/wp-content\/uploads\/2021\/09\/Foto-de-Maria-Clara-Carneiro-350x230.jpg\" data-large-file=\"https:\/\/www.paudalho.pe.gov.br\/portal\/wp-content\/uploads\/2021\/09\/Foto-de-Maria-Clara-Carneiro-800x450.jpg\" src=\"https:\/\/www.paudalho.pe.gov.br\/portal\/wp-content\/uploads\/2021\/09\/Foto-de-Maria-Clara-Carneiro-800x450.jpg\" alt=\"\" data-id=\"17957\" data-full-url=\"https:\/\/www.paudalho.pe.gov.br\/portal\/wp-content\/uploads\/2021\/09\/Foto-de-Maria-Clara-Carneiro.jpg\" data-link=\"https:\/\/www.paudalho.pe.gov.br\/portal\/?attachment_id=17957\" class=\"wp-image-17957\"\/><figcaption class=\"blocks-gallery-item__caption\"> <em>Artes\u00e3 paudalhense participa de curso de empreendedorismo da Semana do Artes\u00e3o. Foto: Guilherme Ricardo\/PMP. <\/em> <\/figcaption><\/figure><\/li><li class=\"blocks-gallery-item\"><figure><img loading=\"lazy\" decoding=\"async\" width=\"800\" height=\"450\" data-attachment-id=\"17963\" data-permalink=\"https:\/\/www.paudalho.pe.gov.br\/portal\/em-paudalho-semana-do-artesao-contou-com-capacitacoes-gratuitas-para-os-artistas-locais\/foto-de-maria-clara-carneiro-1\/\" data-orig-file=\"https:\/\/www.paudalho.pe.gov.br\/portal\/wp-content\/uploads\/2021\/09\/Foto-de-Maria-Clara-Carneiro-1.jpg\" data-orig-size=\"1600,1200\" data-comments-opened=\"1\" data-image-meta=\"{&quot;aperture&quot;:&quot;0&quot;,&quot;credit&quot;:&quot;&quot;,&quot;camera&quot;:&quot;&quot;,&quot;caption&quot;:&quot;&quot;,&quot;created_timestamp&quot;:&quot;0&quot;,&quot;copyright&quot;:&quot;&quot;,&quot;focal_length&quot;:&quot;0&quot;,&quot;iso&quot;:&quot;0&quot;,&quot;shutter_speed&quot;:&quot;0&quot;,&quot;title&quot;:&quot;&quot;,&quot;orientation&quot;:&quot;0&quot;}\" data-image-title=\"Foto de Maria Clara Carneiro (1)\" data-image-description=\"\" data-image-caption=\"\" data-medium-file=\"https:\/\/www.paudalho.pe.gov.br\/portal\/wp-content\/uploads\/2021\/09\/Foto-de-Maria-Clara-Carneiro-1-350x230.jpg\" data-large-file=\"https:\/\/www.paudalho.pe.gov.br\/portal\/wp-content\/uploads\/2021\/09\/Foto-de-Maria-Clara-Carneiro-1-800x450.jpg\" src=\"https:\/\/www.paudalho.pe.gov.br\/portal\/wp-content\/uploads\/2021\/09\/Foto-de-Maria-Clara-Carneiro-1-800x450.jpg\" alt=\"\" data-id=\"17963\" data-full-url=\"https:\/\/www.paudalho.pe.gov.br\/portal\/wp-content\/uploads\/2021\/09\/Foto-de-Maria-Clara-Carneiro-1.jpg\" data-link=\"https:\/\/www.paudalho.pe.gov.br\/portal\/?attachment_id=17963\" class=\"wp-image-17963\"\/><figcaption class=\"blocks-gallery-item__caption\"><em>Registro de uma das<em> capacita\u00e7\u00f5es realizadas durante Semana do Artes\u00e3o, em Paudalho.<\/em> Foto: Guilherme Ricardo\/PMP. <\/em><\/figcaption><\/figure><\/li><\/ul><\/figure>\n\n\n\n<p>A artes\u00e3 Joseane Maria participou de toda a programa\u00e7\u00e3o e ficou satisfeita com o evento. &#8220;Essa foi uma semana muito produtiva para a gente. Estou amando muito o curso, espero que n\u00e3o pare por aqui, que a gente possa ir adiante, possa progredir. E estamos pensando n\u00e3o s\u00f3 no agora, mas no futuro. Em como Paudalho pode ser reconhecido, como pode ter a sua Casa de Artesanato e pode dar mais reconhecimento para os seus artes\u00e3os&#8221;, comentou.<\/p>\n\n\n\n<p>A secret\u00e1ria executiva de Cultura, \u00c2ngela Cah\u00fa, destaca o potencial dos artes\u00e3os locais e refor\u00e7a o apoio. \u201cN\u00f3s vimos que o nosso p\u00fablico de artes\u00e3os, especificamente os voltados para a \u00e1rea de cultura popular, de artesanato contempor\u00e2neo e demais trabalhos manuais, t\u00eam uma habilidade muito grande no trabalho desenvolvido. Que \u00e9 um trabalho realizado com amor e com carinho. Mas, a gente tamb\u00e9m viu que eles precisam de orienta\u00e7\u00e3o de como fazer seus produtos chegarem ao mercado, chegarem ao consumidor final.\u201d<\/p>\n\n\n\n<figure class=\"wp-block-gallery columns-1 is-cropped wp-block-gallery-2 is-layout-flex wp-block-gallery-is-layout-flex\"><ul class=\"blocks-gallery-grid\"><li class=\"blocks-gallery-item\"><figure><img loading=\"lazy\" decoding=\"async\" width=\"800\" height=\"450\" data-attachment-id=\"17961\" data-permalink=\"https:\/\/www.paudalho.pe.gov.br\/portal\/em-paudalho-semana-do-artesao-contou-com-capacitacoes-gratuitas-para-os-artistas-locais\/20210903_102941-2\/\" data-orig-file=\"https:\/\/www.paudalho.pe.gov.br\/portal\/wp-content\/uploads\/2021\/09\/20210903_102941-2-scaled.jpg\" data-orig-size=\"2560,1920\" data-comments-opened=\"1\" data-image-meta=\"{&quot;aperture&quot;:&quot;2&quot;,&quot;credit&quot;:&quot;&quot;,&quot;camera&quot;:&quot;SM-A515F&quot;,&quot;caption&quot;:&quot;&quot;,&quot;created_timestamp&quot;:&quot;1630664981&quot;,&quot;copyright&quot;:&quot;&quot;,&quot;focal_length&quot;:&quot;4.6&quot;,&quot;iso&quot;:&quot;40&quot;,&quot;shutter_speed&quot;:&quot;0.0166&quot;,&quot;title&quot;:&quot;&quot;,&quot;orientation&quot;:&quot;1&quot;}\" data-image-title=\"20210903_102941\" data-image-description=\"\" data-image-caption=\"&lt;p&gt;As capacita\u00e7\u00f5es ter\u00e3o como base a cartilha Manual de Apoio ao Artes\u00e3o: Como calcular custos de uma pe\u00e7a. Foto: Maria Clara Carneiro\/PMP.&lt;\/p&gt;\n\" data-medium-file=\"https:\/\/www.paudalho.pe.gov.br\/portal\/wp-content\/uploads\/2021\/09\/20210903_102941-2-350x230.jpg\" data-large-file=\"https:\/\/www.paudalho.pe.gov.br\/portal\/wp-content\/uploads\/2021\/09\/20210903_102941-2-800x450.jpg\" src=\"https:\/\/www.paudalho.pe.gov.br\/portal\/wp-content\/uploads\/2021\/09\/20210903_102941-2-800x450.jpg\" alt=\"\" data-id=\"17961\" data-full-url=\"https:\/\/www.paudalho.pe.gov.br\/portal\/wp-content\/uploads\/2021\/09\/20210903_102941-2-scaled.jpg\" data-link=\"https:\/\/www.paudalho.pe.gov.br\/portal\/?attachment_id=17961\" class=\"wp-image-17961\"\/><figcaption class=\"blocks-gallery-item__caption\"><em>As pr\u00f3ximas capacita\u00e7\u00f5es ter\u00e3o como base a cartilha Manual de Apoio ao Artes\u00e3o: como calcular custos de uma pe\u00e7a. Foto: Maria Clara Carneiro\/PMP<\/em>.<\/figcaption><\/figure><\/li><\/ul><\/figure>\n\n\n\n<p>De acordo com a pasta, com o intuito de continuar fornecendo suporte, as capacita\u00e7\u00f5es ser\u00e3o prolongadas ao longo dos pr\u00f3ximos meses. Essas forma\u00e7\u00f5es ter\u00e3o como base o Manual de Apoio ao Artes\u00e3o: como calcular custos de uma pe\u00e7a, cartilha que possui instru\u00e7\u00f5es simples e exerc\u00edcios pr\u00e1ticos para o desenvolvimento de neg\u00f3cios sustent\u00e1veis e lucrativos.\u00a0<\/p>\n\n\n\n<p> <\/p>\n","protected":false},"excerpt":{"rendered":"<p>Entre os dias 30 de agosto e 03 de setembro, a Prefeitura do Paudalho, por meio da Secretaria Municipal de Cultura, Turismo, Lazer, Esporte e Juventude, realizou a Semana do Artes\u00e3o. O marco foi celebrado com uma programa\u00e7\u00e3o composta por capacita\u00e7\u00f5es gratuitas para os artistas manuais do munic\u00edpio. A a\u00e7\u00e3o foi feita em parceria com [&hellip;]<\/p>\n","protected":false},"author":6,"featured_media":17953,"comment_status":"open","ping_status":"open","sticky":false,"template":"","format":"standard","meta":{"_jetpack_newsletter_access":"","_jetpack_dont_email_post_to_subs":false,"_jetpack_newsletter_tier_id":0,"_jetpack_memberships_contains_paywalled_content":false,"_jetpack_memberships_contains_paid_content":false,"footnotes":""},"categories":[6,2,1],"tags":[68,140,22,790],"class_list":["post-17902","post","type-post","status-publish","format-standard","has-post-thumbnail","hentry","category-cultura","category-destaque","category-noticias","tag-cultura","tag-empreendedorismo","tag-prefeitura-do-paudalho","tag-semana-do-artesao"],"jetpack_featured_media_url":"https:\/\/www.paudalho.pe.gov.br\/portal\/wp-content\/uploads\/2021\/09\/20210902_140142-2-scaled.jpg","jetpack_sharing_enabled":true,"jetpack_shortlink":"https:\/\/wp.me\/p98mS2-4EK","_links":{"self":[{"href":"https:\/\/www.paudalho.pe.gov.br\/portal\/wp-json\/wp\/v2\/posts\/17902","targetHints":{"allow":["GET"]}}],"collection":[{"href":"https:\/\/www.paudalho.pe.gov.br\/portal\/wp-json\/wp\/v2\/posts"}],"about":[{"href":"https:\/\/www.paudalho.pe.gov.br\/portal\/wp-json\/wp\/v2\/types\/post"}],"author":[{"embeddable":true,"href":"https:\/\/www.paudalho.pe.gov.br\/portal\/wp-json\/wp\/v2\/users\/6"}],"replies":[{"embeddable":true,"href":"https:\/\/www.paudalho.pe.gov.br\/portal\/wp-json\/wp\/v2\/comments?post=17902"}],"version-history":[{"count":54,"href":"https:\/\/www.paudalho.pe.gov.br\/portal\/wp-json\/wp\/v2\/posts\/17902\/revisions"}],"predecessor-version":[{"id":17992,"href":"https:\/\/www.paudalho.pe.gov.br\/portal\/wp-json\/wp\/v2\/posts\/17902\/revisions\/17992"}],"wp:featuredmedia":[{"embeddable":true,"href":"https:\/\/www.paudalho.pe.gov.br\/portal\/wp-json\/wp\/v2\/media\/17953"}],"wp:attachment":[{"href":"https:\/\/www.paudalho.pe.gov.br\/portal\/wp-json\/wp\/v2\/media?parent=17902"}],"wp:term":[{"taxonomy":"category","embeddable":true,"href":"https:\/\/www.paudalho.pe.gov.br\/portal\/wp-json\/wp\/v2\/categories?post=17902"},{"taxonomy":"post_tag","embeddable":true,"href":"https:\/\/www.paudalho.pe.gov.br\/portal\/wp-json\/wp\/v2\/tags?post=17902"}],"curies":[{"name":"wp","href":"https:\/\/api.w.org\/{rel}","templated":true}]}}