{"id":17893,"date":"2021-09-03T15:47:09","date_gmt":"2021-09-03T18:47:09","guid":{"rendered":"https:\/\/www.paudalho.pe.gov.br\/portal\/?p=17893"},"modified":"2025-01-08T00:39:27","modified_gmt":"2025-01-08T03:39:27","slug":"paudalho-realiza-convocacao-de-beneficiarios-do-residencial-guadalajara-ii-para-assinatura-de-contrato","status":"publish","type":"post","link":"https:\/\/www.paudalho.pe.gov.br\/portal\/paudalho-realiza-convocacao-de-beneficiarios-do-residencial-guadalajara-ii-para-assinatura-de-contrato\/","title":{"rendered":"Paudalho realiza convoca\u00e7\u00e3o de benefici\u00e1rios do Residencial Guadalajara II para assinatura de contrato"},"content":{"rendered":"\n<p>A Prefeitura do Paudalho, por meio da Secretaria Municipal de Desenvolvimento e Assist\u00eancia Social (SEDAS), torna p\u00fablico nesta sexta-feira (03) a convoca\u00e7\u00e3o dos benefici\u00e1rios do Residencial Guadalajara II do Programa Minha Casa Minha Vida para assinatura do contrato do habitacional. Ao todo, est\u00e3o sendo convocados 14 mun\u00edcipes. A a\u00e7\u00e3o obedece os crit\u00e9rios estabelecidos nos editais de Chamamento P\u00fablico N\u00ba 001\/2019 e N\u00ba 002\/2019.<\/p>\n\n\n\n<p>Os benefici\u00e1rios devem comparecer na sede da Secretaria de Desenvolvimento e Assist\u00eancia Social (SEDAS), situada pr\u00f3ximo a Pra\u00e7a de Santa Tereza, at\u00e9 quarta-feira, dia 8 de setembro. O hor\u00e1rio de atendimento do local \u00e9 das 8h \u00e0s 16h. No dia, ser\u00e1 necess\u00e1rio apresentar documentos de identifica\u00e7\u00e3o, como o RG e o CPF. Para evitar o cont\u00e1gio da covid-19, a Prefeitura refor\u00e7a que o uso de m\u00e1scara ser\u00e1 obrigat\u00f3rio.<\/p>\n\n\n\n<div class=\"wp-block-file\"><a href=\"https:\/\/www.paudalho.pe.gov.br\/portal\/wp-content\/uploads\/2021\/09\/CONVOCACAO-006-1.docx\"><a href=\"https:\/\/www.paudalho.pe.gov.br\/portal\/wp-content\/uploads\/2021\/07\/Convocacao-Cadatro-Reserva-004-convertido.pdf\"><strong>FA\u00c7A O DOWNLOAD DA CONVOCA\u00c7\u00c3O N\u00ba 006\/2021 AQUI<\/strong><\/a><\/a><a href=\"https:\/\/www.paudalho.pe.gov.br\/portal\/wp-content\/uploads\/2021\/09\/CONVOCACAO-006-1.docx\" class=\"wp-block-file__button\" download>Baixar<\/a><\/div>\n","protected":false},"excerpt":{"rendered":"<p>A Prefeitura do Paudalho, por meio da Secretaria Municipal de Desenvolvimento e Assist\u00eancia Social (SEDAS), torna p\u00fablico nesta sexta-feira (03) a convoca\u00e7\u00e3o dos benefici\u00e1rios do Residencial Guadalajara II do Programa Minha Casa Minha Vida para assinatura do contrato do habitacional. Ao todo, est\u00e3o sendo convocados 14 mun\u00edcipes. A a\u00e7\u00e3o obedece os crit\u00e9rios estabelecidos nos editais [&hellip;]<\/p>\n","protected":false},"author":2,"featured_media":17895,"comment_status":"open","ping_status":"open","sticky":false,"template":"","format":"standard","meta":{"_jetpack_newsletter_access":"","_jetpack_dont_email_post_to_subs":false,"_jetpack_newsletter_tier_id":0,"_jetpack_memberships_contains_paywalled_content":false,"_jetpack_memberships_contains_paid_content":false,"footnotes":""},"categories":[2,592,1],"tags":[129,22,578],"class_list":["post-17893","post","type-post","status-publish","format-standard","has-post-thumbnail","hentry","category-destaque","category-minha-casa-minha-vida","category-noticias","tag-minha-casa-minha-vida","tag-prefeitura-do-paudalho","tag-sedas"],"jetpack_featured_media_url":"https:\/\/www.paudalho.pe.gov.br\/portal\/wp-content\/uploads\/2021\/09\/WhatsApp-Image-2021-03-18-at-08.34.01-1.jpeg","jetpack_sharing_enabled":true,"jetpack_shortlink":"https:\/\/wp.me\/p98mS2-4EB","_links":{"self":[{"href":"https:\/\/www.paudalho.pe.gov.br\/portal\/wp-json\/wp\/v2\/posts\/17893","targetHints":{"allow":["GET"]}}],"collection":[{"href":"https:\/\/www.paudalho.pe.gov.br\/portal\/wp-json\/wp\/v2\/posts"}],"about":[{"href":"https:\/\/www.paudalho.pe.gov.br\/portal\/wp-json\/wp\/v2\/types\/post"}],"author":[{"embeddable":true,"href":"https:\/\/www.paudalho.pe.gov.br\/portal\/wp-json\/wp\/v2\/users\/2"}],"replies":[{"embeddable":true,"href":"https:\/\/www.paudalho.pe.gov.br\/portal\/wp-json\/wp\/v2\/comments?post=17893"}],"version-history":[{"count":4,"href":"https:\/\/www.paudalho.pe.gov.br\/portal\/wp-json\/wp\/v2\/posts\/17893\/revisions"}],"predecessor-version":[{"id":17899,"href":"https:\/\/www.paudalho.pe.gov.br\/portal\/wp-json\/wp\/v2\/posts\/17893\/revisions\/17899"}],"wp:featuredmedia":[{"embeddable":true,"href":"https:\/\/www.paudalho.pe.gov.br\/portal\/wp-json\/wp\/v2\/media\/17895"}],"wp:attachment":[{"href":"https:\/\/www.paudalho.pe.gov.br\/portal\/wp-json\/wp\/v2\/media?parent=17893"}],"wp:term":[{"taxonomy":"category","embeddable":true,"href":"https:\/\/www.paudalho.pe.gov.br\/portal\/wp-json\/wp\/v2\/categories?post=17893"},{"taxonomy":"post_tag","embeddable":true,"href":"https:\/\/www.paudalho.pe.gov.br\/portal\/wp-json\/wp\/v2\/tags?post=17893"}],"curies":[{"name":"wp","href":"https:\/\/api.w.org\/{rel}","templated":true}]}}