{"id":17826,"date":"2021-09-03T08:35:14","date_gmt":"2021-09-03T11:35:14","guid":{"rendered":"https:\/\/www.paudalho.pe.gov.br\/portal\/?p=17826"},"modified":"2025-01-08T00:39:27","modified_gmt":"2025-01-08T03:39:27","slug":"secretaria-de-saude-realiza-acao-de-testagem-rapida-para-covid-19-nesta-sexta-feira-03","status":"publish","type":"post","link":"https:\/\/www.paudalho.pe.gov.br\/portal\/secretaria-de-saude-realiza-acao-de-testagem-rapida-para-covid-19-nesta-sexta-feira-03\/","title":{"rendered":"Secretaria de Sa\u00fade realiza a\u00e7\u00e3o de testagem r\u00e1pida para covid-19 nesta sexta-feira (03)"},"content":{"rendered":"\n<p>Mesmo com o avan\u00e7o da campanha de vacina\u00e7\u00e3o, a covid-19 ainda apresenta risco para todos. Como forma de refor\u00e7ar a prote\u00e7\u00e3o dos paudalhenses em meio a pandemia, a Prefeitura do Paudalho, atrav\u00e9s da Secretaria Municipal de Sa\u00fade, promove nesta sexta-feira (03) um ponto de testagem r\u00e1pida em massa no munic\u00edpio. O atendimento ser\u00e1 realizado no pr\u00e9dio da Sociedade de Cultura Art\u00edstica 22 de Novembro, no Centro, das 8h \u00e0s 11h. <\/p>\n\n\n\n<p>A a\u00e7\u00e3o integra o Programa TestaPE, iniciativa do Governo de Pernambuco em parceria com as secretarias municipais de Sa\u00fade do estado. A mobiliza\u00e7\u00e3o tem a finalidade de monitorar a transmiss\u00e3o do coronav\u00edrus no territ\u00f3rio local e colaborar com a redu\u00e7\u00e3o dos casos da doen\u00e7a. O teste \u00e9 gratuito e estar\u00e1 dispon\u00edvel para todas as pessoas, incluindo crian\u00e7as e adolescentes.<\/p>\n\n\n\n<p>Para ter acesso ao servi\u00e7o, basta comparecer no local e informar os dados pessoais solicitados. Os testes utilizados s\u00e3o o de Pesquisa de Ant\u00edgenos, exames feitos com o uso de um swab de nasofaringe, popularmente conhecido como &#8220;cotonete&#8221;. Esse tipo de teste apresenta resposta r\u00e1pida, com resultado em cerca de 20 minutos ap\u00f3s sua realiza\u00e7\u00e3o.<\/p>\n\n\n\n<figure class=\"wp-block-gallery columns-1 is-cropped wp-block-gallery-1 is-layout-flex wp-block-gallery-is-layout-flex\"><ul class=\"blocks-gallery-grid\"><li class=\"blocks-gallery-item\"><figure><img loading=\"lazy\" decoding=\"async\" width=\"800\" height=\"450\" data-attachment-id=\"17831\" data-permalink=\"https:\/\/www.paudalho.pe.gov.br\/portal\/secretaria-de-saude-realiza-acao-de-testagem-rapida-para-covid-19-nesta-sexta-feira-03\/20210901_135005\/\" data-orig-file=\"https:\/\/www.paudalho.pe.gov.br\/portal\/wp-content\/uploads\/2021\/09\/20210901_135005-scaled.jpg\" data-orig-size=\"1920,2560\" data-comments-opened=\"1\" data-image-meta=\"{&quot;aperture&quot;:&quot;2&quot;,&quot;credit&quot;:&quot;&quot;,&quot;camera&quot;:&quot;SM-A515F&quot;,&quot;caption&quot;:&quot;&quot;,&quot;created_timestamp&quot;:&quot;1630504205&quot;,&quot;copyright&quot;:&quot;&quot;,&quot;focal_length&quot;:&quot;4.6&quot;,&quot;iso&quot;:&quot;32&quot;,&quot;shutter_speed&quot;:&quot;0.0038314176245211&quot;,&quot;title&quot;:&quot;&quot;,&quot;orientation&quot;:&quot;1&quot;}\" data-image-title=\"20210901_135005\" data-image-description=\"\" data-image-caption=\"\" data-medium-file=\"https:\/\/www.paudalho.pe.gov.br\/portal\/wp-content\/uploads\/2021\/09\/20210901_135005-350x230.jpg\" data-large-file=\"https:\/\/www.paudalho.pe.gov.br\/portal\/wp-content\/uploads\/2021\/09\/20210901_135005-800x450.jpg\" src=\"https:\/\/www.paudalho.pe.gov.br\/portal\/wp-content\/uploads\/2021\/09\/20210901_135005-800x450.jpg\" alt=\"\" data-id=\"17831\" data-full-url=\"https:\/\/www.paudalho.pe.gov.br\/portal\/wp-content\/uploads\/2021\/09\/20210901_135005-scaled.jpg\" data-link=\"https:\/\/www.paudalho.pe.gov.br\/portal\/?attachment_id=17831\" class=\"wp-image-17831\"\/><figcaption class=\"blocks-gallery-item__caption\"><em> O primeiro ponto da a\u00e7\u00e3o foi realizado na quarta-feira (01), no P\u00e1tio da Feira Prefeito Ulisses Roque, no Centro. Foto: Maria Clara Carneiro\/PMP. <\/em><\/figcaption><\/figure><\/li><\/ul><\/figure>\n\n\n\n<p>A enfermeira da Vigil\u00e2ncia Epidemiol\u00f3gica Jana\u00edna Andrade refor\u00e7a o objetivo da a\u00e7\u00e3o. &#8220;A gente est\u00e1 tentando fazer um rastreio junto com a vacina\u00e7\u00e3o para poder interromper o ciclo de transmiss\u00e3o da covid-19 dentro do munic\u00edpio.&#8221;, declara. Para frear o cont\u00e1gio do v\u00edrus \u00e9 necess\u00e1rio continuar com as medidas de preven\u00e7\u00e3o \u00e0 covid-19, como o uso de m\u00e1scara, a constante higieniza\u00e7\u00e3o das m\u00e3os e o respeito ao distanciamento social. <\/p>\n\n\n\n<p>A secret\u00e1ria municipal de Sa\u00fade, L\u00facia Matias, explica que a a\u00e7\u00e3o \u00e9 imprescind\u00edvel para o controle da pandemia. &#8220;Estamos em um momento em que houve uma redu\u00e7\u00e3o nos casos, mas, temos no pa\u00eds a circula\u00e7\u00e3o da variante Delta. N\u00f3s precisamos fazer o monitoramento para identific\u00e1-la rapidamente&#8221;, declara. A Delta \u00e9 classificada pela Organiza\u00e7\u00e3o Mundial de Sa\u00fade (OMS) como uma variante de preocupa\u00e7\u00e3o (VOC). Esse tipo de cepa tem um alto \u00edndice de transmiss\u00e3o e apresenta um maior risco para a sa\u00fade p\u00fablica.<\/p>\n\n\n\n<figure class=\"wp-block-gallery columns-1 is-cropped wp-block-gallery-2 is-layout-flex wp-block-gallery-is-layout-flex\"><ul class=\"blocks-gallery-grid\"><li class=\"blocks-gallery-item\"><figure><img loading=\"lazy\" decoding=\"async\" width=\"800\" height=\"450\" data-attachment-id=\"17829\" data-permalink=\"https:\/\/www.paudalho.pe.gov.br\/portal\/secretaria-de-saude-realiza-acao-de-testagem-rapida-para-covid-19-nesta-sexta-feira-03\/secretaria-de-saude-lucia-matias\/\" data-orig-file=\"https:\/\/www.paudalho.pe.gov.br\/portal\/wp-content\/uploads\/2021\/09\/secretaria-de-saude-Lucia-Matias-scaled.jpg\" data-orig-size=\"2560,1920\" data-comments-opened=\"1\" data-image-meta=\"{&quot;aperture&quot;:&quot;2&quot;,&quot;credit&quot;:&quot;&quot;,&quot;camera&quot;:&quot;SM-A515F&quot;,&quot;caption&quot;:&quot;&quot;,&quot;created_timestamp&quot;:&quot;1630577932&quot;,&quot;copyright&quot;:&quot;&quot;,&quot;focal_length&quot;:&quot;4.6&quot;,&quot;iso&quot;:&quot;320&quot;,&quot;shutter_speed&quot;:&quot;0.016666666666667&quot;,&quot;title&quot;:&quot;&quot;,&quot;orientation&quot;:&quot;1&quot;}\" data-image-title=\"secretaria de saude Lucia Matias\" data-image-description=\"\" data-image-caption=\"\" data-medium-file=\"https:\/\/www.paudalho.pe.gov.br\/portal\/wp-content\/uploads\/2021\/09\/secretaria-de-saude-Lucia-Matias-350x230.jpg\" data-large-file=\"https:\/\/www.paudalho.pe.gov.br\/portal\/wp-content\/uploads\/2021\/09\/secretaria-de-saude-Lucia-Matias-800x450.jpg\" src=\"https:\/\/www.paudalho.pe.gov.br\/portal\/wp-content\/uploads\/2021\/09\/secretaria-de-saude-Lucia-Matias-800x450.jpg\" alt=\"\" data-id=\"17829\" data-full-url=\"https:\/\/www.paudalho.pe.gov.br\/portal\/wp-content\/uploads\/2021\/09\/secretaria-de-saude-Lucia-Matias-scaled.jpg\" data-link=\"https:\/\/www.paudalho.pe.gov.br\/portal\/?attachment_id=17829\" class=\"wp-image-17829\"\/><figcaption class=\"blocks-gallery-item__caption\"><em>A secret\u00e1ria municipal de Sa\u00fade, L\u00facia Matias, durante entrevista para esta mat\u00e9ria. Foto: Maria Clara Carneiro\/PMP. <\/em><\/figcaption><\/figure><\/li><\/ul><\/figure>\n\n\n\n<p>Durante a testagem, pacientes que apresentarem resposta positiva para contamina\u00e7\u00e3o pelo coronav\u00edrus, assim como pessoas que tenham sintomas gripais, ser\u00e3o encaminhados para o procedimento de coleta por meio do teste padr\u00e3o ouro RT-PCR. Esse tipo de exame \u00e9 atualmente o mais eficaz para detectar pacientes infectados, pois pesquisa o material gen\u00e9tico do v\u00edrus (RNA). <\/p>\n\n\n\n<h3 class=\"wp-block-heading\"><strong>Pontap\u00e9 inicial<\/strong><\/h3>\n\n\n\n<p>A primeira parada da a\u00e7\u00e3o ocorreu na \u00faltima quarta-feira (01) no P\u00e1tio da Feira Prefeito Ulisses Roque, tamb\u00e9m no centro da cidade. Durante a ocasi\u00e3o, os profissionais da equipe da Vigil\u00e2ncia Epidemiol\u00f3gica da Secretaria Municipal de Sa\u00fade convidou os feirantes presentes para realizar o exame. <\/p>\n\n\n\n<p>Segundo o planejamento da Secretaria, o ponto tamb\u00e9m ser\u00e1 montado em escolas, no Mercado Municipal e em outros locais de frequente movimenta\u00e7\u00e3o na cidade. O esperado \u00e9 que a m\u00e9dia de atendimentos por dia seja acima de 200 pessoas. Nesse momento inicial, a expectativa \u00e9 que a a\u00e7\u00e3o prossiga at\u00e9 fevereiro de 2022. <\/p>\n\n\n\n<p><\/p>\n\n\n\n<p><\/p>\n","protected":false},"excerpt":{"rendered":"<p>Mesmo com o avan\u00e7o da campanha de vacina\u00e7\u00e3o, a covid-19 ainda apresenta risco para todos. Como forma de refor\u00e7ar a prote\u00e7\u00e3o dos paudalhenses em meio a pandemia, a Prefeitura do Paudalho, atrav\u00e9s da Secretaria Municipal de Sa\u00fade, promove nesta sexta-feira (03) um ponto de testagem r\u00e1pida em massa no munic\u00edpio. O atendimento ser\u00e1 realizado no [&hellip;]<\/p>\n","protected":false},"author":6,"featured_media":17864,"comment_status":"open","ping_status":"open","sticky":false,"template":"","format":"standard","meta":{"_jetpack_newsletter_access":"","_jetpack_dont_email_post_to_subs":false,"_jetpack_newsletter_tier_id":0,"_jetpack_memberships_contains_paywalled_content":false,"_jetpack_memberships_contains_paid_content":false,"footnotes":""},"categories":[732,2,1,3],"tags":[22,168,788],"class_list":["post-17826","post","type-post","status-publish","format-standard","has-post-thumbnail","hentry","category-covid-19","category-destaque","category-noticias","category-saude","tag-prefeitura-do-paudalho","tag-secretaria-de-saude","tag-testagem-para-covid-19"],"jetpack_featured_media_url":"https:\/\/www.paudalho.pe.gov.br\/portal\/wp-content\/uploads\/2021\/09\/testagem.png","jetpack_sharing_enabled":true,"jetpack_shortlink":"https:\/\/wp.me\/p98mS2-4Dw","_links":{"self":[{"href":"https:\/\/www.paudalho.pe.gov.br\/portal\/wp-json\/wp\/v2\/posts\/17826","targetHints":{"allow":["GET"]}}],"collection":[{"href":"https:\/\/www.paudalho.pe.gov.br\/portal\/wp-json\/wp\/v2\/posts"}],"about":[{"href":"https:\/\/www.paudalho.pe.gov.br\/portal\/wp-json\/wp\/v2\/types\/post"}],"author":[{"embeddable":true,"href":"https:\/\/www.paudalho.pe.gov.br\/portal\/wp-json\/wp\/v2\/users\/6"}],"replies":[{"embeddable":true,"href":"https:\/\/www.paudalho.pe.gov.br\/portal\/wp-json\/wp\/v2\/comments?post=17826"}],"version-history":[{"count":34,"href":"https:\/\/www.paudalho.pe.gov.br\/portal\/wp-json\/wp\/v2\/posts\/17826\/revisions"}],"predecessor-version":[{"id":17863,"href":"https:\/\/www.paudalho.pe.gov.br\/portal\/wp-json\/wp\/v2\/posts\/17826\/revisions\/17863"}],"wp:featuredmedia":[{"embeddable":true,"href":"https:\/\/www.paudalho.pe.gov.br\/portal\/wp-json\/wp\/v2\/media\/17864"}],"wp:attachment":[{"href":"https:\/\/www.paudalho.pe.gov.br\/portal\/wp-json\/wp\/v2\/media?parent=17826"}],"wp:term":[{"taxonomy":"category","embeddable":true,"href":"https:\/\/www.paudalho.pe.gov.br\/portal\/wp-json\/wp\/v2\/categories?post=17826"},{"taxonomy":"post_tag","embeddable":true,"href":"https:\/\/www.paudalho.pe.gov.br\/portal\/wp-json\/wp\/v2\/tags?post=17826"}],"curies":[{"name":"wp","href":"https:\/\/api.w.org\/{rel}","templated":true}]}}