{"id":178,"date":"2017-02-13T23:53:52","date_gmt":"2017-02-14T02:53:52","guid":{"rendered":"http:\/\/www.paudalho.pe.gov.br\/portal\/?p=178"},"modified":"2017-05-23T15:22:44","modified_gmt":"2017-05-23T18:22:44","slug":"a-prefeitura-municipal-do-paudalho-lancou-hoje-o-programa-educa-mais-paudalho","status":"publish","type":"post","link":"https:\/\/www.paudalho.pe.gov.br\/portal\/a-prefeitura-municipal-do-paudalho-lancou-hoje-o-programa-educa-mais-paudalho\/","title":{"rendered":"A Prefeitura Municipal do Paudalho lan\u00e7ou hoje o Programa Educa Mais Paudalho"},"content":{"rendered":"<p style=\"text-align: justify;\">A Prefeitura Municipal do Paudalho lan\u00e7ou hoje o Programa Educa Mais Paudalho, que tem o objetivo de identificar crian\u00e7as, adolescentes e jovens que estejam fora da escola e encaminh\u00e1-los para o ambiente de ensino.<br \/>\nO programa ser\u00e1 realizado em parceria entre as Secretarias de Educa\u00e7\u00e3o, Saudade e Assist\u00eancia Social em conjunto com o Conselho Tutelar do Munic\u00edpio. Com essa atitude a prefeitura visa erradicar a evas\u00e3o escolar de crian\u00e7as, adolescentes e jovens.<\/p>\n<p style=\"text-align: justify;\">\u00c9 Paudalho <span class=\"text_exposed_show\">cuidando do futuro. Cuidando de nossas crian\u00e7as e adolescentes.<\/span><\/p>\n<div class=\"text_exposed_show\">\n<p style=\"text-align: justify;\">Prefeitura Municipal do Paudalho construindo um novo amanh\u00e3.<\/p>\n\r\n\t\t<style type='text\/css'>\r\n\t\t\t#gallery-1 {\r\n\t\t\t\tmargin: auto;\r\n\t\t\t}\r\n\t\t\t#gallery-1 .gallery-item {\r\n\t\t\t\tfloat: left;\r\n\t\t\t\tmargin-top: 10px;\r\n\t\t\t\ttext-align: center;\r\n\t\t\t\twidth: 25%;\r\n\t\t\t}\r\n\t\t\t#gallery-1 img {\r\n\t\t\t\tborder: 2px solid #cfcfcf;\r\n\t\t\t}\r\n\t\t\t#gallery-1 .gallery-caption {\r\n\t\t\t\tmargin-left: 0;\r\n\t\t\t}\r\n\t\t<\/style>\r\n\t\t<!-- see gallery_shortcode() in wp-includes\/media.php -->\n\t\t<div data-carousel-extra='{\"blog_id\":1,\"permalink\":\"https:\\\/\\\/www.paudalho.pe.gov.br\\\/portal\\\/a-prefeitura-municipal-do-paudalho-lancou-hoje-o-programa-educa-mais-paudalho\\\/\"}' id='gallery-1' class='gallery galleryid-178 gallery-columns-4 gallery-size-thumbnail gallery1'><script type=\"text\/javascript\">\r\n\/\/ <![CDATA[\r\n\tjQuery(document).ready(function () {\r\n\t\tjQuery(\".gallery1 a\").attr(\"rel\",\"gallery1\");\t\r\n\t\tjQuery('a[rel=\"gallery1\"]').colorbox({maxWidth:\"95%\", maxHeight:\"95%\",title: function(){ return jQuery(this).children().attr(\"alt\"); }, });\r\n\t});\r\n\/\/ ]]>\r\n<\/script>\n<dl class=\"gallery-item\">\n<dt class=\"gallery-icon\">\r\n<a href=\"https:\/\/www.paudalho.pe.gov.br\/portal\/wp-content\/uploads\/2017\/02\/15.jpg\" title=\"\" rel=\"gallery1\"><img loading=\"lazy\" decoding=\"async\" src=\"https:\/\/www.paudalho.pe.gov.br\/portal\/wp-content\/uploads\/2017\/02\/15-200x160.jpg\" width=\"150\" height=\"120\" alt=\"\" \/><\/a>\r\n<\/dt><\/dl><dl class=\"gallery-item\">\n<dt class=\"gallery-icon\">\r\n<a href=\"https:\/\/www.paudalho.pe.gov.br\/portal\/wp-content\/uploads\/2017\/02\/14.jpg\" title=\"\" rel=\"gallery1\"><img loading=\"lazy\" decoding=\"async\" src=\"https:\/\/www.paudalho.pe.gov.br\/portal\/wp-content\/uploads\/2017\/02\/14-200x160.jpg\" width=\"150\" height=\"120\" alt=\"\" \/><\/a>\r\n<\/dt><\/dl><dl class=\"gallery-item\">\n<dt class=\"gallery-icon\">\r\n<a href=\"https:\/\/www.paudalho.pe.gov.br\/portal\/wp-content\/uploads\/2017\/02\/13.jpg\" title=\"\" rel=\"gallery1\"><img loading=\"lazy\" decoding=\"async\" src=\"https:\/\/www.paudalho.pe.gov.br\/portal\/wp-content\/uploads\/2017\/02\/13-200x160.jpg\" width=\"150\" height=\"120\" alt=\"\" \/><\/a>\r\n<\/dt><\/dl><dl class=\"gallery-item\">\n<dt class=\"gallery-icon\">\r\n<a href=\"https:\/\/www.paudalho.pe.gov.br\/portal\/wp-content\/uploads\/2017\/02\/21.jpg\" title=\"\" rel=\"gallery1\"><img loading=\"lazy\" decoding=\"async\" src=\"https:\/\/www.paudalho.pe.gov.br\/portal\/wp-content\/uploads\/2017\/02\/21-200x160.jpg\" width=\"150\" height=\"120\" alt=\"\" \/><\/a>\r\n<\/dt><\/dl><br style=\"clear: both\" \/><dl class=\"gallery-item\">\n<dt class=\"gallery-icon\">\r\n<a href=\"https:\/\/www.paudalho.pe.gov.br\/portal\/wp-content\/uploads\/2017\/02\/20.jpg\" title=\"\" rel=\"gallery1\"><img loading=\"lazy\" decoding=\"async\" src=\"https:\/\/www.paudalho.pe.gov.br\/portal\/wp-content\/uploads\/2017\/02\/20-200x160.jpg\" width=\"150\" height=\"120\" alt=\"\" \/><\/a>\r\n<\/dt><\/dl><dl class=\"gallery-item\">\n<dt class=\"gallery-icon\">\r\n<a href=\"https:\/\/www.paudalho.pe.gov.br\/portal\/wp-content\/uploads\/2017\/02\/19.jpg\" title=\"\" rel=\"gallery1\"><img loading=\"lazy\" decoding=\"async\" src=\"https:\/\/www.paudalho.pe.gov.br\/portal\/wp-content\/uploads\/2017\/02\/19-200x160.jpg\" width=\"150\" height=\"120\" alt=\"\" \/><\/a>\r\n<\/dt><\/dl><dl class=\"gallery-item\">\n<dt class=\"gallery-icon\">\r\n<a href=\"https:\/\/www.paudalho.pe.gov.br\/portal\/wp-content\/uploads\/2017\/02\/17.jpg\" title=\"\" rel=\"gallery1\"><img loading=\"lazy\" decoding=\"async\" src=\"https:\/\/www.paudalho.pe.gov.br\/portal\/wp-content\/uploads\/2017\/02\/17-200x160.jpg\" width=\"150\" height=\"120\" alt=\"\" \/><\/a>\r\n<\/dt><\/dl><dl class=\"gallery-item\">\n<dt class=\"gallery-icon\">\r\n<a href=\"https:\/\/www.paudalho.pe.gov.br\/portal\/wp-content\/uploads\/2017\/02\/16.jpg\" title=\"\" rel=\"gallery1\"><img loading=\"lazy\" decoding=\"async\" src=\"https:\/\/www.paudalho.pe.gov.br\/portal\/wp-content\/uploads\/2017\/02\/16-200x160.jpg\" width=\"150\" height=\"120\" alt=\"\" \/><\/a>\r\n<\/dt><\/dl><br style=\"clear: both\" \/>\r\n\t\t<\/div>\n\n<\/div>\n","protected":false},"excerpt":{"rendered":"<p>A Prefeitura Municipal do Paudalho lan\u00e7ou hoje o Programa Educa Mais Paudalho, que tem o objetivo de identificar crian\u00e7as, adolescentes e jovens que estejam fora da escola e encaminh\u00e1-los para o ambiente de ensino. O programa ser\u00e1 realizado em parceria entre as Secretarias de Educa\u00e7\u00e3o, Saudade e Assist\u00eancia Social em conjunto com o Conselho Tutelar [&hellip;]<\/p>\n","protected":false},"author":2,"featured_media":184,"comment_status":"open","ping_status":"open","sticky":false,"template":"","format":"standard","meta":{"_jetpack_newsletter_access":"","_jetpack_dont_email_post_to_subs":false,"_jetpack_newsletter_tier_id":0,"_jetpack_memberships_contains_paywalled_content":false,"_jetpack_memberships_contains_paid_content":false,"footnotes":""},"categories":[4,1],"tags":[34,15],"class_list":["post-178","post","type-post","status-publish","format-standard","has-post-thumbnail","hentry","category-educacao","category-noticias","tag-educa-mais-paudalho","tag-prefeitura"],"jetpack_featured_media_url":"https:\/\/www.paudalho.pe.gov.br\/portal\/wp-content\/uploads\/2017\/02\/18.jpg","jetpack_sharing_enabled":true,"jetpack_shortlink":"https:\/\/wp.me\/p98mS2-2S","_links":{"self":[{"href":"https:\/\/www.paudalho.pe.gov.br\/portal\/wp-json\/wp\/v2\/posts\/178","targetHints":{"allow":["GET"]}}],"collection":[{"href":"https:\/\/www.paudalho.pe.gov.br\/portal\/wp-json\/wp\/v2\/posts"}],"about":[{"href":"https:\/\/www.paudalho.pe.gov.br\/portal\/wp-json\/wp\/v2\/types\/post"}],"author":[{"embeddable":true,"href":"https:\/\/www.paudalho.pe.gov.br\/portal\/wp-json\/wp\/v2\/users\/2"}],"replies":[{"embeddable":true,"href":"https:\/\/www.paudalho.pe.gov.br\/portal\/wp-json\/wp\/v2\/comments?post=178"}],"version-history":[{"count":1,"href":"https:\/\/www.paudalho.pe.gov.br\/portal\/wp-json\/wp\/v2\/posts\/178\/revisions"}],"predecessor-version":[{"id":188,"href":"https:\/\/www.paudalho.pe.gov.br\/portal\/wp-json\/wp\/v2\/posts\/178\/revisions\/188"}],"wp:featuredmedia":[{"embeddable":true,"href":"https:\/\/www.paudalho.pe.gov.br\/portal\/wp-json\/wp\/v2\/media\/184"}],"wp:attachment":[{"href":"https:\/\/www.paudalho.pe.gov.br\/portal\/wp-json\/wp\/v2\/media?parent=178"}],"wp:term":[{"taxonomy":"category","embeddable":true,"href":"https:\/\/www.paudalho.pe.gov.br\/portal\/wp-json\/wp\/v2\/categories?post=178"},{"taxonomy":"post_tag","embeddable":true,"href":"https:\/\/www.paudalho.pe.gov.br\/portal\/wp-json\/wp\/v2\/tags?post=178"}],"curies":[{"name":"wp","href":"https:\/\/api.w.org\/{rel}","templated":true}]}}