{"id":17596,"date":"2021-08-24T17:25:52","date_gmt":"2021-08-24T20:25:52","guid":{"rendered":"https:\/\/www.paudalho.pe.gov.br\/portal\/?p=17596"},"modified":"2021-08-24T17:25:52","modified_gmt":"2021-08-24T20:25:52","slug":"prefeitura-do-paudalho-promove-acao-para-o-cuidado-com-a-saude-dos-catadores-de-materiais-reciclaveis-do-municipio","status":"publish","type":"post","link":"https:\/\/www.paudalho.pe.gov.br\/portal\/prefeitura-do-paudalho-promove-acao-para-o-cuidado-com-a-saude-dos-catadores-de-materiais-reciclaveis-do-municipio\/","title":{"rendered":"Prefeitura do Paudalho promove a\u00e7\u00e3o para o cuidado com a sa\u00fade dos catadores de materiais recicl\u00e1veis do munic\u00edpio"},"content":{"rendered":"\n<p>Nesta ter\u00e7a-feira (24), a Prefeitura do Paudalho, por meio da Secretaria Executiva de Desenvolvimento Econ\u00f4mico, Meio Ambiente e Qualifica\u00e7\u00e3o Profissional (SEDEMAQ) em parceria com a Secretaria Municipal de Sa\u00fade, promoveu uma a\u00e7\u00e3o voltada para o bem-estar e a sa\u00fade dos trabalhadores da Cooperativa dos Catadores de Materiais Reciclados de Paudalho (COOPCAPA).<\/p>\n\n\n\n<p>A iniciativa ocorreu das 8h \u00e0s 16h, na Unidade B\u00e1sica de Sa\u00fade Santa Tereza (Asa Branca II), localizada no Centro. Durante o dia foram realizados procedimentos gratuitos como consultas m\u00e9dicas, avalia\u00e7\u00e3o odontol\u00f3gica, aferi\u00e7\u00e3o de press\u00e3o arterial, vacina\u00e7\u00e3o e testes r\u00e1pidos de ISTs. Al\u00e9m desses servi\u00e7os, os catadores tamb\u00e9m puderam participar de uma din\u00e2mica composta por exerc\u00edcios de gin\u00e1stica laboral realizados com o apoio da Academia de Sa\u00fade da cidade.<\/p>\n\n\n\n<figure class=\"wp-block-gallery columns-1 is-cropped wp-block-gallery-1 is-layout-flex wp-block-gallery-is-layout-flex\"><ul class=\"blocks-gallery-grid\"><li class=\"blocks-gallery-item\"><figure><img loading=\"lazy\" decoding=\"async\" width=\"800\" height=\"450\" data-attachment-id=\"17621\" data-permalink=\"https:\/\/www.paudalho.pe.gov.br\/portal\/prefeitura-do-paudalho-promove-acao-para-o-cuidado-com-a-saude-dos-catadores-de-materiais-reciclaveis-do-municipio\/20210824_140331\/\" data-orig-file=\"https:\/\/www.paudalho.pe.gov.br\/portal\/wp-content\/uploads\/2021\/08\/20210824_140331-scaled.jpg\" data-orig-size=\"2560,1920\" data-comments-opened=\"1\" data-image-meta=\"{&quot;aperture&quot;:&quot;2&quot;,&quot;credit&quot;:&quot;&quot;,&quot;camera&quot;:&quot;SM-A515F&quot;,&quot;caption&quot;:&quot;&quot;,&quot;created_timestamp&quot;:&quot;1629813811&quot;,&quot;copyright&quot;:&quot;&quot;,&quot;focal_length&quot;:&quot;4.6&quot;,&quot;iso&quot;:&quot;80&quot;,&quot;shutter_speed&quot;:&quot;0.0166&quot;,&quot;title&quot;:&quot;&quot;,&quot;orientation&quot;:&quot;1&quot;}\" data-image-title=\"20210824_140331\" data-image-description=\"\" data-image-caption=\"\" data-medium-file=\"https:\/\/www.paudalho.pe.gov.br\/portal\/wp-content\/uploads\/2021\/08\/20210824_140331-350x230.jpg\" data-large-file=\"https:\/\/www.paudalho.pe.gov.br\/portal\/wp-content\/uploads\/2021\/08\/20210824_140331-800x450.jpg\" src=\"https:\/\/www.paudalho.pe.gov.br\/portal\/wp-content\/uploads\/2021\/08\/20210824_140331-800x450.jpg\" alt=\"\" data-id=\"17621\" data-full-url=\"https:\/\/www.paudalho.pe.gov.br\/portal\/wp-content\/uploads\/2021\/08\/20210824_140331-scaled.jpg\" data-link=\"https:\/\/www.paudalho.pe.gov.br\/portal\/?attachment_id=17621\" class=\"wp-image-17621\"\/><figcaption class=\"blocks-gallery-item__caption\"> <em>Foto: Maria Clara Carneiro\/PMP.<\/em> <\/figcaption><\/figure><\/li><\/ul><\/figure>\n\n\n\n<p>Ao todo, cerca de 34 cooperados compareceram \u00e0 ocasi\u00e3o. Entre eles estava Simone Maria, uma das gestoras da COOPCAPA. \u201cA a\u00e7\u00e3o foi muito proveitosa para todos os cooperados. J\u00e1 faz tempo que eles n\u00e3o t\u00eam um dia dedicado \u00e0 sa\u00fade, muitos nem sequer sabiam que existiam tantos tipos de sa\u00fade. Eu j\u00e1 deixo o nosso agradecimento. E que mais dias venham para que a gente possa cuidar mais da nossa sa\u00fade.\u201d, declarou a representante.<\/p>\n\n\n\n<p>O coordenador da Coleta Seletiva do Paudalho, Den\u00edcio Ribeiro, afirmou que o intuito da atividade \u00e9 refor\u00e7ar a troca de servi\u00e7os entre o munic\u00edpio e a cooperativa. Ele comenta sobre a satisfa\u00e7\u00e3o de ver a realiza\u00e7\u00e3o desse trabalho: &#8220;A gente se sente feliz pois eles t\u00eam todos os direitos como qualquer outro cidad\u00e3o da cidade. E esse atendimento \u00e9 importante para o bom andamento tanto da vida social, da vida familiar, como da vida profissional desses trabalhadores.&#8221;<\/p>\n\n\n\n<figure class=\"wp-block-gallery columns-3 is-cropped wp-block-gallery-2 is-layout-flex wp-block-gallery-is-layout-flex\"><ul class=\"blocks-gallery-grid\"><li class=\"blocks-gallery-item\"><figure><img loading=\"lazy\" decoding=\"async\" width=\"800\" height=\"450\" data-attachment-id=\"17610\" data-permalink=\"https:\/\/www.paudalho.pe.gov.br\/portal\/prefeitura-do-paudalho-promove-acao-para-o-cuidado-com-a-saude-dos-catadores-de-materiais-reciclaveis-do-municipio\/20210824_140748\/\" data-orig-file=\"https:\/\/www.paudalho.pe.gov.br\/portal\/wp-content\/uploads\/2021\/08\/20210824_140748-scaled.jpg\" data-orig-size=\"2560,1920\" data-comments-opened=\"1\" data-image-meta=\"{&quot;aperture&quot;:&quot;2&quot;,&quot;credit&quot;:&quot;&quot;,&quot;camera&quot;:&quot;SM-A515F&quot;,&quot;caption&quot;:&quot;&quot;,&quot;created_timestamp&quot;:&quot;1629814068&quot;,&quot;copyright&quot;:&quot;&quot;,&quot;focal_length&quot;:&quot;4.6&quot;,&quot;iso&quot;:&quot;100&quot;,&quot;shutter_speed&quot;:&quot;0.0166&quot;,&quot;title&quot;:&quot;&quot;,&quot;orientation&quot;:&quot;1&quot;}\" data-image-title=\"20210824_140748\" data-image-description=\"\" data-image-caption=\"\" data-medium-file=\"https:\/\/www.paudalho.pe.gov.br\/portal\/wp-content\/uploads\/2021\/08\/20210824_140748-350x230.jpg\" data-large-file=\"https:\/\/www.paudalho.pe.gov.br\/portal\/wp-content\/uploads\/2021\/08\/20210824_140748-800x450.jpg\" src=\"https:\/\/www.paudalho.pe.gov.br\/portal\/wp-content\/uploads\/2021\/08\/20210824_140748-800x450.jpg\" alt=\"\" data-id=\"17610\" data-full-url=\"https:\/\/www.paudalho.pe.gov.br\/portal\/wp-content\/uploads\/2021\/08\/20210824_140748-scaled.jpg\" data-link=\"https:\/\/www.paudalho.pe.gov.br\/portal\/?attachment_id=17610\" class=\"wp-image-17610\"\/><figcaption class=\"blocks-gallery-item__caption\"><em>Foto: Maria Clara Carneiro\/PMP.<\/em><\/figcaption><\/figure><\/li><li class=\"blocks-gallery-item\"><figure><img loading=\"lazy\" decoding=\"async\" width=\"800\" height=\"450\" data-attachment-id=\"17611\" data-permalink=\"https:\/\/www.paudalho.pe.gov.br\/portal\/prefeitura-do-paudalho-promove-acao-para-o-cuidado-com-a-saude-dos-catadores-de-materiais-reciclaveis-do-municipio\/20210824_140447\/\" data-orig-file=\"https:\/\/www.paudalho.pe.gov.br\/portal\/wp-content\/uploads\/2021\/08\/20210824_140447-scaled.jpg\" data-orig-size=\"2560,1920\" data-comments-opened=\"1\" data-image-meta=\"{&quot;aperture&quot;:&quot;2&quot;,&quot;credit&quot;:&quot;&quot;,&quot;camera&quot;:&quot;SM-A515F&quot;,&quot;caption&quot;:&quot;&quot;,&quot;created_timestamp&quot;:&quot;1629813887&quot;,&quot;copyright&quot;:&quot;&quot;,&quot;focal_length&quot;:&quot;4.6&quot;,&quot;iso&quot;:&quot;100&quot;,&quot;shutter_speed&quot;:&quot;0.016666666666667&quot;,&quot;title&quot;:&quot;&quot;,&quot;orientation&quot;:&quot;1&quot;}\" data-image-title=\"20210824_140447\" data-image-description=\"\" data-image-caption=\"\" data-medium-file=\"https:\/\/www.paudalho.pe.gov.br\/portal\/wp-content\/uploads\/2021\/08\/20210824_140447-350x230.jpg\" data-large-file=\"https:\/\/www.paudalho.pe.gov.br\/portal\/wp-content\/uploads\/2021\/08\/20210824_140447-800x450.jpg\" src=\"https:\/\/www.paudalho.pe.gov.br\/portal\/wp-content\/uploads\/2021\/08\/20210824_140447-800x450.jpg\" alt=\"\" data-id=\"17611\" data-full-url=\"https:\/\/www.paudalho.pe.gov.br\/portal\/wp-content\/uploads\/2021\/08\/20210824_140447-scaled.jpg\" data-link=\"https:\/\/www.paudalho.pe.gov.br\/portal\/?attachment_id=17611\" class=\"wp-image-17611\"\/><figcaption class=\"blocks-gallery-item__caption\"> <em>Foto: Maria Clara Carneiro\/PMP.<\/em> <\/figcaption><\/figure><\/li><li class=\"blocks-gallery-item\"><figure><img loading=\"lazy\" decoding=\"async\" width=\"800\" height=\"450\" data-attachment-id=\"17612\" data-permalink=\"https:\/\/www.paudalho.pe.gov.br\/portal\/prefeitura-do-paudalho-promove-acao-para-o-cuidado-com-a-saude-dos-catadores-de-materiais-reciclaveis-do-municipio\/20210824_140435\/\" data-orig-file=\"https:\/\/www.paudalho.pe.gov.br\/portal\/wp-content\/uploads\/2021\/08\/20210824_140435-scaled.jpg\" data-orig-size=\"2560,1920\" data-comments-opened=\"1\" data-image-meta=\"{&quot;aperture&quot;:&quot;2&quot;,&quot;credit&quot;:&quot;&quot;,&quot;camera&quot;:&quot;SM-A515F&quot;,&quot;caption&quot;:&quot;&quot;,&quot;created_timestamp&quot;:&quot;1629813875&quot;,&quot;copyright&quot;:&quot;&quot;,&quot;focal_length&quot;:&quot;4.6&quot;,&quot;iso&quot;:&quot;80&quot;,&quot;shutter_speed&quot;:&quot;0.016666666666667&quot;,&quot;title&quot;:&quot;&quot;,&quot;orientation&quot;:&quot;1&quot;}\" data-image-title=\"20210824_140435\" data-image-description=\"\" data-image-caption=\"\" data-medium-file=\"https:\/\/www.paudalho.pe.gov.br\/portal\/wp-content\/uploads\/2021\/08\/20210824_140435-350x230.jpg\" data-large-file=\"https:\/\/www.paudalho.pe.gov.br\/portal\/wp-content\/uploads\/2021\/08\/20210824_140435-800x450.jpg\" src=\"https:\/\/www.paudalho.pe.gov.br\/portal\/wp-content\/uploads\/2021\/08\/20210824_140435-800x450.jpg\" alt=\"\" data-id=\"17612\" data-full-url=\"https:\/\/www.paudalho.pe.gov.br\/portal\/wp-content\/uploads\/2021\/08\/20210824_140435-scaled.jpg\" data-link=\"https:\/\/www.paudalho.pe.gov.br\/portal\/?attachment_id=17612\" class=\"wp-image-17612\"\/><figcaption class=\"blocks-gallery-item__caption\"> <em>Foto: Maria Clara Carneiro\/PMP.<\/em> <\/figcaption><\/figure><\/li><\/ul><\/figure>\n\n\n\n<h3 class=\"wp-block-heading\"><strong>Sobre a COOPCAPA<\/strong><\/h3>\n\n\n\n<p>A Cooperativa dos Catadores de Materiais Reciclados de Paudalho (COOPCAPA) foi fundada em 2019 atrav\u00e9s de um trabalho realizado pela Secretaria Executiva de Desenvolvimento Econ\u00f4mico, Meio Ambiente e Qualifica\u00e7\u00e3o Profissional (SEDEMAQ). O grupo conta com 40 cooperados, desse total, 28 s\u00e3o catadores do lix\u00e3o e 12 catadores de rua. Todo o projeto visa formalizar e dotar os cooperados de alternativas de of\u00edcio, renda e condi\u00e7\u00f5es de trabalho.<\/p>\n\n\n\n<p><\/p>\n","protected":false},"excerpt":{"rendered":"<p>Nesta ter\u00e7a-feira (24), a Prefeitura do Paudalho, por meio da Secretaria Executiva de Desenvolvimento Econ\u00f4mico, Meio Ambiente e Qualifica\u00e7\u00e3o Profissional (SEDEMAQ) em parceria com a Secretaria Municipal de Sa\u00fade, promoveu uma a\u00e7\u00e3o voltada para o bem-estar e a sa\u00fade dos trabalhadores da Cooperativa dos Catadores de Materiais Reciclados de Paudalho (COOPCAPA). A iniciativa ocorreu das [&hellip;]<\/p>\n","protected":false},"author":6,"featured_media":17607,"comment_status":"open","ping_status":"open","sticky":false,"template":"","format":"standard","meta":{"_jetpack_newsletter_access":"","_jetpack_dont_email_post_to_subs":false,"_jetpack_newsletter_tier_id":0,"_jetpack_memberships_contains_paywalled_content":false,"_jetpack_memberships_contains_paid_content":false,"footnotes":""},"categories":[2,1,3],"tags":[22,754],"class_list":["post-17596","post","type-post","status-publish","format-standard","has-post-thumbnail","hentry","category-destaque","category-noticias","category-saude","tag-prefeitura-do-paudalho","tag-sedemaq"],"jetpack_featured_media_url":"https:\/\/www.paudalho.pe.gov.br\/portal\/wp-content\/uploads\/2021\/08\/20210824_141901-scaled.jpg","jetpack_sharing_enabled":true,"jetpack_shortlink":"https:\/\/wp.me\/p98mS2-4zO","_links":{"self":[{"href":"https:\/\/www.paudalho.pe.gov.br\/portal\/wp-json\/wp\/v2\/posts\/17596","targetHints":{"allow":["GET"]}}],"collection":[{"href":"https:\/\/www.paudalho.pe.gov.br\/portal\/wp-json\/wp\/v2\/posts"}],"about":[{"href":"https:\/\/www.paudalho.pe.gov.br\/portal\/wp-json\/wp\/v2\/types\/post"}],"author":[{"embeddable":true,"href":"https:\/\/www.paudalho.pe.gov.br\/portal\/wp-json\/wp\/v2\/users\/6"}],"replies":[{"embeddable":true,"href":"https:\/\/www.paudalho.pe.gov.br\/portal\/wp-json\/wp\/v2\/comments?post=17596"}],"version-history":[{"count":31,"href":"https:\/\/www.paudalho.pe.gov.br\/portal\/wp-json\/wp\/v2\/posts\/17596\/revisions"}],"predecessor-version":[{"id":17634,"href":"https:\/\/www.paudalho.pe.gov.br\/portal\/wp-json\/wp\/v2\/posts\/17596\/revisions\/17634"}],"wp:featuredmedia":[{"embeddable":true,"href":"https:\/\/www.paudalho.pe.gov.br\/portal\/wp-json\/wp\/v2\/media\/17607"}],"wp:attachment":[{"href":"https:\/\/www.paudalho.pe.gov.br\/portal\/wp-json\/wp\/v2\/media?parent=17596"}],"wp:term":[{"taxonomy":"category","embeddable":true,"href":"https:\/\/www.paudalho.pe.gov.br\/portal\/wp-json\/wp\/v2\/categories?post=17596"},{"taxonomy":"post_tag","embeddable":true,"href":"https:\/\/www.paudalho.pe.gov.br\/portal\/wp-json\/wp\/v2\/tags?post=17596"}],"curies":[{"name":"wp","href":"https:\/\/api.w.org\/{rel}","templated":true}]}}