{"id":1758,"date":"2017-10-30T13:39:39","date_gmt":"2017-10-30T16:39:39","guid":{"rendered":"http:\/\/www.paudalho.pe.gov.br\/portal\/?p=1758"},"modified":"2017-10-30T19:21:02","modified_gmt":"2017-10-30T22:21:02","slug":"esta-sendo-meu-melhor-momento-diz-agente-de-saude-sobre-entrega-de-epi","status":"publish","type":"post","link":"https:\/\/www.paudalho.pe.gov.br\/portal\/esta-sendo-meu-melhor-momento-diz-agente-de-saude-sobre-entrega-de-epi\/","title":{"rendered":"\u201cEst\u00e1 sendo meu melhor momento\u201d, diz agente de sa\u00fade sobre entrega de EPI"},"content":{"rendered":"<p>O trabalho do Agente Comunit\u00e1rio de Sa\u00fade (ACS) \u00e9 \u00e1rduo. Com o objetivo de proporcionar o bem-estar dos profissionais para um melhor desempenho, a Prefeitura do Paudalho por meio da Secretaria de Sa\u00fade entregou nesta segunda-feira (30) o Equipamento de Prote\u00e7\u00e3o Individual para os trabalhadores.<\/p>\n<p>A entrega ocorreu no audit\u00f3rio do Col\u00e9gio Municipal do Paudalho (CMP), no Centro da cidade. Com 20 anos de profiss\u00e3o, a agente comunit\u00e1ria em Ch\u00e3 Alegre, Ivone Maria Paterno, de 67 anos, analisou o momento e disse que estava bastante feliz: \u201cPara mim, nesses meus 20 anos est\u00e1 sendo o meu melhor momento\u2026Me emociono\u2026Fico muito alegre\u201d, disse.<\/p>\n<div id=\"attachment_1760\" style=\"width: 310px\" class=\"wp-caption alignnone\"><img loading=\"lazy\" decoding=\"async\" aria-describedby=\"caption-attachment-1760\" data-attachment-id=\"1760\" data-permalink=\"https:\/\/www.paudalho.pe.gov.br\/portal\/esta-sendo-meu-melhor-momento-diz-agente-de-saude-sobre-entrega-de-epi\/2c82b11c-29c8-45b0-93ff-7a3b45324374\/\" data-orig-file=\"https:\/\/www.paudalho.pe.gov.br\/portal\/wp-content\/uploads\/2017\/10\/2c82b11c-29c8-45b0-93ff-7a3b45324374.jpg\" data-orig-size=\"1040,780\" data-comments-opened=\"1\" data-image-meta=\"{&quot;aperture&quot;:&quot;0&quot;,&quot;credit&quot;:&quot;&quot;,&quot;camera&quot;:&quot;&quot;,&quot;caption&quot;:&quot;&quot;,&quot;created_timestamp&quot;:&quot;0&quot;,&quot;copyright&quot;:&quot;&quot;,&quot;focal_length&quot;:&quot;0&quot;,&quot;iso&quot;:&quot;0&quot;,&quot;shutter_speed&quot;:&quot;0&quot;,&quot;title&quot;:&quot;&quot;,&quot;orientation&quot;:&quot;0&quot;}\" data-image-title=\"2c82b11c-29c8-45b0-93ff-7a3b45324374\" data-image-description=\"\" data-image-caption=\"&lt;p&gt;Foto: Thales K\u00edrion\/Comunica\u00e7\u00e3oPrefeituradoPaudalho&lt;\/p&gt;\n\" data-medium-file=\"https:\/\/www.paudalho.pe.gov.br\/portal\/wp-content\/uploads\/2017\/10\/2c82b11c-29c8-45b0-93ff-7a3b45324374-350x230.jpg\" data-large-file=\"https:\/\/www.paudalho.pe.gov.br\/portal\/wp-content\/uploads\/2017\/10\/2c82b11c-29c8-45b0-93ff-7a3b45324374-800x450.jpg\" class=\"size-medium wp-image-1760\" src=\"http:\/\/www.paudalho.pe.gov.br\/portal\/wp-content\/uploads\/2017\/10\/2c82b11c-29c8-45b0-93ff-7a3b45324374-350x230.jpg\" alt=\"\" width=\"300\" height=\"197\" \/><p id=\"caption-attachment-1760\" class=\"wp-caption-text\">Foto: Thales K\u00edrion\/Comunica\u00e7\u00e3oPrefeituradoPaudalho<\/p><\/div>\n<div id=\"attachment_1761\" style=\"width: 310px\" class=\"wp-caption alignnone\"><img loading=\"lazy\" decoding=\"async\" aria-describedby=\"caption-attachment-1761\" data-attachment-id=\"1761\" data-permalink=\"https:\/\/www.paudalho.pe.gov.br\/portal\/esta-sendo-meu-melhor-momento-diz-agente-de-saude-sobre-entrega-de-epi\/17a723ff-9fed-46df-b644-b3b6d423af99\/\" data-orig-file=\"https:\/\/www.paudalho.pe.gov.br\/portal\/wp-content\/uploads\/2017\/10\/17a723ff-9fed-46df-b644-b3b6d423af99.jpg\" data-orig-size=\"1040,780\" data-comments-opened=\"1\" data-image-meta=\"{&quot;aperture&quot;:&quot;0&quot;,&quot;credit&quot;:&quot;&quot;,&quot;camera&quot;:&quot;&quot;,&quot;caption&quot;:&quot;&quot;,&quot;created_timestamp&quot;:&quot;0&quot;,&quot;copyright&quot;:&quot;&quot;,&quot;focal_length&quot;:&quot;0&quot;,&quot;iso&quot;:&quot;0&quot;,&quot;shutter_speed&quot;:&quot;0&quot;,&quot;title&quot;:&quot;&quot;,&quot;orientation&quot;:&quot;0&quot;}\" data-image-title=\"17a723ff-9fed-46df-b644-b3b6d423af99\" data-image-description=\"\" data-image-caption=\"&lt;p&gt;Foto: Thales K\u00edrion\/Comunica\u00e7\u00e3oPrefeituradoPaudalho&lt;\/p&gt;\n\" data-medium-file=\"https:\/\/www.paudalho.pe.gov.br\/portal\/wp-content\/uploads\/2017\/10\/17a723ff-9fed-46df-b644-b3b6d423af99-350x230.jpg\" data-large-file=\"https:\/\/www.paudalho.pe.gov.br\/portal\/wp-content\/uploads\/2017\/10\/17a723ff-9fed-46df-b644-b3b6d423af99-800x450.jpg\" class=\"size-medium wp-image-1761\" src=\"http:\/\/www.paudalho.pe.gov.br\/portal\/wp-content\/uploads\/2017\/10\/17a723ff-9fed-46df-b644-b3b6d423af99-350x230.jpg\" alt=\"\" width=\"300\" height=\"197\" \/><p id=\"caption-attachment-1761\" class=\"wp-caption-text\">Foto: Thales K\u00edrion\/Comunica\u00e7\u00e3oPrefeituradoPaudalho<\/p><\/div>\n<div id=\"attachment_1762\" style=\"width: 310px\" class=\"wp-caption alignnone\"><img loading=\"lazy\" decoding=\"async\" aria-describedby=\"caption-attachment-1762\" data-attachment-id=\"1762\" data-permalink=\"https:\/\/www.paudalho.pe.gov.br\/portal\/esta-sendo-meu-melhor-momento-diz-agente-de-saude-sobre-entrega-de-epi\/4d34aabf-bcc3-4b5b-887c-2e25b17f42fe\/\" data-orig-file=\"https:\/\/www.paudalho.pe.gov.br\/portal\/wp-content\/uploads\/2017\/10\/4d34aabf-bcc3-4b5b-887c-2e25b17f42fe.jpg\" data-orig-size=\"1040,780\" data-comments-opened=\"1\" data-image-meta=\"{&quot;aperture&quot;:&quot;0&quot;,&quot;credit&quot;:&quot;&quot;,&quot;camera&quot;:&quot;&quot;,&quot;caption&quot;:&quot;&quot;,&quot;created_timestamp&quot;:&quot;0&quot;,&quot;copyright&quot;:&quot;&quot;,&quot;focal_length&quot;:&quot;0&quot;,&quot;iso&quot;:&quot;0&quot;,&quot;shutter_speed&quot;:&quot;0&quot;,&quot;title&quot;:&quot;&quot;,&quot;orientation&quot;:&quot;0&quot;}\" data-image-title=\"4d34aabf-bcc3-4b5b-887c-2e25b17f42fe\" data-image-description=\"\" data-image-caption=\"&lt;p&gt;Foto: Thales K\u00edrion\/Comunica\u00e7\u00e3oPrefeituradoPaudalho&lt;\/p&gt;\n\" data-medium-file=\"https:\/\/www.paudalho.pe.gov.br\/portal\/wp-content\/uploads\/2017\/10\/4d34aabf-bcc3-4b5b-887c-2e25b17f42fe-350x230.jpg\" data-large-file=\"https:\/\/www.paudalho.pe.gov.br\/portal\/wp-content\/uploads\/2017\/10\/4d34aabf-bcc3-4b5b-887c-2e25b17f42fe-800x450.jpg\" class=\"size-medium wp-image-1762\" src=\"http:\/\/www.paudalho.pe.gov.br\/portal\/wp-content\/uploads\/2017\/10\/4d34aabf-bcc3-4b5b-887c-2e25b17f42fe-350x230.jpg\" alt=\"\" width=\"300\" height=\"197\" \/><p id=\"caption-attachment-1762\" class=\"wp-caption-text\">Foto: Thales K\u00edrion\/Comunica\u00e7\u00e3oPrefeituradoPaudalho<\/p><\/div>\n<div id=\"attachment_1763\" style=\"width: 310px\" class=\"wp-caption alignnone\"><img loading=\"lazy\" decoding=\"async\" aria-describedby=\"caption-attachment-1763\" data-attachment-id=\"1763\" data-permalink=\"https:\/\/www.paudalho.pe.gov.br\/portal\/esta-sendo-meu-melhor-momento-diz-agente-de-saude-sobre-entrega-de-epi\/cd21beeb-f27e-404d-967f-924e2fd3bf1d\/\" data-orig-file=\"https:\/\/www.paudalho.pe.gov.br\/portal\/wp-content\/uploads\/2017\/10\/cd21beeb-f27e-404d-967f-924e2fd3bf1d.jpg\" data-orig-size=\"1040,780\" data-comments-opened=\"1\" data-image-meta=\"{&quot;aperture&quot;:&quot;0&quot;,&quot;credit&quot;:&quot;&quot;,&quot;camera&quot;:&quot;&quot;,&quot;caption&quot;:&quot;&quot;,&quot;created_timestamp&quot;:&quot;0&quot;,&quot;copyright&quot;:&quot;&quot;,&quot;focal_length&quot;:&quot;0&quot;,&quot;iso&quot;:&quot;0&quot;,&quot;shutter_speed&quot;:&quot;0&quot;,&quot;title&quot;:&quot;&quot;,&quot;orientation&quot;:&quot;0&quot;}\" data-image-title=\"cd21beeb-f27e-404d-967f-924e2fd3bf1d\" data-image-description=\"\" data-image-caption=\"&lt;p&gt;Foto: Thales K\u00edrion\/Comunica\u00e7\u00e3oPrefeituradoPaudalho&lt;\/p&gt;\n\" data-medium-file=\"https:\/\/www.paudalho.pe.gov.br\/portal\/wp-content\/uploads\/2017\/10\/cd21beeb-f27e-404d-967f-924e2fd3bf1d-350x230.jpg\" data-large-file=\"https:\/\/www.paudalho.pe.gov.br\/portal\/wp-content\/uploads\/2017\/10\/cd21beeb-f27e-404d-967f-924e2fd3bf1d-800x450.jpg\" class=\"size-medium wp-image-1763\" src=\"http:\/\/www.paudalho.pe.gov.br\/portal\/wp-content\/uploads\/2017\/10\/cd21beeb-f27e-404d-967f-924e2fd3bf1d-350x230.jpg\" alt=\"\" width=\"300\" height=\"197\" \/><p id=\"caption-attachment-1763\" class=\"wp-caption-text\">Foto: Thales K\u00edrion\/Comunica\u00e7\u00e3oPrefeituradoPaudalho<\/p><\/div>\n<h2><strong>O Kit<\/strong><\/h2>\n<p>Cada agente recebeu um Equipamento de Prote\u00e7\u00e3o Individual (EPI). Nele est\u00e3o contidos objetos necess\u00e1rios para a realiza\u00e7\u00e3o de procedimentos como: fita m\u00e9trica, almofadas de carimbo, camisa ultra violeta (UV), entre outros pertences.<\/p>\n<div id=\"attachment_1766\" style=\"width: 310px\" class=\"wp-caption alignnone\"><img loading=\"lazy\" decoding=\"async\" aria-describedby=\"caption-attachment-1766\" data-attachment-id=\"1766\" data-permalink=\"https:\/\/www.paudalho.pe.gov.br\/portal\/esta-sendo-meu-melhor-momento-diz-agente-de-saude-sobre-entrega-de-epi\/78729846-78e9-486e-ae0d-10b31137ee6b\/\" data-orig-file=\"https:\/\/www.paudalho.pe.gov.br\/portal\/wp-content\/uploads\/2017\/10\/78729846-78e9-486e-ae0d-10b31137ee6b.jpg\" data-orig-size=\"780,1040\" data-comments-opened=\"1\" data-image-meta=\"{&quot;aperture&quot;:&quot;0&quot;,&quot;credit&quot;:&quot;&quot;,&quot;camera&quot;:&quot;&quot;,&quot;caption&quot;:&quot;&quot;,&quot;created_timestamp&quot;:&quot;0&quot;,&quot;copyright&quot;:&quot;&quot;,&quot;focal_length&quot;:&quot;0&quot;,&quot;iso&quot;:&quot;0&quot;,&quot;shutter_speed&quot;:&quot;0&quot;,&quot;title&quot;:&quot;&quot;,&quot;orientation&quot;:&quot;0&quot;}\" data-image-title=\"78729846-78e9-486e-ae0d-10b31137ee6b\" data-image-description=\"\" data-image-caption=\"&lt;p&gt;Foto: Thales K\u00edrion\/Comunica\u00e7\u00e3oPrefeituradoPaudalho&lt;\/p&gt;\n\" data-medium-file=\"https:\/\/www.paudalho.pe.gov.br\/portal\/wp-content\/uploads\/2017\/10\/78729846-78e9-486e-ae0d-10b31137ee6b-350x230.jpg\" data-large-file=\"https:\/\/www.paudalho.pe.gov.br\/portal\/wp-content\/uploads\/2017\/10\/78729846-78e9-486e-ae0d-10b31137ee6b-780x450.jpg\" class=\"size-medium wp-image-1766\" src=\"http:\/\/www.paudalho.pe.gov.br\/portal\/wp-content\/uploads\/2017\/10\/78729846-78e9-486e-ae0d-10b31137ee6b-350x230.jpg\" alt=\"\" width=\"300\" height=\"197\" \/><p id=\"caption-attachment-1766\" class=\"wp-caption-text\">Foto: Thales K\u00edrion\/Comunica\u00e7\u00e3oPrefeituradoPaudalho<\/p><\/div>\n<p>Para a agente comunit\u00e1ria do Alto Dois Irm\u00e3os, Solange Ferreira, os kits v\u00e3o ajudar os profissionais a desempenhar o trabalho: \u201cVai ser uma prote\u00e7\u00e3o contra o sol\u2026Quanto mais a gente est\u00e1 protegido \u00e9 melhor\u2026\u00e9 uma identifica\u00e7\u00e3o do profissional (a camisa UV)\u2026Eu acredito que est\u00e1 se comprometendo (gest\u00e3o)\u2026Valorizando\u2026 \u00c9 o que a gente est\u00e1 precisando\u201d, explicou.<\/p>\n<div id=\"attachment_1765\" style=\"width: 310px\" class=\"wp-caption alignnone\"><img loading=\"lazy\" decoding=\"async\" aria-describedby=\"caption-attachment-1765\" data-attachment-id=\"1765\" data-permalink=\"https:\/\/www.paudalho.pe.gov.br\/portal\/esta-sendo-meu-melhor-momento-diz-agente-de-saude-sobre-entrega-de-epi\/d389aa08-c5bf-4110-8154-1751a0f24148\/\" data-orig-file=\"https:\/\/www.paudalho.pe.gov.br\/portal\/wp-content\/uploads\/2017\/10\/d389aa08-c5bf-4110-8154-1751a0f24148.jpg\" data-orig-size=\"1040,780\" data-comments-opened=\"1\" data-image-meta=\"{&quot;aperture&quot;:&quot;0&quot;,&quot;credit&quot;:&quot;&quot;,&quot;camera&quot;:&quot;&quot;,&quot;caption&quot;:&quot;&quot;,&quot;created_timestamp&quot;:&quot;0&quot;,&quot;copyright&quot;:&quot;&quot;,&quot;focal_length&quot;:&quot;0&quot;,&quot;iso&quot;:&quot;0&quot;,&quot;shutter_speed&quot;:&quot;0&quot;,&quot;title&quot;:&quot;&quot;,&quot;orientation&quot;:&quot;0&quot;}\" data-image-title=\"d389aa08-c5bf-4110-8154-1751a0f24148\" data-image-description=\"\" data-image-caption=\"&lt;p&gt;Foto: Thales K\u00edrion\/Comunica\u00e7\u00e3oPrefeituradoPaudalho&lt;\/p&gt;\n\" data-medium-file=\"https:\/\/www.paudalho.pe.gov.br\/portal\/wp-content\/uploads\/2017\/10\/d389aa08-c5bf-4110-8154-1751a0f24148-350x230.jpg\" data-large-file=\"https:\/\/www.paudalho.pe.gov.br\/portal\/wp-content\/uploads\/2017\/10\/d389aa08-c5bf-4110-8154-1751a0f24148-800x450.jpg\" class=\"size-medium wp-image-1765\" src=\"http:\/\/www.paudalho.pe.gov.br\/portal\/wp-content\/uploads\/2017\/10\/d389aa08-c5bf-4110-8154-1751a0f24148-350x230.jpg\" alt=\"\" width=\"300\" height=\"197\" \/><p id=\"caption-attachment-1765\" class=\"wp-caption-text\">Foto: Thales K\u00edrion\/Comunica\u00e7\u00e3oPrefeituradoPaudalho<\/p><\/div>\n<h2><strong>O trabalho continua<\/strong><\/h2>\n<p>Em julho deste ano, a Prefeitura entregou 23 tablets para agentes comunit\u00e1rios que cobrem os bairros do Boboc\u00e3o, Primavera, Mussurepe, Asa Branca e Vila S\u00e3o Sebasti\u00e3o. Os aparelhos j\u00e1 proporcionam rapidez no cadastramento das fam\u00edlias e seguran\u00e7a no enviou dos dados. Na ocasi\u00e3o, o secret\u00e1rio da pasta, Orlando Jorge, comentou: \u201cSa\u00fade n\u00e3o se faz sem informa\u00e7\u00e3o\u201d.<\/p>\n<div id=\"attachment_1768\" style=\"width: 310px\" class=\"wp-caption alignnone\"><img loading=\"lazy\" decoding=\"async\" aria-describedby=\"caption-attachment-1768\" data-attachment-id=\"1768\" data-permalink=\"https:\/\/www.paudalho.pe.gov.br\/portal\/esta-sendo-meu-melhor-momento-diz-agente-de-saude-sobre-entrega-de-epi\/1-5\/\" data-orig-file=\"https:\/\/www.paudalho.pe.gov.br\/portal\/wp-content\/uploads\/2017\/10\/1-1.jpg\" data-orig-size=\"1024,536\" data-comments-opened=\"1\" data-image-meta=\"{&quot;aperture&quot;:&quot;0&quot;,&quot;credit&quot;:&quot;&quot;,&quot;camera&quot;:&quot;&quot;,&quot;caption&quot;:&quot;&quot;,&quot;created_timestamp&quot;:&quot;0&quot;,&quot;copyright&quot;:&quot;&quot;,&quot;focal_length&quot;:&quot;0&quot;,&quot;iso&quot;:&quot;0&quot;,&quot;shutter_speed&quot;:&quot;0&quot;,&quot;title&quot;:&quot;&quot;,&quot;orientation&quot;:&quot;0&quot;}\" data-image-title=\"1\" data-image-description=\"\" data-image-caption=\"&lt;p&gt;Foto: Isak de Castro\/Comunica\u00e7\u00e3oPrefeituradoPaudalho &lt;\/p&gt;\n\" data-medium-file=\"https:\/\/www.paudalho.pe.gov.br\/portal\/wp-content\/uploads\/2017\/10\/1-1-350x230.jpg\" data-large-file=\"https:\/\/www.paudalho.pe.gov.br\/portal\/wp-content\/uploads\/2017\/10\/1-1-800x450.jpg\" class=\"size-medium wp-image-1768\" src=\"http:\/\/www.paudalho.pe.gov.br\/portal\/wp-content\/uploads\/2017\/10\/1-1-350x230.jpg\" alt=\"\" width=\"300\" height=\"197\" \/><p id=\"caption-attachment-1768\" class=\"wp-caption-text\">Foto: Isak de Castro\/Comunica\u00e7\u00e3oPrefeituradoPaudalho<\/p><\/div>\n","protected":false},"excerpt":{"rendered":"<p>O trabalho do Agente Comunit\u00e1rio de Sa\u00fade (ACS) \u00e9 \u00e1rduo. Com o objetivo de proporcionar o bem-estar dos profissionais para um melhor desempenho, a Prefeitura do Paudalho por meio da Secretaria de Sa\u00fade entregou nesta segunda-feira (30) o Equipamento de Prote\u00e7\u00e3o Individual para os trabalhadores. A entrega ocorreu no audit\u00f3rio do Col\u00e9gio Municipal do Paudalho [&hellip;]<\/p>\n","protected":false},"author":4,"featured_media":1759,"comment_status":"open","ping_status":"open","sticky":false,"template":"","format":"standard","meta":{"_jetpack_newsletter_access":"","_jetpack_dont_email_post_to_subs":false,"_jetpack_newsletter_tier_id":0,"_jetpack_memberships_contains_paywalled_content":false,"_jetpack_memberships_contains_paid_content":false,"footnotes":""},"categories":[2,3],"tags":[177,22,16],"class_list":["post-1758","post","type-post","status-publish","format-standard","has-post-thumbnail","hentry","category-destaque","category-saude","tag-agentes-comunitarios-de-saude","tag-prefeitura-do-paudalho","tag-saude"],"jetpack_featured_media_url":"https:\/\/www.paudalho.pe.gov.br\/portal\/wp-content\/uploads\/2017\/10\/2661102e-ac94-43e5-aa0c-c238ae7c7d7d.jpg","jetpack_sharing_enabled":true,"jetpack_shortlink":"https:\/\/wp.me\/p98mS2-sm","_links":{"self":[{"href":"https:\/\/www.paudalho.pe.gov.br\/portal\/wp-json\/wp\/v2\/posts\/1758","targetHints":{"allow":["GET"]}}],"collection":[{"href":"https:\/\/www.paudalho.pe.gov.br\/portal\/wp-json\/wp\/v2\/posts"}],"about":[{"href":"https:\/\/www.paudalho.pe.gov.br\/portal\/wp-json\/wp\/v2\/types\/post"}],"author":[{"embeddable":true,"href":"https:\/\/www.paudalho.pe.gov.br\/portal\/wp-json\/wp\/v2\/users\/4"}],"replies":[{"embeddable":true,"href":"https:\/\/www.paudalho.pe.gov.br\/portal\/wp-json\/wp\/v2\/comments?post=1758"}],"version-history":[{"count":21,"href":"https:\/\/www.paudalho.pe.gov.br\/portal\/wp-json\/wp\/v2\/posts\/1758\/revisions"}],"predecessor-version":[{"id":1791,"href":"https:\/\/www.paudalho.pe.gov.br\/portal\/wp-json\/wp\/v2\/posts\/1758\/revisions\/1791"}],"wp:featuredmedia":[{"embeddable":true,"href":"https:\/\/www.paudalho.pe.gov.br\/portal\/wp-json\/wp\/v2\/media\/1759"}],"wp:attachment":[{"href":"https:\/\/www.paudalho.pe.gov.br\/portal\/wp-json\/wp\/v2\/media?parent=1758"}],"wp:term":[{"taxonomy":"category","embeddable":true,"href":"https:\/\/www.paudalho.pe.gov.br\/portal\/wp-json\/wp\/v2\/categories?post=1758"},{"taxonomy":"post_tag","embeddable":true,"href":"https:\/\/www.paudalho.pe.gov.br\/portal\/wp-json\/wp\/v2\/tags?post=1758"}],"curies":[{"name":"wp","href":"https:\/\/api.w.org\/{rel}","templated":true}]}}