{"id":17579,"date":"2021-08-24T11:42:58","date_gmt":"2021-08-24T14:42:58","guid":{"rendered":"https:\/\/www.paudalho.pe.gov.br\/portal\/?p=17579"},"modified":"2025-01-08T00:39:27","modified_gmt":"2025-01-08T03:39:27","slug":"coordenadoria-da-mulher-realizara-aulao-na-academia-de-saude-de-paudalho-nesta-quarta-25","status":"publish","type":"post","link":"https:\/\/www.paudalho.pe.gov.br\/portal\/coordenadoria-da-mulher-realizara-aulao-na-academia-de-saude-de-paudalho-nesta-quarta-25\/","title":{"rendered":"Coordenadoria da Mulher realizar\u00e1 aul\u00e3o na Academia de Sa\u00fade de Paudalho nesta quarta-feira (25)"},"content":{"rendered":"\n<p>A Prefeitura do Paudalho, atrav\u00e9s de sua Coordenadoria da Mulher, realizar\u00e1 nesta quarta-feira (25) um aul\u00e3o na Academia de Sa\u00fade da cidade. A iniciativa integra a <strong><a rel=\"noreferrer noopener\" href=\"https:\/\/www.paudalho.pe.gov.br\/portal\/paudalho-promove-campanha-agosto-lilas-com-programacao-em-combate-a-violencia-contra-a-mulher\/\" target=\"_blank\">programa\u00e7\u00e3o do Agosto Lil\u00e1s<\/a><\/strong>, campanha que tem o objetivo de trazer conscientiza\u00e7\u00e3o ao p\u00fablico sobre o enfrentamento a todo tipo de\u00a0 viol\u00eancia contra a mulher.<\/p>\n\n\n\n<p>Com in\u00edcio \u00e0s 16h, a aula ocorrer\u00e1 no Parque Beira Rio, pr\u00f3ximo \u00e0s quadras poliesportivas, no centro da cidade. Para participar da pr\u00e1tica n\u00e3o ser\u00e1 necess\u00e1rio realizar inscri\u00e7\u00e3o pr\u00e9via, basta comparecer no local e no hor\u00e1rio definido.\u00a0A Prefeitura recomenda que as alunas levem \u00e1gua e vistam roupas leves pr\u00f3prias para atividades f\u00edsicas. <\/p>\n\n\n\n<p>O intuito da a\u00e7\u00e3o \u00e9 promover o bem-estar f\u00edsico e mental das paudalhenses por meio da realiza\u00e7\u00e3o de exerc\u00edcios. Todas as medidas sanit\u00e1rias de preven\u00e7\u00e3o ao cont\u00e1gio da covid-19, como o distanciamento entre as participantes, o uso de m\u00e1scara e de \u00e1lcool para higienizar as m\u00e3os, ser\u00e3o seguidas durante o evento.<\/p>\n\n\n\n<p>Al\u00e9m desse encontro, na pr\u00f3xima ter\u00e7a-feira (31), a Coordenadoria da Mulher tamb\u00e9m realizar\u00e1 um aul\u00e3o na Academia da Sa\u00fade da comunidade de Guadalajara. Essa ser\u00e1 a a\u00e7\u00e3o de encerramento da campanha Agosto Lil\u00e1s 2021 no munic\u00edpio. A pasta disponibiliza o telefone (81) 9 9958-0880 para mais informa\u00e7\u00f5es. <\/p>\n","protected":false},"excerpt":{"rendered":"<p>A Prefeitura do Paudalho, atrav\u00e9s de sua Coordenadoria da Mulher, realizar\u00e1 nesta quarta-feira (25) um aul\u00e3o na Academia de Sa\u00fade da cidade. A iniciativa integra a programa\u00e7\u00e3o do Agosto Lil\u00e1s, campanha que tem o objetivo de trazer conscientiza\u00e7\u00e3o ao p\u00fablico sobre o enfrentamento a todo tipo de\u00a0 viol\u00eancia contra a mulher. Com in\u00edcio \u00e0s 16h, [&hellip;]<\/p>\n","protected":false},"author":6,"featured_media":17586,"comment_status":"open","ping_status":"open","sticky":false,"template":"","format":"standard","meta":{"_jetpack_newsletter_access":"","_jetpack_dont_email_post_to_subs":false,"_jetpack_newsletter_tier_id":0,"_jetpack_memberships_contains_paywalled_content":false,"_jetpack_memberships_contains_paid_content":false,"footnotes":""},"categories":[766,2,1,3],"tags":[298,22,16],"class_list":["post-17579","post","type-post","status-publish","format-standard","has-post-thumbnail","hentry","category-coordenadoria-da-mulher","category-destaque","category-noticias","category-saude","tag-coordenadoria-da-mulher","tag-prefeitura-do-paudalho","tag-saude"],"jetpack_featured_media_url":"https:\/\/www.paudalho.pe.gov.br\/portal\/wp-content\/uploads\/2021\/08\/pexels-photo-601177.jpeg","jetpack_sharing_enabled":true,"jetpack_shortlink":"https:\/\/wp.me\/p98mS2-4zx","_links":{"self":[{"href":"https:\/\/www.paudalho.pe.gov.br\/portal\/wp-json\/wp\/v2\/posts\/17579","targetHints":{"allow":["GET"]}}],"collection":[{"href":"https:\/\/www.paudalho.pe.gov.br\/portal\/wp-json\/wp\/v2\/posts"}],"about":[{"href":"https:\/\/www.paudalho.pe.gov.br\/portal\/wp-json\/wp\/v2\/types\/post"}],"author":[{"embeddable":true,"href":"https:\/\/www.paudalho.pe.gov.br\/portal\/wp-json\/wp\/v2\/users\/6"}],"replies":[{"embeddable":true,"href":"https:\/\/www.paudalho.pe.gov.br\/portal\/wp-json\/wp\/v2\/comments?post=17579"}],"version-history":[{"count":14,"href":"https:\/\/www.paudalho.pe.gov.br\/portal\/wp-json\/wp\/v2\/posts\/17579\/revisions"}],"predecessor-version":[{"id":17595,"href":"https:\/\/www.paudalho.pe.gov.br\/portal\/wp-json\/wp\/v2\/posts\/17579\/revisions\/17595"}],"wp:featuredmedia":[{"embeddable":true,"href":"https:\/\/www.paudalho.pe.gov.br\/portal\/wp-json\/wp\/v2\/media\/17586"}],"wp:attachment":[{"href":"https:\/\/www.paudalho.pe.gov.br\/portal\/wp-json\/wp\/v2\/media?parent=17579"}],"wp:term":[{"taxonomy":"category","embeddable":true,"href":"https:\/\/www.paudalho.pe.gov.br\/portal\/wp-json\/wp\/v2\/categories?post=17579"},{"taxonomy":"post_tag","embeddable":true,"href":"https:\/\/www.paudalho.pe.gov.br\/portal\/wp-json\/wp\/v2\/tags?post=17579"}],"curies":[{"name":"wp","href":"https:\/\/api.w.org\/{rel}","templated":true}]}}