{"id":17571,"date":"2021-08-25T15:27:08","date_gmt":"2021-08-25T18:27:08","guid":{"rendered":"https:\/\/www.paudalho.pe.gov.br\/portal\/?p=17571"},"modified":"2025-01-08T00:39:27","modified_gmt":"2025-01-08T03:39:27","slug":"paudalho-montara-ponto-itinerante-de-vacinacao-contra-a-covid-19-amanha-26-na-comunidade-cha-alegre","status":"publish","type":"post","link":"https:\/\/www.paudalho.pe.gov.br\/portal\/paudalho-montara-ponto-itinerante-de-vacinacao-contra-a-covid-19-amanha-26-na-comunidade-cha-alegre\/","title":{"rendered":"Paudalho montar\u00e1 ponto itinerante de vacina\u00e7\u00e3o contra a covid-19 amanh\u00e3 (26) na comunidade Ch\u00e3 Alegre"},"content":{"rendered":"\n<p>Amanh\u00e3 (26), a Prefeitura do Paudalho, atrav\u00e9s de sua Secretaria Municipal de Sa\u00fade, promover\u00e1 um ponto itinerante de vacina\u00e7\u00e3o contra a covid-19 na comunidade Ch\u00e3 Alegre, na zona rural da cidade. O atendimento estar\u00e1 dispon\u00edvel das 8h \u00e0s 13h e ocorrer\u00e1 na Unidade B\u00e1sica de Sa\u00fade (UBS) Ch\u00e3 Alegre. No local, poder\u00e3o ser imunizadas pessoas a partir dos 18 anos de idade.<\/p>\n\n\n\n<p>Ao longo desta semana, outros pontos de vacina\u00e7\u00e3o foram montados nas comunidades de Ch\u00e3 de Conselho, Ch\u00e3 de Cruz e, nesta quarta-feira (25), em Guadalajara. O atendimento no drive-thru continuou dispon\u00edvel para os paudalhenses que residem nos demais bairros da cidade. A parada est\u00e1 localizada em frente a Pra\u00e7a Pedro Coutinho, no Centro. O ponto funciona de segunda a s\u00e1bado, das 8h \u00e0s 16h, com hor\u00e1rio estendido nas ter\u00e7as e quintas-feiras at\u00e9 \u00e0s 20h.  <\/p>\n\n\n\n<p>Para ter acesso ao imunizante \u00e9 essencial realizar o&nbsp;<strong><a rel=\"noreferrer noopener\" href=\"https:\/\/paudalho.basemunicipal.com\/saude\/covid\/vacinacao\/pre-cadastro\" target=\"_blank\">pr\u00e9-cadastro<\/a><\/strong>&nbsp;no site da Prefeitura. Durante o procedimento ser\u00e1 necess\u00e1rio conceder algumas informa\u00e7\u00f5es pessoais, como o n\u00famero do CPF, o telefone e o endere\u00e7o. Tamb\u00e9m ser\u00e1 preciso informar a UBS em que o mun\u00edcipe \u00e9 atendido. Caso n\u00e3o haja cadastro em uma unidade, a Secretaria Municipal de Sa\u00fade solicita que o mesmo seja realizado junto a um agente comunit\u00e1rio de sa\u00fade (ACS) do bairro onde o cidad\u00e3o mora.<\/p>\n\n\n\n<p><strong><a rel=\"noreferrer noopener\" href=\"https:\/\/paudalho.basemunicipal.com\/saude\/covid\/vacinacao\/pre-cadastro\" target=\"_blank\">REALIZE O SEU PR\u00c9-CADASTRO AQUI!<\/a><\/strong><\/p>\n\n\n\n<p>No dia do atendimento, para receber a primeira dose da vacina, ser\u00e1 indispens\u00e1vel a apresenta\u00e7\u00e3o de um documento de identifica\u00e7\u00e3o com foto, do CPF e de um comprovante de resid\u00eancia No caso dos jovens, ser\u00e1 aceito comprovante no nome dos pais ou de outro propriet\u00e1rio da resid\u00eancia. J\u00e1 quem precisa tomar a segunda dose deve estar com a carteira de vacina\u00e7\u00e3o e um documento de identifica\u00e7\u00e3o com foto em m\u00e3os durante o momento.&nbsp;<\/p>\n\n\n\n<p><\/p>\n","protected":false},"excerpt":{"rendered":"<p>Amanh\u00e3 (26), a Prefeitura do Paudalho, atrav\u00e9s de sua Secretaria Municipal de Sa\u00fade, promover\u00e1 um ponto itinerante de vacina\u00e7\u00e3o contra a covid-19 na comunidade Ch\u00e3 Alegre, na zona rural da cidade. O atendimento estar\u00e1 dispon\u00edvel das 8h \u00e0s 13h e ocorrer\u00e1 na Unidade B\u00e1sica de Sa\u00fade (UBS) Ch\u00e3 Alegre. No local, poder\u00e3o ser imunizadas pessoas [&hellip;]<\/p>\n","protected":false},"author":6,"featured_media":17635,"comment_status":"open","ping_status":"open","sticky":false,"template":"","format":"standard","meta":{"_jetpack_newsletter_access":"","_jetpack_dont_email_post_to_subs":false,"_jetpack_newsletter_tier_id":0,"_jetpack_memberships_contains_paywalled_content":false,"_jetpack_memberships_contains_paid_content":false,"footnotes":""},"categories":[2,1,3],"tags":[22,168,738],"class_list":["post-17571","post","type-post","status-publish","format-standard","has-post-thumbnail","hentry","category-destaque","category-noticias","category-saude","tag-prefeitura-do-paudalho","tag-secretaria-de-saude","tag-vacinacao-contra-a-covid-19"],"jetpack_featured_media_url":"https:\/\/www.paudalho.pe.gov.br\/portal\/wp-content\/uploads\/2021\/08\/WhatsApp-Image-2021-08-24-at-10.27.13.jpeg","jetpack_sharing_enabled":true,"jetpack_shortlink":"https:\/\/wp.me\/p98mS2-4zp","_links":{"self":[{"href":"https:\/\/www.paudalho.pe.gov.br\/portal\/wp-json\/wp\/v2\/posts\/17571","targetHints":{"allow":["GET"]}}],"collection":[{"href":"https:\/\/www.paudalho.pe.gov.br\/portal\/wp-json\/wp\/v2\/posts"}],"about":[{"href":"https:\/\/www.paudalho.pe.gov.br\/portal\/wp-json\/wp\/v2\/types\/post"}],"author":[{"embeddable":true,"href":"https:\/\/www.paudalho.pe.gov.br\/portal\/wp-json\/wp\/v2\/users\/6"}],"replies":[{"embeddable":true,"href":"https:\/\/www.paudalho.pe.gov.br\/portal\/wp-json\/wp\/v2\/comments?post=17571"}],"version-history":[{"count":9,"href":"https:\/\/www.paudalho.pe.gov.br\/portal\/wp-json\/wp\/v2\/posts\/17571\/revisions"}],"predecessor-version":[{"id":17643,"href":"https:\/\/www.paudalho.pe.gov.br\/portal\/wp-json\/wp\/v2\/posts\/17571\/revisions\/17643"}],"wp:featuredmedia":[{"embeddable":true,"href":"https:\/\/www.paudalho.pe.gov.br\/portal\/wp-json\/wp\/v2\/media\/17635"}],"wp:attachment":[{"href":"https:\/\/www.paudalho.pe.gov.br\/portal\/wp-json\/wp\/v2\/media?parent=17571"}],"wp:term":[{"taxonomy":"category","embeddable":true,"href":"https:\/\/www.paudalho.pe.gov.br\/portal\/wp-json\/wp\/v2\/categories?post=17571"},{"taxonomy":"post_tag","embeddable":true,"href":"https:\/\/www.paudalho.pe.gov.br\/portal\/wp-json\/wp\/v2\/tags?post=17571"}],"curies":[{"name":"wp","href":"https:\/\/api.w.org\/{rel}","templated":true}]}}